{"id":8866,"date":"2008-01-30T23:00:00","date_gmt":"2008-01-30T22:00:00","guid":{"rendered":"https:\/\/www.justiceinfo.net\/8866-310108-france-rwanda-lextradition-de-bivugabagabo-sera-examinee-le-18-mars5667.html"},"modified":"2008-01-30T23:00:00","modified_gmt":"2008-01-30T22:00:00","slug":"310108-france-rwanda-lextradition-de-bivugabagabo-sera-examinee-le-18-mars5667","status":"publish","type":"post","link":"https:\/\/www.justiceinfo.net\/fr\/8866-310108-france-rwanda-lextradition-de-bivugabagabo-sera-examinee-le-18-mars5667.html","title":{"rendered":"31.01.08 - FRANCE \/ RWANDA - L'EXTRADITION DE BIVUGABAGABO SERA EXAMINEE LE 18 MARS"},"content":{"rendered":"<p>Paris, 31 janvier 2008 (FH) - La cour d&#39;appel de Toulouse (sud de la France) a renvoy&eacute; mercredi au 18 mars l&#39;examen de la demande d&#39;extradition vers Kigali de Marcel Bivugabagabo, un ancien lieutenant-colonel de l&#39;arm&eacute;e rwandaise arr&ecirc;t&eacute; en janvier &agrave; Toulouse &agrave; la demande du Rwanda, qui l&#39;accuse d&#39;avoir particip&eacute; au g&eacute;nocide.<br \/>\n<!--more-->La chambre de l&#39;instruction de la cour d&#39;appel de Toulouse a demand&eacute; aux autorit&eacute;s judiciaires rwandaises des documents suppl&eacute;mentaires avant d&#39;examiner la demande d&#39;extradition. M. Bivugabagabo a &eacute;t&eacute; arr&ecirc;t&eacute; &agrave; Toulouse le 7 janvier sur mandat d&#39;arr&ecirc;t international du procureur g&eacute;n&eacute;ral de Kigali pour des faits de g&eacute;nocide et de crimes contre l&#39;humanit&eacute;. <\/p>\n<p>Ag&eacute; de 53 ans, cet homme &eacute;tait employ&eacute; comme vigile dans une soci&eacute;t&eacute; de gardiennage. Il vivait &agrave; Toulouse depuis plusieurs ann&eacute;es dans des conditions r&eacute;guli&egrave;res. Il figure sur la liste des 93 personnes recherch&eacute;es par le Rwanda. <\/p>\n<p>Par ailleurs, la chambre de l&#39;instruction de la cour d&#39;appel de Paris se prononcera le 20 f&eacute;vrier sur les mandats de remise au Tribunal p&eacute;nal international le Rwanda (TPIR) concernant le pr&ecirc;tre Wenceslas Munyeshyaka et l&#39;ancien pr&eacute;fet Laurent Bucyibaruta. Le TPIR a rendu fin novembre une ordonnance de dessaisissement au profit des autorit&eacute;s fran&ccedil;aises pour qu&#39;elles jugent les deux hommes. <\/p>\n<p>AP\/PB\/GF &copy; Agence Hirondelle<\/p>\n","protected":false},"excerpt":{"rendered":"<p>Paris, 31 janvier 2008 (FH) - La cour d&#39;appel de Toulouse (sud de la France) a renvoy&eacute; mercredi au 18 mars l&#39;examen de la demande d&#39;extradition vers Kigali de Marcel Bivugabagabo, un ancien lieutenant-colonel de l&#39;arm&eacute;e rwandaise arr&ecirc;t&eacute; en janvier &agrave; Toulouse &agrave; la demande du Rwanda, qui l&#39;accuse d&#39;avoir particip&eacute; au g&eacute;nocide.<\/p>\n","protected":false},"author":64,"featured_media":0,"comment_status":"open","ping_status":"closed","sticky":false,"template":"","format":"standard","meta":{"_acf_changed":false,"footnotes":""},"categories":[554],"tags":[],"ji_location":[],"class_list":["post-8866","post","type-post","status-publish","format-standard","hentry","category-hirondellenews"],"acf":[],"yoast_head":"<!-- This site is optimized with the Yoast SEO Premium plugin v25.3.1 (Yoast SEO v25.3.1) - https:\/\/yoast.com\/wordpress\/plugins\/seo\/ -->\n<title>31.01.08 - FRANCE \/ RWANDA - L&#039;EXTRADITION DE BIVUGABAGABO SERA EXAMINEE LE 18 MARS - JusticeInfo.net<\/title>\n<meta name=\"robots\" content=\"index, follow, max-snippet:-1, max-image-preview:large, max-video-preview:-1\" \/>\n<link rel=\"canonical\" href=\"https:\/\/www.justiceinfo.net\/fr\/8866-310108-france-rwanda-lextradition-de-bivugabagabo-sera-examinee-le-18-mars5667.html\" \/>\n<meta property=\"og:locale\" content=\"fr_FR\" \/>\n<meta property=\"og:type\" content=\"article\" \/>\n<meta property=\"og:title\" content=\"31.01.08 - FRANCE \/ RWANDA - L&#039;EXTRADITION DE BIVUGABAGABO SERA EXAMINEE LE 18 MARS\" \/>\n<meta property=\"og:description\" content=\"Paris, 31 janvier 2008 (FH) - La cour d&#039;appel de Toulouse (sud de la France) a renvoy&eacute; mercredi au 18 mars l&#039;examen de la demande d&#039;extradition vers Kigali de Marcel Bivugabagabo, un ancien lieutenant-colonel de l&#039;arm&eacute;e rwandaise arr&ecirc;t&eacute; en janvier &agrave; Toulouse &agrave; la demande du Rwanda, qui l&#039;accuse d&#039;avoir particip&eacute; au g&eacute;nocide.\" \/>\n<meta property=\"og:url\" content=\"https:\/\/www.justiceinfo.net\/fr\/8866-310108-france-rwanda-lextradition-de-bivugabagabo-sera-examinee-le-18-mars5667.html\" \/>\n<meta property=\"og:site_name\" content=\"JusticeInfo.net\" \/>\n<meta property=\"article:publisher\" content=\"https:\/\/www.facebook.com\/JusticeInfo\/\" \/>\n<meta property=\"article:published_time\" content=\"2008-01-30T22:00:00+00:00\" \/>\n<meta property=\"og:image\" content=\"https:\/\/www.justiceinfo.net\/wp-content\/uploads\/JusticeInfoNet_logo_1200x630px.jpg\" \/>\n\t<meta property=\"og:image:width\" content=\"1200\" \/>\n\t<meta property=\"og:image:height\" content=\"630\" \/>\n\t<meta property=\"og:image:type\" content=\"image\/jpeg\" \/>\n<meta name=\"author\" content=\"solivri\" \/>\n<meta name=\"twitter:card\" content=\"summary_large_image\" \/>\n<meta name=\"twitter:creator\" content=\"@justiceinfonet\" \/>\n<meta name=\"twitter:site\" content=\"@justiceinfonet\" \/>\n<meta name=\"twitter:label1\" content=\"\u00c9crit par\" \/>\n\t<meta name=\"twitter:data1\" content=\"solivri\" \/>\n\t<meta name=\"twitter:label2\" content=\"Dur\u00e9e de lecture estim\u00e9e\" \/>\n\t<meta name=\"twitter:data2\" content=\"1 minute\" \/>\n<script type=\"application\/ld+json\" class=\"yoast-schema-graph\">{\"@context\":\"https:\/\/schema.org\",\"@graph\":[{\"@type\":\"NewsArticle\",\"@id\":\"https:\/\/www.justiceinfo.net\/fr\/8866-310108-france-rwanda-lextradition-de-bivugabagabo-sera-examinee-le-18-mars5667.html#article\",\"isPartOf\":{\"@id\":\"https:\/\/www.justiceinfo.net\/fr\/8866-310108-france-rwanda-lextradition-de-bivugabagabo-sera-examinee-le-18-mars5667.html\"},\"author\":{\"name\":\"solivri\",\"@id\":\"https:\/\/www.justiceinfo.net\/fr#\/schema\/person\/6e53cba1629e2e66f3fc1821d3091865\"},\"headline\":\"31.01.08 - FRANCE \/ RWANDA - L'EXTRADITION DE BIVUGABAGABO SERA EXAMINEE LE 18 MARS\",\"datePublished\":\"2008-01-30T22:00:00+00:00\",\"mainEntityOfPage\":{\"@id\":\"https:\/\/www.justiceinfo.net\/fr\/8866-310108-france-rwanda-lextradition-de-bivugabagabo-sera-examinee-le-18-mars5667.html\"},\"wordCount\":285,\"commentCount\":0,\"publisher\":{\"@id\":\"https:\/\/www.justiceinfo.net\/fr#organization\"},\"articleSection\":[\"Hirondelle News\"],\"inLanguage\":\"fr-FR\",\"potentialAction\":[{\"@type\":\"CommentAction\",\"name\":\"Comment\",\"target\":[\"https:\/\/www.justiceinfo.net\/fr\/8866-310108-france-rwanda-lextradition-de-bivugabagabo-sera-examinee-le-18-mars5667.html#respond\"]}]},{\"@type\":\"WebPage\",\"@id\":\"https:\/\/www.justiceinfo.net\/fr\/8866-310108-france-rwanda-lextradition-de-bivugabagabo-sera-examinee-le-18-mars5667.html\",\"url\":\"https:\/\/www.justiceinfo.net\/fr\/8866-310108-france-rwanda-lextradition-de-bivugabagabo-sera-examinee-le-18-mars5667.html\",\"name\":\"31.01.08 - FRANCE \/ RWANDA - L'EXTRADITION DE BIVUGABAGABO SERA EXAMINEE LE 18 MARS - JusticeInfo.net\",\"isPartOf\":{\"@id\":\"https:\/\/www.justiceinfo.net\/fr#website\"},\"datePublished\":\"2008-01-30T22:00:00+00:00\",\"breadcrumb\":{\"@id\":\"https:\/\/www.justiceinfo.net\/fr\/8866-310108-france-rwanda-lextradition-de-bivugabagabo-sera-examinee-le-18-mars5667.html#breadcrumb\"},\"inLanguage\":\"fr-FR\",\"potentialAction\":[{\"@type\":\"ReadAction\",\"target\":[\"https:\/\/www.justiceinfo.net\/fr\/8866-310108-france-rwanda-lextradition-de-bivugabagabo-sera-examinee-le-18-mars5667.html\"]}]},{\"@type\":\"BreadcrumbList\",\"@id\":\"https:\/\/www.justiceinfo.net\/fr\/8866-310108-france-rwanda-lextradition-de-bivugabagabo-sera-examinee-le-18-mars5667.html#breadcrumb\",\"itemListElement\":[{\"@type\":\"ListItem\",\"position\":1,\"name\":\"Home\",\"item\":\"https:\/\/www.justiceinfo.net\/fr\"},{\"@type\":\"ListItem\",\"position\":2,\"name\":\"31.01.08 - FRANCE \/ RWANDA - L'EXTRADITION DE BIVUGABAGABO SERA EXAMINEE LE 18 MARS\"}]},{\"@type\":\"WebSite\",\"@id\":\"https:\/\/www.justiceinfo.net\/fr#website\",\"url\":\"https:\/\/www.justiceinfo.net\/fr\",\"name\":\"JusticeInfo.net\",\"description\":\"La justice doit \u00eatre vue pour \u00eatre rendue\",\"publisher\":{\"@id\":\"https:\/\/www.justiceinfo.net\/fr#organization\"},\"potentialAction\":[{\"@type\":\"SearchAction\",\"target\":{\"@type\":\"EntryPoint\",\"urlTemplate\":\"https:\/\/www.justiceinfo.net\/fr?s={search_term_string}\"},\"query-input\":{\"@type\":\"PropertyValueSpecification\",\"valueRequired\":true,\"valueName\":\"search_term_string\"}}],\"inLanguage\":\"fr-FR\"},{\"@type\":\"Organization\",\"@id\":\"https:\/\/www.justiceinfo.net\/fr#organization\",\"name\":\"Justice Info\",\"url\":\"https:\/\/www.justiceinfo.net\/fr\",\"logo\":{\"@type\":\"ImageObject\",\"inLanguage\":\"fr-FR\",\"@id\":\"https:\/\/www.justiceinfo.net\/fr#\/schema\/logo\/image\/\",\"url\":\"https:\/\/www.justiceinfo.net\/wp-content\/uploads\/justiceinfo_logo-trans_1200x1200px.png\",\"contentUrl\":\"https:\/\/www.justiceinfo.net\/wp-content\/uploads\/justiceinfo_logo-trans_1200x1200px.png\",\"width\":1199,\"height\":1200,\"caption\":\"Justice Info\"},\"image\":{\"@id\":\"https:\/\/www.justiceinfo.net\/fr#\/schema\/logo\/image\/\"},\"sameAs\":[\"https:\/\/www.facebook.com\/JusticeInfo\/\",\"https:\/\/x.com\/justiceinfonet\",\"https:\/\/www.linkedin.com\/company\/justice-info\",\"https:\/\/www.youtube.com\/channel\/UCyCEsARodyuWtkWyhn-e7pA\"]},{\"@type\":\"Person\",\"name\":\"solivri\",\"url\":\"\/fr\/?s=solivri\"}]}<\/script>\n<!-- \/ Yoast SEO Premium plugin. -->","yoast_head_json":{"title":"31.01.08 - FRANCE \/ RWANDA - L'EXTRADITION DE BIVUGABAGABO SERA EXAMINEE LE 18 MARS - JusticeInfo.net","robots":{"index":"index","follow":"follow","max-snippet":"max-snippet:-1","max-image-preview":"max-image-preview:large","max-video-preview":"max-video-preview:-1"},"canonical":"https:\/\/www.justiceinfo.net\/fr\/8866-310108-france-rwanda-lextradition-de-bivugabagabo-sera-examinee-le-18-mars5667.html","og_locale":"fr_FR","og_type":"article","og_title":"31.01.08 - FRANCE \/ RWANDA - L'EXTRADITION DE BIVUGABAGABO SERA EXAMINEE LE 18 MARS","og_description":"Paris, 31 janvier 2008 (FH) - La cour d&#39;appel de Toulouse (sud de la France) a renvoy&eacute; mercredi au 18 mars l&#39;examen de la demande d&#39;extradition vers Kigali de Marcel Bivugabagabo, un ancien lieutenant-colonel de l&#39;arm&eacute;e rwandaise arr&ecirc;t&eacute; en janvier &agrave; Toulouse &agrave; la demande du Rwanda, qui l&#39;accuse d&#39;avoir particip&eacute; au g&eacute;nocide.","og_url":"https:\/\/www.justiceinfo.net\/fr\/8866-310108-france-rwanda-lextradition-de-bivugabagabo-sera-examinee-le-18-mars5667.html","og_site_name":"JusticeInfo.net","article_publisher":"https:\/\/www.facebook.com\/JusticeInfo\/","article_published_time":"2008-01-30T22:00:00+00:00","og_image":[{"width":1200,"height":630,"url":"https:\/\/www.justiceinfo.net\/wp-content\/uploads\/JusticeInfoNet_logo_1200x630px.jpg","type":"image\/jpeg"}],"author":"solivri","twitter_card":"summary_large_image","twitter_creator":"@justiceinfonet","twitter_site":"@justiceinfonet","twitter_misc":{"\u00c9crit par":"solivri","Dur\u00e9e de lecture estim\u00e9e":"1 minute"},"schema":{"@context":"https:\/\/schema.org","@graph":[{"@type":"NewsArticle","@id":"https:\/\/www.justiceinfo.net\/fr\/8866-310108-france-rwanda-lextradition-de-bivugabagabo-sera-examinee-le-18-mars5667.html#article","isPartOf":{"@id":"https:\/\/www.justiceinfo.net\/fr\/8866-310108-france-rwanda-lextradition-de-bivugabagabo-sera-examinee-le-18-mars5667.html"},"author":{"name":"solivri","@id":"https:\/\/www.justiceinfo.net\/fr#\/schema\/person\/6e53cba1629e2e66f3fc1821d3091865"},"headline":"31.01.08 - FRANCE \/ RWANDA - L'EXTRADITION DE BIVUGABAGABO SERA EXAMINEE LE 18 MARS","datePublished":"2008-01-30T22:00:00+00:00","mainEntityOfPage":{"@id":"https:\/\/www.justiceinfo.net\/fr\/8866-310108-france-rwanda-lextradition-de-bivugabagabo-sera-examinee-le-18-mars5667.html"},"wordCount":285,"commentCount":0,"publisher":{"@id":"https:\/\/www.justiceinfo.net\/fr#organization"},"articleSection":["Hirondelle News"],"inLanguage":"fr-FR","potentialAction":[{"@type":"CommentAction","name":"Comment","target":["https:\/\/www.justiceinfo.net\/fr\/8866-310108-france-rwanda-lextradition-de-bivugabagabo-sera-examinee-le-18-mars5667.html#respond"]}]},{"@type":"WebPage","@id":"https:\/\/www.justiceinfo.net\/fr\/8866-310108-france-rwanda-lextradition-de-bivugabagabo-sera-examinee-le-18-mars5667.html","url":"https:\/\/www.justiceinfo.net\/fr\/8866-310108-france-rwanda-lextradition-de-bivugabagabo-sera-examinee-le-18-mars5667.html","name":"31.01.08 - FRANCE \/ RWANDA - L'EXTRADITION DE BIVUGABAGABO SERA EXAMINEE LE 18 MARS - JusticeInfo.net","isPartOf":{"@id":"https:\/\/www.justiceinfo.net\/fr#website"},"datePublished":"2008-01-30T22:00:00+00:00","breadcrumb":{"@id":"https:\/\/www.justiceinfo.net\/fr\/8866-310108-france-rwanda-lextradition-de-bivugabagabo-sera-examinee-le-18-mars5667.html#breadcrumb"},"inLanguage":"fr-FR","potentialAction":[{"@type":"ReadAction","target":["https:\/\/www.justiceinfo.net\/fr\/8866-310108-france-rwanda-lextradition-de-bivugabagabo-sera-examinee-le-18-mars5667.html"]}]},{"@type":"BreadcrumbList","@id":"https:\/\/www.justiceinfo.net\/fr\/8866-310108-france-rwanda-lextradition-de-bivugabagabo-sera-examinee-le-18-mars5667.html#breadcrumb","itemListElement":[{"@type":"ListItem","position":1,"name":"Home","item":"https:\/\/www.justiceinfo.net\/fr"},{"@type":"ListItem","position":2,"name":"31.01.08 - FRANCE \/ RWANDA - L'EXTRADITION DE BIVUGABAGABO SERA EXAMINEE LE 18 MARS"}]},{"@type":"WebSite","@id":"https:\/\/www.justiceinfo.net\/fr#website","url":"https:\/\/www.justiceinfo.net\/fr","name":"JusticeInfo.net","description":"La justice doit \u00eatre vue pour \u00eatre rendue","publisher":{"@id":"https:\/\/www.justiceinfo.net\/fr#organization"},"potentialAction":[{"@type":"SearchAction","target":{"@type":"EntryPoint","urlTemplate":"https:\/\/www.justiceinfo.net\/fr?s={search_term_string}"},"query-input":{"@type":"PropertyValueSpecification","valueRequired":true,"valueName":"search_term_string"}}],"inLanguage":"fr-FR"},{"@type":"Organization","@id":"https:\/\/www.justiceinfo.net\/fr#organization","name":"Justice Info","url":"https:\/\/www.justiceinfo.net\/fr","logo":{"@type":"ImageObject","inLanguage":"fr-FR","@id":"https:\/\/www.justiceinfo.net\/fr#\/schema\/logo\/image\/","url":"https:\/\/www.justiceinfo.net\/wp-content\/uploads\/justiceinfo_logo-trans_1200x1200px.png","contentUrl":"https:\/\/www.justiceinfo.net\/wp-content\/uploads\/justiceinfo_logo-trans_1200x1200px.png","width":1199,"height":1200,"caption":"Justice Info"},"image":{"@id":"https:\/\/www.justiceinfo.net\/fr#\/schema\/logo\/image\/"},"sameAs":["https:\/\/www.facebook.com\/JusticeInfo\/","https:\/\/x.com\/justiceinfonet","https:\/\/www.linkedin.com\/company\/justice-info","https:\/\/www.youtube.com\/channel\/UCyCEsARodyuWtkWyhn-e7pA"]},{"@type":"Person","name":"solivri","url":"\/fr\/?s=solivri"}]}},"_links":{"self":[{"href":"https:\/\/www.justiceinfo.net\/fr\/wp-json\/wp\/v2\/posts\/8866","targetHints":{"allow":["GET"]}}],"collection":[{"href":"https:\/\/www.justiceinfo.net\/fr\/wp-json\/wp\/v2\/posts"}],"about":[{"href":"https:\/\/www.justiceinfo.net\/fr\/wp-json\/wp\/v2\/types\/post"}],"author":[{"embeddable":true,"href":"https:\/\/www.justiceinfo.net\/fr\/wp-json\/wp\/v2\/users\/64"}],"replies":[{"embeddable":true,"href":"https:\/\/www.justiceinfo.net\/fr\/wp-json\/wp\/v2\/comments?post=8866"}],"version-history":[{"count":0,"href":"https:\/\/www.justiceinfo.net\/fr\/wp-json\/wp\/v2\/posts\/8866\/revisions"}],"wp:attachment":[{"href":"https:\/\/www.justiceinfo.net\/fr\/wp-json\/wp\/v2\/media?parent=8866"}],"wp:term":[{"taxonomy":"category","embeddable":true,"href":"https:\/\/www.justiceinfo.net\/fr\/wp-json\/wp\/v2\/categories?post=8866"},{"taxonomy":"post_tag","embeddable":true,"href":"https:\/\/www.justiceinfo.net\/fr\/wp-json\/wp\/v2\/tags?post=8866"},{"taxonomy":"ji_location","embeddable":true,"href":"https:\/\/www.justiceinfo.net\/fr\/wp-json\/wp\/v2\/ji_location?post=8866"}],"curies":[{"name":"wp","href":"https:\/\/api.w.org\/{rel}","templated":true}]}}