{"id":8869,"date":"2008-01-31T23:00:00","date_gmt":"2008-01-31T22:00:00","guid":{"rendered":"https:\/\/www.justiceinfo.net\/8869-010208-tpironu-un-sous-secretaire-general-de-lonu-loue-le-travail-du-tpir5670.html"},"modified":"2008-01-31T23:00:00","modified_gmt":"2008-01-31T22:00:00","slug":"010208-tpironu-un-sous-secretaire-general-de-lonu-loue-le-travail-du-tpir5670","status":"publish","type":"post","link":"https:\/\/www.justiceinfo.net\/fr\/8869-010208-tpironu-un-sous-secretaire-general-de-lonu-loue-le-travail-du-tpir5670.html","title":{"rendered":"01.02.08 - TPIR\/ONU - UN SOUS-SECRETAIRE GENERAL DE L\u2019ONU LOUE LE TRAVAIL DU TPIR"},"content":{"rendered":"<p>Arusha, 1er f&eacute;vrier 2008 (FH)- Le sous Secr&eacute;taire g&eacute;n&eacute;ral de l&rsquo;ONU charg&eacute; des affaires juridiques en visite &agrave; Arusha cette semaine, Nicolas Michel, s&rsquo;est f&eacute;licit&eacute; du travail accompli par le Tribunal p&eacute;nal international pour le Rwanda (TPIR) en mati&egrave;re de promotion de la justice p&eacute;nale internationale et du droit humanitaire.<br \/>\n<!--more--><\/p>\n<p>Le TPIR a &eacute;t&eacute; cr&eacute;&eacute; pour juger les personnes accus&eacute;es de crimes de g&eacute;nocide et autres violations du droit international humanitaire commis au Rwanda en 1994. En s&rsquo;adressant au personnel juridique du TPIR mercredi, Nicolas Michel a indiqu&eacute; que le TPIR a jou&eacute; un r&ocirc;le capital dans la lutte contre l&rsquo;impunit&eacute; dans le monde. Il a expliqu&eacute; que ce tribunal a mis en place un corps de juristes dynamiques et talentueux ainsi qu&rsquo;une expertise en mati&egrave;re judiciaire qui constituent un atout pour l&rsquo;ONU pour ses futures contributions aux efforts de renforcement des capacit&eacute;s des juridictions nationales. Mr Michel, accompagn&eacute; du greffier du TPIR Adama Dieng et d&rsquo;autres responsables de la juridiction, a effectu&eacute; une visite guid&eacute;e du Centre de d&eacute;tention de l&rsquo;ONU &agrave; Arusha et plus tard assist&eacute; &agrave; un proc&egrave;s, selon un communiqu&eacute; de presse du TPIR. Durant sa visite qui a dur&eacute; une journ&eacute;e, il s&rsquo;est entretenu avec le pr&eacute;sident du TPIR, le juge Dennis Byron, tous les juges et d&rsquo;autres hauts responsables. Mr Michel &eacute;tait arriv&eacute; &agrave; Arusha en provenance de Kigali. Il y avait accompagn&eacute; le Secr&eacute;taire g&eacute;n&eacute;ral de l&rsquo;ONU Ban Ki-moon en d&eacute;placement officiel. La visite de Mr Michel intervient &agrave; un an de la fermeture du TPIR ordonn&eacute;e par le Conseil de S&eacute;curit&eacute;. Le TPIR a &eacute;t&eacute; cr&eacute;&eacute; en 1994. Le premier proc&egrave;s a cependant commenc&eacute; en 1997. Quatre salles d&#39;audiences modernes sont actuellement op&eacute;rationnelles. Le Tribunal compte 20 juges et un millier de fonctionnaires. Le TPIR a d&eacute;j&agrave; condamn&eacute; trente personnes et en a acquitt&eacute; cinq autres. SC\/AT\/GF&copy; Agence Hirondelle<\/p>\n","protected":false},"excerpt":{"rendered":"<p>Arusha, 1er f&eacute;vrier 2008 (FH)- Le sous Secr&eacute;taire g&eacute;n&eacute;ral de l&rsquo;ONU charg&eacute; des affaires juridiques en visite &agrave; Arusha cette semaine, Nicolas Michel, s&rsquo;est f&eacute;licit&eacute; du travail accompli par le Tribunal p&eacute;nal international pour le Rwanda (TPIR) en mati&egrave;re de promotion de la justice p&eacute;nale internationale et du droit humanitaire.<\/p>\n","protected":false},"author":64,"featured_media":0,"comment_status":"open","ping_status":"closed","sticky":false,"template":"","format":"standard","meta":{"_acf_changed":false,"footnotes":""},"categories":[554],"tags":[],"ji_location":[],"class_list":["post-8869","post","type-post","status-publish","format-standard","hentry","category-hirondellenews"],"acf":[],"yoast_head":"<!-- This site is optimized with the Yoast SEO Premium plugin v25.3.1 (Yoast SEO v25.3.1) - https:\/\/yoast.com\/wordpress\/plugins\/seo\/ -->\n<title>01.02.08 - TPIR\/ONU - UN SOUS-SECRETAIRE GENERAL DE L\u2019ONU LOUE LE TRAVAIL DU TPIR - JusticeInfo.net<\/title>\n<meta name=\"robots\" content=\"index, follow, max-snippet:-1, max-image-preview:large, max-video-preview:-1\" \/>\n<link rel=\"canonical\" href=\"https:\/\/www.justiceinfo.net\/fr\/8869-010208-tpironu-un-sous-secretaire-general-de-lonu-loue-le-travail-du-tpir5670.html\" \/>\n<meta property=\"og:locale\" content=\"fr_FR\" \/>\n<meta property=\"og:type\" content=\"article\" \/>\n<meta property=\"og:title\" content=\"01.02.08 - TPIR\/ONU - UN SOUS-SECRETAIRE GENERAL DE L\u2019ONU LOUE LE TRAVAIL DU TPIR\" \/>\n<meta property=\"og:description\" content=\"Arusha, 1er f&eacute;vrier 2008 (FH)- Le sous Secr&eacute;taire g&eacute;n&eacute;ral de l&rsquo;ONU charg&eacute; des affaires juridiques en visite &agrave; Arusha cette semaine, Nicolas Michel, s&rsquo;est f&eacute;licit&eacute; du travail accompli par le Tribunal p&eacute;nal international pour le Rwanda (TPIR) en mati&egrave;re de promotion de la justice p&eacute;nale internationale et du droit humanitaire.\" \/>\n<meta property=\"og:url\" content=\"https:\/\/www.justiceinfo.net\/fr\/8869-010208-tpironu-un-sous-secretaire-general-de-lonu-loue-le-travail-du-tpir5670.html\" \/>\n<meta property=\"og:site_name\" content=\"JusticeInfo.net\" \/>\n<meta property=\"article:publisher\" content=\"https:\/\/www.facebook.com\/JusticeInfo\/\" \/>\n<meta property=\"article:published_time\" content=\"2008-01-31T22:00:00+00:00\" \/>\n<meta property=\"og:image\" content=\"https:\/\/www.justiceinfo.net\/wp-content\/uploads\/JusticeInfoNet_logo_1200x630px.jpg\" \/>\n\t<meta property=\"og:image:width\" content=\"1200\" \/>\n\t<meta property=\"og:image:height\" content=\"630\" \/>\n\t<meta property=\"og:image:type\" content=\"image\/jpeg\" \/>\n<meta name=\"author\" content=\"solivri\" \/>\n<meta name=\"twitter:card\" content=\"summary_large_image\" \/>\n<meta name=\"twitter:creator\" content=\"@justiceinfonet\" \/>\n<meta name=\"twitter:site\" content=\"@justiceinfonet\" \/>\n<meta name=\"twitter:label1\" content=\"\u00c9crit par\" \/>\n\t<meta name=\"twitter:data1\" content=\"solivri\" \/>\n\t<meta name=\"twitter:label2\" content=\"Dur\u00e9e de lecture estim\u00e9e\" \/>\n\t<meta name=\"twitter:data2\" content=\"2 minutes\" \/>\n<script type=\"application\/ld+json\" class=\"yoast-schema-graph\">{\"@context\":\"https:\/\/schema.org\",\"@graph\":[{\"@type\":\"NewsArticle\",\"@id\":\"https:\/\/www.justiceinfo.net\/fr\/8869-010208-tpironu-un-sous-secretaire-general-de-lonu-loue-le-travail-du-tpir5670.html#article\",\"isPartOf\":{\"@id\":\"https:\/\/www.justiceinfo.net\/fr\/8869-010208-tpironu-un-sous-secretaire-general-de-lonu-loue-le-travail-du-tpir5670.html\"},\"author\":{\"name\":\"solivri\",\"@id\":\"https:\/\/www.justiceinfo.net\/fr#\/schema\/person\/6e53cba1629e2e66f3fc1821d3091865\"},\"headline\":\"01.02.08 - TPIR\/ONU - UN SOUS-SECRETAIRE GENERAL DE L\u2019ONU LOUE LE TRAVAIL DU TPIR\",\"datePublished\":\"2008-01-31T22:00:00+00:00\",\"mainEntityOfPage\":{\"@id\":\"https:\/\/www.justiceinfo.net\/fr\/8869-010208-tpironu-un-sous-secretaire-general-de-lonu-loue-le-travail-du-tpir5670.html\"},\"wordCount\":425,\"commentCount\":0,\"publisher\":{\"@id\":\"https:\/\/www.justiceinfo.net\/fr#organization\"},\"articleSection\":[\"Hirondelle News\"],\"inLanguage\":\"fr-FR\",\"potentialAction\":[{\"@type\":\"CommentAction\",\"name\":\"Comment\",\"target\":[\"https:\/\/www.justiceinfo.net\/fr\/8869-010208-tpironu-un-sous-secretaire-general-de-lonu-loue-le-travail-du-tpir5670.html#respond\"]}]},{\"@type\":\"WebPage\",\"@id\":\"https:\/\/www.justiceinfo.net\/fr\/8869-010208-tpironu-un-sous-secretaire-general-de-lonu-loue-le-travail-du-tpir5670.html\",\"url\":\"https:\/\/www.justiceinfo.net\/fr\/8869-010208-tpironu-un-sous-secretaire-general-de-lonu-loue-le-travail-du-tpir5670.html\",\"name\":\"01.02.08 - TPIR\/ONU - UN SOUS-SECRETAIRE GENERAL DE L\u2019ONU LOUE LE TRAVAIL DU TPIR - JusticeInfo.net\",\"isPartOf\":{\"@id\":\"https:\/\/www.justiceinfo.net\/fr#website\"},\"datePublished\":\"2008-01-31T22:00:00+00:00\",\"breadcrumb\":{\"@id\":\"https:\/\/www.justiceinfo.net\/fr\/8869-010208-tpironu-un-sous-secretaire-general-de-lonu-loue-le-travail-du-tpir5670.html#breadcrumb\"},\"inLanguage\":\"fr-FR\",\"potentialAction\":[{\"@type\":\"ReadAction\",\"target\":[\"https:\/\/www.justiceinfo.net\/fr\/8869-010208-tpironu-un-sous-secretaire-general-de-lonu-loue-le-travail-du-tpir5670.html\"]}]},{\"@type\":\"BreadcrumbList\",\"@id\":\"https:\/\/www.justiceinfo.net\/fr\/8869-010208-tpironu-un-sous-secretaire-general-de-lonu-loue-le-travail-du-tpir5670.html#breadcrumb\",\"itemListElement\":[{\"@type\":\"ListItem\",\"position\":1,\"name\":\"Home\",\"item\":\"https:\/\/www.justiceinfo.net\/fr\"},{\"@type\":\"ListItem\",\"position\":2,\"name\":\"01.02.08 - TPIR\/ONU - UN SOUS-SECRETAIRE GENERAL DE L\u2019ONU LOUE LE TRAVAIL DU TPIR\"}]},{\"@type\":\"WebSite\",\"@id\":\"https:\/\/www.justiceinfo.net\/fr#website\",\"url\":\"https:\/\/www.justiceinfo.net\/fr\",\"name\":\"JusticeInfo.net\",\"description\":\"La justice doit \u00eatre vue pour \u00eatre rendue\",\"publisher\":{\"@id\":\"https:\/\/www.justiceinfo.net\/fr#organization\"},\"potentialAction\":[{\"@type\":\"SearchAction\",\"target\":{\"@type\":\"EntryPoint\",\"urlTemplate\":\"https:\/\/www.justiceinfo.net\/fr?s={search_term_string}\"},\"query-input\":{\"@type\":\"PropertyValueSpecification\",\"valueRequired\":true,\"valueName\":\"search_term_string\"}}],\"inLanguage\":\"fr-FR\"},{\"@type\":\"Organization\",\"@id\":\"https:\/\/www.justiceinfo.net\/fr#organization\",\"name\":\"Justice Info\",\"url\":\"https:\/\/www.justiceinfo.net\/fr\",\"logo\":{\"@type\":\"ImageObject\",\"inLanguage\":\"fr-FR\",\"@id\":\"https:\/\/www.justiceinfo.net\/fr#\/schema\/logo\/image\/\",\"url\":\"https:\/\/www.justiceinfo.net\/wp-content\/uploads\/justiceinfo_logo-trans_1200x1200px.png\",\"contentUrl\":\"https:\/\/www.justiceinfo.net\/wp-content\/uploads\/justiceinfo_logo-trans_1200x1200px.png\",\"width\":1199,\"height\":1200,\"caption\":\"Justice Info\"},\"image\":{\"@id\":\"https:\/\/www.justiceinfo.net\/fr#\/schema\/logo\/image\/\"},\"sameAs\":[\"https:\/\/www.facebook.com\/JusticeInfo\/\",\"https:\/\/x.com\/justiceinfonet\",\"https:\/\/www.linkedin.com\/company\/justice-info\",\"https:\/\/www.youtube.com\/channel\/UCyCEsARodyuWtkWyhn-e7pA\"]},{\"@type\":\"Person\",\"name\":\"solivri\",\"url\":\"\/fr\/?s=solivri\"}]}<\/script>\n<!-- \/ Yoast SEO Premium plugin. -->","yoast_head_json":{"title":"01.02.08 - TPIR\/ONU - UN SOUS-SECRETAIRE GENERAL DE L\u2019ONU LOUE LE TRAVAIL DU TPIR - JusticeInfo.net","robots":{"index":"index","follow":"follow","max-snippet":"max-snippet:-1","max-image-preview":"max-image-preview:large","max-video-preview":"max-video-preview:-1"},"canonical":"https:\/\/www.justiceinfo.net\/fr\/8869-010208-tpironu-un-sous-secretaire-general-de-lonu-loue-le-travail-du-tpir5670.html","og_locale":"fr_FR","og_type":"article","og_title":"01.02.08 - TPIR\/ONU - UN SOUS-SECRETAIRE GENERAL DE L\u2019ONU LOUE LE TRAVAIL DU TPIR","og_description":"Arusha, 1er f&eacute;vrier 2008 (FH)- Le sous Secr&eacute;taire g&eacute;n&eacute;ral de l&rsquo;ONU charg&eacute; des affaires juridiques en visite &agrave; Arusha cette semaine, Nicolas Michel, s&rsquo;est f&eacute;licit&eacute; du travail accompli par le Tribunal p&eacute;nal international pour le Rwanda (TPIR) en mati&egrave;re de promotion de la justice p&eacute;nale internationale et du droit humanitaire.","og_url":"https:\/\/www.justiceinfo.net\/fr\/8869-010208-tpironu-un-sous-secretaire-general-de-lonu-loue-le-travail-du-tpir5670.html","og_site_name":"JusticeInfo.net","article_publisher":"https:\/\/www.facebook.com\/JusticeInfo\/","article_published_time":"2008-01-31T22:00:00+00:00","og_image":[{"width":1200,"height":630,"url":"https:\/\/www.justiceinfo.net\/wp-content\/uploads\/JusticeInfoNet_logo_1200x630px.jpg","type":"image\/jpeg"}],"author":"solivri","twitter_card":"summary_large_image","twitter_creator":"@justiceinfonet","twitter_site":"@justiceinfonet","twitter_misc":{"\u00c9crit par":"solivri","Dur\u00e9e de lecture estim\u00e9e":"2 minutes"},"schema":{"@context":"https:\/\/schema.org","@graph":[{"@type":"NewsArticle","@id":"https:\/\/www.justiceinfo.net\/fr\/8869-010208-tpironu-un-sous-secretaire-general-de-lonu-loue-le-travail-du-tpir5670.html#article","isPartOf":{"@id":"https:\/\/www.justiceinfo.net\/fr\/8869-010208-tpironu-un-sous-secretaire-general-de-lonu-loue-le-travail-du-tpir5670.html"},"author":{"name":"solivri","@id":"https:\/\/www.justiceinfo.net\/fr#\/schema\/person\/6e53cba1629e2e66f3fc1821d3091865"},"headline":"01.02.08 - TPIR\/ONU - UN SOUS-SECRETAIRE GENERAL DE L\u2019ONU LOUE LE TRAVAIL DU TPIR","datePublished":"2008-01-31T22:00:00+00:00","mainEntityOfPage":{"@id":"https:\/\/www.justiceinfo.net\/fr\/8869-010208-tpironu-un-sous-secretaire-general-de-lonu-loue-le-travail-du-tpir5670.html"},"wordCount":425,"commentCount":0,"publisher":{"@id":"https:\/\/www.justiceinfo.net\/fr#organization"},"articleSection":["Hirondelle News"],"inLanguage":"fr-FR","potentialAction":[{"@type":"CommentAction","name":"Comment","target":["https:\/\/www.justiceinfo.net\/fr\/8869-010208-tpironu-un-sous-secretaire-general-de-lonu-loue-le-travail-du-tpir5670.html#respond"]}]},{"@type":"WebPage","@id":"https:\/\/www.justiceinfo.net\/fr\/8869-010208-tpironu-un-sous-secretaire-general-de-lonu-loue-le-travail-du-tpir5670.html","url":"https:\/\/www.justiceinfo.net\/fr\/8869-010208-tpironu-un-sous-secretaire-general-de-lonu-loue-le-travail-du-tpir5670.html","name":"01.02.08 - TPIR\/ONU - UN SOUS-SECRETAIRE GENERAL DE L\u2019ONU LOUE LE TRAVAIL DU TPIR - JusticeInfo.net","isPartOf":{"@id":"https:\/\/www.justiceinfo.net\/fr#website"},"datePublished":"2008-01-31T22:00:00+00:00","breadcrumb":{"@id":"https:\/\/www.justiceinfo.net\/fr\/8869-010208-tpironu-un-sous-secretaire-general-de-lonu-loue-le-travail-du-tpir5670.html#breadcrumb"},"inLanguage":"fr-FR","potentialAction":[{"@type":"ReadAction","target":["https:\/\/www.justiceinfo.net\/fr\/8869-010208-tpironu-un-sous-secretaire-general-de-lonu-loue-le-travail-du-tpir5670.html"]}]},{"@type":"BreadcrumbList","@id":"https:\/\/www.justiceinfo.net\/fr\/8869-010208-tpironu-un-sous-secretaire-general-de-lonu-loue-le-travail-du-tpir5670.html#breadcrumb","itemListElement":[{"@type":"ListItem","position":1,"name":"Home","item":"https:\/\/www.justiceinfo.net\/fr"},{"@type":"ListItem","position":2,"name":"01.02.08 - TPIR\/ONU - UN SOUS-SECRETAIRE GENERAL DE L\u2019ONU LOUE LE TRAVAIL DU TPIR"}]},{"@type":"WebSite","@id":"https:\/\/www.justiceinfo.net\/fr#website","url":"https:\/\/www.justiceinfo.net\/fr","name":"JusticeInfo.net","description":"La justice doit \u00eatre vue pour \u00eatre rendue","publisher":{"@id":"https:\/\/www.justiceinfo.net\/fr#organization"},"potentialAction":[{"@type":"SearchAction","target":{"@type":"EntryPoint","urlTemplate":"https:\/\/www.justiceinfo.net\/fr?s={search_term_string}"},"query-input":{"@type":"PropertyValueSpecification","valueRequired":true,"valueName":"search_term_string"}}],"inLanguage":"fr-FR"},{"@type":"Organization","@id":"https:\/\/www.justiceinfo.net\/fr#organization","name":"Justice Info","url":"https:\/\/www.justiceinfo.net\/fr","logo":{"@type":"ImageObject","inLanguage":"fr-FR","@id":"https:\/\/www.justiceinfo.net\/fr#\/schema\/logo\/image\/","url":"https:\/\/www.justiceinfo.net\/wp-content\/uploads\/justiceinfo_logo-trans_1200x1200px.png","contentUrl":"https:\/\/www.justiceinfo.net\/wp-content\/uploads\/justiceinfo_logo-trans_1200x1200px.png","width":1199,"height":1200,"caption":"Justice Info"},"image":{"@id":"https:\/\/www.justiceinfo.net\/fr#\/schema\/logo\/image\/"},"sameAs":["https:\/\/www.facebook.com\/JusticeInfo\/","https:\/\/x.com\/justiceinfonet","https:\/\/www.linkedin.com\/company\/justice-info","https:\/\/www.youtube.com\/channel\/UCyCEsARodyuWtkWyhn-e7pA"]},{"@type":"Person","name":"solivri","url":"\/fr\/?s=solivri"}]}},"_links":{"self":[{"href":"https:\/\/www.justiceinfo.net\/fr\/wp-json\/wp\/v2\/posts\/8869","targetHints":{"allow":["GET"]}}],"collection":[{"href":"https:\/\/www.justiceinfo.net\/fr\/wp-json\/wp\/v2\/posts"}],"about":[{"href":"https:\/\/www.justiceinfo.net\/fr\/wp-json\/wp\/v2\/types\/post"}],"author":[{"embeddable":true,"href":"https:\/\/www.justiceinfo.net\/fr\/wp-json\/wp\/v2\/users\/64"}],"replies":[{"embeddable":true,"href":"https:\/\/www.justiceinfo.net\/fr\/wp-json\/wp\/v2\/comments?post=8869"}],"version-history":[{"count":0,"href":"https:\/\/www.justiceinfo.net\/fr\/wp-json\/wp\/v2\/posts\/8869\/revisions"}],"wp:attachment":[{"href":"https:\/\/www.justiceinfo.net\/fr\/wp-json\/wp\/v2\/media?parent=8869"}],"wp:term":[{"taxonomy":"category","embeddable":true,"href":"https:\/\/www.justiceinfo.net\/fr\/wp-json\/wp\/v2\/categories?post=8869"},{"taxonomy":"post_tag","embeddable":true,"href":"https:\/\/www.justiceinfo.net\/fr\/wp-json\/wp\/v2\/tags?post=8869"},{"taxonomy":"ji_location","embeddable":true,"href":"https:\/\/www.justiceinfo.net\/fr\/wp-json\/wp\/v2\/ji_location?post=8869"}],"curies":[{"name":"wp","href":"https:\/\/api.w.org\/{rel}","templated":true}]}}