{"id":8873,"date":"2008-01-31T23:00:00","date_gmt":"2008-01-31T22:00:00","guid":{"rendered":"https:\/\/www.justiceinfo.net\/8873-010208-rdcjustice-le-parlement-europeen-denonce-les-violences-sexuelles-en-rdc5674.html"},"modified":"2008-01-31T23:00:00","modified_gmt":"2008-01-31T22:00:00","slug":"010208-rdcjustice-le-parlement-europeen-denonce-les-violences-sexuelles-en-rdc5674","status":"publish","type":"post","link":"https:\/\/www.justiceinfo.net\/fr\/8873-010208-rdcjustice-le-parlement-europeen-denonce-les-violences-sexuelles-en-rdc5674.html","title":{"rendered":"01.02.08 - RDC\/JUSTICE - LE PARLEMENT EUROPEEN DENONCE LES VIOLENCES SEXUELLES EN RDC"},"content":{"rendered":"<p>Bruxelles, 1er f&eacute;vrier 2008 (FH) - Le Parlement europ&eacute;en a adopt&eacute;, le 17 janvier dernier, une r&eacute;solution appelant la communaut&eacute; internationale &agrave; prendre des mesures contre le d&eacute;veloppement de la violence sexuelle en R&eacute;publique d&eacute;mocratique du Congo (RDC).<br \/>\n<!--more-->Cette violence d&eacute;crite &laquo; &agrave; grande &eacute;chelle et &agrave; un niveau alarmant &raquo; par la r&eacute;solution europ&eacute;enne a &eacute;t&eacute; qualifi&eacute;e par le Sous-secr&eacute;taire g&eacute;n&eacute;ral des Nations Unies pour les affaires humanitaires comme &laquo; la plus grave du monde &raquo;. Selon la r&eacute;solution, ces violences, en plus d&rsquo;entra&icirc;ner des cons&eacute;quences profondes et irr&eacute;versibles pour les femmes et les jeunes filles, sont utilis&eacute;es &laquo; par des groupes rebelles arm&eacute;s, ainsi que par l&rsquo;arm&eacute;e gouvernementale et les forces de police &raquo; pour &laquo; d&eacute;truire l&rsquo;int&eacute;grit&eacute;, le moral et la coh&eacute;sion &raquo; des communaut&eacute;s. Ces atrocit&eacute;s rappellent malheureusement celles que le Rwanda a v&eacute;cues pendant les &eacute;v&egrave;nements de 1994. Les d&eacute;put&eacute;s europ&eacute;ens qui &eacute;taient alors r&eacute;unis &agrave; Strasbourg (France) consid&egrave;rent qu&rsquo;elles constituent &laquo; une v&eacute;ritable menace &agrave; l&rsquo;&eacute;chelle nationale &raquo;. La r&eacute;solution cite le nombre de 32.353 viols enregistr&eacute;s en 2007, ce qui ne constituerait que la face visible de l&rsquo;iceberg. Ce ph&eacute;nom&egrave;ne d&rsquo;extr&ecirc;me violence faite aux femmes existe depuis le d&eacute;but des ann&eacute;es 2000, mais a connu une recrudescence depuis les affrontements fin 2007 entre l&rsquo;arm&eacute;e r&eacute;guli&egrave;re et les dissidents fid&egrave;les &agrave; Laurent Nkunda. <\/p>\n<p>Les d&eacute;put&eacute;s europ&eacute;ens s&rsquo;adressent non seulement aux pays membres de l&rsquo;Union europ&eacute;enne mais aussi &agrave; l&rsquo;ensemble de la communaut&eacute; internationale, demandant &agrave; tous de prendre leurs responsabilit&eacute;s et dispositions pour que &laquo; les coupables de violences sexuelles &agrave; l&rsquo;&eacute;gard des femmes soient d&eacute;nonc&eacute;s, identifi&eacute;s, poursuivis et punis conform&eacute;ment au droit p&eacute;nal national et international &raquo;. Pourtant les m&eacute;canismes de r&eacute;pression, tant au niveau national qu&rsquo;international, ainsi que les pr&eacute;c&eacute;dents en justice internationale existent. Le Tribunal p&eacute;nal international pour le Rwanda (TPIR) s&rsquo;est illustr&eacute; le 2 octobre 1998 en condamnant l&rsquo;ancien bourgmestre Jean-Paul Akayesu &agrave; la r&eacute;clusion &agrave; perp&eacute;tuit&eacute; pour viol et d&rsquo;autres crimes, y compris celui d&rsquo;avoir encourag&eacute; la perp&eacute;tration de viols et d&rsquo;actes de violence sexuelle. Le TPIR &eacute;tait la premi&egrave;re juridiction internationale &agrave; le faire. Lors de ce jugement, le Tribunal a d&eacute;clar&eacute; que le viol et les violences sexuelles avaient &eacute;t&eacute; utilis&eacute;s comme arme de guerre. Les juges ont consid&eacute;r&eacute; que ces actes pouvaient &ecirc;tre constitutifs du crime de g&eacute;nocide s&rsquo;ils avaient &eacute;t&eacute; commis dans l&rsquo;intention de d&eacute;truire, en tout ou partie, un groupe sp&eacute;cifique, cibl&eacute; en tant que tel. Le jugement, confirm&eacute; par celui de Cl&eacute;ment Kayishema et Obed Ruzindana du 21 mai 1999, expose &agrave; l&rsquo;appui que &laquo; les violences sexuelles font partie int&eacute;grante du processus de destruction particuli&egrave;rement contre les femmes tutsies et [ont] contribu&eacute; de mani&egrave;re sp&eacute;cifique &agrave; leur an&eacute;antissement et &agrave; celui du groupe tutsi consid&eacute;r&eacute; comme tel &raquo;. Elles sont aussi une atteinte grave &agrave; l&rsquo;int&eacute;grit&eacute; physique ou mentale des membres du groupe selon l&rsquo;article 2 2) b) du Statut. L&rsquo;&eacute;l&eacute;ment moral du viol constitutif de g&eacute;nocide, d&eacute;fini dans le jugement de Laurent Semanza du 15 mai 2003, &laquo; r&eacute;side dans l&rsquo;intention de proc&eacute;der &agrave; la p&eacute;n&eacute;tration sexuelle sachant que la victime n&rsquo;est pas consentante &raquo;. Mais le viol et les violences sexuelles peuvent &eacute;galement &ecirc;tre qualifi&eacute;s de crime contre l&rsquo;Humanit&eacute; entrant alors dans le champ des &laquo; autres actes inhumains &raquo; vis&eacute;s &agrave; l&rsquo;article 3 i) du Statut du TPIR, et de crime de guerre en tant qu&rsquo; &laquo; atteintes &agrave; la dignit&eacute; de la personne &raquo;. Alfred Musema a &eacute;t&eacute; condamn&eacute; le 27 janvier 2000 &agrave; la prison &agrave; vie pour viol en tant qu&rsquo;instrument du g&eacute;nocide et constitutif de crime contre l&rsquo;Humanit&eacute;. Il a finalement &eacute;t&eacute; d&eacute;clar&eacute; non coupable de ce dernier chef en appel. La R&eacute;publique d&eacute;mocratique du Congo a adopt&eacute; le 20 juillet 2006 une loi portant modification et compl&eacute;ment du Code p&eacute;nal congolais sur les violences sexuelles pour se conformer notamment au Statut de Rome qu&rsquo;elle a sign&eacute; en septembre 2000. Le texte semble dor&eacute;navant tout pr&eacute;voir en d&eacute;finissant d&rsquo;une mani&egrave;re tr&egrave;s large le viol. Les peines sont plus lourdes et imposent dor&eacute;navant la r&eacute;paration des victimes. Quant &agrave; la Cour p&eacute;nale internationale (CPI), les articles 7 et 8 de son Statut la rendent comp&eacute;tente pour poursuivre ce genre d&rsquo;atrocit&eacute; qu&rsquo;elle qualifie de crimes contre l&rsquo;Humanit&eacute; et de crimes de guerre. Germain Katanga, deuxi&egrave;me accus&eacute; de la CPI, transf&eacute;r&eacute; en octobre 2007 apr&egrave;s avoir &eacute;t&eacute; arr&ecirc;t&eacute; en mars 2005 par les autorit&eacute;s congolaises, est poursuivi, entre autres, pour esclavage sexuel constitutif de crime de guerre et de crime contre l&rsquo;Humanit&eacute;. Il a plaid&eacute; non coupable de tous ses chefs d&rsquo;accusation le 22 octobre 2007. Cette accusation a &eacute;t&eacute; accueillie &laquo; avec satisfaction &raquo; par la Coalition pour les droits des femmes en situation de conflit en octobre 2007 qui regrettait qu&rsquo;en &laquo; d&eacute;pit de nombreuses preuves de violences sexuelles port&eacute;es &agrave; l&rsquo;attention du Procureur et de la Cour dans l&rsquo;affaire Lubanga, l&rsquo;acte d&rsquo;accusation est rest&eacute; vierge de toute accusation &raquo;. Si la R&eacute;publique d&eacute;mocratique du Congo d&eacute;cidait de ne pas enqu&ecirc;ter et sanctionner elle-m&ecirc;me les violences sexuelles d&eacute;nonc&eacute;es, la Cour p&eacute;nale internationale dispose elle aussi de tous les instruments l&eacute;gaux et jurisprudentiels n&eacute;cessaires pour poursuivre. AV\/PB\/GF Agence Hirondelle<\/p>\n","protected":false},"excerpt":{"rendered":"<p>Bruxelles, 1er f&eacute;vrier 2008 (FH) - Le Parlement europ&eacute;en a adopt&eacute;, le 17 janvier dernier, une r&eacute;solution appelant la communaut&eacute; internationale &agrave; prendre des mesures contre le d&eacute;veloppement de la violence sexuelle en R&eacute;publique d&eacute;mocratique du Congo (RDC).<\/p>\n","protected":false},"author":64,"featured_media":0,"comment_status":"open","ping_status":"closed","sticky":false,"template":"","format":"standard","meta":{"_acf_changed":false,"footnotes":""},"categories":[554],"tags":[],"ji_location":[],"class_list":["post-8873","post","type-post","status-publish","format-standard","hentry","category-hirondellenews"],"acf":[],"yoast_head":"<!-- This site is optimized with the Yoast SEO Premium plugin v25.3.1 (Yoast SEO v25.3.1) - https:\/\/yoast.com\/wordpress\/plugins\/seo\/ -->\n<title>01.02.08 - RDC\/JUSTICE - LE PARLEMENT EUROPEEN DENONCE LES VIOLENCES SEXUELLES EN RDC - JusticeInfo.net<\/title>\n<meta name=\"robots\" content=\"index, follow, max-snippet:-1, max-image-preview:large, max-video-preview:-1\" \/>\n<link rel=\"canonical\" href=\"https:\/\/www.justiceinfo.net\/fr\/8873-010208-rdcjustice-le-parlement-europeen-denonce-les-violences-sexuelles-en-rdc5674.html\" \/>\n<meta property=\"og:locale\" content=\"fr_FR\" \/>\n<meta property=\"og:type\" content=\"article\" \/>\n<meta property=\"og:title\" content=\"01.02.08 - RDC\/JUSTICE - LE PARLEMENT EUROPEEN DENONCE LES VIOLENCES SEXUELLES EN RDC\" \/>\n<meta property=\"og:description\" content=\"Bruxelles, 1er f&eacute;vrier 2008 (FH) - Le Parlement europ&eacute;en a adopt&eacute;, le 17 janvier dernier, une r&eacute;solution appelant la communaut&eacute; internationale &agrave; prendre des mesures contre le d&eacute;veloppement de la violence sexuelle en R&eacute;publique d&eacute;mocratique du Congo (RDC).\" \/>\n<meta property=\"og:url\" content=\"https:\/\/www.justiceinfo.net\/fr\/8873-010208-rdcjustice-le-parlement-europeen-denonce-les-violences-sexuelles-en-rdc5674.html\" \/>\n<meta property=\"og:site_name\" content=\"JusticeInfo.net\" \/>\n<meta property=\"article:publisher\" content=\"https:\/\/www.facebook.com\/JusticeInfo\/\" \/>\n<meta property=\"article:published_time\" content=\"2008-01-31T22:00:00+00:00\" \/>\n<meta property=\"og:image\" content=\"https:\/\/www.justiceinfo.net\/wp-content\/uploads\/JusticeInfoNet_logo_1200x630px.jpg\" \/>\n\t<meta property=\"og:image:width\" content=\"1200\" \/>\n\t<meta property=\"og:image:height\" content=\"630\" \/>\n\t<meta property=\"og:image:type\" content=\"image\/jpeg\" \/>\n<meta name=\"author\" content=\"solivri\" \/>\n<meta name=\"twitter:card\" content=\"summary_large_image\" \/>\n<meta name=\"twitter:creator\" content=\"@justiceinfonet\" \/>\n<meta name=\"twitter:site\" content=\"@justiceinfonet\" \/>\n<meta name=\"twitter:label1\" content=\"\u00c9crit par\" \/>\n\t<meta name=\"twitter:data1\" content=\"solivri\" \/>\n\t<meta name=\"twitter:label2\" content=\"Dur\u00e9e de lecture estim\u00e9e\" \/>\n\t<meta name=\"twitter:data2\" content=\"6 minutes\" \/>\n<script type=\"application\/ld+json\" class=\"yoast-schema-graph\">{\"@context\":\"https:\/\/schema.org\",\"@graph\":[{\"@type\":\"NewsArticle\",\"@id\":\"https:\/\/www.justiceinfo.net\/fr\/8873-010208-rdcjustice-le-parlement-europeen-denonce-les-violences-sexuelles-en-rdc5674.html#article\",\"isPartOf\":{\"@id\":\"https:\/\/www.justiceinfo.net\/fr\/8873-010208-rdcjustice-le-parlement-europeen-denonce-les-violences-sexuelles-en-rdc5674.html\"},\"author\":{\"name\":\"solivri\",\"@id\":\"https:\/\/www.justiceinfo.net\/fr#\/schema\/person\/6e53cba1629e2e66f3fc1821d3091865\"},\"headline\":\"01.02.08 - RDC\/JUSTICE - LE PARLEMENT EUROPEEN DENONCE LES VIOLENCES SEXUELLES EN RDC\",\"datePublished\":\"2008-01-31T22:00:00+00:00\",\"mainEntityOfPage\":{\"@id\":\"https:\/\/www.justiceinfo.net\/fr\/8873-010208-rdcjustice-le-parlement-europeen-denonce-les-violences-sexuelles-en-rdc5674.html\"},\"wordCount\":1213,\"commentCount\":0,\"publisher\":{\"@id\":\"https:\/\/www.justiceinfo.net\/fr#organization\"},\"articleSection\":[\"Hirondelle News\"],\"inLanguage\":\"fr-FR\",\"potentialAction\":[{\"@type\":\"CommentAction\",\"name\":\"Comment\",\"target\":[\"https:\/\/www.justiceinfo.net\/fr\/8873-010208-rdcjustice-le-parlement-europeen-denonce-les-violences-sexuelles-en-rdc5674.html#respond\"]}]},{\"@type\":\"WebPage\",\"@id\":\"https:\/\/www.justiceinfo.net\/fr\/8873-010208-rdcjustice-le-parlement-europeen-denonce-les-violences-sexuelles-en-rdc5674.html\",\"url\":\"https:\/\/www.justiceinfo.net\/fr\/8873-010208-rdcjustice-le-parlement-europeen-denonce-les-violences-sexuelles-en-rdc5674.html\",\"name\":\"01.02.08 - RDC\/JUSTICE - LE PARLEMENT EUROPEEN DENONCE LES VIOLENCES SEXUELLES EN RDC - JusticeInfo.net\",\"isPartOf\":{\"@id\":\"https:\/\/www.justiceinfo.net\/fr#website\"},\"datePublished\":\"2008-01-31T22:00:00+00:00\",\"breadcrumb\":{\"@id\":\"https:\/\/www.justiceinfo.net\/fr\/8873-010208-rdcjustice-le-parlement-europeen-denonce-les-violences-sexuelles-en-rdc5674.html#breadcrumb\"},\"inLanguage\":\"fr-FR\",\"potentialAction\":[{\"@type\":\"ReadAction\",\"target\":[\"https:\/\/www.justiceinfo.net\/fr\/8873-010208-rdcjustice-le-parlement-europeen-denonce-les-violences-sexuelles-en-rdc5674.html\"]}]},{\"@type\":\"BreadcrumbList\",\"@id\":\"https:\/\/www.justiceinfo.net\/fr\/8873-010208-rdcjustice-le-parlement-europeen-denonce-les-violences-sexuelles-en-rdc5674.html#breadcrumb\",\"itemListElement\":[{\"@type\":\"ListItem\",\"position\":1,\"name\":\"Home\",\"item\":\"https:\/\/www.justiceinfo.net\/fr\"},{\"@type\":\"ListItem\",\"position\":2,\"name\":\"01.02.08 - RDC\/JUSTICE - LE PARLEMENT EUROPEEN DENONCE LES VIOLENCES SEXUELLES EN RDC\"}]},{\"@type\":\"WebSite\",\"@id\":\"https:\/\/www.justiceinfo.net\/fr#website\",\"url\":\"https:\/\/www.justiceinfo.net\/fr\",\"name\":\"JusticeInfo.net\",\"description\":\"La justice doit \u00eatre vue pour \u00eatre rendue\",\"publisher\":{\"@id\":\"https:\/\/www.justiceinfo.net\/fr#organization\"},\"potentialAction\":[{\"@type\":\"SearchAction\",\"target\":{\"@type\":\"EntryPoint\",\"urlTemplate\":\"https:\/\/www.justiceinfo.net\/fr?s={search_term_string}\"},\"query-input\":{\"@type\":\"PropertyValueSpecification\",\"valueRequired\":true,\"valueName\":\"search_term_string\"}}],\"inLanguage\":\"fr-FR\"},{\"@type\":\"Organization\",\"@id\":\"https:\/\/www.justiceinfo.net\/fr#organization\",\"name\":\"Justice Info\",\"url\":\"https:\/\/www.justiceinfo.net\/fr\",\"logo\":{\"@type\":\"ImageObject\",\"inLanguage\":\"fr-FR\",\"@id\":\"https:\/\/www.justiceinfo.net\/fr#\/schema\/logo\/image\/\",\"url\":\"https:\/\/www.justiceinfo.net\/wp-content\/uploads\/justiceinfo_logo-trans_1200x1200px.png\",\"contentUrl\":\"https:\/\/www.justiceinfo.net\/wp-content\/uploads\/justiceinfo_logo-trans_1200x1200px.png\",\"width\":1199,\"height\":1200,\"caption\":\"Justice Info\"},\"image\":{\"@id\":\"https:\/\/www.justiceinfo.net\/fr#\/schema\/logo\/image\/\"},\"sameAs\":[\"https:\/\/www.facebook.com\/JusticeInfo\/\",\"https:\/\/x.com\/justiceinfonet\",\"https:\/\/www.linkedin.com\/company\/justice-info\",\"https:\/\/www.youtube.com\/channel\/UCyCEsARodyuWtkWyhn-e7pA\"]},{\"@type\":\"Person\",\"name\":\"solivri\",\"url\":\"\/fr\/?s=solivri\"}]}<\/script>\n<!-- \/ Yoast SEO Premium plugin. -->","yoast_head_json":{"title":"01.02.08 - RDC\/JUSTICE - LE PARLEMENT EUROPEEN DENONCE LES VIOLENCES SEXUELLES EN RDC - JusticeInfo.net","robots":{"index":"index","follow":"follow","max-snippet":"max-snippet:-1","max-image-preview":"max-image-preview:large","max-video-preview":"max-video-preview:-1"},"canonical":"https:\/\/www.justiceinfo.net\/fr\/8873-010208-rdcjustice-le-parlement-europeen-denonce-les-violences-sexuelles-en-rdc5674.html","og_locale":"fr_FR","og_type":"article","og_title":"01.02.08 - RDC\/JUSTICE - LE PARLEMENT EUROPEEN DENONCE LES VIOLENCES SEXUELLES EN RDC","og_description":"Bruxelles, 1er f&eacute;vrier 2008 (FH) - Le Parlement europ&eacute;en a adopt&eacute;, le 17 janvier dernier, une r&eacute;solution appelant la communaut&eacute; internationale &agrave; prendre des mesures contre le d&eacute;veloppement de la violence sexuelle en R&eacute;publique d&eacute;mocratique du Congo (RDC).","og_url":"https:\/\/www.justiceinfo.net\/fr\/8873-010208-rdcjustice-le-parlement-europeen-denonce-les-violences-sexuelles-en-rdc5674.html","og_site_name":"JusticeInfo.net","article_publisher":"https:\/\/www.facebook.com\/JusticeInfo\/","article_published_time":"2008-01-31T22:00:00+00:00","og_image":[{"width":1200,"height":630,"url":"https:\/\/www.justiceinfo.net\/wp-content\/uploads\/JusticeInfoNet_logo_1200x630px.jpg","type":"image\/jpeg"}],"author":"solivri","twitter_card":"summary_large_image","twitter_creator":"@justiceinfonet","twitter_site":"@justiceinfonet","twitter_misc":{"\u00c9crit par":"solivri","Dur\u00e9e de lecture estim\u00e9e":"6 minutes"},"schema":{"@context":"https:\/\/schema.org","@graph":[{"@type":"NewsArticle","@id":"https:\/\/www.justiceinfo.net\/fr\/8873-010208-rdcjustice-le-parlement-europeen-denonce-les-violences-sexuelles-en-rdc5674.html#article","isPartOf":{"@id":"https:\/\/www.justiceinfo.net\/fr\/8873-010208-rdcjustice-le-parlement-europeen-denonce-les-violences-sexuelles-en-rdc5674.html"},"author":{"name":"solivri","@id":"https:\/\/www.justiceinfo.net\/fr#\/schema\/person\/6e53cba1629e2e66f3fc1821d3091865"},"headline":"01.02.08 - RDC\/JUSTICE - LE PARLEMENT EUROPEEN DENONCE LES VIOLENCES SEXUELLES EN RDC","datePublished":"2008-01-31T22:00:00+00:00","mainEntityOfPage":{"@id":"https:\/\/www.justiceinfo.net\/fr\/8873-010208-rdcjustice-le-parlement-europeen-denonce-les-violences-sexuelles-en-rdc5674.html"},"wordCount":1213,"commentCount":0,"publisher":{"@id":"https:\/\/www.justiceinfo.net\/fr#organization"},"articleSection":["Hirondelle News"],"inLanguage":"fr-FR","potentialAction":[{"@type":"CommentAction","name":"Comment","target":["https:\/\/www.justiceinfo.net\/fr\/8873-010208-rdcjustice-le-parlement-europeen-denonce-les-violences-sexuelles-en-rdc5674.html#respond"]}]},{"@type":"WebPage","@id":"https:\/\/www.justiceinfo.net\/fr\/8873-010208-rdcjustice-le-parlement-europeen-denonce-les-violences-sexuelles-en-rdc5674.html","url":"https:\/\/www.justiceinfo.net\/fr\/8873-010208-rdcjustice-le-parlement-europeen-denonce-les-violences-sexuelles-en-rdc5674.html","name":"01.02.08 - RDC\/JUSTICE - LE PARLEMENT EUROPEEN DENONCE LES VIOLENCES SEXUELLES EN RDC - JusticeInfo.net","isPartOf":{"@id":"https:\/\/www.justiceinfo.net\/fr#website"},"datePublished":"2008-01-31T22:00:00+00:00","breadcrumb":{"@id":"https:\/\/www.justiceinfo.net\/fr\/8873-010208-rdcjustice-le-parlement-europeen-denonce-les-violences-sexuelles-en-rdc5674.html#breadcrumb"},"inLanguage":"fr-FR","potentialAction":[{"@type":"ReadAction","target":["https:\/\/www.justiceinfo.net\/fr\/8873-010208-rdcjustice-le-parlement-europeen-denonce-les-violences-sexuelles-en-rdc5674.html"]}]},{"@type":"BreadcrumbList","@id":"https:\/\/www.justiceinfo.net\/fr\/8873-010208-rdcjustice-le-parlement-europeen-denonce-les-violences-sexuelles-en-rdc5674.html#breadcrumb","itemListElement":[{"@type":"ListItem","position":1,"name":"Home","item":"https:\/\/www.justiceinfo.net\/fr"},{"@type":"ListItem","position":2,"name":"01.02.08 - RDC\/JUSTICE - LE PARLEMENT EUROPEEN DENONCE LES VIOLENCES SEXUELLES EN RDC"}]},{"@type":"WebSite","@id":"https:\/\/www.justiceinfo.net\/fr#website","url":"https:\/\/www.justiceinfo.net\/fr","name":"JusticeInfo.net","description":"La justice doit \u00eatre vue pour \u00eatre rendue","publisher":{"@id":"https:\/\/www.justiceinfo.net\/fr#organization"},"potentialAction":[{"@type":"SearchAction","target":{"@type":"EntryPoint","urlTemplate":"https:\/\/www.justiceinfo.net\/fr?s={search_term_string}"},"query-input":{"@type":"PropertyValueSpecification","valueRequired":true,"valueName":"search_term_string"}}],"inLanguage":"fr-FR"},{"@type":"Organization","@id":"https:\/\/www.justiceinfo.net\/fr#organization","name":"Justice Info","url":"https:\/\/www.justiceinfo.net\/fr","logo":{"@type":"ImageObject","inLanguage":"fr-FR","@id":"https:\/\/www.justiceinfo.net\/fr#\/schema\/logo\/image\/","url":"https:\/\/www.justiceinfo.net\/wp-content\/uploads\/justiceinfo_logo-trans_1200x1200px.png","contentUrl":"https:\/\/www.justiceinfo.net\/wp-content\/uploads\/justiceinfo_logo-trans_1200x1200px.png","width":1199,"height":1200,"caption":"Justice Info"},"image":{"@id":"https:\/\/www.justiceinfo.net\/fr#\/schema\/logo\/image\/"},"sameAs":["https:\/\/www.facebook.com\/JusticeInfo\/","https:\/\/x.com\/justiceinfonet","https:\/\/www.linkedin.com\/company\/justice-info","https:\/\/www.youtube.com\/channel\/UCyCEsARodyuWtkWyhn-e7pA"]},{"@type":"Person","name":"solivri","url":"\/fr\/?s=solivri"}]}},"_links":{"self":[{"href":"https:\/\/www.justiceinfo.net\/fr\/wp-json\/wp\/v2\/posts\/8873","targetHints":{"allow":["GET"]}}],"collection":[{"href":"https:\/\/www.justiceinfo.net\/fr\/wp-json\/wp\/v2\/posts"}],"about":[{"href":"https:\/\/www.justiceinfo.net\/fr\/wp-json\/wp\/v2\/types\/post"}],"author":[{"embeddable":true,"href":"https:\/\/www.justiceinfo.net\/fr\/wp-json\/wp\/v2\/users\/64"}],"replies":[{"embeddable":true,"href":"https:\/\/www.justiceinfo.net\/fr\/wp-json\/wp\/v2\/comments?post=8873"}],"version-history":[{"count":0,"href":"https:\/\/www.justiceinfo.net\/fr\/wp-json\/wp\/v2\/posts\/8873\/revisions"}],"wp:attachment":[{"href":"https:\/\/www.justiceinfo.net\/fr\/wp-json\/wp\/v2\/media?parent=8873"}],"wp:term":[{"taxonomy":"category","embeddable":true,"href":"https:\/\/www.justiceinfo.net\/fr\/wp-json\/wp\/v2\/categories?post=8873"},{"taxonomy":"post_tag","embeddable":true,"href":"https:\/\/www.justiceinfo.net\/fr\/wp-json\/wp\/v2\/tags?post=8873"},{"taxonomy":"ji_location","embeddable":true,"href":"https:\/\/www.justiceinfo.net\/fr\/wp-json\/wp\/v2\/ji_location?post=8873"}],"curies":[{"name":"wp","href":"https:\/\/api.w.org\/{rel}","templated":true}]}}