{"id":8880,"date":"2008-02-04T23:00:00","date_gmt":"2008-02-04T22:00:00","guid":{"rendered":"https:\/\/www.justiceinfo.net\/8880-050208-rwandacanada-un-rwandais-temoin-dans-un-proces-demande-lasile-politique5681.html"},"modified":"2008-02-04T23:00:00","modified_gmt":"2008-02-04T22:00:00","slug":"050208-rwandacanada-un-rwandais-temoin-dans-un-proces-demande-lasile-politique5681","status":"publish","type":"post","link":"https:\/\/www.justiceinfo.net\/fr\/8880-050208-rwandacanada-un-rwandais-temoin-dans-un-proces-demande-lasile-politique5681.html","title":{"rendered":"05.02.08 - RWANDA\/CANADA - UN RWANDAIS TEMOIN DANS UN PROCES DEMANDE L\u2019ASILE POLITIQUE"},"content":{"rendered":"<p>Montr&eacute;al, 5 f&eacute;vrier 2008 (FH)- Un Rwandais a d&eacute;clar&eacute; lundi &agrave; la Cour Sup&eacute;rieure du Qu&eacute;bec avoir &laquo; eu des menaces &raquo; lui d&eacute;conseillant de venir t&eacute;moigner au proc&egrave;s pour crimes contre l&#39;humanit&eacute; de D&eacute;sir&eacute; Munyaneza, un Hutu accus&eacute; de participation au g&eacute;nocide de 1994.<br \/>\n<!--more-->C&#39;est sous le sigle anonyme DDM 12 que ce p&egrave;re de famille de 46 ans a &eacute;t&eacute; pr&eacute;sent&eacute; par la d&eacute;fense. Devant le juge Andr&eacute; Denis, il a fait part des circonstances qui l&#39;ont amen&eacute; &agrave; quitter pr&eacute;cipitamment le Rwanda pour trouver refuge au Qu&eacute;bec. &laquo; J&#39;ai eu des menaces &raquo;, a-t-il d&eacute;clar&eacute;, avant de raconter la discussion qu&rsquo;il a eue &agrave; Kigali le 20 octobre 2007 avec &laquo; un Rwandais &raquo;. Cet homme, dont l&#39;identit&eacute; n&#39;a pas &eacute;t&eacute; d&eacute;voil&eacute;e, lui aurait dit : &laquo; Tu as &eacute;t&eacute; contact&eacute; pour t&eacute;moigner au proc&egrave;s de D&eacute;sir&eacute; [Munyaneza, NDLR] ? Si c&rsquo;est vrai, il y aura des cons&eacute;quences &raquo;. Prenant visiblement ces menaces au s&eacute;rieux, DDM 12 a profit&eacute; d&rsquo;une r&eacute;union au si&egrave;ge des Nations Unies, &agrave; New York, pour rejoindre Montr&eacute;al le 15 novembre. Depuis, il a entam&eacute; aupr&egrave;s des autorit&eacute;s canadiennes les d&eacute;marches d&rsquo;obtention du statut de demandeur d&rsquo;asile. Devant la Cour Sup&eacute;rieure du Qu&eacute;bec, il a dit consid&eacute;rer l&rsquo;accus&eacute; &laquo; comme un ami &raquo; qu&rsquo;il voyait et croisait r&eacute;guli&egrave;rement, depuis leur premi&egrave;re rencontre en 1986. Les deux hommes ne s&#39;&eacute;taient pas revus depuis leur derni&egrave;re discussion &agrave; Butare (sud du Rwanda), en juillet 1994. Sous les yeux de M. Munyaneza, les cha&icirc;nes aux pieds, le t&eacute;moin n&#39;a pas toujours sembl&eacute; &agrave; l&#39;aise avec les questions pointilleuses pos&eacute;es lors du contre-interrogatoire par Pascale Ledoux, procureur de la Couronne. Plus t&ocirc;t dans le proc&egrave;s, des t&eacute;moins pr&eacute;sent&eacute;s par l&#39;accusation avaient accus&eacute; M. Munyaneza d&#39;avoir dirig&eacute; une milice qui, arm&eacute;e de machettes et gourdins, surveillait un r&eacute;seau de barrages routiers &eacute;rig&eacute;s &agrave; travers la ville de Butare. Des milliers de Tutsis ont ainsi &eacute;t&eacute; ex&eacute;cut&eacute;s. Ainsi, Me Ledoux a demand&eacute; &agrave; plusieurs reprises &agrave; DDM 12 de pr&eacute;ciser son implication dans le conflit et particuli&egrave;rement le r&ocirc;le qu&#39;il a jou&eacute; dans la tenue d&#39;une barri&egrave;re pr&egrave;s du rectorat de l&#39;universit&eacute; de la ville. &laquo; J&#39;ai rencontr&eacute; d&#39;autres &eacute;tudiants qui m&#39;ont dit que je devais me pr&eacute;senter &agrave; cette barri&egrave;re &raquo;, a-t-il dit, ajoutant que M. Munyaneza ne faisait pas partie des gens qui la tenaient. &laquo; Trois troncs d&#39;arbres avaient &eacute;t&eacute; pos&eacute;s sur le bitume. Les gens devaient faire un petit slalom pour circuler &raquo;, a-t-il dit, expliquant que sa t&acirc;che consistait &agrave; v&eacute;rifier, quatre heures par jour, les identit&eacute;s des passants et, au besoin, &agrave; d&eacute;noncer les Tutsis &agrave; &laquo; Shalom &raquo;, son sup&eacute;rieur. Ars&egrave;ne Shalom Ntahobali est jug&eacute; devant le Tribunal p&eacute;nal international pour le Rwanda (TPIR) &agrave; Arusha. Mais DDM 12 est certain : jamais il n&#39;a vu de cadavres, ni contr&ocirc;l&eacute; de Tutsis, ni m&ecirc;me entendu de coup de feu lorsqu&#39;il &eacute;tait de garde. &laquo; On peut me qualifier d&#39;Interahamwe [milicien] si l&#39;on veut, car j&#39;&eacute;tais sur la barri&egrave;re &raquo;, a-t-il l&acirc;ch&eacute;, avant de pr&eacute;ciser : &laquo; C&#39;&eacute;tait une obligation. Si tu refusais, on te passait par les armes tout de suite. On te disait que tu &eacute;tais de connivence &raquo;. Les comparutions se poursuivent &agrave; Montr&eacute;al pendant six semaines, avant que le tribunal ne se d&eacute;place au Rwanda (du 14 avril au 9 mai) puis en Tanzanie (du 19 au 30 mai). CS\/AT\/GF &copy; Agence Hirondelle<\/p>\n","protected":false},"excerpt":{"rendered":"<p>Montr&eacute;al, 5 f&eacute;vrier 2008 (FH)- Un Rwandais a d&eacute;clar&eacute; lundi &agrave; la Cour Sup&eacute;rieure du Qu&eacute;bec avoir &laquo; eu des menaces &raquo; lui d&eacute;conseillant de venir t&eacute;moigner au proc&egrave;s pour crimes contre l&#39;humanit&eacute; de D&eacute;sir&eacute; Munyaneza, un Hutu accus&eacute; de participation au g&eacute;nocide de 1994.<\/p>\n","protected":false},"author":64,"featured_media":0,"comment_status":"open","ping_status":"closed","sticky":false,"template":"","format":"standard","meta":{"_acf_changed":false,"footnotes":""},"categories":[554],"tags":[],"ji_location":[],"class_list":["post-8880","post","type-post","status-publish","format-standard","hentry","category-hirondellenews"],"acf":[],"yoast_head":"<!-- This site is optimized with the Yoast SEO Premium plugin v25.3.1 (Yoast SEO v25.3.1) - https:\/\/yoast.com\/wordpress\/plugins\/seo\/ -->\n<title>05.02.08 - RWANDA\/CANADA - UN RWANDAIS TEMOIN DANS UN PROCES DEMANDE L\u2019ASILE POLITIQUE - JusticeInfo.net<\/title>\n<meta name=\"robots\" content=\"index, follow, max-snippet:-1, max-image-preview:large, max-video-preview:-1\" \/>\n<link rel=\"canonical\" href=\"https:\/\/www.justiceinfo.net\/fr\/8880-050208-rwandacanada-un-rwandais-temoin-dans-un-proces-demande-lasile-politique5681.html\" \/>\n<meta property=\"og:locale\" content=\"fr_FR\" \/>\n<meta property=\"og:type\" content=\"article\" \/>\n<meta property=\"og:title\" content=\"05.02.08 - RWANDA\/CANADA - UN RWANDAIS TEMOIN DANS UN PROCES DEMANDE L\u2019ASILE POLITIQUE\" \/>\n<meta property=\"og:description\" content=\"Montr&eacute;al, 5 f&eacute;vrier 2008 (FH)- Un Rwandais a d&eacute;clar&eacute; lundi &agrave; la Cour Sup&eacute;rieure du Qu&eacute;bec avoir &laquo; eu des menaces &raquo; lui d&eacute;conseillant de venir t&eacute;moigner au proc&egrave;s pour crimes contre l&#039;humanit&eacute; de D&eacute;sir&eacute; Munyaneza, un Hutu accus&eacute; de participation au g&eacute;nocide de 1994.\" \/>\n<meta property=\"og:url\" content=\"https:\/\/www.justiceinfo.net\/fr\/8880-050208-rwandacanada-un-rwandais-temoin-dans-un-proces-demande-lasile-politique5681.html\" \/>\n<meta property=\"og:site_name\" content=\"JusticeInfo.net\" \/>\n<meta property=\"article:publisher\" content=\"https:\/\/www.facebook.com\/JusticeInfo\/\" \/>\n<meta property=\"article:published_time\" content=\"2008-02-04T22:00:00+00:00\" \/>\n<meta property=\"og:image\" content=\"https:\/\/www.justiceinfo.net\/wp-content\/uploads\/JusticeInfoNet_logo_1200x630px.jpg\" \/>\n\t<meta property=\"og:image:width\" content=\"1200\" \/>\n\t<meta property=\"og:image:height\" content=\"630\" \/>\n\t<meta property=\"og:image:type\" content=\"image\/jpeg\" \/>\n<meta name=\"author\" content=\"solivri\" \/>\n<meta name=\"twitter:card\" content=\"summary_large_image\" \/>\n<meta name=\"twitter:creator\" content=\"@justiceinfonet\" \/>\n<meta name=\"twitter:site\" content=\"@justiceinfonet\" \/>\n<meta name=\"twitter:label1\" content=\"\u00c9crit par\" \/>\n\t<meta name=\"twitter:data1\" content=\"solivri\" \/>\n\t<meta name=\"twitter:label2\" content=\"Dur\u00e9e de lecture estim\u00e9e\" \/>\n\t<meta name=\"twitter:data2\" content=\"4 minutes\" \/>\n<script type=\"application\/ld+json\" class=\"yoast-schema-graph\">{\"@context\":\"https:\/\/schema.org\",\"@graph\":[{\"@type\":\"NewsArticle\",\"@id\":\"https:\/\/www.justiceinfo.net\/fr\/8880-050208-rwandacanada-un-rwandais-temoin-dans-un-proces-demande-lasile-politique5681.html#article\",\"isPartOf\":{\"@id\":\"https:\/\/www.justiceinfo.net\/fr\/8880-050208-rwandacanada-un-rwandais-temoin-dans-un-proces-demande-lasile-politique5681.html\"},\"author\":{\"name\":\"solivri\",\"@id\":\"https:\/\/www.justiceinfo.net\/fr#\/schema\/person\/6e53cba1629e2e66f3fc1821d3091865\"},\"headline\":\"05.02.08 - RWANDA\/CANADA - UN RWANDAIS TEMOIN DANS UN PROCES DEMANDE L\u2019ASILE POLITIQUE\",\"datePublished\":\"2008-02-04T22:00:00+00:00\",\"mainEntityOfPage\":{\"@id\":\"https:\/\/www.justiceinfo.net\/fr\/8880-050208-rwandacanada-un-rwandais-temoin-dans-un-proces-demande-lasile-politique5681.html\"},\"wordCount\":781,\"commentCount\":0,\"publisher\":{\"@id\":\"https:\/\/www.justiceinfo.net\/fr#organization\"},\"articleSection\":[\"Hirondelle News\"],\"inLanguage\":\"fr-FR\",\"potentialAction\":[{\"@type\":\"CommentAction\",\"name\":\"Comment\",\"target\":[\"https:\/\/www.justiceinfo.net\/fr\/8880-050208-rwandacanada-un-rwandais-temoin-dans-un-proces-demande-lasile-politique5681.html#respond\"]}]},{\"@type\":\"WebPage\",\"@id\":\"https:\/\/www.justiceinfo.net\/fr\/8880-050208-rwandacanada-un-rwandais-temoin-dans-un-proces-demande-lasile-politique5681.html\",\"url\":\"https:\/\/www.justiceinfo.net\/fr\/8880-050208-rwandacanada-un-rwandais-temoin-dans-un-proces-demande-lasile-politique5681.html\",\"name\":\"05.02.08 - RWANDA\/CANADA - UN RWANDAIS TEMOIN DANS UN PROCES DEMANDE L\u2019ASILE POLITIQUE - JusticeInfo.net\",\"isPartOf\":{\"@id\":\"https:\/\/www.justiceinfo.net\/fr#website\"},\"datePublished\":\"2008-02-04T22:00:00+00:00\",\"breadcrumb\":{\"@id\":\"https:\/\/www.justiceinfo.net\/fr\/8880-050208-rwandacanada-un-rwandais-temoin-dans-un-proces-demande-lasile-politique5681.html#breadcrumb\"},\"inLanguage\":\"fr-FR\",\"potentialAction\":[{\"@type\":\"ReadAction\",\"target\":[\"https:\/\/www.justiceinfo.net\/fr\/8880-050208-rwandacanada-un-rwandais-temoin-dans-un-proces-demande-lasile-politique5681.html\"]}]},{\"@type\":\"BreadcrumbList\",\"@id\":\"https:\/\/www.justiceinfo.net\/fr\/8880-050208-rwandacanada-un-rwandais-temoin-dans-un-proces-demande-lasile-politique5681.html#breadcrumb\",\"itemListElement\":[{\"@type\":\"ListItem\",\"position\":1,\"name\":\"Home\",\"item\":\"https:\/\/www.justiceinfo.net\/fr\"},{\"@type\":\"ListItem\",\"position\":2,\"name\":\"05.02.08 - RWANDA\/CANADA - UN RWANDAIS TEMOIN DANS UN PROCES DEMANDE L\u2019ASILE POLITIQUE\"}]},{\"@type\":\"WebSite\",\"@id\":\"https:\/\/www.justiceinfo.net\/fr#website\",\"url\":\"https:\/\/www.justiceinfo.net\/fr\",\"name\":\"JusticeInfo.net\",\"description\":\"La justice doit \u00eatre vue pour \u00eatre rendue\",\"publisher\":{\"@id\":\"https:\/\/www.justiceinfo.net\/fr#organization\"},\"potentialAction\":[{\"@type\":\"SearchAction\",\"target\":{\"@type\":\"EntryPoint\",\"urlTemplate\":\"https:\/\/www.justiceinfo.net\/fr?s={search_term_string}\"},\"query-input\":{\"@type\":\"PropertyValueSpecification\",\"valueRequired\":true,\"valueName\":\"search_term_string\"}}],\"inLanguage\":\"fr-FR\"},{\"@type\":\"Organization\",\"@id\":\"https:\/\/www.justiceinfo.net\/fr#organization\",\"name\":\"Justice Info\",\"url\":\"https:\/\/www.justiceinfo.net\/fr\",\"logo\":{\"@type\":\"ImageObject\",\"inLanguage\":\"fr-FR\",\"@id\":\"https:\/\/www.justiceinfo.net\/fr#\/schema\/logo\/image\/\",\"url\":\"https:\/\/www.justiceinfo.net\/wp-content\/uploads\/justiceinfo_logo-trans_1200x1200px.png\",\"contentUrl\":\"https:\/\/www.justiceinfo.net\/wp-content\/uploads\/justiceinfo_logo-trans_1200x1200px.png\",\"width\":1199,\"height\":1200,\"caption\":\"Justice Info\"},\"image\":{\"@id\":\"https:\/\/www.justiceinfo.net\/fr#\/schema\/logo\/image\/\"},\"sameAs\":[\"https:\/\/www.facebook.com\/JusticeInfo\/\",\"https:\/\/x.com\/justiceinfonet\",\"https:\/\/www.linkedin.com\/company\/justice-info\",\"https:\/\/www.youtube.com\/channel\/UCyCEsARodyuWtkWyhn-e7pA\"]},{\"@type\":\"Person\",\"name\":\"solivri\",\"url\":\"\/fr\/?s=solivri\"}]}<\/script>\n<!-- \/ Yoast SEO Premium plugin. -->","yoast_head_json":{"title":"05.02.08 - RWANDA\/CANADA - UN RWANDAIS TEMOIN DANS UN PROCES DEMANDE L\u2019ASILE POLITIQUE - JusticeInfo.net","robots":{"index":"index","follow":"follow","max-snippet":"max-snippet:-1","max-image-preview":"max-image-preview:large","max-video-preview":"max-video-preview:-1"},"canonical":"https:\/\/www.justiceinfo.net\/fr\/8880-050208-rwandacanada-un-rwandais-temoin-dans-un-proces-demande-lasile-politique5681.html","og_locale":"fr_FR","og_type":"article","og_title":"05.02.08 - RWANDA\/CANADA - UN RWANDAIS TEMOIN DANS UN PROCES DEMANDE L\u2019ASILE POLITIQUE","og_description":"Montr&eacute;al, 5 f&eacute;vrier 2008 (FH)- Un Rwandais a d&eacute;clar&eacute; lundi &agrave; la Cour Sup&eacute;rieure du Qu&eacute;bec avoir &laquo; eu des menaces &raquo; lui d&eacute;conseillant de venir t&eacute;moigner au proc&egrave;s pour crimes contre l&#39;humanit&eacute; de D&eacute;sir&eacute; Munyaneza, un Hutu accus&eacute; de participation au g&eacute;nocide de 1994.","og_url":"https:\/\/www.justiceinfo.net\/fr\/8880-050208-rwandacanada-un-rwandais-temoin-dans-un-proces-demande-lasile-politique5681.html","og_site_name":"JusticeInfo.net","article_publisher":"https:\/\/www.facebook.com\/JusticeInfo\/","article_published_time":"2008-02-04T22:00:00+00:00","og_image":[{"width":1200,"height":630,"url":"https:\/\/www.justiceinfo.net\/wp-content\/uploads\/JusticeInfoNet_logo_1200x630px.jpg","type":"image\/jpeg"}],"author":"solivri","twitter_card":"summary_large_image","twitter_creator":"@justiceinfonet","twitter_site":"@justiceinfonet","twitter_misc":{"\u00c9crit par":"solivri","Dur\u00e9e de lecture estim\u00e9e":"4 minutes"},"schema":{"@context":"https:\/\/schema.org","@graph":[{"@type":"NewsArticle","@id":"https:\/\/www.justiceinfo.net\/fr\/8880-050208-rwandacanada-un-rwandais-temoin-dans-un-proces-demande-lasile-politique5681.html#article","isPartOf":{"@id":"https:\/\/www.justiceinfo.net\/fr\/8880-050208-rwandacanada-un-rwandais-temoin-dans-un-proces-demande-lasile-politique5681.html"},"author":{"name":"solivri","@id":"https:\/\/www.justiceinfo.net\/fr#\/schema\/person\/6e53cba1629e2e66f3fc1821d3091865"},"headline":"05.02.08 - RWANDA\/CANADA - UN RWANDAIS TEMOIN DANS UN PROCES DEMANDE L\u2019ASILE POLITIQUE","datePublished":"2008-02-04T22:00:00+00:00","mainEntityOfPage":{"@id":"https:\/\/www.justiceinfo.net\/fr\/8880-050208-rwandacanada-un-rwandais-temoin-dans-un-proces-demande-lasile-politique5681.html"},"wordCount":781,"commentCount":0,"publisher":{"@id":"https:\/\/www.justiceinfo.net\/fr#organization"},"articleSection":["Hirondelle News"],"inLanguage":"fr-FR","potentialAction":[{"@type":"CommentAction","name":"Comment","target":["https:\/\/www.justiceinfo.net\/fr\/8880-050208-rwandacanada-un-rwandais-temoin-dans-un-proces-demande-lasile-politique5681.html#respond"]}]},{"@type":"WebPage","@id":"https:\/\/www.justiceinfo.net\/fr\/8880-050208-rwandacanada-un-rwandais-temoin-dans-un-proces-demande-lasile-politique5681.html","url":"https:\/\/www.justiceinfo.net\/fr\/8880-050208-rwandacanada-un-rwandais-temoin-dans-un-proces-demande-lasile-politique5681.html","name":"05.02.08 - RWANDA\/CANADA - UN RWANDAIS TEMOIN DANS UN PROCES DEMANDE L\u2019ASILE POLITIQUE - JusticeInfo.net","isPartOf":{"@id":"https:\/\/www.justiceinfo.net\/fr#website"},"datePublished":"2008-02-04T22:00:00+00:00","breadcrumb":{"@id":"https:\/\/www.justiceinfo.net\/fr\/8880-050208-rwandacanada-un-rwandais-temoin-dans-un-proces-demande-lasile-politique5681.html#breadcrumb"},"inLanguage":"fr-FR","potentialAction":[{"@type":"ReadAction","target":["https:\/\/www.justiceinfo.net\/fr\/8880-050208-rwandacanada-un-rwandais-temoin-dans-un-proces-demande-lasile-politique5681.html"]}]},{"@type":"BreadcrumbList","@id":"https:\/\/www.justiceinfo.net\/fr\/8880-050208-rwandacanada-un-rwandais-temoin-dans-un-proces-demande-lasile-politique5681.html#breadcrumb","itemListElement":[{"@type":"ListItem","position":1,"name":"Home","item":"https:\/\/www.justiceinfo.net\/fr"},{"@type":"ListItem","position":2,"name":"05.02.08 - RWANDA\/CANADA - UN RWANDAIS TEMOIN DANS UN PROCES DEMANDE L\u2019ASILE POLITIQUE"}]},{"@type":"WebSite","@id":"https:\/\/www.justiceinfo.net\/fr#website","url":"https:\/\/www.justiceinfo.net\/fr","name":"JusticeInfo.net","description":"La justice doit \u00eatre vue pour \u00eatre rendue","publisher":{"@id":"https:\/\/www.justiceinfo.net\/fr#organization"},"potentialAction":[{"@type":"SearchAction","target":{"@type":"EntryPoint","urlTemplate":"https:\/\/www.justiceinfo.net\/fr?s={search_term_string}"},"query-input":{"@type":"PropertyValueSpecification","valueRequired":true,"valueName":"search_term_string"}}],"inLanguage":"fr-FR"},{"@type":"Organization","@id":"https:\/\/www.justiceinfo.net\/fr#organization","name":"Justice Info","url":"https:\/\/www.justiceinfo.net\/fr","logo":{"@type":"ImageObject","inLanguage":"fr-FR","@id":"https:\/\/www.justiceinfo.net\/fr#\/schema\/logo\/image\/","url":"https:\/\/www.justiceinfo.net\/wp-content\/uploads\/justiceinfo_logo-trans_1200x1200px.png","contentUrl":"https:\/\/www.justiceinfo.net\/wp-content\/uploads\/justiceinfo_logo-trans_1200x1200px.png","width":1199,"height":1200,"caption":"Justice Info"},"image":{"@id":"https:\/\/www.justiceinfo.net\/fr#\/schema\/logo\/image\/"},"sameAs":["https:\/\/www.facebook.com\/JusticeInfo\/","https:\/\/x.com\/justiceinfonet","https:\/\/www.linkedin.com\/company\/justice-info","https:\/\/www.youtube.com\/channel\/UCyCEsARodyuWtkWyhn-e7pA"]},{"@type":"Person","name":"solivri","url":"\/fr\/?s=solivri"}]}},"_links":{"self":[{"href":"https:\/\/www.justiceinfo.net\/fr\/wp-json\/wp\/v2\/posts\/8880","targetHints":{"allow":["GET"]}}],"collection":[{"href":"https:\/\/www.justiceinfo.net\/fr\/wp-json\/wp\/v2\/posts"}],"about":[{"href":"https:\/\/www.justiceinfo.net\/fr\/wp-json\/wp\/v2\/types\/post"}],"author":[{"embeddable":true,"href":"https:\/\/www.justiceinfo.net\/fr\/wp-json\/wp\/v2\/users\/64"}],"replies":[{"embeddable":true,"href":"https:\/\/www.justiceinfo.net\/fr\/wp-json\/wp\/v2\/comments?post=8880"}],"version-history":[{"count":0,"href":"https:\/\/www.justiceinfo.net\/fr\/wp-json\/wp\/v2\/posts\/8880\/revisions"}],"wp:attachment":[{"href":"https:\/\/www.justiceinfo.net\/fr\/wp-json\/wp\/v2\/media?parent=8880"}],"wp:term":[{"taxonomy":"category","embeddable":true,"href":"https:\/\/www.justiceinfo.net\/fr\/wp-json\/wp\/v2\/categories?post=8880"},{"taxonomy":"post_tag","embeddable":true,"href":"https:\/\/www.justiceinfo.net\/fr\/wp-json\/wp\/v2\/tags?post=8880"},{"taxonomy":"ji_location","embeddable":true,"href":"https:\/\/www.justiceinfo.net\/fr\/wp-json\/wp\/v2\/ji_location?post=8880"}],"curies":[{"name":"wp","href":"https:\/\/api.w.org\/{rel}","templated":true}]}}