{"id":8882,"date":"2008-02-06T07:14:28","date_gmt":"2008-02-06T06:14:28","guid":{"rendered":"https:\/\/www.justiceinfo.net\/8882-050208-tpirprocureur-un-mandat-darret-contre-un-avocat-rwandais-rendu-public5683.html"},"modified":"2008-02-06T07:14:28","modified_gmt":"2008-02-06T06:14:28","slug":"050208-tpirprocureur-un-mandat-darret-contre-un-avocat-rwandais-rendu-public5683","status":"publish","type":"post","link":"https:\/\/www.justiceinfo.net\/fr\/8882-050208-tpirprocureur-un-mandat-darret-contre-un-avocat-rwandais-rendu-public5683.html","title":{"rendered":"05.02.08 -TPIR\/PROCUREUR - UN MANDAT D\u2019ARRET CONTRE UN AVOCAT RWANDAIS RENDU PUBLIC"},"content":{"rendered":"<p>Arusha, 5 f&eacute;vrier 2008 (FH) - Le Tribunal p&eacute;nal international pour le Rwanda (TPIR) a lev&eacute; lundi la confidentialit&eacute; du mandat d&rsquo;arr&ecirc;t lanc&eacute; contre un avocat rwandais, Me L&eacute;onidas Nshogoza, accus&eacute; de subornation de t&eacute;moin, a-t-on appris de source officielle judiciaire mardi.<br \/>\n<!--more-->Ce mandat d&rsquo;arr&ecirc;t, qui est d&eacute;sormais du domaine public &agrave; la suite d&rsquo;une d&eacute;cision rendue lundi par le juge Dennis Byron, avait &eacute;t&eacute; transmis aux autorit&eacute;s rwandaises le 4 janvier dernier. Seul reste confidentiel l&rsquo;acte d&rsquo;accusation. Me Nshogoza, du barreau de Kigali, travaillait jusqu&rsquo;&agrave; son arrestation par le parquet rwandais en juin dernier, comme enqu&ecirc;teur pour le compte de l&rsquo;&eacute;quipe de d&eacute;fense de l&rsquo;abb&eacute; Emmanuel Rukundo en proc&egrave;s devant le TPIR. Il a &eacute;t&eacute; remis en libert&eacute; provisoire en novembre dernier apr&egrave;s que le minist&egrave;re public eut requis 10 ans de prison contre lui devant un tribunal de la capitale rwandaise. Devant la justice de son pays, il est notamment accus&eacute; d&rsquo;avoir tent&eacute; de faire pression sur un t&eacute;moin et de minimiser le g&eacute;nocide de 1994 qui a fait pr&egrave;s d&rsquo;un million de morts, selon Kigali. Dans son mandat d&rsquo;arr&ecirc;t, le TPIR demande que Me Nshogoza soit transf&eacute;r&eacute; au centre de d&eacute;tention du tribunal &agrave; Arusha, en Tanzanie.ER\/AT\/GF &copy; Agence Hirondelle<\/p>\n","protected":false},"excerpt":{"rendered":"<p>Arusha, 5 f&eacute;vrier 2008 (FH) - Le Tribunal p&eacute;nal international pour le Rwanda (TPIR) a lev&eacute; lundi la confidentialit&eacute; du mandat d&rsquo;arr&ecirc;t lanc&eacute; contre un avocat rwandais, Me L&eacute;onidas Nshogoza, accus&eacute; de subornation de t&eacute;moin, a-t-on appris de source officielle judiciaire mardi.<\/p>\n","protected":false},"author":64,"featured_media":0,"comment_status":"open","ping_status":"closed","sticky":false,"template":"","format":"standard","meta":{"_acf_changed":false,"footnotes":""},"categories":[554],"tags":[],"ji_location":[],"class_list":["post-8882","post","type-post","status-publish","format-standard","hentry","category-hirondellenews"],"acf":[],"yoast_head":"<!-- This site is optimized with the Yoast SEO Premium plugin v25.3.1 (Yoast SEO v25.3.1) - https:\/\/yoast.com\/wordpress\/plugins\/seo\/ -->\n<title>05.02.08 -TPIR\/PROCUREUR - UN MANDAT D\u2019ARRET CONTRE UN AVOCAT RWANDAIS RENDU PUBLIC - JusticeInfo.net<\/title>\n<meta name=\"robots\" content=\"index, follow, max-snippet:-1, max-image-preview:large, max-video-preview:-1\" \/>\n<link rel=\"canonical\" href=\"https:\/\/www.justiceinfo.net\/fr\/8882-050208-tpirprocureur-un-mandat-darret-contre-un-avocat-rwandais-rendu-public5683.html\" \/>\n<meta property=\"og:locale\" content=\"fr_FR\" \/>\n<meta property=\"og:type\" content=\"article\" \/>\n<meta property=\"og:title\" content=\"05.02.08 -TPIR\/PROCUREUR - UN MANDAT D\u2019ARRET CONTRE UN AVOCAT RWANDAIS RENDU PUBLIC\" \/>\n<meta property=\"og:description\" content=\"Arusha, 5 f&eacute;vrier 2008 (FH) - Le Tribunal p&eacute;nal international pour le Rwanda (TPIR) a lev&eacute; lundi la confidentialit&eacute; du mandat d&rsquo;arr&ecirc;t lanc&eacute; contre un avocat rwandais, Me L&eacute;onidas Nshogoza, accus&eacute; de subornation de t&eacute;moin, a-t-on appris de source officielle judiciaire mardi.\" \/>\n<meta property=\"og:url\" content=\"https:\/\/www.justiceinfo.net\/fr\/8882-050208-tpirprocureur-un-mandat-darret-contre-un-avocat-rwandais-rendu-public5683.html\" \/>\n<meta property=\"og:site_name\" content=\"JusticeInfo.net\" \/>\n<meta property=\"article:publisher\" content=\"https:\/\/www.facebook.com\/JusticeInfo\/\" \/>\n<meta property=\"article:published_time\" content=\"2008-02-06T06:14:28+00:00\" \/>\n<meta property=\"og:image\" content=\"https:\/\/www.justiceinfo.net\/wp-content\/uploads\/JusticeInfoNet_logo_1200x630px.jpg\" \/>\n\t<meta property=\"og:image:width\" content=\"1200\" \/>\n\t<meta property=\"og:image:height\" content=\"630\" \/>\n\t<meta property=\"og:image:type\" content=\"image\/jpeg\" \/>\n<meta name=\"author\" content=\"solivri\" \/>\n<meta name=\"twitter:card\" content=\"summary_large_image\" \/>\n<meta name=\"twitter:creator\" content=\"@justiceinfonet\" \/>\n<meta name=\"twitter:site\" content=\"@justiceinfonet\" \/>\n<meta name=\"twitter:label1\" content=\"\u00c9crit par\" \/>\n\t<meta name=\"twitter:data1\" content=\"solivri\" \/>\n\t<meta name=\"twitter:label2\" content=\"Dur\u00e9e de lecture estim\u00e9e\" \/>\n\t<meta name=\"twitter:data2\" content=\"1 minute\" \/>\n<script type=\"application\/ld+json\" class=\"yoast-schema-graph\">{\"@context\":\"https:\/\/schema.org\",\"@graph\":[{\"@type\":\"NewsArticle\",\"@id\":\"https:\/\/www.justiceinfo.net\/fr\/8882-050208-tpirprocureur-un-mandat-darret-contre-un-avocat-rwandais-rendu-public5683.html#article\",\"isPartOf\":{\"@id\":\"https:\/\/www.justiceinfo.net\/fr\/8882-050208-tpirprocureur-un-mandat-darret-contre-un-avocat-rwandais-rendu-public5683.html\"},\"author\":{\"name\":\"solivri\",\"@id\":\"https:\/\/www.justiceinfo.net\/fr#\/schema\/person\/6e53cba1629e2e66f3fc1821d3091865\"},\"headline\":\"05.02.08 -TPIR\/PROCUREUR - UN MANDAT D\u2019ARRET CONTRE UN AVOCAT RWANDAIS RENDU PUBLIC\",\"datePublished\":\"2008-02-06T06:14:28+00:00\",\"mainEntityOfPage\":{\"@id\":\"https:\/\/www.justiceinfo.net\/fr\/8882-050208-tpirprocureur-un-mandat-darret-contre-un-avocat-rwandais-rendu-public5683.html\"},\"wordCount\":290,\"commentCount\":0,\"publisher\":{\"@id\":\"https:\/\/www.justiceinfo.net\/fr#organization\"},\"articleSection\":[\"Hirondelle News\"],\"inLanguage\":\"fr-FR\",\"potentialAction\":[{\"@type\":\"CommentAction\",\"name\":\"Comment\",\"target\":[\"https:\/\/www.justiceinfo.net\/fr\/8882-050208-tpirprocureur-un-mandat-darret-contre-un-avocat-rwandais-rendu-public5683.html#respond\"]}]},{\"@type\":\"WebPage\",\"@id\":\"https:\/\/www.justiceinfo.net\/fr\/8882-050208-tpirprocureur-un-mandat-darret-contre-un-avocat-rwandais-rendu-public5683.html\",\"url\":\"https:\/\/www.justiceinfo.net\/fr\/8882-050208-tpirprocureur-un-mandat-darret-contre-un-avocat-rwandais-rendu-public5683.html\",\"name\":\"05.02.08 -TPIR\/PROCUREUR - UN MANDAT D\u2019ARRET CONTRE UN AVOCAT RWANDAIS RENDU PUBLIC - JusticeInfo.net\",\"isPartOf\":{\"@id\":\"https:\/\/www.justiceinfo.net\/fr#website\"},\"datePublished\":\"2008-02-06T06:14:28+00:00\",\"breadcrumb\":{\"@id\":\"https:\/\/www.justiceinfo.net\/fr\/8882-050208-tpirprocureur-un-mandat-darret-contre-un-avocat-rwandais-rendu-public5683.html#breadcrumb\"},\"inLanguage\":\"fr-FR\",\"potentialAction\":[{\"@type\":\"ReadAction\",\"target\":[\"https:\/\/www.justiceinfo.net\/fr\/8882-050208-tpirprocureur-un-mandat-darret-contre-un-avocat-rwandais-rendu-public5683.html\"]}]},{\"@type\":\"BreadcrumbList\",\"@id\":\"https:\/\/www.justiceinfo.net\/fr\/8882-050208-tpirprocureur-un-mandat-darret-contre-un-avocat-rwandais-rendu-public5683.html#breadcrumb\",\"itemListElement\":[{\"@type\":\"ListItem\",\"position\":1,\"name\":\"Home\",\"item\":\"https:\/\/www.justiceinfo.net\/fr\"},{\"@type\":\"ListItem\",\"position\":2,\"name\":\"05.02.08 -TPIR\/PROCUREUR - UN MANDAT D\u2019ARRET CONTRE UN AVOCAT RWANDAIS RENDU PUBLIC\"}]},{\"@type\":\"WebSite\",\"@id\":\"https:\/\/www.justiceinfo.net\/fr#website\",\"url\":\"https:\/\/www.justiceinfo.net\/fr\",\"name\":\"JusticeInfo.net\",\"description\":\"La justice doit \u00eatre vue pour \u00eatre rendue\",\"publisher\":{\"@id\":\"https:\/\/www.justiceinfo.net\/fr#organization\"},\"potentialAction\":[{\"@type\":\"SearchAction\",\"target\":{\"@type\":\"EntryPoint\",\"urlTemplate\":\"https:\/\/www.justiceinfo.net\/fr?s={search_term_string}\"},\"query-input\":{\"@type\":\"PropertyValueSpecification\",\"valueRequired\":true,\"valueName\":\"search_term_string\"}}],\"inLanguage\":\"fr-FR\"},{\"@type\":\"Organization\",\"@id\":\"https:\/\/www.justiceinfo.net\/fr#organization\",\"name\":\"Justice Info\",\"url\":\"https:\/\/www.justiceinfo.net\/fr\",\"logo\":{\"@type\":\"ImageObject\",\"inLanguage\":\"fr-FR\",\"@id\":\"https:\/\/www.justiceinfo.net\/fr#\/schema\/logo\/image\/\",\"url\":\"https:\/\/www.justiceinfo.net\/wp-content\/uploads\/justiceinfo_logo-trans_1200x1200px.png\",\"contentUrl\":\"https:\/\/www.justiceinfo.net\/wp-content\/uploads\/justiceinfo_logo-trans_1200x1200px.png\",\"width\":1199,\"height\":1200,\"caption\":\"Justice Info\"},\"image\":{\"@id\":\"https:\/\/www.justiceinfo.net\/fr#\/schema\/logo\/image\/\"},\"sameAs\":[\"https:\/\/www.facebook.com\/JusticeInfo\/\",\"https:\/\/x.com\/justiceinfonet\",\"https:\/\/www.linkedin.com\/company\/justice-info\",\"https:\/\/www.youtube.com\/channel\/UCyCEsARodyuWtkWyhn-e7pA\"]},{\"@type\":\"Person\",\"name\":\"solivri\",\"url\":\"\/fr\/?s=solivri\"}]}<\/script>\n<!-- \/ Yoast SEO Premium plugin. -->","yoast_head_json":{"title":"05.02.08 -TPIR\/PROCUREUR - UN MANDAT D\u2019ARRET CONTRE UN AVOCAT RWANDAIS RENDU PUBLIC - JusticeInfo.net","robots":{"index":"index","follow":"follow","max-snippet":"max-snippet:-1","max-image-preview":"max-image-preview:large","max-video-preview":"max-video-preview:-1"},"canonical":"https:\/\/www.justiceinfo.net\/fr\/8882-050208-tpirprocureur-un-mandat-darret-contre-un-avocat-rwandais-rendu-public5683.html","og_locale":"fr_FR","og_type":"article","og_title":"05.02.08 -TPIR\/PROCUREUR - UN MANDAT D\u2019ARRET CONTRE UN AVOCAT RWANDAIS RENDU PUBLIC","og_description":"Arusha, 5 f&eacute;vrier 2008 (FH) - Le Tribunal p&eacute;nal international pour le Rwanda (TPIR) a lev&eacute; lundi la confidentialit&eacute; du mandat d&rsquo;arr&ecirc;t lanc&eacute; contre un avocat rwandais, Me L&eacute;onidas Nshogoza, accus&eacute; de subornation de t&eacute;moin, a-t-on appris de source officielle judiciaire mardi.","og_url":"https:\/\/www.justiceinfo.net\/fr\/8882-050208-tpirprocureur-un-mandat-darret-contre-un-avocat-rwandais-rendu-public5683.html","og_site_name":"JusticeInfo.net","article_publisher":"https:\/\/www.facebook.com\/JusticeInfo\/","article_published_time":"2008-02-06T06:14:28+00:00","og_image":[{"width":1200,"height":630,"url":"https:\/\/www.justiceinfo.net\/wp-content\/uploads\/JusticeInfoNet_logo_1200x630px.jpg","type":"image\/jpeg"}],"author":"solivri","twitter_card":"summary_large_image","twitter_creator":"@justiceinfonet","twitter_site":"@justiceinfonet","twitter_misc":{"\u00c9crit par":"solivri","Dur\u00e9e de lecture estim\u00e9e":"1 minute"},"schema":{"@context":"https:\/\/schema.org","@graph":[{"@type":"NewsArticle","@id":"https:\/\/www.justiceinfo.net\/fr\/8882-050208-tpirprocureur-un-mandat-darret-contre-un-avocat-rwandais-rendu-public5683.html#article","isPartOf":{"@id":"https:\/\/www.justiceinfo.net\/fr\/8882-050208-tpirprocureur-un-mandat-darret-contre-un-avocat-rwandais-rendu-public5683.html"},"author":{"name":"solivri","@id":"https:\/\/www.justiceinfo.net\/fr#\/schema\/person\/6e53cba1629e2e66f3fc1821d3091865"},"headline":"05.02.08 -TPIR\/PROCUREUR - UN MANDAT D\u2019ARRET CONTRE UN AVOCAT RWANDAIS RENDU PUBLIC","datePublished":"2008-02-06T06:14:28+00:00","mainEntityOfPage":{"@id":"https:\/\/www.justiceinfo.net\/fr\/8882-050208-tpirprocureur-un-mandat-darret-contre-un-avocat-rwandais-rendu-public5683.html"},"wordCount":290,"commentCount":0,"publisher":{"@id":"https:\/\/www.justiceinfo.net\/fr#organization"},"articleSection":["Hirondelle News"],"inLanguage":"fr-FR","potentialAction":[{"@type":"CommentAction","name":"Comment","target":["https:\/\/www.justiceinfo.net\/fr\/8882-050208-tpirprocureur-un-mandat-darret-contre-un-avocat-rwandais-rendu-public5683.html#respond"]}]},{"@type":"WebPage","@id":"https:\/\/www.justiceinfo.net\/fr\/8882-050208-tpirprocureur-un-mandat-darret-contre-un-avocat-rwandais-rendu-public5683.html","url":"https:\/\/www.justiceinfo.net\/fr\/8882-050208-tpirprocureur-un-mandat-darret-contre-un-avocat-rwandais-rendu-public5683.html","name":"05.02.08 -TPIR\/PROCUREUR - UN MANDAT D\u2019ARRET CONTRE UN AVOCAT RWANDAIS RENDU PUBLIC - JusticeInfo.net","isPartOf":{"@id":"https:\/\/www.justiceinfo.net\/fr#website"},"datePublished":"2008-02-06T06:14:28+00:00","breadcrumb":{"@id":"https:\/\/www.justiceinfo.net\/fr\/8882-050208-tpirprocureur-un-mandat-darret-contre-un-avocat-rwandais-rendu-public5683.html#breadcrumb"},"inLanguage":"fr-FR","potentialAction":[{"@type":"ReadAction","target":["https:\/\/www.justiceinfo.net\/fr\/8882-050208-tpirprocureur-un-mandat-darret-contre-un-avocat-rwandais-rendu-public5683.html"]}]},{"@type":"BreadcrumbList","@id":"https:\/\/www.justiceinfo.net\/fr\/8882-050208-tpirprocureur-un-mandat-darret-contre-un-avocat-rwandais-rendu-public5683.html#breadcrumb","itemListElement":[{"@type":"ListItem","position":1,"name":"Home","item":"https:\/\/www.justiceinfo.net\/fr"},{"@type":"ListItem","position":2,"name":"05.02.08 -TPIR\/PROCUREUR - UN MANDAT D\u2019ARRET CONTRE UN AVOCAT RWANDAIS RENDU PUBLIC"}]},{"@type":"WebSite","@id":"https:\/\/www.justiceinfo.net\/fr#website","url":"https:\/\/www.justiceinfo.net\/fr","name":"JusticeInfo.net","description":"La justice doit \u00eatre vue pour \u00eatre rendue","publisher":{"@id":"https:\/\/www.justiceinfo.net\/fr#organization"},"potentialAction":[{"@type":"SearchAction","target":{"@type":"EntryPoint","urlTemplate":"https:\/\/www.justiceinfo.net\/fr?s={search_term_string}"},"query-input":{"@type":"PropertyValueSpecification","valueRequired":true,"valueName":"search_term_string"}}],"inLanguage":"fr-FR"},{"@type":"Organization","@id":"https:\/\/www.justiceinfo.net\/fr#organization","name":"Justice Info","url":"https:\/\/www.justiceinfo.net\/fr","logo":{"@type":"ImageObject","inLanguage":"fr-FR","@id":"https:\/\/www.justiceinfo.net\/fr#\/schema\/logo\/image\/","url":"https:\/\/www.justiceinfo.net\/wp-content\/uploads\/justiceinfo_logo-trans_1200x1200px.png","contentUrl":"https:\/\/www.justiceinfo.net\/wp-content\/uploads\/justiceinfo_logo-trans_1200x1200px.png","width":1199,"height":1200,"caption":"Justice Info"},"image":{"@id":"https:\/\/www.justiceinfo.net\/fr#\/schema\/logo\/image\/"},"sameAs":["https:\/\/www.facebook.com\/JusticeInfo\/","https:\/\/x.com\/justiceinfonet","https:\/\/www.linkedin.com\/company\/justice-info","https:\/\/www.youtube.com\/channel\/UCyCEsARodyuWtkWyhn-e7pA"]},{"@type":"Person","name":"solivri","url":"\/fr\/?s=solivri"}]}},"_links":{"self":[{"href":"https:\/\/www.justiceinfo.net\/fr\/wp-json\/wp\/v2\/posts\/8882","targetHints":{"allow":["GET"]}}],"collection":[{"href":"https:\/\/www.justiceinfo.net\/fr\/wp-json\/wp\/v2\/posts"}],"about":[{"href":"https:\/\/www.justiceinfo.net\/fr\/wp-json\/wp\/v2\/types\/post"}],"author":[{"embeddable":true,"href":"https:\/\/www.justiceinfo.net\/fr\/wp-json\/wp\/v2\/users\/64"}],"replies":[{"embeddable":true,"href":"https:\/\/www.justiceinfo.net\/fr\/wp-json\/wp\/v2\/comments?post=8882"}],"version-history":[{"count":0,"href":"https:\/\/www.justiceinfo.net\/fr\/wp-json\/wp\/v2\/posts\/8882\/revisions"}],"wp:attachment":[{"href":"https:\/\/www.justiceinfo.net\/fr\/wp-json\/wp\/v2\/media?parent=8882"}],"wp:term":[{"taxonomy":"category","embeddable":true,"href":"https:\/\/www.justiceinfo.net\/fr\/wp-json\/wp\/v2\/categories?post=8882"},{"taxonomy":"post_tag","embeddable":true,"href":"https:\/\/www.justiceinfo.net\/fr\/wp-json\/wp\/v2\/tags?post=8882"},{"taxonomy":"ji_location","embeddable":true,"href":"https:\/\/www.justiceinfo.net\/fr\/wp-json\/wp\/v2\/ji_location?post=8882"}],"curies":[{"name":"wp","href":"https:\/\/api.w.org\/{rel}","templated":true}]}}