{"id":8894,"date":"2008-02-07T23:00:00","date_gmt":"2008-02-07T22:00:00","guid":{"rendered":"https:\/\/www.justiceinfo.net\/8894-080208-cpirdc-un-nouveau-chef-de-milice-congolais-arrete-proces-prevu-en-mars5695.html"},"modified":"2008-02-07T23:00:00","modified_gmt":"2008-02-07T22:00:00","slug":"080208-cpirdc-un-nouveau-chef-de-milice-congolais-arrete-proces-prevu-en-mars5695","status":"publish","type":"post","link":"https:\/\/www.justiceinfo.net\/fr\/8894-080208-cpirdc-un-nouveau-chef-de-milice-congolais-arrete-proces-prevu-en-mars5695.html","title":{"rendered":"08.02.08 - CPI\/RDC - UN NOUVEAU CHEF DE MILICE CONGOLAIS ARRETE, PROCES PREVU EN MARS"},"content":{"rendered":"<p  >La Haye, 8 f&eacute;vrier 2008 (FH)- Mathieu Ngundjolo, le chef d&rsquo;&eacute;tat-major du Front des nationalistes et int&eacute;grationnistes (FNI), une milice de l&rsquo;Ituri, dans l&rsquo;est de la R&eacute;publique d&eacute;mocratique du Congo (RDC), a &eacute;t&eacute; arr&ecirc;t&eacute; et transf&eacute;r&eacute; &agrave; La Haye jeudi.<\/p>\n<p>&nbsp;&nbsp;<br \/>\n<!--more-->Suspect&eacute; de crimes contre l&rsquo;humanit&eacute; et crimes de guerre pour meurtres, actes inhumains, attaque de village, pillage, esclavage sexuel et enr&ocirc;lement d&rsquo;enfants commis entre juillet 2002 et fin 2003, Mathieu Ngundjolo est particuli&egrave;rement vis&eacute; pour l&rsquo;attaque du village de Bongolo. &nbsp; C&rsquo;est le troisi&egrave;me accus&eacute; incarc&eacute;r&eacute; dans la prison de Scheveningen, en banlieue de La Haye, aux Pays-Bas. &nbsp; Thomas Lubanga, chef de l&rsquo;Union des patriotes congolais (UPC) est, lui, depuis plus de deux ans en d&eacute;tention pr&eacute;ventive. &nbsp; L&rsquo;ouverture de son proc&egrave;s, qui s&rsquo;annonce d&eacute;j&agrave; comme un proc&egrave;s fleuve de dix-huit mois, est pr&eacute;vue pour le 31 mars. &nbsp; Quant &agrave; Germain Katanga, ex-chef d&rsquo;&eacute;tat-major de la Force de r&eacute;sistance patriotique en Ituri (FPRI), alli&eacute;e au FNI, et qui pourrait &ecirc;tre jug&eacute; au cot&eacute; de Mathieu Ngundjolo - les mandats d&rsquo;arr&ecirc;ts &eacute;mis contre les deux hommes sont quasiment similaires &ndash; il est incarc&eacute;r&eacute; depuis l&rsquo;automne. &nbsp; &nbsp;Au cours d&rsquo;une conf&eacute;rence de presse &agrave; La Haye, le parquet a annonc&eacute; l&rsquo;ouverture d&rsquo;une troisi&egrave;me enqu&ecirc;te en RDC, sur les crimes commis cette fois dans la r&eacute;gion du Kivu. &nbsp; Le procureur Luis Moreno Ocampo, qui s&rsquo;exprimait par liaison satellite depuis Bangui, en Centrafrique - o&ugrave; apr&egrave;s la RDC, l&rsquo;Ouganda, et le Darfour, le parquet a ouvert sa quatri&egrave;me enqu&ecirc;te &ndash; a vis&eacute; &laquo; les crimes commis par Laurent Nkunda [Conseil national pour la d&eacute;fense du peuple], les FDLR [Forces d&eacute;mocratiques de lib&eacute;ration du Rwanda, hutus extr&eacute;mistes] et l&rsquo;arm&eacute;e r&eacute;guli&egrave;re &raquo;. &nbsp; &nbsp;Le procureur a promis d&rsquo;&eacute;mettre de nouveaux mandats, saluant le fait que &laquo; l&rsquo;acte d&rsquo;engagement de Goma [accord de paix sign&eacute; le 23 janvier 2008] a r&eacute;affirm&eacute; le principe d&rsquo;impunit&eacute; en excluant ces crimes du champ d&rsquo;amnistie envisag&eacute;&raquo;. &nbsp; &nbsp;Luis Moreno Ocampo a par ailleurs pr&eacute;cis&eacute; que ses enqu&ecirc;tes suivent &laquo; les individus qui ont pu jouer un r&ocirc;le dans le soutien aux groupes arm&eacute;s &raquo;. &nbsp; Ces soutiens sont d&eacute;j&agrave; particuli&egrave;rement document&eacute;s par plusieurs rapports des Nations unies, portant notamment sur le pillage des ressources de la RDC, principal objet d&rsquo;une guerre qui dure depuis 1997, des rapports d&rsquo;organisations humanitaires, ainsi que par une d&eacute;cision de la Cour internationale de Justice (CIJ) condamnant l&rsquo;Ouganda. Des rapports qui d&eacute;montrent, d&rsquo;une part, les soutiens clairs apport&eacute;s par le Rwanda et l&rsquo;Ouganda &agrave; ces milices, et par ailleurs, la participation de soci&eacute;t&eacute;s priv&eacute;es, souvent occidentales, dans l&rsquo;exploitation des richesses de l&rsquo;est du Congo. &nbsp; &nbsp;Or, le procureur avance avec prudence dans le choix de ses cibles, et si les trois miliciens aujourd&rsquo;hui incarc&eacute;r&eacute;s &agrave; La Haye sont soup&ccedil;onn&eacute;s d&#39;une multitude de crimes, ils ne figurent pas au rang des plus hauts responsables : les commanditaires. &nbsp; Le procureur annonce, du bout des l&egrave;vres, et quatre ans apr&egrave;s l&rsquo;ouverture de son enqu&ecirc;te en RDC, qu&rsquo;il visera ceux qui soutiennent et financent la guerre congolaise. &nbsp; Cependant, en fractionnant ses poursuites au Congo Kinshasa selon des crit&egrave;res g&eacute;ographiques, le parquet donne une vision minimaliste du conflit en cours.&nbsp; &nbsp; SM\/GF&nbsp;&copy; Agence Hirondelle &nbsp;&nbsp;<\/p>\n","protected":false},"excerpt":{"rendered":"<p>La Haye, 8 f&eacute;vrier 2008 (FH)- Mathieu Ngundjolo, le chef d&rsquo;&eacute;tat-major du Front des nationalistes et int&eacute;grationnistes (FNI), une milice de l&rsquo;Ituri, dans l&rsquo;est de la R&eacute;publique d&eacute;mocratique du Congo (RDC), a &eacute;t&eacute; arr&ecirc;t&eacute; et transf&eacute;r&eacute; &agrave; La Haye jeudi. &nbsp;&nbsp;<\/p>\n","protected":false},"author":64,"featured_media":0,"comment_status":"open","ping_status":"closed","sticky":false,"template":"","format":"standard","meta":{"_acf_changed":false,"footnotes":""},"categories":[554],"tags":[],"ji_location":[],"class_list":["post-8894","post","type-post","status-publish","format-standard","hentry","category-hirondellenews"],"acf":[],"yoast_head":"<!-- This site is optimized with the Yoast SEO Premium plugin v25.3.1 (Yoast SEO v25.3.1) - https:\/\/yoast.com\/wordpress\/plugins\/seo\/ -->\n<title>08.02.08 - CPI\/RDC - UN NOUVEAU CHEF DE MILICE CONGOLAIS ARRETE, PROCES PREVU EN MARS - JusticeInfo.net<\/title>\n<meta name=\"robots\" content=\"index, follow, max-snippet:-1, max-image-preview:large, max-video-preview:-1\" \/>\n<link rel=\"canonical\" href=\"https:\/\/www.justiceinfo.net\/fr\/8894-080208-cpirdc-un-nouveau-chef-de-milice-congolais-arrete-proces-prevu-en-mars5695.html\" \/>\n<meta property=\"og:locale\" content=\"fr_FR\" \/>\n<meta property=\"og:type\" content=\"article\" \/>\n<meta property=\"og:title\" content=\"08.02.08 - CPI\/RDC - UN NOUVEAU CHEF DE MILICE CONGOLAIS ARRETE, PROCES PREVU EN MARS\" \/>\n<meta property=\"og:description\" content=\"La Haye, 8 f&eacute;vrier 2008 (FH)- Mathieu Ngundjolo, le chef d&rsquo;&eacute;tat-major du Front des nationalistes et int&eacute;grationnistes (FNI), une milice de l&rsquo;Ituri, dans l&rsquo;est de la R&eacute;publique d&eacute;mocratique du Congo (RDC), a &eacute;t&eacute; arr&ecirc;t&eacute; et transf&eacute;r&eacute; &agrave; La Haye jeudi. &nbsp;&nbsp;\" \/>\n<meta property=\"og:url\" content=\"https:\/\/www.justiceinfo.net\/fr\/8894-080208-cpirdc-un-nouveau-chef-de-milice-congolais-arrete-proces-prevu-en-mars5695.html\" \/>\n<meta property=\"og:site_name\" content=\"JusticeInfo.net\" \/>\n<meta property=\"article:publisher\" content=\"https:\/\/www.facebook.com\/JusticeInfo\/\" \/>\n<meta property=\"article:published_time\" content=\"2008-02-07T22:00:00+00:00\" \/>\n<meta property=\"og:image\" content=\"https:\/\/www.justiceinfo.net\/wp-content\/uploads\/JusticeInfoNet_logo_1200x630px.jpg\" \/>\n\t<meta property=\"og:image:width\" content=\"1200\" \/>\n\t<meta property=\"og:image:height\" content=\"630\" \/>\n\t<meta property=\"og:image:type\" content=\"image\/jpeg\" \/>\n<meta name=\"author\" content=\"solivri\" \/>\n<meta name=\"twitter:card\" content=\"summary_large_image\" \/>\n<meta name=\"twitter:creator\" content=\"@justiceinfonet\" \/>\n<meta name=\"twitter:site\" content=\"@justiceinfonet\" \/>\n<meta name=\"twitter:label1\" content=\"\u00c9crit par\" \/>\n\t<meta name=\"twitter:data1\" content=\"solivri\" \/>\n\t<meta name=\"twitter:label2\" content=\"Dur\u00e9e de lecture estim\u00e9e\" \/>\n\t<meta name=\"twitter:data2\" content=\"4 minutes\" \/>\n<script type=\"application\/ld+json\" class=\"yoast-schema-graph\">{\"@context\":\"https:\/\/schema.org\",\"@graph\":[{\"@type\":\"NewsArticle\",\"@id\":\"https:\/\/www.justiceinfo.net\/fr\/8894-080208-cpirdc-un-nouveau-chef-de-milice-congolais-arrete-proces-prevu-en-mars5695.html#article\",\"isPartOf\":{\"@id\":\"https:\/\/www.justiceinfo.net\/fr\/8894-080208-cpirdc-un-nouveau-chef-de-milice-congolais-arrete-proces-prevu-en-mars5695.html\"},\"author\":{\"name\":\"solivri\",\"@id\":\"https:\/\/www.justiceinfo.net\/fr#\/schema\/person\/6e53cba1629e2e66f3fc1821d3091865\"},\"headline\":\"08.02.08 - CPI\/RDC - UN NOUVEAU CHEF DE MILICE CONGOLAIS ARRETE, PROCES PREVU EN MARS\",\"datePublished\":\"2008-02-07T22:00:00+00:00\",\"mainEntityOfPage\":{\"@id\":\"https:\/\/www.justiceinfo.net\/fr\/8894-080208-cpirdc-un-nouveau-chef-de-milice-congolais-arrete-proces-prevu-en-mars5695.html\"},\"wordCount\":758,\"commentCount\":0,\"publisher\":{\"@id\":\"https:\/\/www.justiceinfo.net\/fr#organization\"},\"articleSection\":[\"Hirondelle News\"],\"inLanguage\":\"fr-FR\",\"potentialAction\":[{\"@type\":\"CommentAction\",\"name\":\"Comment\",\"target\":[\"https:\/\/www.justiceinfo.net\/fr\/8894-080208-cpirdc-un-nouveau-chef-de-milice-congolais-arrete-proces-prevu-en-mars5695.html#respond\"]}]},{\"@type\":\"WebPage\",\"@id\":\"https:\/\/www.justiceinfo.net\/fr\/8894-080208-cpirdc-un-nouveau-chef-de-milice-congolais-arrete-proces-prevu-en-mars5695.html\",\"url\":\"https:\/\/www.justiceinfo.net\/fr\/8894-080208-cpirdc-un-nouveau-chef-de-milice-congolais-arrete-proces-prevu-en-mars5695.html\",\"name\":\"08.02.08 - CPI\/RDC - UN NOUVEAU CHEF DE MILICE CONGOLAIS ARRETE, PROCES PREVU EN MARS - JusticeInfo.net\",\"isPartOf\":{\"@id\":\"https:\/\/www.justiceinfo.net\/fr#website\"},\"datePublished\":\"2008-02-07T22:00:00+00:00\",\"breadcrumb\":{\"@id\":\"https:\/\/www.justiceinfo.net\/fr\/8894-080208-cpirdc-un-nouveau-chef-de-milice-congolais-arrete-proces-prevu-en-mars5695.html#breadcrumb\"},\"inLanguage\":\"fr-FR\",\"potentialAction\":[{\"@type\":\"ReadAction\",\"target\":[\"https:\/\/www.justiceinfo.net\/fr\/8894-080208-cpirdc-un-nouveau-chef-de-milice-congolais-arrete-proces-prevu-en-mars5695.html\"]}]},{\"@type\":\"BreadcrumbList\",\"@id\":\"https:\/\/www.justiceinfo.net\/fr\/8894-080208-cpirdc-un-nouveau-chef-de-milice-congolais-arrete-proces-prevu-en-mars5695.html#breadcrumb\",\"itemListElement\":[{\"@type\":\"ListItem\",\"position\":1,\"name\":\"Home\",\"item\":\"https:\/\/www.justiceinfo.net\/fr\"},{\"@type\":\"ListItem\",\"position\":2,\"name\":\"08.02.08 - CPI\/RDC - UN NOUVEAU CHEF DE MILICE CONGOLAIS ARRETE, PROCES PREVU EN MARS\"}]},{\"@type\":\"WebSite\",\"@id\":\"https:\/\/www.justiceinfo.net\/fr#website\",\"url\":\"https:\/\/www.justiceinfo.net\/fr\",\"name\":\"JusticeInfo.net\",\"description\":\"La justice doit \u00eatre vue pour \u00eatre rendue\",\"publisher\":{\"@id\":\"https:\/\/www.justiceinfo.net\/fr#organization\"},\"potentialAction\":[{\"@type\":\"SearchAction\",\"target\":{\"@type\":\"EntryPoint\",\"urlTemplate\":\"https:\/\/www.justiceinfo.net\/fr?s={search_term_string}\"},\"query-input\":{\"@type\":\"PropertyValueSpecification\",\"valueRequired\":true,\"valueName\":\"search_term_string\"}}],\"inLanguage\":\"fr-FR\"},{\"@type\":\"Organization\",\"@id\":\"https:\/\/www.justiceinfo.net\/fr#organization\",\"name\":\"Justice Info\",\"url\":\"https:\/\/www.justiceinfo.net\/fr\",\"logo\":{\"@type\":\"ImageObject\",\"inLanguage\":\"fr-FR\",\"@id\":\"https:\/\/www.justiceinfo.net\/fr#\/schema\/logo\/image\/\",\"url\":\"https:\/\/www.justiceinfo.net\/wp-content\/uploads\/justiceinfo_logo-trans_1200x1200px.png\",\"contentUrl\":\"https:\/\/www.justiceinfo.net\/wp-content\/uploads\/justiceinfo_logo-trans_1200x1200px.png\",\"width\":1199,\"height\":1200,\"caption\":\"Justice Info\"},\"image\":{\"@id\":\"https:\/\/www.justiceinfo.net\/fr#\/schema\/logo\/image\/\"},\"sameAs\":[\"https:\/\/www.facebook.com\/JusticeInfo\/\",\"https:\/\/x.com\/justiceinfonet\",\"https:\/\/www.linkedin.com\/company\/justice-info\",\"https:\/\/www.youtube.com\/channel\/UCyCEsARodyuWtkWyhn-e7pA\"]},{\"@type\":\"Person\",\"name\":\"solivri\",\"url\":\"\/fr\/?s=solivri\"}]}<\/script>\n<!-- \/ Yoast SEO Premium plugin. -->","yoast_head_json":{"title":"08.02.08 - CPI\/RDC - UN NOUVEAU CHEF DE MILICE CONGOLAIS ARRETE, PROCES PREVU EN MARS - JusticeInfo.net","robots":{"index":"index","follow":"follow","max-snippet":"max-snippet:-1","max-image-preview":"max-image-preview:large","max-video-preview":"max-video-preview:-1"},"canonical":"https:\/\/www.justiceinfo.net\/fr\/8894-080208-cpirdc-un-nouveau-chef-de-milice-congolais-arrete-proces-prevu-en-mars5695.html","og_locale":"fr_FR","og_type":"article","og_title":"08.02.08 - CPI\/RDC - UN NOUVEAU CHEF DE MILICE CONGOLAIS ARRETE, PROCES PREVU EN MARS","og_description":"La Haye, 8 f&eacute;vrier 2008 (FH)- Mathieu Ngundjolo, le chef d&rsquo;&eacute;tat-major du Front des nationalistes et int&eacute;grationnistes (FNI), une milice de l&rsquo;Ituri, dans l&rsquo;est de la R&eacute;publique d&eacute;mocratique du Congo (RDC), a &eacute;t&eacute; arr&ecirc;t&eacute; et transf&eacute;r&eacute; &agrave; La Haye jeudi. &nbsp;&nbsp;","og_url":"https:\/\/www.justiceinfo.net\/fr\/8894-080208-cpirdc-un-nouveau-chef-de-milice-congolais-arrete-proces-prevu-en-mars5695.html","og_site_name":"JusticeInfo.net","article_publisher":"https:\/\/www.facebook.com\/JusticeInfo\/","article_published_time":"2008-02-07T22:00:00+00:00","og_image":[{"width":1200,"height":630,"url":"https:\/\/www.justiceinfo.net\/wp-content\/uploads\/JusticeInfoNet_logo_1200x630px.jpg","type":"image\/jpeg"}],"author":"solivri","twitter_card":"summary_large_image","twitter_creator":"@justiceinfonet","twitter_site":"@justiceinfonet","twitter_misc":{"\u00c9crit par":"solivri","Dur\u00e9e de lecture estim\u00e9e":"4 minutes"},"schema":{"@context":"https:\/\/schema.org","@graph":[{"@type":"NewsArticle","@id":"https:\/\/www.justiceinfo.net\/fr\/8894-080208-cpirdc-un-nouveau-chef-de-milice-congolais-arrete-proces-prevu-en-mars5695.html#article","isPartOf":{"@id":"https:\/\/www.justiceinfo.net\/fr\/8894-080208-cpirdc-un-nouveau-chef-de-milice-congolais-arrete-proces-prevu-en-mars5695.html"},"author":{"name":"solivri","@id":"https:\/\/www.justiceinfo.net\/fr#\/schema\/person\/6e53cba1629e2e66f3fc1821d3091865"},"headline":"08.02.08 - CPI\/RDC - UN NOUVEAU CHEF DE MILICE CONGOLAIS ARRETE, PROCES PREVU EN MARS","datePublished":"2008-02-07T22:00:00+00:00","mainEntityOfPage":{"@id":"https:\/\/www.justiceinfo.net\/fr\/8894-080208-cpirdc-un-nouveau-chef-de-milice-congolais-arrete-proces-prevu-en-mars5695.html"},"wordCount":758,"commentCount":0,"publisher":{"@id":"https:\/\/www.justiceinfo.net\/fr#organization"},"articleSection":["Hirondelle News"],"inLanguage":"fr-FR","potentialAction":[{"@type":"CommentAction","name":"Comment","target":["https:\/\/www.justiceinfo.net\/fr\/8894-080208-cpirdc-un-nouveau-chef-de-milice-congolais-arrete-proces-prevu-en-mars5695.html#respond"]}]},{"@type":"WebPage","@id":"https:\/\/www.justiceinfo.net\/fr\/8894-080208-cpirdc-un-nouveau-chef-de-milice-congolais-arrete-proces-prevu-en-mars5695.html","url":"https:\/\/www.justiceinfo.net\/fr\/8894-080208-cpirdc-un-nouveau-chef-de-milice-congolais-arrete-proces-prevu-en-mars5695.html","name":"08.02.08 - CPI\/RDC - UN NOUVEAU CHEF DE MILICE CONGOLAIS ARRETE, PROCES PREVU EN MARS - JusticeInfo.net","isPartOf":{"@id":"https:\/\/www.justiceinfo.net\/fr#website"},"datePublished":"2008-02-07T22:00:00+00:00","breadcrumb":{"@id":"https:\/\/www.justiceinfo.net\/fr\/8894-080208-cpirdc-un-nouveau-chef-de-milice-congolais-arrete-proces-prevu-en-mars5695.html#breadcrumb"},"inLanguage":"fr-FR","potentialAction":[{"@type":"ReadAction","target":["https:\/\/www.justiceinfo.net\/fr\/8894-080208-cpirdc-un-nouveau-chef-de-milice-congolais-arrete-proces-prevu-en-mars5695.html"]}]},{"@type":"BreadcrumbList","@id":"https:\/\/www.justiceinfo.net\/fr\/8894-080208-cpirdc-un-nouveau-chef-de-milice-congolais-arrete-proces-prevu-en-mars5695.html#breadcrumb","itemListElement":[{"@type":"ListItem","position":1,"name":"Home","item":"https:\/\/www.justiceinfo.net\/fr"},{"@type":"ListItem","position":2,"name":"08.02.08 - CPI\/RDC - UN NOUVEAU CHEF DE MILICE CONGOLAIS ARRETE, PROCES PREVU EN MARS"}]},{"@type":"WebSite","@id":"https:\/\/www.justiceinfo.net\/fr#website","url":"https:\/\/www.justiceinfo.net\/fr","name":"JusticeInfo.net","description":"La justice doit \u00eatre vue pour \u00eatre rendue","publisher":{"@id":"https:\/\/www.justiceinfo.net\/fr#organization"},"potentialAction":[{"@type":"SearchAction","target":{"@type":"EntryPoint","urlTemplate":"https:\/\/www.justiceinfo.net\/fr?s={search_term_string}"},"query-input":{"@type":"PropertyValueSpecification","valueRequired":true,"valueName":"search_term_string"}}],"inLanguage":"fr-FR"},{"@type":"Organization","@id":"https:\/\/www.justiceinfo.net\/fr#organization","name":"Justice Info","url":"https:\/\/www.justiceinfo.net\/fr","logo":{"@type":"ImageObject","inLanguage":"fr-FR","@id":"https:\/\/www.justiceinfo.net\/fr#\/schema\/logo\/image\/","url":"https:\/\/www.justiceinfo.net\/wp-content\/uploads\/justiceinfo_logo-trans_1200x1200px.png","contentUrl":"https:\/\/www.justiceinfo.net\/wp-content\/uploads\/justiceinfo_logo-trans_1200x1200px.png","width":1199,"height":1200,"caption":"Justice Info"},"image":{"@id":"https:\/\/www.justiceinfo.net\/fr#\/schema\/logo\/image\/"},"sameAs":["https:\/\/www.facebook.com\/JusticeInfo\/","https:\/\/x.com\/justiceinfonet","https:\/\/www.linkedin.com\/company\/justice-info","https:\/\/www.youtube.com\/channel\/UCyCEsARodyuWtkWyhn-e7pA"]},{"@type":"Person","name":"solivri","url":"\/fr\/?s=solivri"}]}},"_links":{"self":[{"href":"https:\/\/www.justiceinfo.net\/fr\/wp-json\/wp\/v2\/posts\/8894","targetHints":{"allow":["GET"]}}],"collection":[{"href":"https:\/\/www.justiceinfo.net\/fr\/wp-json\/wp\/v2\/posts"}],"about":[{"href":"https:\/\/www.justiceinfo.net\/fr\/wp-json\/wp\/v2\/types\/post"}],"author":[{"embeddable":true,"href":"https:\/\/www.justiceinfo.net\/fr\/wp-json\/wp\/v2\/users\/64"}],"replies":[{"embeddable":true,"href":"https:\/\/www.justiceinfo.net\/fr\/wp-json\/wp\/v2\/comments?post=8894"}],"version-history":[{"count":0,"href":"https:\/\/www.justiceinfo.net\/fr\/wp-json\/wp\/v2\/posts\/8894\/revisions"}],"wp:attachment":[{"href":"https:\/\/www.justiceinfo.net\/fr\/wp-json\/wp\/v2\/media?parent=8894"}],"wp:term":[{"taxonomy":"category","embeddable":true,"href":"https:\/\/www.justiceinfo.net\/fr\/wp-json\/wp\/v2\/categories?post=8894"},{"taxonomy":"post_tag","embeddable":true,"href":"https:\/\/www.justiceinfo.net\/fr\/wp-json\/wp\/v2\/tags?post=8894"},{"taxonomy":"ji_location","embeddable":true,"href":"https:\/\/www.justiceinfo.net\/fr\/wp-json\/wp\/v2\/ji_location?post=8894"}],"curies":[{"name":"wp","href":"https:\/\/api.w.org\/{rel}","templated":true}]}}