{"id":8912,"date":"2008-02-11T23:00:00","date_gmt":"2008-02-11T22:00:00","guid":{"rendered":"https:\/\/www.justiceinfo.net\/8912-120208-tpirnsengimana-un-enqueteur-rwandais-de-la-defense-demande-a-etre-protege5713.html"},"modified":"2008-02-11T23:00:00","modified_gmt":"2008-02-11T22:00:00","slug":"120208-tpirnsengimana-un-enqueteur-rwandais-de-la-defense-demande-a-etre-protege5713","status":"publish","type":"post","link":"https:\/\/www.justiceinfo.net\/fr\/8912-120208-tpirnsengimana-un-enqueteur-rwandais-de-la-defense-demande-a-etre-protege5713.html","title":{"rendered":"12.02.08 - TPIR\/NSENGIMANA - UN ENQUETEUR RWANDAIS DE LA DEFENSE DEMANDE A ETRE PROTEGE"},"content":{"rendered":"<p>Arusha, 12 f&eacute;vrier 2008 (FH) - Les avocats de l&rsquo;abb&eacute; Hormisdas Nsengimana en proc&egrave;s devant le Tribunal p&eacute;nal international pour le Rwanda (TPIR) ont demand&eacute; &agrave; ce que leur enqu&ecirc;teur rwandais soup&ccedil;onn&eacute; d&rsquo;avoir tent&eacute; d&#39;intimider des t&eacute;moins, puisse b&eacute;n&eacute;ficier de la protection des Nations Unies, a-t-on appris mardi.<br \/>\n<!--more-->&laquo; La d&eacute;fense de Nsengimana prie respectueusement la chambre de r&eacute;affirmer l&rsquo;immunit&eacute; dont b&eacute;n&eacute;ficie l&rsquo;enqu&ecirc;teur de l&rsquo;&eacute;quipe de d&eacute;fense et de r&eacute;affirmer la protection que le tribunal et les Nations Unies lui octroient &raquo;, &eacute;crivent Mes Emmanuel Altit (France) et David Hooper (Grande Bretagne) dans une requ&ecirc;te &agrave; la chambre. Accus&eacute; de crimes de g&eacute;nocide et de crimes contre l&rsquo;humanit&eacute;, le pr&ecirc;tre catholique qui plaide non coupable, commencera sa d&eacute;fense le 2 juin. Le 24 janvier, &agrave; la suite d&#39;all&eacute;gations port&eacute;es contre l&rsquo;enqu&ecirc;teur, la chambre a ordonn&eacute; au greffe de mener une enqu&ecirc;te sur ses &eacute;ventuels rapports avec les t&eacute;moins &agrave; charge dans ce proc&egrave;s. &laquo; Le fait qu&rsquo;une enqu&ecirc;te ait &eacute;t&eacute; ordonn&eacute;e concernant l&rsquo;enqu&ecirc;teur de la d&eacute;fense concourt, qu&rsquo;on le veuille ou non, dans un tel contexte, &agrave; r&eacute;duire sa marge de man&oelig;uvre lors de ses missions et &agrave; le mettre en danger &raquo;, estiment les deux avocats dans leur requ&ecirc;te. &laquo; Il convient donc, de toute urgence, que la chambre r&eacute;affirme l&rsquo;immunit&eacute; dont il dispose, afin qu&rsquo;il puisse, dans ces conditions difficiles, tenter de mener &agrave; bien sa mission &raquo;, poursuit le texte. &laquo; Comme il a &eacute;t&eacute; r&eacute;cemment rappel&eacute; par le bureau des affaires juridiques des Nations Unies, les enqu&ecirc;teurs des &eacute;quipes de d&eacute;fense du tribunal b&eacute;n&eacute;ficient de l&rsquo;immunit&eacute; &raquo;, ajoute la requ&ecirc;te. Malgr&eacute; cet avis de New York, le TPIR a toujours ni&eacute; la moindre immunit&eacute; pour les enqu&ecirc;teurs de la d&eacute;fense qu&#39;il ne consid&egrave;re pas comme ses employ&eacute;s m&ecirc;me s&#39;il leur verse des honoraires. L&#39;organisation African Rights, a, dans un communiqu&eacute; publi&eacute; le mois dernier, all&eacute;gu&eacute; que l&rsquo;enqu&ecirc;teur en question s&#39;&eacute;tait pr&eacute;sent&eacute;, lors d&rsquo;une mission au Rwanda, comme un membre du bureau du procureur, pour tenter de contacter un t&eacute;moin &agrave; charge. Ce dernier aurait refus&eacute; de le recevoir. Vendredi dernier, un Rwandais travaillant dans une autre &eacute;quipe de d&eacute;fense, Me L&eacute;onidas Nshogoza du barreau de Kigali, qui avait &eacute;t&eacute; emprisonn&eacute; pendant pr&egrave;s de six mois au Rwanda dans une affaire de pression sur un t&eacute;moin sans que le tribunal intervienne, s&rsquo;est rendu au TPIR qui l&rsquo;a inculp&eacute; de tentative de subornation de t&eacute;moins. Lundi apr&egrave;s- midi, lors de sa comparution initiale devant le juge Dennis Byron, l&rsquo;avocat rwandais a plaid&eacute; non coupable. PB\/GF &copy; Agence Hirondelle<\/p>\n","protected":false},"excerpt":{"rendered":"<p>Arusha, 12 f&eacute;vrier 2008 (FH) - Les avocats de l&rsquo;abb&eacute; Hormisdas Nsengimana en proc&egrave;s devant le Tribunal p&eacute;nal international pour le Rwanda (TPIR) ont demand&eacute; &agrave; ce que leur enqu&ecirc;teur rwandais soup&ccedil;onn&eacute; d&rsquo;avoir tent&eacute; d&#39;intimider des t&eacute;moins, puisse b&eacute;n&eacute;ficier de la protection des Nations Unies, a-t-on appris mardi.<\/p>\n","protected":false},"author":64,"featured_media":0,"comment_status":"open","ping_status":"closed","sticky":false,"template":"","format":"standard","meta":{"_acf_changed":false,"footnotes":""},"categories":[554],"tags":[],"ji_location":[],"class_list":["post-8912","post","type-post","status-publish","format-standard","hentry","category-hirondellenews"],"acf":[],"yoast_head":"<!-- This site is optimized with the Yoast SEO Premium plugin v25.3.1 (Yoast SEO v25.3.1) - https:\/\/yoast.com\/wordpress\/plugins\/seo\/ -->\n<title>12.02.08 - TPIR\/NSENGIMANA - UN ENQUETEUR RWANDAIS DE LA DEFENSE DEMANDE A ETRE PROTEGE - JusticeInfo.net<\/title>\n<meta name=\"robots\" content=\"index, follow, max-snippet:-1, max-image-preview:large, max-video-preview:-1\" \/>\n<link rel=\"canonical\" href=\"https:\/\/www.justiceinfo.net\/fr\/8912-120208-tpirnsengimana-un-enqueteur-rwandais-de-la-defense-demande-a-etre-protege5713.html\" \/>\n<meta property=\"og:locale\" content=\"fr_FR\" \/>\n<meta property=\"og:type\" content=\"article\" \/>\n<meta property=\"og:title\" content=\"12.02.08 - TPIR\/NSENGIMANA - UN ENQUETEUR RWANDAIS DE LA DEFENSE DEMANDE A ETRE PROTEGE\" \/>\n<meta property=\"og:description\" content=\"Arusha, 12 f&eacute;vrier 2008 (FH) - Les avocats de l&rsquo;abb&eacute; Hormisdas Nsengimana en proc&egrave;s devant le Tribunal p&eacute;nal international pour le Rwanda (TPIR) ont demand&eacute; &agrave; ce que leur enqu&ecirc;teur rwandais soup&ccedil;onn&eacute; d&rsquo;avoir tent&eacute; d&#039;intimider des t&eacute;moins, puisse b&eacute;n&eacute;ficier de la protection des Nations Unies, a-t-on appris mardi.\" \/>\n<meta property=\"og:url\" content=\"https:\/\/www.justiceinfo.net\/fr\/8912-120208-tpirnsengimana-un-enqueteur-rwandais-de-la-defense-demande-a-etre-protege5713.html\" \/>\n<meta property=\"og:site_name\" content=\"JusticeInfo.net\" \/>\n<meta property=\"article:publisher\" content=\"https:\/\/www.facebook.com\/JusticeInfo\/\" \/>\n<meta property=\"article:published_time\" content=\"2008-02-11T22:00:00+00:00\" \/>\n<meta property=\"og:image\" content=\"https:\/\/www.justiceinfo.net\/wp-content\/uploads\/JusticeInfoNet_logo_1200x630px.jpg\" \/>\n\t<meta property=\"og:image:width\" content=\"1200\" \/>\n\t<meta property=\"og:image:height\" content=\"630\" \/>\n\t<meta property=\"og:image:type\" content=\"image\/jpeg\" \/>\n<meta name=\"author\" content=\"solivri\" \/>\n<meta name=\"twitter:card\" content=\"summary_large_image\" \/>\n<meta name=\"twitter:creator\" content=\"@justiceinfonet\" \/>\n<meta name=\"twitter:site\" content=\"@justiceinfonet\" \/>\n<meta name=\"twitter:label1\" content=\"\u00c9crit par\" \/>\n\t<meta name=\"twitter:data1\" content=\"solivri\" \/>\n\t<meta name=\"twitter:label2\" content=\"Dur\u00e9e de lecture estim\u00e9e\" \/>\n\t<meta name=\"twitter:data2\" content=\"3 minutes\" \/>\n<script type=\"application\/ld+json\" class=\"yoast-schema-graph\">{\"@context\":\"https:\/\/schema.org\",\"@graph\":[{\"@type\":\"NewsArticle\",\"@id\":\"https:\/\/www.justiceinfo.net\/fr\/8912-120208-tpirnsengimana-un-enqueteur-rwandais-de-la-defense-demande-a-etre-protege5713.html#article\",\"isPartOf\":{\"@id\":\"https:\/\/www.justiceinfo.net\/fr\/8912-120208-tpirnsengimana-un-enqueteur-rwandais-de-la-defense-demande-a-etre-protege5713.html\"},\"author\":{\"name\":\"solivri\",\"@id\":\"https:\/\/www.justiceinfo.net\/fr#\/schema\/person\/6e53cba1629e2e66f3fc1821d3091865\"},\"headline\":\"12.02.08 - TPIR\/NSENGIMANA - UN ENQUETEUR RWANDAIS DE LA DEFENSE DEMANDE A ETRE PROTEGE\",\"datePublished\":\"2008-02-11T22:00:00+00:00\",\"mainEntityOfPage\":{\"@id\":\"https:\/\/www.justiceinfo.net\/fr\/8912-120208-tpirnsengimana-un-enqueteur-rwandais-de-la-defense-demande-a-etre-protege5713.html\"},\"wordCount\":615,\"commentCount\":0,\"publisher\":{\"@id\":\"https:\/\/www.justiceinfo.net\/fr#organization\"},\"articleSection\":[\"Hirondelle News\"],\"inLanguage\":\"fr-FR\",\"potentialAction\":[{\"@type\":\"CommentAction\",\"name\":\"Comment\",\"target\":[\"https:\/\/www.justiceinfo.net\/fr\/8912-120208-tpirnsengimana-un-enqueteur-rwandais-de-la-defense-demande-a-etre-protege5713.html#respond\"]}]},{\"@type\":\"WebPage\",\"@id\":\"https:\/\/www.justiceinfo.net\/fr\/8912-120208-tpirnsengimana-un-enqueteur-rwandais-de-la-defense-demande-a-etre-protege5713.html\",\"url\":\"https:\/\/www.justiceinfo.net\/fr\/8912-120208-tpirnsengimana-un-enqueteur-rwandais-de-la-defense-demande-a-etre-protege5713.html\",\"name\":\"12.02.08 - TPIR\/NSENGIMANA - UN ENQUETEUR RWANDAIS DE LA DEFENSE DEMANDE A ETRE PROTEGE - JusticeInfo.net\",\"isPartOf\":{\"@id\":\"https:\/\/www.justiceinfo.net\/fr#website\"},\"datePublished\":\"2008-02-11T22:00:00+00:00\",\"breadcrumb\":{\"@id\":\"https:\/\/www.justiceinfo.net\/fr\/8912-120208-tpirnsengimana-un-enqueteur-rwandais-de-la-defense-demande-a-etre-protege5713.html#breadcrumb\"},\"inLanguage\":\"fr-FR\",\"potentialAction\":[{\"@type\":\"ReadAction\",\"target\":[\"https:\/\/www.justiceinfo.net\/fr\/8912-120208-tpirnsengimana-un-enqueteur-rwandais-de-la-defense-demande-a-etre-protege5713.html\"]}]},{\"@type\":\"BreadcrumbList\",\"@id\":\"https:\/\/www.justiceinfo.net\/fr\/8912-120208-tpirnsengimana-un-enqueteur-rwandais-de-la-defense-demande-a-etre-protege5713.html#breadcrumb\",\"itemListElement\":[{\"@type\":\"ListItem\",\"position\":1,\"name\":\"Home\",\"item\":\"https:\/\/www.justiceinfo.net\/fr\"},{\"@type\":\"ListItem\",\"position\":2,\"name\":\"12.02.08 - TPIR\/NSENGIMANA - UN ENQUETEUR RWANDAIS DE LA DEFENSE DEMANDE A ETRE PROTEGE\"}]},{\"@type\":\"WebSite\",\"@id\":\"https:\/\/www.justiceinfo.net\/fr#website\",\"url\":\"https:\/\/www.justiceinfo.net\/fr\",\"name\":\"JusticeInfo.net\",\"description\":\"La justice doit \u00eatre vue pour \u00eatre rendue\",\"publisher\":{\"@id\":\"https:\/\/www.justiceinfo.net\/fr#organization\"},\"potentialAction\":[{\"@type\":\"SearchAction\",\"target\":{\"@type\":\"EntryPoint\",\"urlTemplate\":\"https:\/\/www.justiceinfo.net\/fr?s={search_term_string}\"},\"query-input\":{\"@type\":\"PropertyValueSpecification\",\"valueRequired\":true,\"valueName\":\"search_term_string\"}}],\"inLanguage\":\"fr-FR\"},{\"@type\":\"Organization\",\"@id\":\"https:\/\/www.justiceinfo.net\/fr#organization\",\"name\":\"Justice Info\",\"url\":\"https:\/\/www.justiceinfo.net\/fr\",\"logo\":{\"@type\":\"ImageObject\",\"inLanguage\":\"fr-FR\",\"@id\":\"https:\/\/www.justiceinfo.net\/fr#\/schema\/logo\/image\/\",\"url\":\"https:\/\/www.justiceinfo.net\/wp-content\/uploads\/justiceinfo_logo-trans_1200x1200px.png\",\"contentUrl\":\"https:\/\/www.justiceinfo.net\/wp-content\/uploads\/justiceinfo_logo-trans_1200x1200px.png\",\"width\":1199,\"height\":1200,\"caption\":\"Justice Info\"},\"image\":{\"@id\":\"https:\/\/www.justiceinfo.net\/fr#\/schema\/logo\/image\/\"},\"sameAs\":[\"https:\/\/www.facebook.com\/JusticeInfo\/\",\"https:\/\/x.com\/justiceinfonet\",\"https:\/\/www.linkedin.com\/company\/justice-info\",\"https:\/\/www.youtube.com\/channel\/UCyCEsARodyuWtkWyhn-e7pA\"]},{\"@type\":\"Person\",\"name\":\"solivri\",\"url\":\"\/fr\/?s=solivri\"}]}<\/script>\n<!-- \/ Yoast SEO Premium plugin. -->","yoast_head_json":{"title":"12.02.08 - TPIR\/NSENGIMANA - UN ENQUETEUR RWANDAIS DE LA DEFENSE DEMANDE A ETRE PROTEGE - JusticeInfo.net","robots":{"index":"index","follow":"follow","max-snippet":"max-snippet:-1","max-image-preview":"max-image-preview:large","max-video-preview":"max-video-preview:-1"},"canonical":"https:\/\/www.justiceinfo.net\/fr\/8912-120208-tpirnsengimana-un-enqueteur-rwandais-de-la-defense-demande-a-etre-protege5713.html","og_locale":"fr_FR","og_type":"article","og_title":"12.02.08 - TPIR\/NSENGIMANA - UN ENQUETEUR RWANDAIS DE LA DEFENSE DEMANDE A ETRE PROTEGE","og_description":"Arusha, 12 f&eacute;vrier 2008 (FH) - Les avocats de l&rsquo;abb&eacute; Hormisdas Nsengimana en proc&egrave;s devant le Tribunal p&eacute;nal international pour le Rwanda (TPIR) ont demand&eacute; &agrave; ce que leur enqu&ecirc;teur rwandais soup&ccedil;onn&eacute; d&rsquo;avoir tent&eacute; d&#39;intimider des t&eacute;moins, puisse b&eacute;n&eacute;ficier de la protection des Nations Unies, a-t-on appris mardi.","og_url":"https:\/\/www.justiceinfo.net\/fr\/8912-120208-tpirnsengimana-un-enqueteur-rwandais-de-la-defense-demande-a-etre-protege5713.html","og_site_name":"JusticeInfo.net","article_publisher":"https:\/\/www.facebook.com\/JusticeInfo\/","article_published_time":"2008-02-11T22:00:00+00:00","og_image":[{"width":1200,"height":630,"url":"https:\/\/www.justiceinfo.net\/wp-content\/uploads\/JusticeInfoNet_logo_1200x630px.jpg","type":"image\/jpeg"}],"author":"solivri","twitter_card":"summary_large_image","twitter_creator":"@justiceinfonet","twitter_site":"@justiceinfonet","twitter_misc":{"\u00c9crit par":"solivri","Dur\u00e9e de lecture estim\u00e9e":"3 minutes"},"schema":{"@context":"https:\/\/schema.org","@graph":[{"@type":"NewsArticle","@id":"https:\/\/www.justiceinfo.net\/fr\/8912-120208-tpirnsengimana-un-enqueteur-rwandais-de-la-defense-demande-a-etre-protege5713.html#article","isPartOf":{"@id":"https:\/\/www.justiceinfo.net\/fr\/8912-120208-tpirnsengimana-un-enqueteur-rwandais-de-la-defense-demande-a-etre-protege5713.html"},"author":{"name":"solivri","@id":"https:\/\/www.justiceinfo.net\/fr#\/schema\/person\/6e53cba1629e2e66f3fc1821d3091865"},"headline":"12.02.08 - TPIR\/NSENGIMANA - UN ENQUETEUR RWANDAIS DE LA DEFENSE DEMANDE A ETRE PROTEGE","datePublished":"2008-02-11T22:00:00+00:00","mainEntityOfPage":{"@id":"https:\/\/www.justiceinfo.net\/fr\/8912-120208-tpirnsengimana-un-enqueteur-rwandais-de-la-defense-demande-a-etre-protege5713.html"},"wordCount":615,"commentCount":0,"publisher":{"@id":"https:\/\/www.justiceinfo.net\/fr#organization"},"articleSection":["Hirondelle News"],"inLanguage":"fr-FR","potentialAction":[{"@type":"CommentAction","name":"Comment","target":["https:\/\/www.justiceinfo.net\/fr\/8912-120208-tpirnsengimana-un-enqueteur-rwandais-de-la-defense-demande-a-etre-protege5713.html#respond"]}]},{"@type":"WebPage","@id":"https:\/\/www.justiceinfo.net\/fr\/8912-120208-tpirnsengimana-un-enqueteur-rwandais-de-la-defense-demande-a-etre-protege5713.html","url":"https:\/\/www.justiceinfo.net\/fr\/8912-120208-tpirnsengimana-un-enqueteur-rwandais-de-la-defense-demande-a-etre-protege5713.html","name":"12.02.08 - TPIR\/NSENGIMANA - UN ENQUETEUR RWANDAIS DE LA DEFENSE DEMANDE A ETRE PROTEGE - JusticeInfo.net","isPartOf":{"@id":"https:\/\/www.justiceinfo.net\/fr#website"},"datePublished":"2008-02-11T22:00:00+00:00","breadcrumb":{"@id":"https:\/\/www.justiceinfo.net\/fr\/8912-120208-tpirnsengimana-un-enqueteur-rwandais-de-la-defense-demande-a-etre-protege5713.html#breadcrumb"},"inLanguage":"fr-FR","potentialAction":[{"@type":"ReadAction","target":["https:\/\/www.justiceinfo.net\/fr\/8912-120208-tpirnsengimana-un-enqueteur-rwandais-de-la-defense-demande-a-etre-protege5713.html"]}]},{"@type":"BreadcrumbList","@id":"https:\/\/www.justiceinfo.net\/fr\/8912-120208-tpirnsengimana-un-enqueteur-rwandais-de-la-defense-demande-a-etre-protege5713.html#breadcrumb","itemListElement":[{"@type":"ListItem","position":1,"name":"Home","item":"https:\/\/www.justiceinfo.net\/fr"},{"@type":"ListItem","position":2,"name":"12.02.08 - TPIR\/NSENGIMANA - UN ENQUETEUR RWANDAIS DE LA DEFENSE DEMANDE A ETRE PROTEGE"}]},{"@type":"WebSite","@id":"https:\/\/www.justiceinfo.net\/fr#website","url":"https:\/\/www.justiceinfo.net\/fr","name":"JusticeInfo.net","description":"La justice doit \u00eatre vue pour \u00eatre rendue","publisher":{"@id":"https:\/\/www.justiceinfo.net\/fr#organization"},"potentialAction":[{"@type":"SearchAction","target":{"@type":"EntryPoint","urlTemplate":"https:\/\/www.justiceinfo.net\/fr?s={search_term_string}"},"query-input":{"@type":"PropertyValueSpecification","valueRequired":true,"valueName":"search_term_string"}}],"inLanguage":"fr-FR"},{"@type":"Organization","@id":"https:\/\/www.justiceinfo.net\/fr#organization","name":"Justice Info","url":"https:\/\/www.justiceinfo.net\/fr","logo":{"@type":"ImageObject","inLanguage":"fr-FR","@id":"https:\/\/www.justiceinfo.net\/fr#\/schema\/logo\/image\/","url":"https:\/\/www.justiceinfo.net\/wp-content\/uploads\/justiceinfo_logo-trans_1200x1200px.png","contentUrl":"https:\/\/www.justiceinfo.net\/wp-content\/uploads\/justiceinfo_logo-trans_1200x1200px.png","width":1199,"height":1200,"caption":"Justice Info"},"image":{"@id":"https:\/\/www.justiceinfo.net\/fr#\/schema\/logo\/image\/"},"sameAs":["https:\/\/www.facebook.com\/JusticeInfo\/","https:\/\/x.com\/justiceinfonet","https:\/\/www.linkedin.com\/company\/justice-info","https:\/\/www.youtube.com\/channel\/UCyCEsARodyuWtkWyhn-e7pA"]},{"@type":"Person","name":"solivri","url":"\/fr\/?s=solivri"}]}},"_links":{"self":[{"href":"https:\/\/www.justiceinfo.net\/fr\/wp-json\/wp\/v2\/posts\/8912","targetHints":{"allow":["GET"]}}],"collection":[{"href":"https:\/\/www.justiceinfo.net\/fr\/wp-json\/wp\/v2\/posts"}],"about":[{"href":"https:\/\/www.justiceinfo.net\/fr\/wp-json\/wp\/v2\/types\/post"}],"author":[{"embeddable":true,"href":"https:\/\/www.justiceinfo.net\/fr\/wp-json\/wp\/v2\/users\/64"}],"replies":[{"embeddable":true,"href":"https:\/\/www.justiceinfo.net\/fr\/wp-json\/wp\/v2\/comments?post=8912"}],"version-history":[{"count":0,"href":"https:\/\/www.justiceinfo.net\/fr\/wp-json\/wp\/v2\/posts\/8912\/revisions"}],"wp:attachment":[{"href":"https:\/\/www.justiceinfo.net\/fr\/wp-json\/wp\/v2\/media?parent=8912"}],"wp:term":[{"taxonomy":"category","embeddable":true,"href":"https:\/\/www.justiceinfo.net\/fr\/wp-json\/wp\/v2\/categories?post=8912"},{"taxonomy":"post_tag","embeddable":true,"href":"https:\/\/www.justiceinfo.net\/fr\/wp-json\/wp\/v2\/tags?post=8912"},{"taxonomy":"ji_location","embeddable":true,"href":"https:\/\/www.justiceinfo.net\/fr\/wp-json\/wp\/v2\/ji_location?post=8912"}],"curies":[{"name":"wp","href":"https:\/\/api.w.org\/{rel}","templated":true}]}}