{"id":8914,"date":"2008-02-11T23:00:00","date_gmt":"2008-02-11T22:00:00","guid":{"rendered":"https:\/\/www.justiceinfo.net\/8914-120208-tpirgouvernement-ii-lex-ministre-mugiraneza-commence-sa-defense-la-semaine-prochaine5715.html"},"modified":"2008-02-11T23:00:00","modified_gmt":"2008-02-11T22:00:00","slug":"120208-tpirgouvernement-ii-lex-ministre-mugiraneza-commence-sa-defense-la-semaine-prochaine5715","status":"publish","type":"post","link":"https:\/\/www.justiceinfo.net\/fr\/8914-120208-tpirgouvernement-ii-lex-ministre-mugiraneza-commence-sa-defense-la-semaine-prochaine5715.html","title":{"rendered":"12.02.08 - TPIR\/GOUVERNEMENT II - L\u2019EX-MINISTRE MUGIRANEZA COMMENCE SA DEFENSE LA SEMAINE PROCHAINE"},"content":{"rendered":"<p>Arusha, 12 f&eacute;vrier 2008 (FH) - L&rsquo;ex-ministre rwandais de la Fonction publique, Prosper Mugiraneza, accus&eacute; de g&eacute;nocide, commencera &agrave; pr&eacute;senter sa d&eacute;fense la semaine prochaine, a-t-on appris mardi devant le Tribunal p&eacute;nal international pour le Rwanda (TPIR).<br \/>\n<!--more--><\/p>\n<p>&nbsp;<\/p>\n<p>Mugiraneza, 50 ans, est jug&eacute; avec trois de ses coll&egrave;gues membres du gouvernement int&eacute;rimaire en place entre avril et juillet 1994. Ce sera le dernier accus&eacute; &agrave; citer des t&eacute;moins &agrave; d&eacute;charge dans ce proc&egrave;s dit &laquo; Gouvernement II &raquo;, qui a commenc&eacute; le 6 novembre 2003. <\/p>\n<p>Son avocat, l&rsquo;Am&eacute;ricain Me Tom Moran, a annonc&eacute; que les quatre premiers t&eacute;moins arriveront &agrave; Arusha lundi dans l&rsquo;apr&egrave;s-midi et qu&rsquo;ils devraient logiquement commencer &agrave; d&eacute;poser le lendemain. <\/p>\n<p>La juge pr&eacute;sidente, Khalida Rachid Khan, a demand&eacute; &agrave; l&rsquo;avocat de contacter la section de protection des t&eacute;moins afin que ces derniers puissent voyager vendredi. La chambre ne perdrait pas ainsi la matin&eacute;e de lundi, a-t-elle indiqu&eacute;. <\/p>\n<p>Les coaccus&eacute;s de Mugiraneza sont l&rsquo;ancien ministre de la sant&eacute;, Casimir Bizimungu, celui du commerce, Justin Mugenzi, et celui des affaires &eacute;trang&egrave;res J&eacute;r&ocirc;me Cl&eacute;ment Bicamumpaka. <\/p>\n<p>Mardi, Bicamumpaka a suspendu la pr&eacute;sentation de ses t&eacute;moins &agrave; d&eacute;charge en attendant que ceux qui restent se pr&eacute;sentent &eacute;ventuellement. Parmi eux figurent l&rsquo;ancien ambassadeur de Belgique au Rwanda, Johann Swinnen, actueles repr&eacute;sentant du royaume de Belgique en RDC. &laquo; Nous attendons que les autorit&eacute;s belges nous situent sur ce t&eacute;moin &raquo;, a d&eacute;clar&eacute; Me Philippe La Rochelle (Canada), un des avocats de Bicamumpaka. <\/p>\n<p>La chambre lui a d&eacute;j&agrave; adress&eacute; une citation &agrave; compara&icirc;tre mais aucune date n&rsquo;a &eacute;t&eacute; fix&eacute;e pour son t&eacute;moignage. Me La Rochelle a &eacute;galement &eacute;voqu&eacute; des difficult&eacute;s qu&rsquo;il &eacute;prouve &agrave; rencontrer des diplomates et hauts fonctionnaires fran&ccedil;ais, t&eacute;moins potentiels pour son client. <\/p>\n<p>Bicamumpaka compte &eacute;galement sur sa liste un ancien t&eacute;moin de l&rsquo;accusation qui s&rsquo;est r&eacute;tract&eacute;. <\/p>\n<p>Le t&eacute;moin entendu mardi, Willem Albert Wagenaar, est un expert psychologue. Selon Me Michel Croteau (Canada), l&rsquo;avocat principal de Bicamumpaka, ce t&eacute;moignage &eacute;tait destin&eacute; &agrave; d&eacute;montrer que la preuve par identification pr&eacute;sent&eacute;e par le procureur n&rsquo;&eacute;tait pas satisfaisante. <\/p>\n<p>AT\/PB\/GF <\/p>\n<p>&copy; Agence Hirondelle<\/p>\n","protected":false},"excerpt":{"rendered":"<p>Arusha, 12 f&eacute;vrier 2008 (FH) - L&rsquo;ex-ministre rwandais de la Fonction publique, Prosper Mugiraneza, accus&eacute; de g&eacute;nocide, commencera &agrave; pr&eacute;senter sa d&eacute;fense la semaine prochaine, a-t-on appris mardi devant le Tribunal p&eacute;nal international pour le Rwanda (TPIR).<\/p>\n","protected":false},"author":64,"featured_media":0,"comment_status":"open","ping_status":"closed","sticky":false,"template":"","format":"standard","meta":{"_acf_changed":false,"footnotes":""},"categories":[554],"tags":[],"ji_location":[],"class_list":["post-8914","post","type-post","status-publish","format-standard","hentry","category-hirondellenews"],"acf":[],"yoast_head":"<!-- This site is optimized with the Yoast SEO Premium plugin v25.3.1 (Yoast SEO v25.3.1) - https:\/\/yoast.com\/wordpress\/plugins\/seo\/ -->\n<title>12.02.08 - TPIR\/GOUVERNEMENT II - L\u2019EX-MINISTRE MUGIRANEZA COMMENCE SA DEFENSE LA SEMAINE PROCHAINE - JusticeInfo.net<\/title>\n<meta name=\"robots\" content=\"index, follow, max-snippet:-1, max-image-preview:large, max-video-preview:-1\" \/>\n<link rel=\"canonical\" href=\"https:\/\/www.justiceinfo.net\/fr\/8914-120208-tpirgouvernement-ii-lex-ministre-mugiraneza-commence-sa-defense-la-semaine-prochaine5715.html\" \/>\n<meta property=\"og:locale\" content=\"fr_FR\" \/>\n<meta property=\"og:type\" content=\"article\" \/>\n<meta property=\"og:title\" content=\"12.02.08 - TPIR\/GOUVERNEMENT II - L\u2019EX-MINISTRE MUGIRANEZA COMMENCE SA DEFENSE LA SEMAINE PROCHAINE\" \/>\n<meta property=\"og:description\" content=\"Arusha, 12 f&eacute;vrier 2008 (FH) - L&rsquo;ex-ministre rwandais de la Fonction publique, Prosper Mugiraneza, accus&eacute; de g&eacute;nocide, commencera &agrave; pr&eacute;senter sa d&eacute;fense la semaine prochaine, a-t-on appris mardi devant le Tribunal p&eacute;nal international pour le Rwanda (TPIR).\" \/>\n<meta property=\"og:url\" content=\"https:\/\/www.justiceinfo.net\/fr\/8914-120208-tpirgouvernement-ii-lex-ministre-mugiraneza-commence-sa-defense-la-semaine-prochaine5715.html\" \/>\n<meta property=\"og:site_name\" content=\"JusticeInfo.net\" \/>\n<meta property=\"article:publisher\" content=\"https:\/\/www.facebook.com\/JusticeInfo\/\" \/>\n<meta property=\"article:published_time\" content=\"2008-02-11T22:00:00+00:00\" \/>\n<meta property=\"og:image\" content=\"https:\/\/www.justiceinfo.net\/wp-content\/uploads\/JusticeInfoNet_logo_1200x630px.jpg\" \/>\n\t<meta property=\"og:image:width\" content=\"1200\" \/>\n\t<meta property=\"og:image:height\" content=\"630\" \/>\n\t<meta property=\"og:image:type\" content=\"image\/jpeg\" \/>\n<meta name=\"author\" content=\"solivri\" \/>\n<meta name=\"twitter:card\" content=\"summary_large_image\" \/>\n<meta name=\"twitter:creator\" content=\"@justiceinfonet\" \/>\n<meta name=\"twitter:site\" content=\"@justiceinfonet\" \/>\n<meta name=\"twitter:label1\" content=\"\u00c9crit par\" \/>\n\t<meta name=\"twitter:data1\" content=\"solivri\" \/>\n\t<meta name=\"twitter:label2\" content=\"Dur\u00e9e de lecture estim\u00e9e\" \/>\n\t<meta name=\"twitter:data2\" content=\"2 minutes\" \/>\n<script type=\"application\/ld+json\" class=\"yoast-schema-graph\">{\"@context\":\"https:\/\/schema.org\",\"@graph\":[{\"@type\":\"NewsArticle\",\"@id\":\"https:\/\/www.justiceinfo.net\/fr\/8914-120208-tpirgouvernement-ii-lex-ministre-mugiraneza-commence-sa-defense-la-semaine-prochaine5715.html#article\",\"isPartOf\":{\"@id\":\"https:\/\/www.justiceinfo.net\/fr\/8914-120208-tpirgouvernement-ii-lex-ministre-mugiraneza-commence-sa-defense-la-semaine-prochaine5715.html\"},\"author\":{\"name\":\"solivri\",\"@id\":\"https:\/\/www.justiceinfo.net\/fr#\/schema\/person\/6e53cba1629e2e66f3fc1821d3091865\"},\"headline\":\"12.02.08 - TPIR\/GOUVERNEMENT II - L\u2019EX-MINISTRE MUGIRANEZA COMMENCE SA DEFENSE LA SEMAINE PROCHAINE\",\"datePublished\":\"2008-02-11T22:00:00+00:00\",\"mainEntityOfPage\":{\"@id\":\"https:\/\/www.justiceinfo.net\/fr\/8914-120208-tpirgouvernement-ii-lex-ministre-mugiraneza-commence-sa-defense-la-semaine-prochaine5715.html\"},\"wordCount\":485,\"commentCount\":0,\"publisher\":{\"@id\":\"https:\/\/www.justiceinfo.net\/fr#organization\"},\"articleSection\":[\"Hirondelle News\"],\"inLanguage\":\"fr-FR\",\"potentialAction\":[{\"@type\":\"CommentAction\",\"name\":\"Comment\",\"target\":[\"https:\/\/www.justiceinfo.net\/fr\/8914-120208-tpirgouvernement-ii-lex-ministre-mugiraneza-commence-sa-defense-la-semaine-prochaine5715.html#respond\"]}]},{\"@type\":\"WebPage\",\"@id\":\"https:\/\/www.justiceinfo.net\/fr\/8914-120208-tpirgouvernement-ii-lex-ministre-mugiraneza-commence-sa-defense-la-semaine-prochaine5715.html\",\"url\":\"https:\/\/www.justiceinfo.net\/fr\/8914-120208-tpirgouvernement-ii-lex-ministre-mugiraneza-commence-sa-defense-la-semaine-prochaine5715.html\",\"name\":\"12.02.08 - TPIR\/GOUVERNEMENT II - L\u2019EX-MINISTRE MUGIRANEZA COMMENCE SA DEFENSE LA SEMAINE PROCHAINE - JusticeInfo.net\",\"isPartOf\":{\"@id\":\"https:\/\/www.justiceinfo.net\/fr#website\"},\"datePublished\":\"2008-02-11T22:00:00+00:00\",\"breadcrumb\":{\"@id\":\"https:\/\/www.justiceinfo.net\/fr\/8914-120208-tpirgouvernement-ii-lex-ministre-mugiraneza-commence-sa-defense-la-semaine-prochaine5715.html#breadcrumb\"},\"inLanguage\":\"fr-FR\",\"potentialAction\":[{\"@type\":\"ReadAction\",\"target\":[\"https:\/\/www.justiceinfo.net\/fr\/8914-120208-tpirgouvernement-ii-lex-ministre-mugiraneza-commence-sa-defense-la-semaine-prochaine5715.html\"]}]},{\"@type\":\"BreadcrumbList\",\"@id\":\"https:\/\/www.justiceinfo.net\/fr\/8914-120208-tpirgouvernement-ii-lex-ministre-mugiraneza-commence-sa-defense-la-semaine-prochaine5715.html#breadcrumb\",\"itemListElement\":[{\"@type\":\"ListItem\",\"position\":1,\"name\":\"Home\",\"item\":\"https:\/\/www.justiceinfo.net\/fr\"},{\"@type\":\"ListItem\",\"position\":2,\"name\":\"12.02.08 - TPIR\/GOUVERNEMENT II - L\u2019EX-MINISTRE MUGIRANEZA COMMENCE SA DEFENSE LA SEMAINE PROCHAINE\"}]},{\"@type\":\"WebSite\",\"@id\":\"https:\/\/www.justiceinfo.net\/fr#website\",\"url\":\"https:\/\/www.justiceinfo.net\/fr\",\"name\":\"JusticeInfo.net\",\"description\":\"La justice doit \u00eatre vue pour \u00eatre rendue\",\"publisher\":{\"@id\":\"https:\/\/www.justiceinfo.net\/fr#organization\"},\"potentialAction\":[{\"@type\":\"SearchAction\",\"target\":{\"@type\":\"EntryPoint\",\"urlTemplate\":\"https:\/\/www.justiceinfo.net\/fr?s={search_term_string}\"},\"query-input\":{\"@type\":\"PropertyValueSpecification\",\"valueRequired\":true,\"valueName\":\"search_term_string\"}}],\"inLanguage\":\"fr-FR\"},{\"@type\":\"Organization\",\"@id\":\"https:\/\/www.justiceinfo.net\/fr#organization\",\"name\":\"Justice Info\",\"url\":\"https:\/\/www.justiceinfo.net\/fr\",\"logo\":{\"@type\":\"ImageObject\",\"inLanguage\":\"fr-FR\",\"@id\":\"https:\/\/www.justiceinfo.net\/fr#\/schema\/logo\/image\/\",\"url\":\"https:\/\/www.justiceinfo.net\/wp-content\/uploads\/justiceinfo_logo-trans_1200x1200px.png\",\"contentUrl\":\"https:\/\/www.justiceinfo.net\/wp-content\/uploads\/justiceinfo_logo-trans_1200x1200px.png\",\"width\":1199,\"height\":1200,\"caption\":\"Justice Info\"},\"image\":{\"@id\":\"https:\/\/www.justiceinfo.net\/fr#\/schema\/logo\/image\/\"},\"sameAs\":[\"https:\/\/www.facebook.com\/JusticeInfo\/\",\"https:\/\/x.com\/justiceinfonet\",\"https:\/\/www.linkedin.com\/company\/justice-info\",\"https:\/\/www.youtube.com\/channel\/UCyCEsARodyuWtkWyhn-e7pA\"]},{\"@type\":\"Person\",\"name\":\"solivri\",\"url\":\"\/fr\/?s=solivri\"}]}<\/script>\n<!-- \/ Yoast SEO Premium plugin. -->","yoast_head_json":{"title":"12.02.08 - TPIR\/GOUVERNEMENT II - L\u2019EX-MINISTRE MUGIRANEZA COMMENCE SA DEFENSE LA SEMAINE PROCHAINE - JusticeInfo.net","robots":{"index":"index","follow":"follow","max-snippet":"max-snippet:-1","max-image-preview":"max-image-preview:large","max-video-preview":"max-video-preview:-1"},"canonical":"https:\/\/www.justiceinfo.net\/fr\/8914-120208-tpirgouvernement-ii-lex-ministre-mugiraneza-commence-sa-defense-la-semaine-prochaine5715.html","og_locale":"fr_FR","og_type":"article","og_title":"12.02.08 - TPIR\/GOUVERNEMENT II - L\u2019EX-MINISTRE MUGIRANEZA COMMENCE SA DEFENSE LA SEMAINE PROCHAINE","og_description":"Arusha, 12 f&eacute;vrier 2008 (FH) - L&rsquo;ex-ministre rwandais de la Fonction publique, Prosper Mugiraneza, accus&eacute; de g&eacute;nocide, commencera &agrave; pr&eacute;senter sa d&eacute;fense la semaine prochaine, a-t-on appris mardi devant le Tribunal p&eacute;nal international pour le Rwanda (TPIR).","og_url":"https:\/\/www.justiceinfo.net\/fr\/8914-120208-tpirgouvernement-ii-lex-ministre-mugiraneza-commence-sa-defense-la-semaine-prochaine5715.html","og_site_name":"JusticeInfo.net","article_publisher":"https:\/\/www.facebook.com\/JusticeInfo\/","article_published_time":"2008-02-11T22:00:00+00:00","og_image":[{"width":1200,"height":630,"url":"https:\/\/www.justiceinfo.net\/wp-content\/uploads\/JusticeInfoNet_logo_1200x630px.jpg","type":"image\/jpeg"}],"author":"solivri","twitter_card":"summary_large_image","twitter_creator":"@justiceinfonet","twitter_site":"@justiceinfonet","twitter_misc":{"\u00c9crit par":"solivri","Dur\u00e9e de lecture estim\u00e9e":"2 minutes"},"schema":{"@context":"https:\/\/schema.org","@graph":[{"@type":"NewsArticle","@id":"https:\/\/www.justiceinfo.net\/fr\/8914-120208-tpirgouvernement-ii-lex-ministre-mugiraneza-commence-sa-defense-la-semaine-prochaine5715.html#article","isPartOf":{"@id":"https:\/\/www.justiceinfo.net\/fr\/8914-120208-tpirgouvernement-ii-lex-ministre-mugiraneza-commence-sa-defense-la-semaine-prochaine5715.html"},"author":{"name":"solivri","@id":"https:\/\/www.justiceinfo.net\/fr#\/schema\/person\/6e53cba1629e2e66f3fc1821d3091865"},"headline":"12.02.08 - TPIR\/GOUVERNEMENT II - L\u2019EX-MINISTRE MUGIRANEZA COMMENCE SA DEFENSE LA SEMAINE PROCHAINE","datePublished":"2008-02-11T22:00:00+00:00","mainEntityOfPage":{"@id":"https:\/\/www.justiceinfo.net\/fr\/8914-120208-tpirgouvernement-ii-lex-ministre-mugiraneza-commence-sa-defense-la-semaine-prochaine5715.html"},"wordCount":485,"commentCount":0,"publisher":{"@id":"https:\/\/www.justiceinfo.net\/fr#organization"},"articleSection":["Hirondelle News"],"inLanguage":"fr-FR","potentialAction":[{"@type":"CommentAction","name":"Comment","target":["https:\/\/www.justiceinfo.net\/fr\/8914-120208-tpirgouvernement-ii-lex-ministre-mugiraneza-commence-sa-defense-la-semaine-prochaine5715.html#respond"]}]},{"@type":"WebPage","@id":"https:\/\/www.justiceinfo.net\/fr\/8914-120208-tpirgouvernement-ii-lex-ministre-mugiraneza-commence-sa-defense-la-semaine-prochaine5715.html","url":"https:\/\/www.justiceinfo.net\/fr\/8914-120208-tpirgouvernement-ii-lex-ministre-mugiraneza-commence-sa-defense-la-semaine-prochaine5715.html","name":"12.02.08 - TPIR\/GOUVERNEMENT II - L\u2019EX-MINISTRE MUGIRANEZA COMMENCE SA DEFENSE LA SEMAINE PROCHAINE - JusticeInfo.net","isPartOf":{"@id":"https:\/\/www.justiceinfo.net\/fr#website"},"datePublished":"2008-02-11T22:00:00+00:00","breadcrumb":{"@id":"https:\/\/www.justiceinfo.net\/fr\/8914-120208-tpirgouvernement-ii-lex-ministre-mugiraneza-commence-sa-defense-la-semaine-prochaine5715.html#breadcrumb"},"inLanguage":"fr-FR","potentialAction":[{"@type":"ReadAction","target":["https:\/\/www.justiceinfo.net\/fr\/8914-120208-tpirgouvernement-ii-lex-ministre-mugiraneza-commence-sa-defense-la-semaine-prochaine5715.html"]}]},{"@type":"BreadcrumbList","@id":"https:\/\/www.justiceinfo.net\/fr\/8914-120208-tpirgouvernement-ii-lex-ministre-mugiraneza-commence-sa-defense-la-semaine-prochaine5715.html#breadcrumb","itemListElement":[{"@type":"ListItem","position":1,"name":"Home","item":"https:\/\/www.justiceinfo.net\/fr"},{"@type":"ListItem","position":2,"name":"12.02.08 - TPIR\/GOUVERNEMENT II - L\u2019EX-MINISTRE MUGIRANEZA COMMENCE SA DEFENSE LA SEMAINE PROCHAINE"}]},{"@type":"WebSite","@id":"https:\/\/www.justiceinfo.net\/fr#website","url":"https:\/\/www.justiceinfo.net\/fr","name":"JusticeInfo.net","description":"La justice doit \u00eatre vue pour \u00eatre rendue","publisher":{"@id":"https:\/\/www.justiceinfo.net\/fr#organization"},"potentialAction":[{"@type":"SearchAction","target":{"@type":"EntryPoint","urlTemplate":"https:\/\/www.justiceinfo.net\/fr?s={search_term_string}"},"query-input":{"@type":"PropertyValueSpecification","valueRequired":true,"valueName":"search_term_string"}}],"inLanguage":"fr-FR"},{"@type":"Organization","@id":"https:\/\/www.justiceinfo.net\/fr#organization","name":"Justice Info","url":"https:\/\/www.justiceinfo.net\/fr","logo":{"@type":"ImageObject","inLanguage":"fr-FR","@id":"https:\/\/www.justiceinfo.net\/fr#\/schema\/logo\/image\/","url":"https:\/\/www.justiceinfo.net\/wp-content\/uploads\/justiceinfo_logo-trans_1200x1200px.png","contentUrl":"https:\/\/www.justiceinfo.net\/wp-content\/uploads\/justiceinfo_logo-trans_1200x1200px.png","width":1199,"height":1200,"caption":"Justice Info"},"image":{"@id":"https:\/\/www.justiceinfo.net\/fr#\/schema\/logo\/image\/"},"sameAs":["https:\/\/www.facebook.com\/JusticeInfo\/","https:\/\/x.com\/justiceinfonet","https:\/\/www.linkedin.com\/company\/justice-info","https:\/\/www.youtube.com\/channel\/UCyCEsARodyuWtkWyhn-e7pA"]},{"@type":"Person","name":"solivri","url":"\/fr\/?s=solivri"}]}},"_links":{"self":[{"href":"https:\/\/www.justiceinfo.net\/fr\/wp-json\/wp\/v2\/posts\/8914","targetHints":{"allow":["GET"]}}],"collection":[{"href":"https:\/\/www.justiceinfo.net\/fr\/wp-json\/wp\/v2\/posts"}],"about":[{"href":"https:\/\/www.justiceinfo.net\/fr\/wp-json\/wp\/v2\/types\/post"}],"author":[{"embeddable":true,"href":"https:\/\/www.justiceinfo.net\/fr\/wp-json\/wp\/v2\/users\/64"}],"replies":[{"embeddable":true,"href":"https:\/\/www.justiceinfo.net\/fr\/wp-json\/wp\/v2\/comments?post=8914"}],"version-history":[{"count":0,"href":"https:\/\/www.justiceinfo.net\/fr\/wp-json\/wp\/v2\/posts\/8914\/revisions"}],"wp:attachment":[{"href":"https:\/\/www.justiceinfo.net\/fr\/wp-json\/wp\/v2\/media?parent=8914"}],"wp:term":[{"taxonomy":"category","embeddable":true,"href":"https:\/\/www.justiceinfo.net\/fr\/wp-json\/wp\/v2\/categories?post=8914"},{"taxonomy":"post_tag","embeddable":true,"href":"https:\/\/www.justiceinfo.net\/fr\/wp-json\/wp\/v2\/tags?post=8914"},{"taxonomy":"ji_location","embeddable":true,"href":"https:\/\/www.justiceinfo.net\/fr\/wp-json\/wp\/v2\/ji_location?post=8914"}],"curies":[{"name":"wp","href":"https:\/\/api.w.org\/{rel}","templated":true}]}}