{"id":8926,"date":"2008-02-13T23:00:00","date_gmt":"2008-02-13T22:00:00","guid":{"rendered":"https:\/\/www.justiceinfo.net\/8926-140208-tpirmilitaires-ii-des-refugies-burundais-ont-attaque-des-tutsis-au-rwanda5727.html"},"modified":"2008-02-13T23:00:00","modified_gmt":"2008-02-13T22:00:00","slug":"140208-tpirmilitaires-ii-des-refugies-burundais-ont-attaque-des-tutsis-au-rwanda5727","status":"publish","type":"post","link":"https:\/\/www.justiceinfo.net\/fr\/8926-140208-tpirmilitaires-ii-des-refugies-burundais-ont-attaque-des-tutsis-au-rwanda5727.html","title":{"rendered":"14.02.08 - TPIR\/MILITAIRES II - DES REFUGIES BURUNDAIS ONT ATTAQUE DES TUTSIS AU RWANDA"},"content":{"rendered":"<p>Arusha, 14 f&eacute;vrier 2008 (FH) - Des r&eacute;fugi&eacute;s hutus burundais ont dirig&eacute; en avril 1994 une attaque contre des Tutsis dans le sud du Rwanda, selon un t&eacute;moin entendu jeudi par une chambre du Tribunal p&eacute;nal international pour le Rwanda (TPIR).<br \/>\n<!--more--><\/p>\n<p>\nSelon le t&eacute;moin qui d&eacute;posait sous le nom de code CBP-77 pour des raisons de s&eacute;curit&eacute;, l&rsquo;attaque a &eacute;t&eacute; lanc&eacute;e autour du 20 avril 1994 sur l&rsquo;&eacute;glise paroissiale de Kansi o&ugrave; plusieurs Tutsis avaient cherch&eacute; refuge. <\/p>\n<p>&laquo; J&rsquo;ai pu constater que ce sont ces r&eacute;fugi&eacute;s (burundais) qui &eacute;taient &agrave; la t&ecirc;te, ils &eacute;taient en fait les meneurs de l&rsquo;attaque &raquo;, a d&eacute;clar&eacute; le t&eacute;moin, soulignant qu&rsquo;ils &eacute;taient arm&eacute;s de fusils. <\/p>\n<p>En revanche, il rejet&eacute; les all&eacute;gations du procureur selon lesquelles des gendarmes auraient particip&eacute; &agrave; cet assaut. <\/p>\n<p>&laquo; Je connaissais l&rsquo;uniforme des gendarmes, s&rsquo;ils avaient &eacute;t&eacute; l&agrave;, je les aurais reconnus &raquo;, a affirm&eacute; &agrave; deux reprises le t&eacute;moin qui &eacute;tait cit&eacute; &agrave; la barre par la d&eacute;fense du g&eacute;n&eacute;ral Augustin Ndindiliyimana, chef d&rsquo;Etat-major de la gendarmerie pendant le g&eacute;nocide de 1994. <\/p>\n<p>Accus&eacute; de crimes de g&eacute;nocide, de crimes contre l&rsquo;humanit&eacute; et de crimes de guerre, le g&eacute;n&eacute;ral est notamment poursuivi pour ne pas avoir sanctionn&eacute; des gendarmes impliqu&eacute;s dans les massacres. <\/p>\n<p>Le t&eacute;moin a indiqu&eacute; n&rsquo;avoir vu de gendarmes qu&rsquo;&agrave; la r&eacute;sidence de l&rsquo;accus&eacute; situ&eacute;e, selon lui, &agrave; 2 ou 3 kilom&egrave;tres de la paroisse de Kansi. <\/p>\n<p>Le g&eacute;n&eacute;ral Ndindiliyimana est jug&eacute; avec trois autres officiers des anciennes Forces arm&eacute;es rwandaises (FAR) parmi lesquels l&rsquo;ex- chef d&rsquo;Etat-major de l&rsquo;arm&eacute;e, le g&eacute;n&eacute;ral Augustin Bizimungu qui a &eacute;t&eacute; le premier &agrave; pr&eacute;senter sa d&eacute;fense. <\/p>\n<p>ER\/PB\/GF<br \/>\n&copy; Agence Hirondelle<\/p>\n","protected":false},"excerpt":{"rendered":"<p>Arusha, 14 f&eacute;vrier 2008 (FH) - Des r&eacute;fugi&eacute;s hutus burundais ont dirig&eacute; en avril 1994 une attaque contre des Tutsis dans le sud du Rwanda, selon un t&eacute;moin entendu jeudi par une chambre du Tribunal p&eacute;nal international pour le Rwanda (TPIR).<\/p>\n","protected":false},"author":64,"featured_media":0,"comment_status":"open","ping_status":"closed","sticky":false,"template":"","format":"standard","meta":{"_acf_changed":false,"footnotes":""},"categories":[554],"tags":[],"ji_location":[],"class_list":["post-8926","post","type-post","status-publish","format-standard","hentry","category-hirondellenews"],"acf":[],"yoast_head":"<!-- This site is optimized with the Yoast SEO Premium plugin v25.3.1 (Yoast SEO v25.3.1) - https:\/\/yoast.com\/wordpress\/plugins\/seo\/ -->\n<title>14.02.08 - TPIR\/MILITAIRES II - DES REFUGIES BURUNDAIS ONT ATTAQUE DES TUTSIS AU RWANDA - JusticeInfo.net<\/title>\n<meta name=\"robots\" content=\"index, follow, max-snippet:-1, max-image-preview:large, max-video-preview:-1\" \/>\n<link rel=\"canonical\" href=\"https:\/\/www.justiceinfo.net\/fr\/8926-140208-tpirmilitaires-ii-des-refugies-burundais-ont-attaque-des-tutsis-au-rwanda5727.html\" \/>\n<meta property=\"og:locale\" content=\"fr_FR\" \/>\n<meta property=\"og:type\" content=\"article\" \/>\n<meta property=\"og:title\" content=\"14.02.08 - TPIR\/MILITAIRES II - DES REFUGIES BURUNDAIS ONT ATTAQUE DES TUTSIS AU RWANDA\" \/>\n<meta property=\"og:description\" content=\"Arusha, 14 f&eacute;vrier 2008 (FH) - Des r&eacute;fugi&eacute;s hutus burundais ont dirig&eacute; en avril 1994 une attaque contre des Tutsis dans le sud du Rwanda, selon un t&eacute;moin entendu jeudi par une chambre du Tribunal p&eacute;nal international pour le Rwanda (TPIR).\" \/>\n<meta property=\"og:url\" content=\"https:\/\/www.justiceinfo.net\/fr\/8926-140208-tpirmilitaires-ii-des-refugies-burundais-ont-attaque-des-tutsis-au-rwanda5727.html\" \/>\n<meta property=\"og:site_name\" content=\"JusticeInfo.net\" \/>\n<meta property=\"article:publisher\" content=\"https:\/\/www.facebook.com\/JusticeInfo\/\" \/>\n<meta property=\"article:published_time\" content=\"2008-02-13T22:00:00+00:00\" \/>\n<meta property=\"og:image\" content=\"https:\/\/www.justiceinfo.net\/wp-content\/uploads\/JusticeInfoNet_logo_1200x630px.jpg\" \/>\n\t<meta property=\"og:image:width\" content=\"1200\" \/>\n\t<meta property=\"og:image:height\" content=\"630\" \/>\n\t<meta property=\"og:image:type\" content=\"image\/jpeg\" \/>\n<meta name=\"author\" content=\"solivri\" \/>\n<meta name=\"twitter:card\" content=\"summary_large_image\" \/>\n<meta name=\"twitter:creator\" content=\"@justiceinfonet\" \/>\n<meta name=\"twitter:site\" content=\"@justiceinfonet\" \/>\n<meta name=\"twitter:label1\" content=\"\u00c9crit par\" \/>\n\t<meta name=\"twitter:data1\" content=\"solivri\" \/>\n\t<meta name=\"twitter:label2\" content=\"Dur\u00e9e de lecture estim\u00e9e\" \/>\n\t<meta name=\"twitter:data2\" content=\"2 minutes\" \/>\n<script type=\"application\/ld+json\" class=\"yoast-schema-graph\">{\"@context\":\"https:\/\/schema.org\",\"@graph\":[{\"@type\":\"NewsArticle\",\"@id\":\"https:\/\/www.justiceinfo.net\/fr\/8926-140208-tpirmilitaires-ii-des-refugies-burundais-ont-attaque-des-tutsis-au-rwanda5727.html#article\",\"isPartOf\":{\"@id\":\"https:\/\/www.justiceinfo.net\/fr\/8926-140208-tpirmilitaires-ii-des-refugies-burundais-ont-attaque-des-tutsis-au-rwanda5727.html\"},\"author\":{\"name\":\"solivri\",\"@id\":\"https:\/\/www.justiceinfo.net\/fr#\/schema\/person\/6e53cba1629e2e66f3fc1821d3091865\"},\"headline\":\"14.02.08 - TPIR\/MILITAIRES II - DES REFUGIES BURUNDAIS ONT ATTAQUE DES TUTSIS AU RWANDA\",\"datePublished\":\"2008-02-13T22:00:00+00:00\",\"mainEntityOfPage\":{\"@id\":\"https:\/\/www.justiceinfo.net\/fr\/8926-140208-tpirmilitaires-ii-des-refugies-burundais-ont-attaque-des-tutsis-au-rwanda5727.html\"},\"wordCount\":407,\"commentCount\":0,\"publisher\":{\"@id\":\"https:\/\/www.justiceinfo.net\/fr#organization\"},\"articleSection\":[\"Hirondelle News\"],\"inLanguage\":\"fr-FR\",\"potentialAction\":[{\"@type\":\"CommentAction\",\"name\":\"Comment\",\"target\":[\"https:\/\/www.justiceinfo.net\/fr\/8926-140208-tpirmilitaires-ii-des-refugies-burundais-ont-attaque-des-tutsis-au-rwanda5727.html#respond\"]}]},{\"@type\":\"WebPage\",\"@id\":\"https:\/\/www.justiceinfo.net\/fr\/8926-140208-tpirmilitaires-ii-des-refugies-burundais-ont-attaque-des-tutsis-au-rwanda5727.html\",\"url\":\"https:\/\/www.justiceinfo.net\/fr\/8926-140208-tpirmilitaires-ii-des-refugies-burundais-ont-attaque-des-tutsis-au-rwanda5727.html\",\"name\":\"14.02.08 - TPIR\/MILITAIRES II - DES REFUGIES BURUNDAIS ONT ATTAQUE DES TUTSIS AU RWANDA - JusticeInfo.net\",\"isPartOf\":{\"@id\":\"https:\/\/www.justiceinfo.net\/fr#website\"},\"datePublished\":\"2008-02-13T22:00:00+00:00\",\"breadcrumb\":{\"@id\":\"https:\/\/www.justiceinfo.net\/fr\/8926-140208-tpirmilitaires-ii-des-refugies-burundais-ont-attaque-des-tutsis-au-rwanda5727.html#breadcrumb\"},\"inLanguage\":\"fr-FR\",\"potentialAction\":[{\"@type\":\"ReadAction\",\"target\":[\"https:\/\/www.justiceinfo.net\/fr\/8926-140208-tpirmilitaires-ii-des-refugies-burundais-ont-attaque-des-tutsis-au-rwanda5727.html\"]}]},{\"@type\":\"BreadcrumbList\",\"@id\":\"https:\/\/www.justiceinfo.net\/fr\/8926-140208-tpirmilitaires-ii-des-refugies-burundais-ont-attaque-des-tutsis-au-rwanda5727.html#breadcrumb\",\"itemListElement\":[{\"@type\":\"ListItem\",\"position\":1,\"name\":\"Home\",\"item\":\"https:\/\/www.justiceinfo.net\/fr\"},{\"@type\":\"ListItem\",\"position\":2,\"name\":\"14.02.08 - TPIR\/MILITAIRES II - DES REFUGIES BURUNDAIS ONT ATTAQUE DES TUTSIS AU RWANDA\"}]},{\"@type\":\"WebSite\",\"@id\":\"https:\/\/www.justiceinfo.net\/fr#website\",\"url\":\"https:\/\/www.justiceinfo.net\/fr\",\"name\":\"JusticeInfo.net\",\"description\":\"La justice doit \u00eatre vue pour \u00eatre rendue\",\"publisher\":{\"@id\":\"https:\/\/www.justiceinfo.net\/fr#organization\"},\"potentialAction\":[{\"@type\":\"SearchAction\",\"target\":{\"@type\":\"EntryPoint\",\"urlTemplate\":\"https:\/\/www.justiceinfo.net\/fr?s={search_term_string}\"},\"query-input\":{\"@type\":\"PropertyValueSpecification\",\"valueRequired\":true,\"valueName\":\"search_term_string\"}}],\"inLanguage\":\"fr-FR\"},{\"@type\":\"Organization\",\"@id\":\"https:\/\/www.justiceinfo.net\/fr#organization\",\"name\":\"Justice Info\",\"url\":\"https:\/\/www.justiceinfo.net\/fr\",\"logo\":{\"@type\":\"ImageObject\",\"inLanguage\":\"fr-FR\",\"@id\":\"https:\/\/www.justiceinfo.net\/fr#\/schema\/logo\/image\/\",\"url\":\"https:\/\/www.justiceinfo.net\/wp-content\/uploads\/justiceinfo_logo-trans_1200x1200px.png\",\"contentUrl\":\"https:\/\/www.justiceinfo.net\/wp-content\/uploads\/justiceinfo_logo-trans_1200x1200px.png\",\"width\":1199,\"height\":1200,\"caption\":\"Justice Info\"},\"image\":{\"@id\":\"https:\/\/www.justiceinfo.net\/fr#\/schema\/logo\/image\/\"},\"sameAs\":[\"https:\/\/www.facebook.com\/JusticeInfo\/\",\"https:\/\/x.com\/justiceinfonet\",\"https:\/\/www.linkedin.com\/company\/justice-info\",\"https:\/\/www.youtube.com\/channel\/UCyCEsARodyuWtkWyhn-e7pA\"]},{\"@type\":\"Person\",\"name\":\"solivri\",\"url\":\"\/fr\/?s=solivri\"}]}<\/script>\n<!-- \/ Yoast SEO Premium plugin. -->","yoast_head_json":{"title":"14.02.08 - TPIR\/MILITAIRES II - DES REFUGIES BURUNDAIS ONT ATTAQUE DES TUTSIS AU RWANDA - JusticeInfo.net","robots":{"index":"index","follow":"follow","max-snippet":"max-snippet:-1","max-image-preview":"max-image-preview:large","max-video-preview":"max-video-preview:-1"},"canonical":"https:\/\/www.justiceinfo.net\/fr\/8926-140208-tpirmilitaires-ii-des-refugies-burundais-ont-attaque-des-tutsis-au-rwanda5727.html","og_locale":"fr_FR","og_type":"article","og_title":"14.02.08 - TPIR\/MILITAIRES II - DES REFUGIES BURUNDAIS ONT ATTAQUE DES TUTSIS AU RWANDA","og_description":"Arusha, 14 f&eacute;vrier 2008 (FH) - Des r&eacute;fugi&eacute;s hutus burundais ont dirig&eacute; en avril 1994 une attaque contre des Tutsis dans le sud du Rwanda, selon un t&eacute;moin entendu jeudi par une chambre du Tribunal p&eacute;nal international pour le Rwanda (TPIR).","og_url":"https:\/\/www.justiceinfo.net\/fr\/8926-140208-tpirmilitaires-ii-des-refugies-burundais-ont-attaque-des-tutsis-au-rwanda5727.html","og_site_name":"JusticeInfo.net","article_publisher":"https:\/\/www.facebook.com\/JusticeInfo\/","article_published_time":"2008-02-13T22:00:00+00:00","og_image":[{"width":1200,"height":630,"url":"https:\/\/www.justiceinfo.net\/wp-content\/uploads\/JusticeInfoNet_logo_1200x630px.jpg","type":"image\/jpeg"}],"author":"solivri","twitter_card":"summary_large_image","twitter_creator":"@justiceinfonet","twitter_site":"@justiceinfonet","twitter_misc":{"\u00c9crit par":"solivri","Dur\u00e9e de lecture estim\u00e9e":"2 minutes"},"schema":{"@context":"https:\/\/schema.org","@graph":[{"@type":"NewsArticle","@id":"https:\/\/www.justiceinfo.net\/fr\/8926-140208-tpirmilitaires-ii-des-refugies-burundais-ont-attaque-des-tutsis-au-rwanda5727.html#article","isPartOf":{"@id":"https:\/\/www.justiceinfo.net\/fr\/8926-140208-tpirmilitaires-ii-des-refugies-burundais-ont-attaque-des-tutsis-au-rwanda5727.html"},"author":{"name":"solivri","@id":"https:\/\/www.justiceinfo.net\/fr#\/schema\/person\/6e53cba1629e2e66f3fc1821d3091865"},"headline":"14.02.08 - TPIR\/MILITAIRES II - DES REFUGIES BURUNDAIS ONT ATTAQUE DES TUTSIS AU RWANDA","datePublished":"2008-02-13T22:00:00+00:00","mainEntityOfPage":{"@id":"https:\/\/www.justiceinfo.net\/fr\/8926-140208-tpirmilitaires-ii-des-refugies-burundais-ont-attaque-des-tutsis-au-rwanda5727.html"},"wordCount":407,"commentCount":0,"publisher":{"@id":"https:\/\/www.justiceinfo.net\/fr#organization"},"articleSection":["Hirondelle News"],"inLanguage":"fr-FR","potentialAction":[{"@type":"CommentAction","name":"Comment","target":["https:\/\/www.justiceinfo.net\/fr\/8926-140208-tpirmilitaires-ii-des-refugies-burundais-ont-attaque-des-tutsis-au-rwanda5727.html#respond"]}]},{"@type":"WebPage","@id":"https:\/\/www.justiceinfo.net\/fr\/8926-140208-tpirmilitaires-ii-des-refugies-burundais-ont-attaque-des-tutsis-au-rwanda5727.html","url":"https:\/\/www.justiceinfo.net\/fr\/8926-140208-tpirmilitaires-ii-des-refugies-burundais-ont-attaque-des-tutsis-au-rwanda5727.html","name":"14.02.08 - TPIR\/MILITAIRES II - DES REFUGIES BURUNDAIS ONT ATTAQUE DES TUTSIS AU RWANDA - JusticeInfo.net","isPartOf":{"@id":"https:\/\/www.justiceinfo.net\/fr#website"},"datePublished":"2008-02-13T22:00:00+00:00","breadcrumb":{"@id":"https:\/\/www.justiceinfo.net\/fr\/8926-140208-tpirmilitaires-ii-des-refugies-burundais-ont-attaque-des-tutsis-au-rwanda5727.html#breadcrumb"},"inLanguage":"fr-FR","potentialAction":[{"@type":"ReadAction","target":["https:\/\/www.justiceinfo.net\/fr\/8926-140208-tpirmilitaires-ii-des-refugies-burundais-ont-attaque-des-tutsis-au-rwanda5727.html"]}]},{"@type":"BreadcrumbList","@id":"https:\/\/www.justiceinfo.net\/fr\/8926-140208-tpirmilitaires-ii-des-refugies-burundais-ont-attaque-des-tutsis-au-rwanda5727.html#breadcrumb","itemListElement":[{"@type":"ListItem","position":1,"name":"Home","item":"https:\/\/www.justiceinfo.net\/fr"},{"@type":"ListItem","position":2,"name":"14.02.08 - TPIR\/MILITAIRES II - DES REFUGIES BURUNDAIS ONT ATTAQUE DES TUTSIS AU RWANDA"}]},{"@type":"WebSite","@id":"https:\/\/www.justiceinfo.net\/fr#website","url":"https:\/\/www.justiceinfo.net\/fr","name":"JusticeInfo.net","description":"La justice doit \u00eatre vue pour \u00eatre rendue","publisher":{"@id":"https:\/\/www.justiceinfo.net\/fr#organization"},"potentialAction":[{"@type":"SearchAction","target":{"@type":"EntryPoint","urlTemplate":"https:\/\/www.justiceinfo.net\/fr?s={search_term_string}"},"query-input":{"@type":"PropertyValueSpecification","valueRequired":true,"valueName":"search_term_string"}}],"inLanguage":"fr-FR"},{"@type":"Organization","@id":"https:\/\/www.justiceinfo.net\/fr#organization","name":"Justice Info","url":"https:\/\/www.justiceinfo.net\/fr","logo":{"@type":"ImageObject","inLanguage":"fr-FR","@id":"https:\/\/www.justiceinfo.net\/fr#\/schema\/logo\/image\/","url":"https:\/\/www.justiceinfo.net\/wp-content\/uploads\/justiceinfo_logo-trans_1200x1200px.png","contentUrl":"https:\/\/www.justiceinfo.net\/wp-content\/uploads\/justiceinfo_logo-trans_1200x1200px.png","width":1199,"height":1200,"caption":"Justice Info"},"image":{"@id":"https:\/\/www.justiceinfo.net\/fr#\/schema\/logo\/image\/"},"sameAs":["https:\/\/www.facebook.com\/JusticeInfo\/","https:\/\/x.com\/justiceinfonet","https:\/\/www.linkedin.com\/company\/justice-info","https:\/\/www.youtube.com\/channel\/UCyCEsARodyuWtkWyhn-e7pA"]},{"@type":"Person","name":"solivri","url":"\/fr\/?s=solivri"}]}},"_links":{"self":[{"href":"https:\/\/www.justiceinfo.net\/fr\/wp-json\/wp\/v2\/posts\/8926","targetHints":{"allow":["GET"]}}],"collection":[{"href":"https:\/\/www.justiceinfo.net\/fr\/wp-json\/wp\/v2\/posts"}],"about":[{"href":"https:\/\/www.justiceinfo.net\/fr\/wp-json\/wp\/v2\/types\/post"}],"author":[{"embeddable":true,"href":"https:\/\/www.justiceinfo.net\/fr\/wp-json\/wp\/v2\/users\/64"}],"replies":[{"embeddable":true,"href":"https:\/\/www.justiceinfo.net\/fr\/wp-json\/wp\/v2\/comments?post=8926"}],"version-history":[{"count":0,"href":"https:\/\/www.justiceinfo.net\/fr\/wp-json\/wp\/v2\/posts\/8926\/revisions"}],"wp:attachment":[{"href":"https:\/\/www.justiceinfo.net\/fr\/wp-json\/wp\/v2\/media?parent=8926"}],"wp:term":[{"taxonomy":"category","embeddable":true,"href":"https:\/\/www.justiceinfo.net\/fr\/wp-json\/wp\/v2\/categories?post=8926"},{"taxonomy":"post_tag","embeddable":true,"href":"https:\/\/www.justiceinfo.net\/fr\/wp-json\/wp\/v2\/tags?post=8926"},{"taxonomy":"ji_location","embeddable":true,"href":"https:\/\/www.justiceinfo.net\/fr\/wp-json\/wp\/v2\/ji_location?post=8926"}],"curies":[{"name":"wp","href":"https:\/\/api.w.org\/{rel}","templated":true}]}}