{"id":8946,"date":"2008-02-18T23:00:00","date_gmt":"2008-02-18T22:00:00","guid":{"rendered":"https:\/\/www.justiceinfo.net\/8946-190208-rwandaespagne-lenquete-espagnole-sur-le-rwanda-met-le-tpir-en-difficulte5747.html"},"modified":"2008-02-18T23:00:00","modified_gmt":"2008-02-18T22:00:00","slug":"190208-rwandaespagne-lenquete-espagnole-sur-le-rwanda-met-le-tpir-en-difficulte5747","status":"publish","type":"post","link":"https:\/\/www.justiceinfo.net\/fr\/8946-190208-rwandaespagne-lenquete-espagnole-sur-le-rwanda-met-le-tpir-en-difficulte5747.html","title":{"rendered":"19.02.08 - RWANDA\/ESPAGNE - L\u2019ENQUETE ESPAGNOLE SUR LE RWANDA MET LE TPIR EN DIFFICULTE"},"content":{"rendered":"<p>La Haye, 19 fevrier 2008 (FH) - Les 40 mandats d&rsquo;arr&ecirc;t &eacute;mis &agrave; l&rsquo;encontre de responsables de l&rsquo;arm&eacute;e rwandaise par la justice espagnole, le 6 f&eacute;vrier, portent sur des crimes de g&eacute;nocide, crimes contre l&rsquo;humanit&eacute;, crimes de guerre et terrorisme commis entre 1990 et 2002 et mettent en position d&eacute;licate le Tribunal p&eacute;nal international pour le Rwanda qui aurait du depuis longtemps poursuivre les auteurs de ces faits.<br \/>\n<!--more-->Dans sa d&eacute;cision, le juge Fernando Andreu Merelles souligne que les crimes commis en 1994 sont de la comp&eacute;tence du TPIR et se dit pr&ecirc;t &agrave; lui transmettre le dossier. Le TPIR n&rsquo;a pas officiellement r&eacute;agi mais en chambre, un membre du bureau du procureur a r&eacute;pondu &agrave; un avocat, qui l&rsquo;interrogeait, que le tribunal international n&rsquo;&eacute;tait pas &laquo; concern&eacute; &raquo; par la d&eacute;cision espagnole. <\/p>\n<p>Si le parquet n&rsquo;est juridiquement pas li&eacute; par les conclusions du juge espagnol, il est en revanche tenu, par plusieurs r&eacute;solutions des Nations unies, dont celle &eacute;mise en ao&ucirc;t 2003, de poursuivre les responsables du Front patriotique rwandais qui se seraient rendus coupables de crimes entrant dans la comp&eacute;tence du tribunal cr&eacute;&eacute; par l&rsquo;Onu. <\/p>\n<p>Depuis, le procureur Hassan Bubacar Jallow r&eacute;serve sa r&eacute;ponse et explique qu&rsquo;il &eacute;tudie les r&eacute;sultats des enqu&ecirc;tes entam&eacute;es en juin 2000 &agrave; ce sujet. Ces enqu&ecirc;tes sont officiellement closes depuis la fin de l&rsquo;ann&eacute;e 2004. En s&rsquo;abstenant de r&eacute;pondre sur l&rsquo;attentat du 6 avril 1994, consid&eacute;r&eacute; comme l&rsquo;&eacute;l&eacute;ment d&eacute;clencheur du g&eacute;nocide, et de prendre en compte les crimes commis par les rebelles, puis par le r&eacute;gime en place depuis leur prise de Kigali en juillet 1994, le procureur a suscit&eacute; le d&eacute;p&ocirc;t de plaintes et l&rsquo;ouverture de proc&eacute;dures judiciaires devant d&lsquo;autres juridictions, comme la France et l&rsquo;Espagne. Dix mois avant la fin des proc&egrave;s en premi&egrave;re instance, il compromet aussi le bilan du tribunal. <\/p>\n<p>En faisant l&rsquo;impasse sur une partie de l&rsquo;Histoire, il a notamment aliment&eacute; les arguments des accus&eacute;s de g&eacute;nocide &agrave; Arusha, qui d&eacute;noncent sans rel&acirc;che une justice politique et voient dans chaque nouvelle proc&eacute;dure engag&eacute;e &ndash; que ce soit en France ou en Espagne &ndash; des justifications &agrave; leurs propres crimes. Or la l&eacute;gitime d&eacute;fense n&rsquo;a jamais &eacute;t&eacute; prise en compte pour le crime de g&eacute;nocide ou les crimes contre l&rsquo;humanit&eacute;. <\/p>\n<p>Selon le juge espagnol, les faits relatifs au FPR en 1994 sont accablants. Fernando Andreu Merelles explique qu&rsquo;entre ao&ucirc;t 1993 et mars 1994, &laquo; l&rsquo;APR\/FPR planifiait l&rsquo;assaut final pour s&rsquo;emparer du pouvoir par la force &raquo;. Il revient sur l&rsquo;accord du 4 ao&ucirc;t 1993 sign&eacute; &agrave; Arusha, au terme duquel l&rsquo;Arm&eacute;e patriotique rwandaise (APR) installait un bataillon de 600 hommes dans la capitale, avec pour mission de prot&eacute;ger les personnalit&eacute;s du Front patriotique rwandais. <\/p>\n<p>Le juge &eacute;crit que le FPR a mis &agrave; profit cette p&eacute;riode pour faire entrer du mat&eacute;riel militaire et organiser l&rsquo;entr&eacute;e de fonds, former les hommes du bataillon et infiltrer les organisations extr&eacute;mistes hutus. Les ordres &eacute;taient d&rsquo;attaquer les forces arm&eacute;es rwandaises, &laquo; en sachant que leurs missions n&rsquo;emp&ecirc;cheraient pas le massacre pr&eacute;visible de tutsis qui n&rsquo;ont pas quitt&eacute; le pays en 1959 &raquo;, dans les r&eacute;gions de Kibuye, Gikongoro, Gitarama, Kubungo et dans le Bugesera. <\/p>\n<p>Le juge revient sur les assassinats d&rsquo;opposants politiques, dont, entre autre, celui de F&eacute;licien Gatabazi, fondateur et pr&eacute;sident du Parti social d&eacute;mocrate, le 21 f&eacute;vrier 1994. &laquo; Apr&egrave;s chaque meurtre, des massacres de tutsis avaient lieu &raquo;, &eacute;crit le juge qui recense les attaques de Gisenyi et Ruhengeri le 8 f&eacute;vrier 1994. <\/p>\n<p>Fernando Andreu Merelles &eacute;tablit que le 14 mars 1994, le haut commandement du mouvement rebelle a planifi&eacute; des massacres dans les r&eacute;gions de Byumba, Umutara et Kibumgo et ajoute que plusieurs r&eacute;unions &eacute;taient destin&eacute;es &agrave; pr&eacute;parer l&rsquo;assassinat de l&rsquo;ex pr&eacute;sident Juv&eacute;nal Habyarimana, le 6 avril 1994, qui avait enclench&eacute; le g&eacute;nocide des tutsis. Toujours en 1994, le juge &eacute;crit que &laquo; dans le dioc&egrave;se de Byumba (&hellip;) un secteur totalement contr&ocirc;l&eacute; par l&rsquo;APR\/FPR (&hellip;) plusieurs milliers de personnes ont &eacute;t&eacute; tu&eacute;es, dont 64 pr&ecirc;tres hutus &raquo;. <\/p>\n<p>Des faits sur lesquels les membres des enqu&ecirc;tes sp&eacute;ciales du TPIR ont largement enqu&ecirc;t&eacute;, selon plusieurs sources. Selon la d&eacute;cision espagnole, pr&egrave;s de 2500 personnes, d&eacute;tenues au stade de Byumba, ont &eacute;t&eacute; assassin&eacute;es et leurs &laquo; corps sans vie ont &eacute;t&eacute; d&eacute;pos&eacute;s dans une fosse septique &raquo; d&rsquo;un b&acirc;timent appartenant &agrave; F&eacute;licien Kabuga. <\/p>\n<p>Le juge, qui s&rsquo;appuie notamment sur le rapport Gersony, qui avait &eacute;t&eacute; class&eacute; confidentiel par les Nations unies, revient sur le massacre de pr&egrave;s de 5000 personnes &agrave; la fronti&egrave;re avec la Tanzanie et de la prise militaire de Gitarama, le 2 juin 1994, qui s&rsquo;&eacute;tait sold&eacute;e par l&rsquo;assassinat, &agrave; Kabgaye, de trois &eacute;v&ecirc;ques catholiques et de neuf pr&ecirc;tres. <\/p>\n<p>Le juge estime, sur la base de d&eacute;clarations de t&eacute;moins, &agrave; 312 726 personnes le nombre de victimes de l&rsquo;APR, entre juillet 1994 et 1995, et d&eacute;nombre 173 fosses communes dans le pays. Tous ces &eacute;l&eacute;ments entrent donc dans la comp&eacute;tence du TPIR, sans qu&rsquo;il ne soit pour autant li&eacute; par la qualification donn&eacute;e par le juge espagnol &agrave; ces crimes. <\/p>\n<p>Car si le juge poursuit les officiers pour g&eacute;nocide, il n&rsquo;apporte en revanche pas d&rsquo;&eacute;l&eacute;ments permettant de le conclure, le nombre de victimes ne constituant pas une preuve de g&eacute;nocide. Fernando Andreu Merelles &eacute;tablit en revanche que le FPR visait &agrave; dominer le pays, et non pas &agrave; exterminer les membres de l&rsquo;ethnie hutue. <\/p>\n<p>SM\/PB\/GF<br \/>\n&copy; Agence Hirondelle<\/p>\n","protected":false},"excerpt":{"rendered":"<p>La Haye, 19 fevrier 2008 (FH) - Les 40 mandats d&rsquo;arr&ecirc;t &eacute;mis &agrave; l&rsquo;encontre de responsables de l&rsquo;arm&eacute;e rwandaise par la justice espagnole, le 6 f&eacute;vrier, portent sur des crimes de g&eacute;nocide, crimes contre l&rsquo;humanit&eacute;, crimes de guerre et terrorisme commis entre 1990 et 2002 et mettent en position d&eacute;licate le Tribunal p&eacute;nal international pour [&hellip;]<\/p>\n","protected":false},"author":64,"featured_media":0,"comment_status":"open","ping_status":"closed","sticky":false,"template":"","format":"standard","meta":{"_acf_changed":false,"footnotes":""},"categories":[554],"tags":[],"ji_location":[],"class_list":["post-8946","post","type-post","status-publish","format-standard","hentry","category-hirondellenews"],"acf":[],"yoast_head":"<!-- This site is optimized with the Yoast SEO Premium plugin v25.3.1 (Yoast SEO v25.3.1) - https:\/\/yoast.com\/wordpress\/plugins\/seo\/ -->\n<title>19.02.08 - RWANDA\/ESPAGNE - L\u2019ENQUETE ESPAGNOLE SUR LE RWANDA MET LE TPIR EN DIFFICULTE - JusticeInfo.net<\/title>\n<meta name=\"robots\" content=\"index, follow, max-snippet:-1, max-image-preview:large, max-video-preview:-1\" \/>\n<link rel=\"canonical\" href=\"https:\/\/www.justiceinfo.net\/fr\/8946-190208-rwandaespagne-lenquete-espagnole-sur-le-rwanda-met-le-tpir-en-difficulte5747.html\" \/>\n<meta property=\"og:locale\" content=\"fr_FR\" \/>\n<meta property=\"og:type\" content=\"article\" \/>\n<meta property=\"og:title\" content=\"19.02.08 - RWANDA\/ESPAGNE - L\u2019ENQUETE ESPAGNOLE SUR LE RWANDA MET LE TPIR EN DIFFICULTE\" \/>\n<meta property=\"og:description\" content=\"La Haye, 19 fevrier 2008 (FH) - Les 40 mandats d&rsquo;arr&ecirc;t &eacute;mis &agrave; l&rsquo;encontre de responsables de l&rsquo;arm&eacute;e rwandaise par la justice espagnole, le 6 f&eacute;vrier, portent sur des crimes de g&eacute;nocide, crimes contre l&rsquo;humanit&eacute;, crimes de guerre et terrorisme commis entre 1990 et 2002 et mettent en position d&eacute;licate le Tribunal p&eacute;nal international pour [&hellip;]\" \/>\n<meta property=\"og:url\" content=\"https:\/\/www.justiceinfo.net\/fr\/8946-190208-rwandaespagne-lenquete-espagnole-sur-le-rwanda-met-le-tpir-en-difficulte5747.html\" \/>\n<meta property=\"og:site_name\" content=\"JusticeInfo.net\" \/>\n<meta property=\"article:publisher\" content=\"https:\/\/www.facebook.com\/JusticeInfo\/\" \/>\n<meta property=\"article:published_time\" content=\"2008-02-18T22:00:00+00:00\" \/>\n<meta property=\"og:image\" content=\"https:\/\/www.justiceinfo.net\/wp-content\/uploads\/JusticeInfoNet_logo_1200x630px.jpg\" \/>\n\t<meta property=\"og:image:width\" content=\"1200\" \/>\n\t<meta property=\"og:image:height\" content=\"630\" \/>\n\t<meta property=\"og:image:type\" content=\"image\/jpeg\" \/>\n<meta name=\"author\" content=\"solivri\" \/>\n<meta name=\"twitter:card\" content=\"summary_large_image\" \/>\n<meta name=\"twitter:creator\" content=\"@justiceinfonet\" \/>\n<meta name=\"twitter:site\" content=\"@justiceinfonet\" \/>\n<meta name=\"twitter:label1\" content=\"\u00c9crit par\" \/>\n\t<meta name=\"twitter:data1\" content=\"solivri\" \/>\n\t<meta name=\"twitter:label2\" content=\"Dur\u00e9e de lecture estim\u00e9e\" \/>\n\t<meta name=\"twitter:data2\" content=\"6 minutes\" \/>\n<script type=\"application\/ld+json\" class=\"yoast-schema-graph\">{\"@context\":\"https:\/\/schema.org\",\"@graph\":[{\"@type\":\"NewsArticle\",\"@id\":\"https:\/\/www.justiceinfo.net\/fr\/8946-190208-rwandaespagne-lenquete-espagnole-sur-le-rwanda-met-le-tpir-en-difficulte5747.html#article\",\"isPartOf\":{\"@id\":\"https:\/\/www.justiceinfo.net\/fr\/8946-190208-rwandaespagne-lenquete-espagnole-sur-le-rwanda-met-le-tpir-en-difficulte5747.html\"},\"author\":{\"name\":\"solivri\",\"@id\":\"https:\/\/www.justiceinfo.net\/fr#\/schema\/person\/6e53cba1629e2e66f3fc1821d3091865\"},\"headline\":\"19.02.08 - RWANDA\/ESPAGNE - L\u2019ENQUETE ESPAGNOLE SUR LE RWANDA MET LE TPIR EN DIFFICULTE\",\"datePublished\":\"2008-02-18T22:00:00+00:00\",\"mainEntityOfPage\":{\"@id\":\"https:\/\/www.justiceinfo.net\/fr\/8946-190208-rwandaespagne-lenquete-espagnole-sur-le-rwanda-met-le-tpir-en-difficulte5747.html\"},\"wordCount\":1195,\"commentCount\":0,\"publisher\":{\"@id\":\"https:\/\/www.justiceinfo.net\/fr#organization\"},\"articleSection\":[\"Hirondelle News\"],\"inLanguage\":\"fr-FR\",\"potentialAction\":[{\"@type\":\"CommentAction\",\"name\":\"Comment\",\"target\":[\"https:\/\/www.justiceinfo.net\/fr\/8946-190208-rwandaespagne-lenquete-espagnole-sur-le-rwanda-met-le-tpir-en-difficulte5747.html#respond\"]}]},{\"@type\":\"WebPage\",\"@id\":\"https:\/\/www.justiceinfo.net\/fr\/8946-190208-rwandaespagne-lenquete-espagnole-sur-le-rwanda-met-le-tpir-en-difficulte5747.html\",\"url\":\"https:\/\/www.justiceinfo.net\/fr\/8946-190208-rwandaespagne-lenquete-espagnole-sur-le-rwanda-met-le-tpir-en-difficulte5747.html\",\"name\":\"19.02.08 - RWANDA\/ESPAGNE - L\u2019ENQUETE ESPAGNOLE SUR LE RWANDA MET LE TPIR EN DIFFICULTE - JusticeInfo.net\",\"isPartOf\":{\"@id\":\"https:\/\/www.justiceinfo.net\/fr#website\"},\"datePublished\":\"2008-02-18T22:00:00+00:00\",\"breadcrumb\":{\"@id\":\"https:\/\/www.justiceinfo.net\/fr\/8946-190208-rwandaespagne-lenquete-espagnole-sur-le-rwanda-met-le-tpir-en-difficulte5747.html#breadcrumb\"},\"inLanguage\":\"fr-FR\",\"potentialAction\":[{\"@type\":\"ReadAction\",\"target\":[\"https:\/\/www.justiceinfo.net\/fr\/8946-190208-rwandaespagne-lenquete-espagnole-sur-le-rwanda-met-le-tpir-en-difficulte5747.html\"]}]},{\"@type\":\"BreadcrumbList\",\"@id\":\"https:\/\/www.justiceinfo.net\/fr\/8946-190208-rwandaespagne-lenquete-espagnole-sur-le-rwanda-met-le-tpir-en-difficulte5747.html#breadcrumb\",\"itemListElement\":[{\"@type\":\"ListItem\",\"position\":1,\"name\":\"Home\",\"item\":\"https:\/\/www.justiceinfo.net\/fr\"},{\"@type\":\"ListItem\",\"position\":2,\"name\":\"19.02.08 - RWANDA\/ESPAGNE - L\u2019ENQUETE ESPAGNOLE SUR LE RWANDA MET LE TPIR EN DIFFICULTE\"}]},{\"@type\":\"WebSite\",\"@id\":\"https:\/\/www.justiceinfo.net\/fr#website\",\"url\":\"https:\/\/www.justiceinfo.net\/fr\",\"name\":\"JusticeInfo.net\",\"description\":\"La justice doit \u00eatre vue pour \u00eatre rendue\",\"publisher\":{\"@id\":\"https:\/\/www.justiceinfo.net\/fr#organization\"},\"potentialAction\":[{\"@type\":\"SearchAction\",\"target\":{\"@type\":\"EntryPoint\",\"urlTemplate\":\"https:\/\/www.justiceinfo.net\/fr?s={search_term_string}\"},\"query-input\":{\"@type\":\"PropertyValueSpecification\",\"valueRequired\":true,\"valueName\":\"search_term_string\"}}],\"inLanguage\":\"fr-FR\"},{\"@type\":\"Organization\",\"@id\":\"https:\/\/www.justiceinfo.net\/fr#organization\",\"name\":\"Justice Info\",\"url\":\"https:\/\/www.justiceinfo.net\/fr\",\"logo\":{\"@type\":\"ImageObject\",\"inLanguage\":\"fr-FR\",\"@id\":\"https:\/\/www.justiceinfo.net\/fr#\/schema\/logo\/image\/\",\"url\":\"https:\/\/www.justiceinfo.net\/wp-content\/uploads\/justiceinfo_logo-trans_1200x1200px.png\",\"contentUrl\":\"https:\/\/www.justiceinfo.net\/wp-content\/uploads\/justiceinfo_logo-trans_1200x1200px.png\",\"width\":1199,\"height\":1200,\"caption\":\"Justice Info\"},\"image\":{\"@id\":\"https:\/\/www.justiceinfo.net\/fr#\/schema\/logo\/image\/\"},\"sameAs\":[\"https:\/\/www.facebook.com\/JusticeInfo\/\",\"https:\/\/x.com\/justiceinfonet\",\"https:\/\/www.linkedin.com\/company\/justice-info\",\"https:\/\/www.youtube.com\/channel\/UCyCEsARodyuWtkWyhn-e7pA\"]},{\"@type\":\"Person\",\"name\":\"solivri\",\"url\":\"\/fr\/?s=solivri\"}]}<\/script>\n<!-- \/ Yoast SEO Premium plugin. -->","yoast_head_json":{"title":"19.02.08 - RWANDA\/ESPAGNE - L\u2019ENQUETE ESPAGNOLE SUR LE RWANDA MET LE TPIR EN DIFFICULTE - JusticeInfo.net","robots":{"index":"index","follow":"follow","max-snippet":"max-snippet:-1","max-image-preview":"max-image-preview:large","max-video-preview":"max-video-preview:-1"},"canonical":"https:\/\/www.justiceinfo.net\/fr\/8946-190208-rwandaespagne-lenquete-espagnole-sur-le-rwanda-met-le-tpir-en-difficulte5747.html","og_locale":"fr_FR","og_type":"article","og_title":"19.02.08 - RWANDA\/ESPAGNE - L\u2019ENQUETE ESPAGNOLE SUR LE RWANDA MET LE TPIR EN DIFFICULTE","og_description":"La Haye, 19 fevrier 2008 (FH) - Les 40 mandats d&rsquo;arr&ecirc;t &eacute;mis &agrave; l&rsquo;encontre de responsables de l&rsquo;arm&eacute;e rwandaise par la justice espagnole, le 6 f&eacute;vrier, portent sur des crimes de g&eacute;nocide, crimes contre l&rsquo;humanit&eacute;, crimes de guerre et terrorisme commis entre 1990 et 2002 et mettent en position d&eacute;licate le Tribunal p&eacute;nal international pour [&hellip;]","og_url":"https:\/\/www.justiceinfo.net\/fr\/8946-190208-rwandaespagne-lenquete-espagnole-sur-le-rwanda-met-le-tpir-en-difficulte5747.html","og_site_name":"JusticeInfo.net","article_publisher":"https:\/\/www.facebook.com\/JusticeInfo\/","article_published_time":"2008-02-18T22:00:00+00:00","og_image":[{"width":1200,"height":630,"url":"https:\/\/www.justiceinfo.net\/wp-content\/uploads\/JusticeInfoNet_logo_1200x630px.jpg","type":"image\/jpeg"}],"author":"solivri","twitter_card":"summary_large_image","twitter_creator":"@justiceinfonet","twitter_site":"@justiceinfonet","twitter_misc":{"\u00c9crit par":"solivri","Dur\u00e9e de lecture estim\u00e9e":"6 minutes"},"schema":{"@context":"https:\/\/schema.org","@graph":[{"@type":"NewsArticle","@id":"https:\/\/www.justiceinfo.net\/fr\/8946-190208-rwandaespagne-lenquete-espagnole-sur-le-rwanda-met-le-tpir-en-difficulte5747.html#article","isPartOf":{"@id":"https:\/\/www.justiceinfo.net\/fr\/8946-190208-rwandaespagne-lenquete-espagnole-sur-le-rwanda-met-le-tpir-en-difficulte5747.html"},"author":{"name":"solivri","@id":"https:\/\/www.justiceinfo.net\/fr#\/schema\/person\/6e53cba1629e2e66f3fc1821d3091865"},"headline":"19.02.08 - RWANDA\/ESPAGNE - L\u2019ENQUETE ESPAGNOLE SUR LE RWANDA MET LE TPIR EN DIFFICULTE","datePublished":"2008-02-18T22:00:00+00:00","mainEntityOfPage":{"@id":"https:\/\/www.justiceinfo.net\/fr\/8946-190208-rwandaespagne-lenquete-espagnole-sur-le-rwanda-met-le-tpir-en-difficulte5747.html"},"wordCount":1195,"commentCount":0,"publisher":{"@id":"https:\/\/www.justiceinfo.net\/fr#organization"},"articleSection":["Hirondelle News"],"inLanguage":"fr-FR","potentialAction":[{"@type":"CommentAction","name":"Comment","target":["https:\/\/www.justiceinfo.net\/fr\/8946-190208-rwandaespagne-lenquete-espagnole-sur-le-rwanda-met-le-tpir-en-difficulte5747.html#respond"]}]},{"@type":"WebPage","@id":"https:\/\/www.justiceinfo.net\/fr\/8946-190208-rwandaespagne-lenquete-espagnole-sur-le-rwanda-met-le-tpir-en-difficulte5747.html","url":"https:\/\/www.justiceinfo.net\/fr\/8946-190208-rwandaespagne-lenquete-espagnole-sur-le-rwanda-met-le-tpir-en-difficulte5747.html","name":"19.02.08 - RWANDA\/ESPAGNE - L\u2019ENQUETE ESPAGNOLE SUR LE RWANDA MET LE TPIR EN DIFFICULTE - JusticeInfo.net","isPartOf":{"@id":"https:\/\/www.justiceinfo.net\/fr#website"},"datePublished":"2008-02-18T22:00:00+00:00","breadcrumb":{"@id":"https:\/\/www.justiceinfo.net\/fr\/8946-190208-rwandaespagne-lenquete-espagnole-sur-le-rwanda-met-le-tpir-en-difficulte5747.html#breadcrumb"},"inLanguage":"fr-FR","potentialAction":[{"@type":"ReadAction","target":["https:\/\/www.justiceinfo.net\/fr\/8946-190208-rwandaespagne-lenquete-espagnole-sur-le-rwanda-met-le-tpir-en-difficulte5747.html"]}]},{"@type":"BreadcrumbList","@id":"https:\/\/www.justiceinfo.net\/fr\/8946-190208-rwandaespagne-lenquete-espagnole-sur-le-rwanda-met-le-tpir-en-difficulte5747.html#breadcrumb","itemListElement":[{"@type":"ListItem","position":1,"name":"Home","item":"https:\/\/www.justiceinfo.net\/fr"},{"@type":"ListItem","position":2,"name":"19.02.08 - RWANDA\/ESPAGNE - L\u2019ENQUETE ESPAGNOLE SUR LE RWANDA MET LE TPIR EN DIFFICULTE"}]},{"@type":"WebSite","@id":"https:\/\/www.justiceinfo.net\/fr#website","url":"https:\/\/www.justiceinfo.net\/fr","name":"JusticeInfo.net","description":"La justice doit \u00eatre vue pour \u00eatre rendue","publisher":{"@id":"https:\/\/www.justiceinfo.net\/fr#organization"},"potentialAction":[{"@type":"SearchAction","target":{"@type":"EntryPoint","urlTemplate":"https:\/\/www.justiceinfo.net\/fr?s={search_term_string}"},"query-input":{"@type":"PropertyValueSpecification","valueRequired":true,"valueName":"search_term_string"}}],"inLanguage":"fr-FR"},{"@type":"Organization","@id":"https:\/\/www.justiceinfo.net\/fr#organization","name":"Justice Info","url":"https:\/\/www.justiceinfo.net\/fr","logo":{"@type":"ImageObject","inLanguage":"fr-FR","@id":"https:\/\/www.justiceinfo.net\/fr#\/schema\/logo\/image\/","url":"https:\/\/www.justiceinfo.net\/wp-content\/uploads\/justiceinfo_logo-trans_1200x1200px.png","contentUrl":"https:\/\/www.justiceinfo.net\/wp-content\/uploads\/justiceinfo_logo-trans_1200x1200px.png","width":1199,"height":1200,"caption":"Justice Info"},"image":{"@id":"https:\/\/www.justiceinfo.net\/fr#\/schema\/logo\/image\/"},"sameAs":["https:\/\/www.facebook.com\/JusticeInfo\/","https:\/\/x.com\/justiceinfonet","https:\/\/www.linkedin.com\/company\/justice-info","https:\/\/www.youtube.com\/channel\/UCyCEsARodyuWtkWyhn-e7pA"]},{"@type":"Person","name":"solivri","url":"\/fr\/?s=solivri"}]}},"_links":{"self":[{"href":"https:\/\/www.justiceinfo.net\/fr\/wp-json\/wp\/v2\/posts\/8946","targetHints":{"allow":["GET"]}}],"collection":[{"href":"https:\/\/www.justiceinfo.net\/fr\/wp-json\/wp\/v2\/posts"}],"about":[{"href":"https:\/\/www.justiceinfo.net\/fr\/wp-json\/wp\/v2\/types\/post"}],"author":[{"embeddable":true,"href":"https:\/\/www.justiceinfo.net\/fr\/wp-json\/wp\/v2\/users\/64"}],"replies":[{"embeddable":true,"href":"https:\/\/www.justiceinfo.net\/fr\/wp-json\/wp\/v2\/comments?post=8946"}],"version-history":[{"count":0,"href":"https:\/\/www.justiceinfo.net\/fr\/wp-json\/wp\/v2\/posts\/8946\/revisions"}],"wp:attachment":[{"href":"https:\/\/www.justiceinfo.net\/fr\/wp-json\/wp\/v2\/media?parent=8946"}],"wp:term":[{"taxonomy":"category","embeddable":true,"href":"https:\/\/www.justiceinfo.net\/fr\/wp-json\/wp\/v2\/categories?post=8946"},{"taxonomy":"post_tag","embeddable":true,"href":"https:\/\/www.justiceinfo.net\/fr\/wp-json\/wp\/v2\/tags?post=8946"},{"taxonomy":"ji_location","embeddable":true,"href":"https:\/\/www.justiceinfo.net\/fr\/wp-json\/wp\/v2\/ji_location?post=8946"}],"curies":[{"name":"wp","href":"https:\/\/api.w.org\/{rel}","templated":true}]}}