{"id":8999,"date":"2008-02-28T23:00:00","date_gmt":"2008-02-28T22:00:00","guid":{"rendered":"https:\/\/www.justiceinfo.net\/8999-290208-cpigreffe-sylvana-arbia-nommee-greffier-de-la-cour-penale-internationale5800.html"},"modified":"2008-02-28T23:00:00","modified_gmt":"2008-02-28T22:00:00","slug":"290208-cpigreffe-sylvana-arbia-nommee-greffier-de-la-cour-penale-internationale5800","status":"publish","type":"post","link":"https:\/\/www.justiceinfo.net\/fr\/8999-290208-cpigreffe-sylvana-arbia-nommee-greffier-de-la-cour-penale-internationale5800.html","title":{"rendered":"29.02.08 - CPI\/GREFFE - SYLVANA ARBIA NOMMEE GREFFIER DE LA COUR PENALE INTERNATIONALE"},"content":{"rendered":"<p>La Haye, 29 fevrier 2008 (FH) - Les juges de la Cour p&eacute;nale internationale (CPI) ont &eacute;lu vendredi, &agrave; la majorit&eacute;, l&rsquo;italienne Silvana Arbia, 54 ans, au poste de greffier de la juridiction au cours de leur assembl&eacute;e pl&eacute;ni&egrave;re, apprend on de source sure &agrave; la CPI.<br \/>\n<!--more-->Cette r&eacute;union s&rsquo;est tenue du 25 au 29 f&eacute;vrier &agrave; La Haye (Pays-Bas). <\/p>\n<p>Silvana Arbia faisait partie des dix candidats s&eacute;lectionn&eacute;s par Philippe Kirsch, le pr&eacute;sident de la Cour, et a ensuite &eacute;t&eacute; &eacute;lue par les juges, selon la proc&eacute;dure, pour un mandat de cinq ans. Les juges ont, en revanche, report&eacute; l&rsquo;&eacute;lection du greffier adjoint de la Cour. <\/p>\n<p>Parmi les candidats s&eacute;lectionn&eacute;s figuraient aussi l&rsquo;actuel greffier du Tribunal p&eacute;nal international pour le Rwanda (TPIR), le s&eacute;n&eacute;galais Adama Dieng, et le greffier adjoint du Tribunal p&eacute;nal international pour l&rsquo;ex-Yougoslavie (TPIY), l&rsquo;australien John Hocking. <\/p>\n<p>Selon une source interne &agrave; la Cour, &laquo; les juges avaient le choix entre l&rsquo;&eacute;lection d&rsquo;un greffier &quot;fort&quot;, susceptible de porter le mandat de la Cour tant en interne qu&rsquo;en externe, ou celle d&rsquo;un greffier au profil plus &quot;administratif&quot;, plus enclin &agrave; se soumettre aux injonctions de la pr&eacute;sidence &raquo;. Cette source estime que les juges &laquo; semblent avoir opt&eacute; pour le second profil &raquo;. <\/p>\n<p>Les juges n&rsquo;ont pour l&rsquo;heure fix&eacute; aucune date &agrave; sa prise de fonction. L&rsquo;actuel greffier, le magistrat fran&ccedil;ais Bruno Cathala quittera, lui, ses fonctions le 9 avril, quelques mois avant la fin effective de son mandat, pr&eacute;vue en juin. Il devrait prendre la pr&eacute;sidence d'un tribunal de grande instance pr&egrave;s de Paris. <\/p>\n<p>Bruno Cathala a mis en place la Cour p&eacute;nale internationale d&egrave;s l&rsquo;automne 2002, apr&egrave;s avoir quitt&eacute; le tribunal pour l&rsquo;ex-Yougoslavie o&ugrave; il avait notamment mis en place la cr&eacute;ation d&rsquo;une association des avocats de la d&eacute;fense. <\/p>\n<p>Titulaire d&rsquo;une ma&icirc;trise de droit, acquise en 1976 &agrave; l&rsquo;universit&eacute; de Padoue, en Italie, Silvana Arbia a exerc&eacute; comme avocate puis comme magistrate dans diff&eacute;rentes instances. Elle a d'abord &eacute;t&eacute; procureur et juge &agrave; Venise puis &agrave; Rome et &agrave; Milan. L&agrave;, elle pr&eacute;sidait la premi&egrave;re chambre p&eacute;nale de la cour d'appel et a notamment trait&eacute; des affaires de crimes organis&eacute;s (mafia) et d'agressions sexuelles. Avant de rejoindre le TPIR, elle &eacute;tait depuis plusieurs mois juge &agrave; la Cour supr&ecirc;me et &agrave; la Cour de cassation d&rsquo;Italie. <\/p>\n<p>Membre de la d&eacute;l&eacute;gation italienne lors des n&eacute;gociations diplomatiques de 1998, portant sur la r&eacute;daction du trait&eacute; de Rome, texte fondateur de la Cour permanente, Silvana Arbia estime, dans sa lettre de candidature - un texte qui donne une vision tr&egrave;s administrative de son futur mandat - que &laquo; l&rsquo;avenir [de la CPI] d&eacute;pend aussi de la capacit&eacute; de l&rsquo;institution de tirer parti de l&rsquo;exp&eacute;rience des tribunaux ad hoc (&hellip;). A cet &eacute;gard, &eacute;crit-elle, les huit ann&eacute;es que j&rsquo;ai pass&eacute;es au TPIR devraient permettre une transition sans &agrave;-coups &raquo;. <\/p>\n<p>La magistrate italienne avait rejoint le TPIR comme premier substitut le 14 mai 1999, et a dirig&eacute; l'accusation dans diff&eacute;rents proc&egrave;s comme celui dit de Butare, ou celui du p&egrave;re Seromba. Elle &eacute;tait devenue chef des poursuites en juin 2007. <\/p>\n<p>SM\/PB\/GF<br \/>\n&copy; Agence Hirondelle<\/p>\n","protected":false},"excerpt":{"rendered":"<p>La Haye, 29 fevrier 2008 (FH) - Les juges de la Cour p&eacute;nale internationale (CPI) ont &eacute;lu vendredi, &agrave; la majorit&eacute;, l&rsquo;italienne Silvana Arbia, 54 ans, au poste de greffier de la juridiction au cours de leur assembl&eacute;e pl&eacute;ni&egrave;re, apprend on de source sure &agrave; la CPI.<\/p>\n","protected":false},"author":64,"featured_media":0,"comment_status":"open","ping_status":"closed","sticky":false,"template":"","format":"standard","meta":{"_acf_changed":false,"footnotes":""},"categories":[554],"tags":[],"ji_location":[],"class_list":["post-8999","post","type-post","status-publish","format-standard","hentry","category-hirondellenews"],"acf":[],"yoast_head":"<!-- This site is optimized with the Yoast SEO Premium plugin v25.3.1 (Yoast SEO v25.3.1) - https:\/\/yoast.com\/wordpress\/plugins\/seo\/ -->\n<title>29.02.08 - CPI\/GREFFE - SYLVANA ARBIA NOMMEE GREFFIER DE LA COUR PENALE INTERNATIONALE - JusticeInfo.net<\/title>\n<meta name=\"robots\" content=\"index, follow, max-snippet:-1, max-image-preview:large, max-video-preview:-1\" \/>\n<link rel=\"canonical\" href=\"https:\/\/www.justiceinfo.net\/fr\/8999-290208-cpigreffe-sylvana-arbia-nommee-greffier-de-la-cour-penale-internationale5800.html\" \/>\n<meta property=\"og:locale\" content=\"fr_FR\" \/>\n<meta property=\"og:type\" content=\"article\" \/>\n<meta property=\"og:title\" content=\"29.02.08 - CPI\/GREFFE - SYLVANA ARBIA NOMMEE GREFFIER DE LA COUR PENALE INTERNATIONALE\" \/>\n<meta property=\"og:description\" content=\"La Haye, 29 fevrier 2008 (FH) - Les juges de la Cour p&eacute;nale internationale (CPI) ont &eacute;lu vendredi, &agrave; la majorit&eacute;, l&rsquo;italienne Silvana Arbia, 54 ans, au poste de greffier de la juridiction au cours de leur assembl&eacute;e pl&eacute;ni&egrave;re, apprend on de source sure &agrave; la CPI.\" \/>\n<meta property=\"og:url\" content=\"https:\/\/www.justiceinfo.net\/fr\/8999-290208-cpigreffe-sylvana-arbia-nommee-greffier-de-la-cour-penale-internationale5800.html\" \/>\n<meta property=\"og:site_name\" content=\"JusticeInfo.net\" \/>\n<meta property=\"article:publisher\" content=\"https:\/\/www.facebook.com\/JusticeInfo\/\" \/>\n<meta property=\"article:published_time\" content=\"2008-02-28T22:00:00+00:00\" \/>\n<meta property=\"og:image\" content=\"https:\/\/www.justiceinfo.net\/wp-content\/uploads\/JusticeInfoNet_logo_1200x630px.jpg\" \/>\n\t<meta property=\"og:image:width\" content=\"1200\" \/>\n\t<meta property=\"og:image:height\" content=\"630\" \/>\n\t<meta property=\"og:image:type\" content=\"image\/jpeg\" \/>\n<meta name=\"author\" content=\"solivri\" \/>\n<meta name=\"twitter:card\" content=\"summary_large_image\" \/>\n<meta name=\"twitter:creator\" content=\"@justiceinfonet\" \/>\n<meta name=\"twitter:site\" content=\"@justiceinfonet\" \/>\n<meta name=\"twitter:label1\" content=\"\u00c9crit par\" \/>\n\t<meta name=\"twitter:data1\" content=\"solivri\" \/>\n\t<meta name=\"twitter:label2\" content=\"Dur\u00e9e de lecture estim\u00e9e\" \/>\n\t<meta name=\"twitter:data2\" content=\"3 minutes\" \/>\n<script type=\"application\/ld+json\" class=\"yoast-schema-graph\">{\"@context\":\"https:\/\/schema.org\",\"@graph\":[{\"@type\":\"NewsArticle\",\"@id\":\"https:\/\/www.justiceinfo.net\/fr\/8999-290208-cpigreffe-sylvana-arbia-nommee-greffier-de-la-cour-penale-internationale5800.html#article\",\"isPartOf\":{\"@id\":\"https:\/\/www.justiceinfo.net\/fr\/8999-290208-cpigreffe-sylvana-arbia-nommee-greffier-de-la-cour-penale-internationale5800.html\"},\"author\":{\"name\":\"solivri\",\"@id\":\"https:\/\/www.justiceinfo.net\/fr#\/schema\/person\/6e53cba1629e2e66f3fc1821d3091865\"},\"headline\":\"29.02.08 - CPI\/GREFFE - SYLVANA ARBIA NOMMEE GREFFIER DE LA COUR PENALE INTERNATIONALE\",\"datePublished\":\"2008-02-28T22:00:00+00:00\",\"mainEntityOfPage\":{\"@id\":\"https:\/\/www.justiceinfo.net\/fr\/8999-290208-cpigreffe-sylvana-arbia-nommee-greffier-de-la-cour-penale-internationale5800.html\"},\"wordCount\":687,\"commentCount\":0,\"publisher\":{\"@id\":\"https:\/\/www.justiceinfo.net\/fr#organization\"},\"articleSection\":[\"Hirondelle News\"],\"inLanguage\":\"fr-FR\",\"potentialAction\":[{\"@type\":\"CommentAction\",\"name\":\"Comment\",\"target\":[\"https:\/\/www.justiceinfo.net\/fr\/8999-290208-cpigreffe-sylvana-arbia-nommee-greffier-de-la-cour-penale-internationale5800.html#respond\"]}]},{\"@type\":\"WebPage\",\"@id\":\"https:\/\/www.justiceinfo.net\/fr\/8999-290208-cpigreffe-sylvana-arbia-nommee-greffier-de-la-cour-penale-internationale5800.html\",\"url\":\"https:\/\/www.justiceinfo.net\/fr\/8999-290208-cpigreffe-sylvana-arbia-nommee-greffier-de-la-cour-penale-internationale5800.html\",\"name\":\"29.02.08 - CPI\/GREFFE - SYLVANA ARBIA NOMMEE GREFFIER DE LA COUR PENALE INTERNATIONALE - JusticeInfo.net\",\"isPartOf\":{\"@id\":\"https:\/\/www.justiceinfo.net\/fr#website\"},\"datePublished\":\"2008-02-28T22:00:00+00:00\",\"breadcrumb\":{\"@id\":\"https:\/\/www.justiceinfo.net\/fr\/8999-290208-cpigreffe-sylvana-arbia-nommee-greffier-de-la-cour-penale-internationale5800.html#breadcrumb\"},\"inLanguage\":\"fr-FR\",\"potentialAction\":[{\"@type\":\"ReadAction\",\"target\":[\"https:\/\/www.justiceinfo.net\/fr\/8999-290208-cpigreffe-sylvana-arbia-nommee-greffier-de-la-cour-penale-internationale5800.html\"]}]},{\"@type\":\"BreadcrumbList\",\"@id\":\"https:\/\/www.justiceinfo.net\/fr\/8999-290208-cpigreffe-sylvana-arbia-nommee-greffier-de-la-cour-penale-internationale5800.html#breadcrumb\",\"itemListElement\":[{\"@type\":\"ListItem\",\"position\":1,\"name\":\"Home\",\"item\":\"https:\/\/www.justiceinfo.net\/fr\"},{\"@type\":\"ListItem\",\"position\":2,\"name\":\"29.02.08 - CPI\/GREFFE - SYLVANA ARBIA NOMMEE GREFFIER DE LA COUR PENALE INTERNATIONALE\"}]},{\"@type\":\"WebSite\",\"@id\":\"https:\/\/www.justiceinfo.net\/fr#website\",\"url\":\"https:\/\/www.justiceinfo.net\/fr\",\"name\":\"JusticeInfo.net\",\"description\":\"La justice doit \u00eatre vue pour \u00eatre rendue\",\"publisher\":{\"@id\":\"https:\/\/www.justiceinfo.net\/fr#organization\"},\"potentialAction\":[{\"@type\":\"SearchAction\",\"target\":{\"@type\":\"EntryPoint\",\"urlTemplate\":\"https:\/\/www.justiceinfo.net\/fr?s={search_term_string}\"},\"query-input\":{\"@type\":\"PropertyValueSpecification\",\"valueRequired\":true,\"valueName\":\"search_term_string\"}}],\"inLanguage\":\"fr-FR\"},{\"@type\":\"Organization\",\"@id\":\"https:\/\/www.justiceinfo.net\/fr#organization\",\"name\":\"Justice Info\",\"url\":\"https:\/\/www.justiceinfo.net\/fr\",\"logo\":{\"@type\":\"ImageObject\",\"inLanguage\":\"fr-FR\",\"@id\":\"https:\/\/www.justiceinfo.net\/fr#\/schema\/logo\/image\/\",\"url\":\"https:\/\/www.justiceinfo.net\/wp-content\/uploads\/justiceinfo_logo-trans_1200x1200px.png\",\"contentUrl\":\"https:\/\/www.justiceinfo.net\/wp-content\/uploads\/justiceinfo_logo-trans_1200x1200px.png\",\"width\":1199,\"height\":1200,\"caption\":\"Justice Info\"},\"image\":{\"@id\":\"https:\/\/www.justiceinfo.net\/fr#\/schema\/logo\/image\/\"},\"sameAs\":[\"https:\/\/www.facebook.com\/JusticeInfo\/\",\"https:\/\/x.com\/justiceinfonet\",\"https:\/\/www.linkedin.com\/company\/justice-info\",\"https:\/\/www.youtube.com\/channel\/UCyCEsARodyuWtkWyhn-e7pA\"]},{\"@type\":\"Person\",\"name\":\"solivri\",\"url\":\"\/fr\/?s=solivri\"}]}<\/script>\n<!-- \/ Yoast SEO Premium plugin. -->","yoast_head_json":{"title":"29.02.08 - CPI\/GREFFE - SYLVANA ARBIA NOMMEE GREFFIER DE LA COUR PENALE INTERNATIONALE - JusticeInfo.net","robots":{"index":"index","follow":"follow","max-snippet":"max-snippet:-1","max-image-preview":"max-image-preview:large","max-video-preview":"max-video-preview:-1"},"canonical":"https:\/\/www.justiceinfo.net\/fr\/8999-290208-cpigreffe-sylvana-arbia-nommee-greffier-de-la-cour-penale-internationale5800.html","og_locale":"fr_FR","og_type":"article","og_title":"29.02.08 - CPI\/GREFFE - SYLVANA ARBIA NOMMEE GREFFIER DE LA COUR PENALE INTERNATIONALE","og_description":"La Haye, 29 fevrier 2008 (FH) - Les juges de la Cour p&eacute;nale internationale (CPI) ont &eacute;lu vendredi, &agrave; la majorit&eacute;, l&rsquo;italienne Silvana Arbia, 54 ans, au poste de greffier de la juridiction au cours de leur assembl&eacute;e pl&eacute;ni&egrave;re, apprend on de source sure &agrave; la CPI.","og_url":"https:\/\/www.justiceinfo.net\/fr\/8999-290208-cpigreffe-sylvana-arbia-nommee-greffier-de-la-cour-penale-internationale5800.html","og_site_name":"JusticeInfo.net","article_publisher":"https:\/\/www.facebook.com\/JusticeInfo\/","article_published_time":"2008-02-28T22:00:00+00:00","og_image":[{"width":1200,"height":630,"url":"https:\/\/www.justiceinfo.net\/wp-content\/uploads\/JusticeInfoNet_logo_1200x630px.jpg","type":"image\/jpeg"}],"author":"solivri","twitter_card":"summary_large_image","twitter_creator":"@justiceinfonet","twitter_site":"@justiceinfonet","twitter_misc":{"\u00c9crit par":"solivri","Dur\u00e9e de lecture estim\u00e9e":"3 minutes"},"schema":{"@context":"https:\/\/schema.org","@graph":[{"@type":"NewsArticle","@id":"https:\/\/www.justiceinfo.net\/fr\/8999-290208-cpigreffe-sylvana-arbia-nommee-greffier-de-la-cour-penale-internationale5800.html#article","isPartOf":{"@id":"https:\/\/www.justiceinfo.net\/fr\/8999-290208-cpigreffe-sylvana-arbia-nommee-greffier-de-la-cour-penale-internationale5800.html"},"author":{"name":"solivri","@id":"https:\/\/www.justiceinfo.net\/fr#\/schema\/person\/6e53cba1629e2e66f3fc1821d3091865"},"headline":"29.02.08 - CPI\/GREFFE - SYLVANA ARBIA NOMMEE GREFFIER DE LA COUR PENALE INTERNATIONALE","datePublished":"2008-02-28T22:00:00+00:00","mainEntityOfPage":{"@id":"https:\/\/www.justiceinfo.net\/fr\/8999-290208-cpigreffe-sylvana-arbia-nommee-greffier-de-la-cour-penale-internationale5800.html"},"wordCount":687,"commentCount":0,"publisher":{"@id":"https:\/\/www.justiceinfo.net\/fr#organization"},"articleSection":["Hirondelle News"],"inLanguage":"fr-FR","potentialAction":[{"@type":"CommentAction","name":"Comment","target":["https:\/\/www.justiceinfo.net\/fr\/8999-290208-cpigreffe-sylvana-arbia-nommee-greffier-de-la-cour-penale-internationale5800.html#respond"]}]},{"@type":"WebPage","@id":"https:\/\/www.justiceinfo.net\/fr\/8999-290208-cpigreffe-sylvana-arbia-nommee-greffier-de-la-cour-penale-internationale5800.html","url":"https:\/\/www.justiceinfo.net\/fr\/8999-290208-cpigreffe-sylvana-arbia-nommee-greffier-de-la-cour-penale-internationale5800.html","name":"29.02.08 - CPI\/GREFFE - SYLVANA ARBIA NOMMEE GREFFIER DE LA COUR PENALE INTERNATIONALE - JusticeInfo.net","isPartOf":{"@id":"https:\/\/www.justiceinfo.net\/fr#website"},"datePublished":"2008-02-28T22:00:00+00:00","breadcrumb":{"@id":"https:\/\/www.justiceinfo.net\/fr\/8999-290208-cpigreffe-sylvana-arbia-nommee-greffier-de-la-cour-penale-internationale5800.html#breadcrumb"},"inLanguage":"fr-FR","potentialAction":[{"@type":"ReadAction","target":["https:\/\/www.justiceinfo.net\/fr\/8999-290208-cpigreffe-sylvana-arbia-nommee-greffier-de-la-cour-penale-internationale5800.html"]}]},{"@type":"BreadcrumbList","@id":"https:\/\/www.justiceinfo.net\/fr\/8999-290208-cpigreffe-sylvana-arbia-nommee-greffier-de-la-cour-penale-internationale5800.html#breadcrumb","itemListElement":[{"@type":"ListItem","position":1,"name":"Home","item":"https:\/\/www.justiceinfo.net\/fr"},{"@type":"ListItem","position":2,"name":"29.02.08 - CPI\/GREFFE - SYLVANA ARBIA NOMMEE GREFFIER DE LA COUR PENALE INTERNATIONALE"}]},{"@type":"WebSite","@id":"https:\/\/www.justiceinfo.net\/fr#website","url":"https:\/\/www.justiceinfo.net\/fr","name":"JusticeInfo.net","description":"La justice doit \u00eatre vue pour \u00eatre rendue","publisher":{"@id":"https:\/\/www.justiceinfo.net\/fr#organization"},"potentialAction":[{"@type":"SearchAction","target":{"@type":"EntryPoint","urlTemplate":"https:\/\/www.justiceinfo.net\/fr?s={search_term_string}"},"query-input":{"@type":"PropertyValueSpecification","valueRequired":true,"valueName":"search_term_string"}}],"inLanguage":"fr-FR"},{"@type":"Organization","@id":"https:\/\/www.justiceinfo.net\/fr#organization","name":"Justice Info","url":"https:\/\/www.justiceinfo.net\/fr","logo":{"@type":"ImageObject","inLanguage":"fr-FR","@id":"https:\/\/www.justiceinfo.net\/fr#\/schema\/logo\/image\/","url":"https:\/\/www.justiceinfo.net\/wp-content\/uploads\/justiceinfo_logo-trans_1200x1200px.png","contentUrl":"https:\/\/www.justiceinfo.net\/wp-content\/uploads\/justiceinfo_logo-trans_1200x1200px.png","width":1199,"height":1200,"caption":"Justice Info"},"image":{"@id":"https:\/\/www.justiceinfo.net\/fr#\/schema\/logo\/image\/"},"sameAs":["https:\/\/www.facebook.com\/JusticeInfo\/","https:\/\/x.com\/justiceinfonet","https:\/\/www.linkedin.com\/company\/justice-info","https:\/\/www.youtube.com\/channel\/UCyCEsARodyuWtkWyhn-e7pA"]},{"@type":"Person","name":"solivri","url":"\/fr\/?s=solivri"}]}},"_links":{"self":[{"href":"https:\/\/www.justiceinfo.net\/fr\/wp-json\/wp\/v2\/posts\/8999","targetHints":{"allow":["GET"]}}],"collection":[{"href":"https:\/\/www.justiceinfo.net\/fr\/wp-json\/wp\/v2\/posts"}],"about":[{"href":"https:\/\/www.justiceinfo.net\/fr\/wp-json\/wp\/v2\/types\/post"}],"author":[{"embeddable":true,"href":"https:\/\/www.justiceinfo.net\/fr\/wp-json\/wp\/v2\/users\/64"}],"replies":[{"embeddable":true,"href":"https:\/\/www.justiceinfo.net\/fr\/wp-json\/wp\/v2\/comments?post=8999"}],"version-history":[{"count":0,"href":"https:\/\/www.justiceinfo.net\/fr\/wp-json\/wp\/v2\/posts\/8999\/revisions"}],"wp:attachment":[{"href":"https:\/\/www.justiceinfo.net\/fr\/wp-json\/wp\/v2\/media?parent=8999"}],"wp:term":[{"taxonomy":"category","embeddable":true,"href":"https:\/\/www.justiceinfo.net\/fr\/wp-json\/wp\/v2\/categories?post=8999"},{"taxonomy":"post_tag","embeddable":true,"href":"https:\/\/www.justiceinfo.net\/fr\/wp-json\/wp\/v2\/tags?post=8999"},{"taxonomy":"ji_location","embeddable":true,"href":"https:\/\/www.justiceinfo.net\/fr\/wp-json\/wp\/v2\/ji_location?post=8999"}],"curies":[{"name":"wp","href":"https:\/\/api.w.org\/{rel}","templated":true}]}}