{"id":9003,"date":"2008-02-28T23:00:00","date_gmt":"2008-02-28T22:00:00","guid":{"rendered":"https:\/\/www.justiceinfo.net\/9003-290208-tpirgouvernement-ii-un-ex-ministre-demande-a-citer-de-nouveaux-temoins-a-decharge5804.html"},"modified":"2008-02-28T23:00:00","modified_gmt":"2008-02-28T22:00:00","slug":"290208-tpirgouvernement-ii-un-ex-ministre-demande-a-citer-de-nouveaux-temoins-a-decharge5804","status":"publish","type":"post","link":"https:\/\/www.justiceinfo.net\/fr\/9003-290208-tpirgouvernement-ii-un-ex-ministre-demande-a-citer-de-nouveaux-temoins-a-decharge5804.html","title":{"rendered":"29.02.08 - TPIR\/GOUVERNEMENT II - UN EX-MINISTRE DEMANDE A CITER DE NOUVEAUX TEMOINS A DECHARGE"},"content":{"rendered":"<p>Arusha, 29 f&eacute;vrier 2008 (FH) - L&rsquo;ex-ministre rwandais du commerce, Justin Mugenzi, accus&eacute; de g&eacute;nocide, a demand&eacute; &agrave; pr&eacute;senter de nouvelles preuves &agrave; d&eacute;charge, arguant que le procureur lui a cach&eacute; des documents importants qui auraient pu avoir une influence sur sa d&eacute;fense.<br \/>\n<!--more--><\/p>\n<p >\n<p>Jug&eacute; depuis novembre 2003 avec trois autres membres du gouvernement int&eacute;rimaire en place pendant le g&eacute;nocide des Tutsis en 1994, Mugenzi a &eacute;t&eacute; le premier &agrave; citer des t&eacute;moins &agrave; d&eacute;charge. <\/p>\n<p>\nActuellement, c&rsquo;est le tour du quatri&egrave;me accus&eacute;, l&rsquo;ex-ministre de la fonction publique, Prosper Mugiraneza.\n<\/p>\n<p>\nDans une requ&ecirc;te dat&eacute;e du 25 f&eacute;vrier, l&rsquo;avocat de Mugenzi, Me Ben Gumpert (Grande Bretagne), affirme que le procureur lui a communiqu&eacute; seulement le 18 f&eacute;vrier quatre d&eacute;clarations de t&eacute;moins pourtant recueillies en 2002, soit une ann&eacute;e avant le d&eacute;but du proc&egrave;s, qui sont de nature &agrave; disculper son client ou tout au moins &agrave; porter atteinte &agrave; la cr&eacute;dibilit&eacute; des t&eacute;moins &agrave; charge.\n<\/p>\n<p>\n&laquo; Il y a eu violation significative par le procureur de son obligation de communiquer prescrite par l&rsquo;article 68 A &raquo; du R&egrave;glement, &eacute;crit en substance Me Gumpert.\n<\/p>\n<p>\nSi ces &eacute;l&eacute;ments de preuve avaient &eacute;t&eacute; port&eacute;s &agrave; la connaissance de la d&eacute;fense en temps opportun, soit &agrave; l&rsquo;ouverture du proc&egrave;s ou avant cette date, la d&eacute;fense les aurait utilis&eacute;s lors du contre-interrogatoire des t&eacute;moins &agrave; charge, explique l&rsquo;avocat.\n<\/p>\n<p>\nLe d&eacute;fenseur ajoute qu&rsquo;il aurait pu par ailleurs faire compara&icirc;tre les auteurs de ces d&eacute;clarations comme t&eacute;moins.\n<\/p>\n<p>\n&laquo; Pour trois des quatre &eacute;quipes de d&eacute;fense cette opportunit&eacute; a &eacute;t&eacute; perdue, car elles ont d&eacute;j&agrave; cl&ocirc;tur&eacute; leurs preuves &raquo;, selon la requ&ecirc;te.\n<\/p>\n<p>\nLes quatre t&eacute;moins concern&eacute;s devraient &ecirc;tre autoris&eacute;s &agrave; compara&icirc;tre, indique Me Gumpert, qui souligne qu&rsquo;ils renforceraient la th&egrave;se de la d&eacute;fense selon laquelle le gouvernement int&eacute;rimaire n&rsquo;&eacute;tait pas ma&icirc;tre de la situation pendant le g&eacute;nocide et ne pouvait pas emp&ecirc;cher les massacres commis par ses opposants, le Front patriotique rwandais (FPR).\n<\/p>\n<p>\nLa requ&ecirc;te souligne que la r&eacute;cente publication en Espagne d&rsquo;actes d&rsquo;accusation et de mandats d&rsquo;arr&ecirc;t contre quarante officiers du FPR conforte la d&eacute;fense dans son raisonnement.\n<\/p>\n<p>\nMe Gumpert demande en outre &agrave; la chambre d&rsquo;ordonner au procureur de communiquer &agrave; la d&eacute;fense tous les documents pertinents en sa possession, notamment ceux qui ont trait aux enqu&ecirc;tes sur les crimes attribu&eacute;s au FPR.\n<\/p>\n<p>\nTim Gallimore, le porte-parole du procureur, a confirm&eacute; l&rsquo;existence de cette requ&ecirc;te mais il a indiqu&eacute; qu&rsquo;elle sera trait&eacute;e suivant la proc&eacute;dure normale par la chambre saisie.\n<\/p>\n<p>\nSC\/AT\/PB\/GF\n<\/p>\n<p>\n&copy; Agence Hirondelle<\/p>\n","protected":false},"excerpt":{"rendered":"<p>Arusha, 29 f&eacute;vrier 2008 (FH) - L&rsquo;ex-ministre rwandais du commerce, Justin Mugenzi, accus&eacute; de g&eacute;nocide, a demand&eacute; &agrave; pr&eacute;senter de nouvelles preuves &agrave; d&eacute;charge, arguant que le procureur lui a cach&eacute; des documents importants qui auraient pu avoir une influence sur sa d&eacute;fense.<\/p>\n","protected":false},"author":64,"featured_media":0,"comment_status":"open","ping_status":"closed","sticky":false,"template":"","format":"standard","meta":{"_acf_changed":false,"footnotes":""},"categories":[554],"tags":[],"ji_location":[],"class_list":["post-9003","post","type-post","status-publish","format-standard","hentry","category-hirondellenews"],"acf":[],"yoast_head":"<!-- This site is optimized with the Yoast SEO Premium plugin v25.3.1 (Yoast SEO v25.3.1) - https:\/\/yoast.com\/wordpress\/plugins\/seo\/ -->\n<title>29.02.08 - TPIR\/GOUVERNEMENT II - UN EX-MINISTRE DEMANDE A CITER DE NOUVEAUX TEMOINS A DECHARGE - JusticeInfo.net<\/title>\n<meta name=\"robots\" content=\"index, follow, max-snippet:-1, max-image-preview:large, max-video-preview:-1\" \/>\n<link rel=\"canonical\" href=\"https:\/\/www.justiceinfo.net\/fr\/9003-290208-tpirgouvernement-ii-un-ex-ministre-demande-a-citer-de-nouveaux-temoins-a-decharge5804.html\" \/>\n<meta property=\"og:locale\" content=\"fr_FR\" \/>\n<meta property=\"og:type\" content=\"article\" \/>\n<meta property=\"og:title\" content=\"29.02.08 - TPIR\/GOUVERNEMENT II - UN EX-MINISTRE DEMANDE A CITER DE NOUVEAUX TEMOINS A DECHARGE\" \/>\n<meta property=\"og:description\" content=\"Arusha, 29 f&eacute;vrier 2008 (FH) - L&rsquo;ex-ministre rwandais du commerce, Justin Mugenzi, accus&eacute; de g&eacute;nocide, a demand&eacute; &agrave; pr&eacute;senter de nouvelles preuves &agrave; d&eacute;charge, arguant que le procureur lui a cach&eacute; des documents importants qui auraient pu avoir une influence sur sa d&eacute;fense.\" \/>\n<meta property=\"og:url\" content=\"https:\/\/www.justiceinfo.net\/fr\/9003-290208-tpirgouvernement-ii-un-ex-ministre-demande-a-citer-de-nouveaux-temoins-a-decharge5804.html\" \/>\n<meta property=\"og:site_name\" content=\"JusticeInfo.net\" \/>\n<meta property=\"article:publisher\" content=\"https:\/\/www.facebook.com\/JusticeInfo\/\" \/>\n<meta property=\"article:published_time\" content=\"2008-02-28T22:00:00+00:00\" \/>\n<meta property=\"og:image\" content=\"https:\/\/www.justiceinfo.net\/wp-content\/uploads\/JusticeInfoNet_logo_1200x630px.jpg\" \/>\n\t<meta property=\"og:image:width\" content=\"1200\" \/>\n\t<meta property=\"og:image:height\" content=\"630\" \/>\n\t<meta property=\"og:image:type\" content=\"image\/jpeg\" \/>\n<meta name=\"author\" content=\"solivri\" \/>\n<meta name=\"twitter:card\" content=\"summary_large_image\" \/>\n<meta name=\"twitter:creator\" content=\"@justiceinfonet\" \/>\n<meta name=\"twitter:site\" content=\"@justiceinfonet\" \/>\n<meta name=\"twitter:label1\" content=\"\u00c9crit par\" \/>\n\t<meta name=\"twitter:data1\" content=\"solivri\" \/>\n\t<meta name=\"twitter:label2\" content=\"Dur\u00e9e de lecture estim\u00e9e\" \/>\n\t<meta name=\"twitter:data2\" content=\"3 minutes\" \/>\n<script type=\"application\/ld+json\" class=\"yoast-schema-graph\">{\"@context\":\"https:\/\/schema.org\",\"@graph\":[{\"@type\":\"NewsArticle\",\"@id\":\"https:\/\/www.justiceinfo.net\/fr\/9003-290208-tpirgouvernement-ii-un-ex-ministre-demande-a-citer-de-nouveaux-temoins-a-decharge5804.html#article\",\"isPartOf\":{\"@id\":\"https:\/\/www.justiceinfo.net\/fr\/9003-290208-tpirgouvernement-ii-un-ex-ministre-demande-a-citer-de-nouveaux-temoins-a-decharge5804.html\"},\"author\":{\"name\":\"solivri\",\"@id\":\"https:\/\/www.justiceinfo.net\/fr#\/schema\/person\/6e53cba1629e2e66f3fc1821d3091865\"},\"headline\":\"29.02.08 - TPIR\/GOUVERNEMENT II - UN EX-MINISTRE DEMANDE A CITER DE NOUVEAUX TEMOINS A DECHARGE\",\"datePublished\":\"2008-02-28T22:00:00+00:00\",\"mainEntityOfPage\":{\"@id\":\"https:\/\/www.justiceinfo.net\/fr\/9003-290208-tpirgouvernement-ii-un-ex-ministre-demande-a-citer-de-nouveaux-temoins-a-decharge5804.html\"},\"wordCount\":584,\"commentCount\":0,\"publisher\":{\"@id\":\"https:\/\/www.justiceinfo.net\/fr#organization\"},\"articleSection\":[\"Hirondelle News\"],\"inLanguage\":\"fr-FR\",\"potentialAction\":[{\"@type\":\"CommentAction\",\"name\":\"Comment\",\"target\":[\"https:\/\/www.justiceinfo.net\/fr\/9003-290208-tpirgouvernement-ii-un-ex-ministre-demande-a-citer-de-nouveaux-temoins-a-decharge5804.html#respond\"]}]},{\"@type\":\"WebPage\",\"@id\":\"https:\/\/www.justiceinfo.net\/fr\/9003-290208-tpirgouvernement-ii-un-ex-ministre-demande-a-citer-de-nouveaux-temoins-a-decharge5804.html\",\"url\":\"https:\/\/www.justiceinfo.net\/fr\/9003-290208-tpirgouvernement-ii-un-ex-ministre-demande-a-citer-de-nouveaux-temoins-a-decharge5804.html\",\"name\":\"29.02.08 - TPIR\/GOUVERNEMENT II - UN EX-MINISTRE DEMANDE A CITER DE NOUVEAUX TEMOINS A DECHARGE - JusticeInfo.net\",\"isPartOf\":{\"@id\":\"https:\/\/www.justiceinfo.net\/fr#website\"},\"datePublished\":\"2008-02-28T22:00:00+00:00\",\"breadcrumb\":{\"@id\":\"https:\/\/www.justiceinfo.net\/fr\/9003-290208-tpirgouvernement-ii-un-ex-ministre-demande-a-citer-de-nouveaux-temoins-a-decharge5804.html#breadcrumb\"},\"inLanguage\":\"fr-FR\",\"potentialAction\":[{\"@type\":\"ReadAction\",\"target\":[\"https:\/\/www.justiceinfo.net\/fr\/9003-290208-tpirgouvernement-ii-un-ex-ministre-demande-a-citer-de-nouveaux-temoins-a-decharge5804.html\"]}]},{\"@type\":\"BreadcrumbList\",\"@id\":\"https:\/\/www.justiceinfo.net\/fr\/9003-290208-tpirgouvernement-ii-un-ex-ministre-demande-a-citer-de-nouveaux-temoins-a-decharge5804.html#breadcrumb\",\"itemListElement\":[{\"@type\":\"ListItem\",\"position\":1,\"name\":\"Home\",\"item\":\"https:\/\/www.justiceinfo.net\/fr\"},{\"@type\":\"ListItem\",\"position\":2,\"name\":\"29.02.08 - TPIR\/GOUVERNEMENT II - UN EX-MINISTRE DEMANDE A CITER DE NOUVEAUX TEMOINS A DECHARGE\"}]},{\"@type\":\"WebSite\",\"@id\":\"https:\/\/www.justiceinfo.net\/fr#website\",\"url\":\"https:\/\/www.justiceinfo.net\/fr\",\"name\":\"JusticeInfo.net\",\"description\":\"La justice doit \u00eatre vue pour \u00eatre rendue\",\"publisher\":{\"@id\":\"https:\/\/www.justiceinfo.net\/fr#organization\"},\"potentialAction\":[{\"@type\":\"SearchAction\",\"target\":{\"@type\":\"EntryPoint\",\"urlTemplate\":\"https:\/\/www.justiceinfo.net\/fr?s={search_term_string}\"},\"query-input\":{\"@type\":\"PropertyValueSpecification\",\"valueRequired\":true,\"valueName\":\"search_term_string\"}}],\"inLanguage\":\"fr-FR\"},{\"@type\":\"Organization\",\"@id\":\"https:\/\/www.justiceinfo.net\/fr#organization\",\"name\":\"Justice Info\",\"url\":\"https:\/\/www.justiceinfo.net\/fr\",\"logo\":{\"@type\":\"ImageObject\",\"inLanguage\":\"fr-FR\",\"@id\":\"https:\/\/www.justiceinfo.net\/fr#\/schema\/logo\/image\/\",\"url\":\"https:\/\/www.justiceinfo.net\/wp-content\/uploads\/justiceinfo_logo-trans_1200x1200px.png\",\"contentUrl\":\"https:\/\/www.justiceinfo.net\/wp-content\/uploads\/justiceinfo_logo-trans_1200x1200px.png\",\"width\":1199,\"height\":1200,\"caption\":\"Justice Info\"},\"image\":{\"@id\":\"https:\/\/www.justiceinfo.net\/fr#\/schema\/logo\/image\/\"},\"sameAs\":[\"https:\/\/www.facebook.com\/JusticeInfo\/\",\"https:\/\/x.com\/justiceinfonet\",\"https:\/\/www.linkedin.com\/company\/justice-info\",\"https:\/\/www.youtube.com\/channel\/UCyCEsARodyuWtkWyhn-e7pA\"]},{\"@type\":\"Person\",\"name\":\"solivri\",\"url\":\"\/fr\/?s=solivri\"}]}<\/script>\n<!-- \/ Yoast SEO Premium plugin. -->","yoast_head_json":{"title":"29.02.08 - TPIR\/GOUVERNEMENT II - UN EX-MINISTRE DEMANDE A CITER DE NOUVEAUX TEMOINS A DECHARGE - JusticeInfo.net","robots":{"index":"index","follow":"follow","max-snippet":"max-snippet:-1","max-image-preview":"max-image-preview:large","max-video-preview":"max-video-preview:-1"},"canonical":"https:\/\/www.justiceinfo.net\/fr\/9003-290208-tpirgouvernement-ii-un-ex-ministre-demande-a-citer-de-nouveaux-temoins-a-decharge5804.html","og_locale":"fr_FR","og_type":"article","og_title":"29.02.08 - TPIR\/GOUVERNEMENT II - UN EX-MINISTRE DEMANDE A CITER DE NOUVEAUX TEMOINS A DECHARGE","og_description":"Arusha, 29 f&eacute;vrier 2008 (FH) - L&rsquo;ex-ministre rwandais du commerce, Justin Mugenzi, accus&eacute; de g&eacute;nocide, a demand&eacute; &agrave; pr&eacute;senter de nouvelles preuves &agrave; d&eacute;charge, arguant que le procureur lui a cach&eacute; des documents importants qui auraient pu avoir une influence sur sa d&eacute;fense.","og_url":"https:\/\/www.justiceinfo.net\/fr\/9003-290208-tpirgouvernement-ii-un-ex-ministre-demande-a-citer-de-nouveaux-temoins-a-decharge5804.html","og_site_name":"JusticeInfo.net","article_publisher":"https:\/\/www.facebook.com\/JusticeInfo\/","article_published_time":"2008-02-28T22:00:00+00:00","og_image":[{"width":1200,"height":630,"url":"https:\/\/www.justiceinfo.net\/wp-content\/uploads\/JusticeInfoNet_logo_1200x630px.jpg","type":"image\/jpeg"}],"author":"solivri","twitter_card":"summary_large_image","twitter_creator":"@justiceinfonet","twitter_site":"@justiceinfonet","twitter_misc":{"\u00c9crit par":"solivri","Dur\u00e9e de lecture estim\u00e9e":"3 minutes"},"schema":{"@context":"https:\/\/schema.org","@graph":[{"@type":"NewsArticle","@id":"https:\/\/www.justiceinfo.net\/fr\/9003-290208-tpirgouvernement-ii-un-ex-ministre-demande-a-citer-de-nouveaux-temoins-a-decharge5804.html#article","isPartOf":{"@id":"https:\/\/www.justiceinfo.net\/fr\/9003-290208-tpirgouvernement-ii-un-ex-ministre-demande-a-citer-de-nouveaux-temoins-a-decharge5804.html"},"author":{"name":"solivri","@id":"https:\/\/www.justiceinfo.net\/fr#\/schema\/person\/6e53cba1629e2e66f3fc1821d3091865"},"headline":"29.02.08 - TPIR\/GOUVERNEMENT II - UN EX-MINISTRE DEMANDE A CITER DE NOUVEAUX TEMOINS A DECHARGE","datePublished":"2008-02-28T22:00:00+00:00","mainEntityOfPage":{"@id":"https:\/\/www.justiceinfo.net\/fr\/9003-290208-tpirgouvernement-ii-un-ex-ministre-demande-a-citer-de-nouveaux-temoins-a-decharge5804.html"},"wordCount":584,"commentCount":0,"publisher":{"@id":"https:\/\/www.justiceinfo.net\/fr#organization"},"articleSection":["Hirondelle News"],"inLanguage":"fr-FR","potentialAction":[{"@type":"CommentAction","name":"Comment","target":["https:\/\/www.justiceinfo.net\/fr\/9003-290208-tpirgouvernement-ii-un-ex-ministre-demande-a-citer-de-nouveaux-temoins-a-decharge5804.html#respond"]}]},{"@type":"WebPage","@id":"https:\/\/www.justiceinfo.net\/fr\/9003-290208-tpirgouvernement-ii-un-ex-ministre-demande-a-citer-de-nouveaux-temoins-a-decharge5804.html","url":"https:\/\/www.justiceinfo.net\/fr\/9003-290208-tpirgouvernement-ii-un-ex-ministre-demande-a-citer-de-nouveaux-temoins-a-decharge5804.html","name":"29.02.08 - TPIR\/GOUVERNEMENT II - UN EX-MINISTRE DEMANDE A CITER DE NOUVEAUX TEMOINS A DECHARGE - JusticeInfo.net","isPartOf":{"@id":"https:\/\/www.justiceinfo.net\/fr#website"},"datePublished":"2008-02-28T22:00:00+00:00","breadcrumb":{"@id":"https:\/\/www.justiceinfo.net\/fr\/9003-290208-tpirgouvernement-ii-un-ex-ministre-demande-a-citer-de-nouveaux-temoins-a-decharge5804.html#breadcrumb"},"inLanguage":"fr-FR","potentialAction":[{"@type":"ReadAction","target":["https:\/\/www.justiceinfo.net\/fr\/9003-290208-tpirgouvernement-ii-un-ex-ministre-demande-a-citer-de-nouveaux-temoins-a-decharge5804.html"]}]},{"@type":"BreadcrumbList","@id":"https:\/\/www.justiceinfo.net\/fr\/9003-290208-tpirgouvernement-ii-un-ex-ministre-demande-a-citer-de-nouveaux-temoins-a-decharge5804.html#breadcrumb","itemListElement":[{"@type":"ListItem","position":1,"name":"Home","item":"https:\/\/www.justiceinfo.net\/fr"},{"@type":"ListItem","position":2,"name":"29.02.08 - TPIR\/GOUVERNEMENT II - UN EX-MINISTRE DEMANDE A CITER DE NOUVEAUX TEMOINS A DECHARGE"}]},{"@type":"WebSite","@id":"https:\/\/www.justiceinfo.net\/fr#website","url":"https:\/\/www.justiceinfo.net\/fr","name":"JusticeInfo.net","description":"La justice doit \u00eatre vue pour \u00eatre rendue","publisher":{"@id":"https:\/\/www.justiceinfo.net\/fr#organization"},"potentialAction":[{"@type":"SearchAction","target":{"@type":"EntryPoint","urlTemplate":"https:\/\/www.justiceinfo.net\/fr?s={search_term_string}"},"query-input":{"@type":"PropertyValueSpecification","valueRequired":true,"valueName":"search_term_string"}}],"inLanguage":"fr-FR"},{"@type":"Organization","@id":"https:\/\/www.justiceinfo.net\/fr#organization","name":"Justice Info","url":"https:\/\/www.justiceinfo.net\/fr","logo":{"@type":"ImageObject","inLanguage":"fr-FR","@id":"https:\/\/www.justiceinfo.net\/fr#\/schema\/logo\/image\/","url":"https:\/\/www.justiceinfo.net\/wp-content\/uploads\/justiceinfo_logo-trans_1200x1200px.png","contentUrl":"https:\/\/www.justiceinfo.net\/wp-content\/uploads\/justiceinfo_logo-trans_1200x1200px.png","width":1199,"height":1200,"caption":"Justice Info"},"image":{"@id":"https:\/\/www.justiceinfo.net\/fr#\/schema\/logo\/image\/"},"sameAs":["https:\/\/www.facebook.com\/JusticeInfo\/","https:\/\/x.com\/justiceinfonet","https:\/\/www.linkedin.com\/company\/justice-info","https:\/\/www.youtube.com\/channel\/UCyCEsARodyuWtkWyhn-e7pA"]},{"@type":"Person","name":"solivri","url":"\/fr\/?s=solivri"}]}},"_links":{"self":[{"href":"https:\/\/www.justiceinfo.net\/fr\/wp-json\/wp\/v2\/posts\/9003","targetHints":{"allow":["GET"]}}],"collection":[{"href":"https:\/\/www.justiceinfo.net\/fr\/wp-json\/wp\/v2\/posts"}],"about":[{"href":"https:\/\/www.justiceinfo.net\/fr\/wp-json\/wp\/v2\/types\/post"}],"author":[{"embeddable":true,"href":"https:\/\/www.justiceinfo.net\/fr\/wp-json\/wp\/v2\/users\/64"}],"replies":[{"embeddable":true,"href":"https:\/\/www.justiceinfo.net\/fr\/wp-json\/wp\/v2\/comments?post=9003"}],"version-history":[{"count":0,"href":"https:\/\/www.justiceinfo.net\/fr\/wp-json\/wp\/v2\/posts\/9003\/revisions"}],"wp:attachment":[{"href":"https:\/\/www.justiceinfo.net\/fr\/wp-json\/wp\/v2\/media?parent=9003"}],"wp:term":[{"taxonomy":"category","embeddable":true,"href":"https:\/\/www.justiceinfo.net\/fr\/wp-json\/wp\/v2\/categories?post=9003"},{"taxonomy":"post_tag","embeddable":true,"href":"https:\/\/www.justiceinfo.net\/fr\/wp-json\/wp\/v2\/tags?post=9003"},{"taxonomy":"ji_location","embeddable":true,"href":"https:\/\/www.justiceinfo.net\/fr\/wp-json\/wp\/v2\/ji_location?post=9003"}],"curies":[{"name":"wp","href":"https:\/\/api.w.org\/{rel}","templated":true}]}}