{"id":9016,"date":"2008-03-03T23:00:00","date_gmt":"2008-03-03T22:00:00","guid":{"rendered":"https:\/\/www.justiceinfo.net\/9016-040308-tpirtemoins-un-temoin-du-procureur-reconnait-des-accusations-mensongeres5817.html"},"modified":"2008-03-03T23:00:00","modified_gmt":"2008-03-03T22:00:00","slug":"040308-tpirtemoins-un-temoin-du-procureur-reconnait-des-accusations-mensongeres5817","status":"publish","type":"post","link":"https:\/\/www.justiceinfo.net\/fr\/9016-040308-tpirtemoins-un-temoin-du-procureur-reconnait-des-accusations-mensongeres5817.html","title":{"rendered":"04.03.08 - TPIR\/TEMOINS - UN TEMOIN DU PROCUREUR RECONNAIT DES ACCUSATIONS MENSONGERES"},"content":{"rendered":"<p>Arusha, 4 mars 2008 (FH) - Un t&eacute;moin prot&eacute;g&eacute; du procureur du tribunal p&eacute;nal international pour le Rwanda (TPIR), surnomm&eacute; GFA, perturbe actuellement plusieurs proc&egrave;s apr&egrave;s avoir reconnu dans une d&eacute;claration, qu&rsquo;il avait lors de pr&eacute;c&eacute;dentes d&eacute;positions devant le TPIR menti sous la pression d&rsquo;officiels rwandais.<br \/>\n<!--more-->Dans cette d&eacute;claration o&ugrave; il &eacute;voque des accusations lanc&eacute;es contre plusieurs accus&eacute;s du TPIR, GFA explique que ces mensonges lui ont &eacute;t&eacute; sugg&eacute;r&eacute;s par un procureur rwandais (dont il donne le nom) alors qu&rsquo;il &eacute;tait emprisonn&eacute; au Rwanda. Selon lui, plusieurs personnes ont ainsi &eacute;t&eacute; charg&eacute;es de coordonner leurs t&eacute;moignages avant de venir t&eacute;moigner devant le TPIR et de porter de fausses accusations contre d&rsquo;anciens responsables rwandais jug&eacute;s par le TPIR. <\/p>\n<p>Ces d&eacute;clarations ont &eacute;t&eacute; recueillies d&eacute;but f&eacute;vrier en video devant un repr&eacute;sentant d&rsquo;une &eacute;quipe de d&eacute;fense mais aussi devant plusieurs membres du bureau du procureur &agrave; Kampala, o&ugrave; GFA avait trouv&eacute; refuge. Elles sont actuellement en cours de retranscription et promettent de remettre en cause diff&eacute;rentes accusations, apprend on aupr&egrave;s de plusieurs avocats. <\/p>\n<p>Ainsi, Me Gilles St Laurent, avocat de d&rsquo;Augustin Bizimungu, ancien chef d&rsquo;Etat major de l&rsquo;arm&eacute;e rwandaise, a attir&eacute; l&rsquo;attention de la cour sur ce revirement qui devrait, si il est pris en compte, annuler de nombreux paragraphes de l&rsquo;acte d&rsquo;accusation lanc&eacute; contre son client. Les arguments de l&rsquo;accusation ont d&eacute;j&agrave; &eacute;t&eacute; d&eacute;velopp&eacute;s devant la chambre depuis le d&eacute;but de ce proc&egrave;s en septembre 2004. La phase accusatoire est th&eacute;oriquement termin&eacute;e et les accus&eacute;s ont commenc&eacute; &agrave; pr&eacute;senter les preuves de leur d&eacute;fense. <\/p>\n<p>Selon GFA, certaines accusations lanc&eacute;es contre Bizimungu comme la participation &agrave; une r&eacute;union d&rsquo;organisation du g&eacute;nocide, ou la distribution d&rsquo;armes sont fausses et ont &eacute;t&eacute; invent&eacute;es lors de ces r&eacute;unions &agrave; l&rsquo;int&eacute;rieur de la prison o&ugrave; il &eacute;tait d&eacute;tenu. La Cour a ordonn&eacute; la retranscription rapide de cette d&eacute;claration de GFA. <\/p>\n<p>Cette r&eacute;tractation de GFA a &eacute;t&eacute; enregistr&eacute;e &agrave; la demande de l&rsquo;&eacute;quipe de d&eacute;fense de Jerome Bicamumpaka, l&rsquo;ancien ministre des Affaires &eacute;trang&egrave;res jug&eacute; actuellement dans un autre proc&egrave;s. Dans ses explications il &eacute;voque aussi un troisi&egrave;me proc&egrave;s, celui de Joseph Nzirorera, qui a &eacute;galement &eacute;t&eacute; vis&eacute; par ces fausses d&eacute;clarations. <\/p>\n<p>Depuis le d&eacute;but des audiences du TPIR en 1997 les avocats des accus&eacute;s d&eacute;noncent les t&eacute;moins de l&rsquo;accusation qui sont souvent sortis dans ce but des prisons rwandaises. Ils leur reprochent des faux t&eacute;moignages flagrants qui n&rsquo;avaient jusqu&rsquo;&agrave; ces derniers mois jamais &eacute;t&eacute; prouv&eacute;s et encore moins jug&eacute;s. Un premier t&eacute;moin a &agrave; la fin de l&rsquo;ann&eacute;e 2007 &eacute;t&eacute; condamn&eacute; &agrave; neuf mois de prison pour outrage &agrave; la cour apr&egrave;s avoir effectu&eacute; un faux t&eacute;moignage qu&rsquo;il a reconnu. <\/p>\n<p>PB\/GF<br \/>\n&copy; Agence Hirondelle<\/p>\n","protected":false},"excerpt":{"rendered":"<p>Arusha, 4 mars 2008 (FH) - Un t&eacute;moin prot&eacute;g&eacute; du procureur du tribunal p&eacute;nal international pour le Rwanda (TPIR), surnomm&eacute; GFA, perturbe actuellement plusieurs proc&egrave;s apr&egrave;s avoir reconnu dans une d&eacute;claration, qu&rsquo;il avait lors de pr&eacute;c&eacute;dentes d&eacute;positions devant le TPIR menti sous la pression d&rsquo;officiels rwandais.<\/p>\n","protected":false},"author":64,"featured_media":0,"comment_status":"open","ping_status":"closed","sticky":false,"template":"","format":"standard","meta":{"_acf_changed":false,"footnotes":""},"categories":[554],"tags":[],"ji_location":[],"class_list":["post-9016","post","type-post","status-publish","format-standard","hentry","category-hirondellenews"],"acf":[],"yoast_head":"<!-- This site is optimized with the Yoast SEO Premium plugin v25.3.1 (Yoast SEO v25.3.1) - https:\/\/yoast.com\/wordpress\/plugins\/seo\/ -->\n<title>04.03.08 - TPIR\/TEMOINS - UN TEMOIN DU PROCUREUR RECONNAIT DES ACCUSATIONS MENSONGERES - JusticeInfo.net<\/title>\n<meta name=\"robots\" content=\"index, follow, max-snippet:-1, max-image-preview:large, max-video-preview:-1\" \/>\n<link rel=\"canonical\" href=\"https:\/\/www.justiceinfo.net\/fr\/9016-040308-tpirtemoins-un-temoin-du-procureur-reconnait-des-accusations-mensongeres5817.html\" \/>\n<meta property=\"og:locale\" content=\"fr_FR\" \/>\n<meta property=\"og:type\" content=\"article\" \/>\n<meta property=\"og:title\" content=\"04.03.08 - TPIR\/TEMOINS - UN TEMOIN DU PROCUREUR RECONNAIT DES ACCUSATIONS MENSONGERES\" \/>\n<meta property=\"og:description\" content=\"Arusha, 4 mars 2008 (FH) - Un t&eacute;moin prot&eacute;g&eacute; du procureur du tribunal p&eacute;nal international pour le Rwanda (TPIR), surnomm&eacute; GFA, perturbe actuellement plusieurs proc&egrave;s apr&egrave;s avoir reconnu dans une d&eacute;claration, qu&rsquo;il avait lors de pr&eacute;c&eacute;dentes d&eacute;positions devant le TPIR menti sous la pression d&rsquo;officiels rwandais.\" \/>\n<meta property=\"og:url\" content=\"https:\/\/www.justiceinfo.net\/fr\/9016-040308-tpirtemoins-un-temoin-du-procureur-reconnait-des-accusations-mensongeres5817.html\" \/>\n<meta property=\"og:site_name\" content=\"JusticeInfo.net\" \/>\n<meta property=\"article:publisher\" content=\"https:\/\/www.facebook.com\/JusticeInfo\/\" \/>\n<meta property=\"article:published_time\" content=\"2008-03-03T22:00:00+00:00\" \/>\n<meta property=\"og:image\" content=\"https:\/\/www.justiceinfo.net\/wp-content\/uploads\/JusticeInfoNet_logo_1200x630px.jpg\" \/>\n\t<meta property=\"og:image:width\" content=\"1200\" \/>\n\t<meta property=\"og:image:height\" content=\"630\" \/>\n\t<meta property=\"og:image:type\" content=\"image\/jpeg\" \/>\n<meta name=\"author\" content=\"solivri\" \/>\n<meta name=\"twitter:card\" content=\"summary_large_image\" \/>\n<meta name=\"twitter:creator\" content=\"@justiceinfonet\" \/>\n<meta name=\"twitter:site\" content=\"@justiceinfonet\" \/>\n<meta name=\"twitter:label1\" content=\"\u00c9crit par\" \/>\n\t<meta name=\"twitter:data1\" content=\"solivri\" \/>\n\t<meta name=\"twitter:label2\" content=\"Dur\u00e9e de lecture estim\u00e9e\" \/>\n\t<meta name=\"twitter:data2\" content=\"3 minutes\" \/>\n<script type=\"application\/ld+json\" class=\"yoast-schema-graph\">{\"@context\":\"https:\/\/schema.org\",\"@graph\":[{\"@type\":\"NewsArticle\",\"@id\":\"https:\/\/www.justiceinfo.net\/fr\/9016-040308-tpirtemoins-un-temoin-du-procureur-reconnait-des-accusations-mensongeres5817.html#article\",\"isPartOf\":{\"@id\":\"https:\/\/www.justiceinfo.net\/fr\/9016-040308-tpirtemoins-un-temoin-du-procureur-reconnait-des-accusations-mensongeres5817.html\"},\"author\":{\"name\":\"solivri\",\"@id\":\"https:\/\/www.justiceinfo.net\/fr#\/schema\/person\/6e53cba1629e2e66f3fc1821d3091865\"},\"headline\":\"04.03.08 - TPIR\/TEMOINS - UN TEMOIN DU PROCUREUR RECONNAIT DES ACCUSATIONS MENSONGERES\",\"datePublished\":\"2008-03-03T22:00:00+00:00\",\"mainEntityOfPage\":{\"@id\":\"https:\/\/www.justiceinfo.net\/fr\/9016-040308-tpirtemoins-un-temoin-du-procureur-reconnait-des-accusations-mensongeres5817.html\"},\"wordCount\":656,\"commentCount\":0,\"publisher\":{\"@id\":\"https:\/\/www.justiceinfo.net\/fr#organization\"},\"articleSection\":[\"Hirondelle News\"],\"inLanguage\":\"fr-FR\",\"potentialAction\":[{\"@type\":\"CommentAction\",\"name\":\"Comment\",\"target\":[\"https:\/\/www.justiceinfo.net\/fr\/9016-040308-tpirtemoins-un-temoin-du-procureur-reconnait-des-accusations-mensongeres5817.html#respond\"]}]},{\"@type\":\"WebPage\",\"@id\":\"https:\/\/www.justiceinfo.net\/fr\/9016-040308-tpirtemoins-un-temoin-du-procureur-reconnait-des-accusations-mensongeres5817.html\",\"url\":\"https:\/\/www.justiceinfo.net\/fr\/9016-040308-tpirtemoins-un-temoin-du-procureur-reconnait-des-accusations-mensongeres5817.html\",\"name\":\"04.03.08 - TPIR\/TEMOINS - UN TEMOIN DU PROCUREUR RECONNAIT DES ACCUSATIONS MENSONGERES - JusticeInfo.net\",\"isPartOf\":{\"@id\":\"https:\/\/www.justiceinfo.net\/fr#website\"},\"datePublished\":\"2008-03-03T22:00:00+00:00\",\"breadcrumb\":{\"@id\":\"https:\/\/www.justiceinfo.net\/fr\/9016-040308-tpirtemoins-un-temoin-du-procureur-reconnait-des-accusations-mensongeres5817.html#breadcrumb\"},\"inLanguage\":\"fr-FR\",\"potentialAction\":[{\"@type\":\"ReadAction\",\"target\":[\"https:\/\/www.justiceinfo.net\/fr\/9016-040308-tpirtemoins-un-temoin-du-procureur-reconnait-des-accusations-mensongeres5817.html\"]}]},{\"@type\":\"BreadcrumbList\",\"@id\":\"https:\/\/www.justiceinfo.net\/fr\/9016-040308-tpirtemoins-un-temoin-du-procureur-reconnait-des-accusations-mensongeres5817.html#breadcrumb\",\"itemListElement\":[{\"@type\":\"ListItem\",\"position\":1,\"name\":\"Home\",\"item\":\"https:\/\/www.justiceinfo.net\/fr\"},{\"@type\":\"ListItem\",\"position\":2,\"name\":\"04.03.08 - TPIR\/TEMOINS - UN TEMOIN DU PROCUREUR RECONNAIT DES ACCUSATIONS MENSONGERES\"}]},{\"@type\":\"WebSite\",\"@id\":\"https:\/\/www.justiceinfo.net\/fr#website\",\"url\":\"https:\/\/www.justiceinfo.net\/fr\",\"name\":\"JusticeInfo.net\",\"description\":\"La justice doit \u00eatre vue pour \u00eatre rendue\",\"publisher\":{\"@id\":\"https:\/\/www.justiceinfo.net\/fr#organization\"},\"potentialAction\":[{\"@type\":\"SearchAction\",\"target\":{\"@type\":\"EntryPoint\",\"urlTemplate\":\"https:\/\/www.justiceinfo.net\/fr?s={search_term_string}\"},\"query-input\":{\"@type\":\"PropertyValueSpecification\",\"valueRequired\":true,\"valueName\":\"search_term_string\"}}],\"inLanguage\":\"fr-FR\"},{\"@type\":\"Organization\",\"@id\":\"https:\/\/www.justiceinfo.net\/fr#organization\",\"name\":\"Justice Info\",\"url\":\"https:\/\/www.justiceinfo.net\/fr\",\"logo\":{\"@type\":\"ImageObject\",\"inLanguage\":\"fr-FR\",\"@id\":\"https:\/\/www.justiceinfo.net\/fr#\/schema\/logo\/image\/\",\"url\":\"https:\/\/www.justiceinfo.net\/wp-content\/uploads\/justiceinfo_logo-trans_1200x1200px.png\",\"contentUrl\":\"https:\/\/www.justiceinfo.net\/wp-content\/uploads\/justiceinfo_logo-trans_1200x1200px.png\",\"width\":1199,\"height\":1200,\"caption\":\"Justice Info\"},\"image\":{\"@id\":\"https:\/\/www.justiceinfo.net\/fr#\/schema\/logo\/image\/\"},\"sameAs\":[\"https:\/\/www.facebook.com\/JusticeInfo\/\",\"https:\/\/x.com\/justiceinfonet\",\"https:\/\/www.linkedin.com\/company\/justice-info\",\"https:\/\/www.youtube.com\/channel\/UCyCEsARodyuWtkWyhn-e7pA\"]},{\"@type\":\"Person\",\"name\":\"solivri\",\"url\":\"\/fr\/?s=solivri\"}]}<\/script>\n<!-- \/ Yoast SEO Premium plugin. -->","yoast_head_json":{"title":"04.03.08 - TPIR\/TEMOINS - UN TEMOIN DU PROCUREUR RECONNAIT DES ACCUSATIONS MENSONGERES - JusticeInfo.net","robots":{"index":"index","follow":"follow","max-snippet":"max-snippet:-1","max-image-preview":"max-image-preview:large","max-video-preview":"max-video-preview:-1"},"canonical":"https:\/\/www.justiceinfo.net\/fr\/9016-040308-tpirtemoins-un-temoin-du-procureur-reconnait-des-accusations-mensongeres5817.html","og_locale":"fr_FR","og_type":"article","og_title":"04.03.08 - TPIR\/TEMOINS - UN TEMOIN DU PROCUREUR RECONNAIT DES ACCUSATIONS MENSONGERES","og_description":"Arusha, 4 mars 2008 (FH) - Un t&eacute;moin prot&eacute;g&eacute; du procureur du tribunal p&eacute;nal international pour le Rwanda (TPIR), surnomm&eacute; GFA, perturbe actuellement plusieurs proc&egrave;s apr&egrave;s avoir reconnu dans une d&eacute;claration, qu&rsquo;il avait lors de pr&eacute;c&eacute;dentes d&eacute;positions devant le TPIR menti sous la pression d&rsquo;officiels rwandais.","og_url":"https:\/\/www.justiceinfo.net\/fr\/9016-040308-tpirtemoins-un-temoin-du-procureur-reconnait-des-accusations-mensongeres5817.html","og_site_name":"JusticeInfo.net","article_publisher":"https:\/\/www.facebook.com\/JusticeInfo\/","article_published_time":"2008-03-03T22:00:00+00:00","og_image":[{"width":1200,"height":630,"url":"https:\/\/www.justiceinfo.net\/wp-content\/uploads\/JusticeInfoNet_logo_1200x630px.jpg","type":"image\/jpeg"}],"author":"solivri","twitter_card":"summary_large_image","twitter_creator":"@justiceinfonet","twitter_site":"@justiceinfonet","twitter_misc":{"\u00c9crit par":"solivri","Dur\u00e9e de lecture estim\u00e9e":"3 minutes"},"schema":{"@context":"https:\/\/schema.org","@graph":[{"@type":"NewsArticle","@id":"https:\/\/www.justiceinfo.net\/fr\/9016-040308-tpirtemoins-un-temoin-du-procureur-reconnait-des-accusations-mensongeres5817.html#article","isPartOf":{"@id":"https:\/\/www.justiceinfo.net\/fr\/9016-040308-tpirtemoins-un-temoin-du-procureur-reconnait-des-accusations-mensongeres5817.html"},"author":{"name":"solivri","@id":"https:\/\/www.justiceinfo.net\/fr#\/schema\/person\/6e53cba1629e2e66f3fc1821d3091865"},"headline":"04.03.08 - TPIR\/TEMOINS - UN TEMOIN DU PROCUREUR RECONNAIT DES ACCUSATIONS MENSONGERES","datePublished":"2008-03-03T22:00:00+00:00","mainEntityOfPage":{"@id":"https:\/\/www.justiceinfo.net\/fr\/9016-040308-tpirtemoins-un-temoin-du-procureur-reconnait-des-accusations-mensongeres5817.html"},"wordCount":656,"commentCount":0,"publisher":{"@id":"https:\/\/www.justiceinfo.net\/fr#organization"},"articleSection":["Hirondelle News"],"inLanguage":"fr-FR","potentialAction":[{"@type":"CommentAction","name":"Comment","target":["https:\/\/www.justiceinfo.net\/fr\/9016-040308-tpirtemoins-un-temoin-du-procureur-reconnait-des-accusations-mensongeres5817.html#respond"]}]},{"@type":"WebPage","@id":"https:\/\/www.justiceinfo.net\/fr\/9016-040308-tpirtemoins-un-temoin-du-procureur-reconnait-des-accusations-mensongeres5817.html","url":"https:\/\/www.justiceinfo.net\/fr\/9016-040308-tpirtemoins-un-temoin-du-procureur-reconnait-des-accusations-mensongeres5817.html","name":"04.03.08 - TPIR\/TEMOINS - UN TEMOIN DU PROCUREUR RECONNAIT DES ACCUSATIONS MENSONGERES - JusticeInfo.net","isPartOf":{"@id":"https:\/\/www.justiceinfo.net\/fr#website"},"datePublished":"2008-03-03T22:00:00+00:00","breadcrumb":{"@id":"https:\/\/www.justiceinfo.net\/fr\/9016-040308-tpirtemoins-un-temoin-du-procureur-reconnait-des-accusations-mensongeres5817.html#breadcrumb"},"inLanguage":"fr-FR","potentialAction":[{"@type":"ReadAction","target":["https:\/\/www.justiceinfo.net\/fr\/9016-040308-tpirtemoins-un-temoin-du-procureur-reconnait-des-accusations-mensongeres5817.html"]}]},{"@type":"BreadcrumbList","@id":"https:\/\/www.justiceinfo.net\/fr\/9016-040308-tpirtemoins-un-temoin-du-procureur-reconnait-des-accusations-mensongeres5817.html#breadcrumb","itemListElement":[{"@type":"ListItem","position":1,"name":"Home","item":"https:\/\/www.justiceinfo.net\/fr"},{"@type":"ListItem","position":2,"name":"04.03.08 - TPIR\/TEMOINS - UN TEMOIN DU PROCUREUR RECONNAIT DES ACCUSATIONS MENSONGERES"}]},{"@type":"WebSite","@id":"https:\/\/www.justiceinfo.net\/fr#website","url":"https:\/\/www.justiceinfo.net\/fr","name":"JusticeInfo.net","description":"La justice doit \u00eatre vue pour \u00eatre rendue","publisher":{"@id":"https:\/\/www.justiceinfo.net\/fr#organization"},"potentialAction":[{"@type":"SearchAction","target":{"@type":"EntryPoint","urlTemplate":"https:\/\/www.justiceinfo.net\/fr?s={search_term_string}"},"query-input":{"@type":"PropertyValueSpecification","valueRequired":true,"valueName":"search_term_string"}}],"inLanguage":"fr-FR"},{"@type":"Organization","@id":"https:\/\/www.justiceinfo.net\/fr#organization","name":"Justice Info","url":"https:\/\/www.justiceinfo.net\/fr","logo":{"@type":"ImageObject","inLanguage":"fr-FR","@id":"https:\/\/www.justiceinfo.net\/fr#\/schema\/logo\/image\/","url":"https:\/\/www.justiceinfo.net\/wp-content\/uploads\/justiceinfo_logo-trans_1200x1200px.png","contentUrl":"https:\/\/www.justiceinfo.net\/wp-content\/uploads\/justiceinfo_logo-trans_1200x1200px.png","width":1199,"height":1200,"caption":"Justice Info"},"image":{"@id":"https:\/\/www.justiceinfo.net\/fr#\/schema\/logo\/image\/"},"sameAs":["https:\/\/www.facebook.com\/JusticeInfo\/","https:\/\/x.com\/justiceinfonet","https:\/\/www.linkedin.com\/company\/justice-info","https:\/\/www.youtube.com\/channel\/UCyCEsARodyuWtkWyhn-e7pA"]},{"@type":"Person","name":"solivri","url":"\/fr\/?s=solivri"}]}},"_links":{"self":[{"href":"https:\/\/www.justiceinfo.net\/fr\/wp-json\/wp\/v2\/posts\/9016","targetHints":{"allow":["GET"]}}],"collection":[{"href":"https:\/\/www.justiceinfo.net\/fr\/wp-json\/wp\/v2\/posts"}],"about":[{"href":"https:\/\/www.justiceinfo.net\/fr\/wp-json\/wp\/v2\/types\/post"}],"author":[{"embeddable":true,"href":"https:\/\/www.justiceinfo.net\/fr\/wp-json\/wp\/v2\/users\/64"}],"replies":[{"embeddable":true,"href":"https:\/\/www.justiceinfo.net\/fr\/wp-json\/wp\/v2\/comments?post=9016"}],"version-history":[{"count":0,"href":"https:\/\/www.justiceinfo.net\/fr\/wp-json\/wp\/v2\/posts\/9016\/revisions"}],"wp:attachment":[{"href":"https:\/\/www.justiceinfo.net\/fr\/wp-json\/wp\/v2\/media?parent=9016"}],"wp:term":[{"taxonomy":"category","embeddable":true,"href":"https:\/\/www.justiceinfo.net\/fr\/wp-json\/wp\/v2\/categories?post=9016"},{"taxonomy":"post_tag","embeddable":true,"href":"https:\/\/www.justiceinfo.net\/fr\/wp-json\/wp\/v2\/tags?post=9016"},{"taxonomy":"ji_location","embeddable":true,"href":"https:\/\/www.justiceinfo.net\/fr\/wp-json\/wp\/v2\/ji_location?post=9016"}],"curies":[{"name":"wp","href":"https:\/\/api.w.org\/{rel}","templated":true}]}}