{"id":9034,"date":"2008-03-06T23:00:00","date_gmt":"2008-03-06T22:00:00","guid":{"rendered":"https:\/\/www.justiceinfo.net\/9034-070308-tpirsynthese-hebdomadaire-rwanda-septieme-pays-a-signer-un-accord-avec-onu5835.html"},"modified":"2008-03-06T23:00:00","modified_gmt":"2008-03-06T22:00:00","slug":"070308-tpirsynthese-hebdomadaire-rwanda-septieme-pays-a-signer-un-accord-avec-onu5835","status":"publish","type":"post","link":"https:\/\/www.justiceinfo.net\/fr\/9034-070308-tpirsynthese-hebdomadaire-rwanda-septieme-pays-a-signer-un-accord-avec-onu5835.html","title":{"rendered":"07.03.08 - TPIR\/SYNTHESE HEBDOMADAIRE - RWANDA, SEPTIEME PAYS A SIGNER UN ACCORD AVEC ONU"},"content":{"rendered":"<p>Arusha, 7 mars 2008 (FH) - Le Rwanda a sign&eacute; cette semaine un accord qui lui permettra &agrave; terme d&rsquo;accueillir dans ses prisons des personnes condamn&eacute;es par le Tribunal international pour le Rwanda (TPIR), devenant ainsi le septi&egrave;me pays &agrave; coop&eacute;rer dans ce sens avec cette juridiction.&nbsp;<br \/>\n<!--more-->Il a &eacute;t&eacute; pr&eacute;c&eacute;d&eacute; par le Mali, le B&eacute;nin, le Swaziland, la France, l&rsquo;Italie et la Su&egrave;de. <\/p>\n<p>\nLe texte a &eacute;t&eacute; paraph&eacute; mardi &agrave; Kigali par le ministre rwandais des Affaires &eacute;trang&egrave;res, Charles Murigande, et le greffier du TPIR, Adama Dieng.\n<\/p>\n<p>\nLe Rwanda a construit au lieu-dit Mpanga dans le centre, une prison qui, selon le TPIR, r&eacute;pond aux normes internationales. <\/p>\n<p>Le statut du TPIR stipule que, &laquo;les peines d&rsquo;emprisonnement sont ex&eacute;cut&eacute;es au Rwanda ou dans un autre Etat d&eacute;sign&eacute; par le tribunal sur la liste des Etats qui ont fait savoir au Conseil de s&eacute;curit&eacute; qu&rsquo;ils &eacute;taient dispos&eacute;s &agrave; recevoir des condamn&eacute;s &raquo;.\n<\/p>\n<p>\nAu TPIR, les d&eacute;tenus ont protest&eacute; contre cet accord, qui selon eux, vise &agrave; livrer les condamn&eacute;s &laquo; &agrave; une mort certaine, ou tout au moins, aux traitements inhumains et d&eacute;gradants et &agrave; la torture &raquo;.\n<\/p>\n<p>\n&laquo; Si jamais le transfert au Rwanda &eacute;tait d&eacute;cid&eacute; par le TPIR contre notre gr&eacute;, nous demandons &agrave; nos familles et &agrave; tous les organismes qui veillent au respect des droits de la personne humaine, &agrave; tenir enti&egrave;rement le TPIR et l&rsquo;ONU responsables de l&rsquo;&eacute;limination ou des mauvais traitements de quiconque sera envoy&eacute; dans ce pays &raquo;, lit-on dans une lettre adress&eacute;e au pr&eacute;sident du TPIR par 30 sur la cinquantaine de d&eacute;tenus.\n<\/p>\n<p>\nLes signataires de la lettre avaient par ailleurs annonc&eacute; une gr&egrave;ve de la faim et un boycott des audiences. Le mouvement a &eacute;t&eacute; faiblement suivi. Dix-sept personnes condamn&eacute;es d&eacute;finitivement attendent d&rsquo;&ecirc;tre transf&eacute;r&eacute;s dans les pays o&ugrave; ils purgeront leurs peines respectives. <\/p>\n<p>C&ocirc;t&eacute; audiences, trois proc&egrave;s &eacute;taient programm&eacute;s au cours de la semaine. Il s&rsquo;agit de Militaires II, Gouvernement II et Butare.\n<\/p>\n<p>\nDans Militaires II comparaissent quatre hauts grad&eacute;s. C&rsquo;est l&rsquo;un d&rsquo;entre eux, le g&eacute;n&eacute;ral Augustin Ndindiliyimana, qui pr&eacute;sente sa d&eacute;fense. L&rsquo;accus&eacute; &eacute;tait chef d&rsquo;Etat-major de la gendarmerie en 1994.\n<\/p>\n<p>\nCette semaine il a &eacute;t&eacute;, entre autres, d&eacute;fendu par l&rsquo;ancien responsable de la police tanzanienne, Harun Mahundi. Ce dernier, qui l&rsquo;a rencontr&eacute; au Rwanda et en Tanzanie avant le g&eacute;nocide, l&rsquo;a d&eacute;crit comme un homme &eacute;pris de paix, soucieux de la s&eacute;curit&eacute; de son pays et de ses habitants.\n<\/p>\n<p>\nJeudi, le proc&egrave;s Militaires II a &eacute;t&eacute; suspendu jusqu&rsquo;au 26 mai. A la reprise, c&rsquo;est Ndindiliyimana qui poursuivra sa d&eacute;fense. Il a d&eacute;j&agrave; cit&eacute; 27 t&eacute;moins. Il lui reste presque autant.\n<\/p>\n<p>\nButare et Gouvernement II sont &eacute;galement au stade de la pr&eacute;sentation des t&eacute;moins &agrave; d&eacute;charge. Butare, en cours depuis 2001, comporte six accus&eacute;s, et Gouvernement II, ouvert en 2003, quatre.\n<\/p>\n<p>\nLa semaine prochaine, trois anciens responsables de l&rsquo;ex-parti au pouvoir devraient commencer leur d&eacute;fense. La chambre d&rsquo;appel rendra par ailleurs un arr&ecirc;t dans le proc&egrave;s de l&rsquo;abb&eacute; Athanase Seromba, condamn&eacute; &agrave; 15 ans de prison en d&eacute;cembre 2006 pour avoir facilit&eacute; le massacre de 1500 de ses paroissiens. Il plaide non coupable.\n<\/p>\n<p>\nLe Tribunal proc&eacute;dera enfin &agrave; la lib&eacute;ration de &laquo; GAA &raquo;, un t&eacute;moin prot&eacute;g&eacute; qui a &eacute;t&eacute; condamn&eacute; &agrave; neuf mois de prison pour outrage &agrave; la cour. Il aura purg&eacute; la totalit&eacute; de sa peine.\n<\/p>\n<p>\nAT\/PB\/GF\n<\/p>\n<p>\n&copy; Agence Hirondelle<\/p>\n","protected":false},"excerpt":{"rendered":"<p>Arusha, 7 mars 2008 (FH) - Le Rwanda a sign&eacute; cette semaine un accord qui lui permettra &agrave; terme d&rsquo;accueillir dans ses prisons des personnes condamn&eacute;es par le Tribunal international pour le Rwanda (TPIR), devenant ainsi le septi&egrave;me pays &agrave; coop&eacute;rer dans ce sens avec cette juridiction.&nbsp;<\/p>\n","protected":false},"author":64,"featured_media":0,"comment_status":"open","ping_status":"closed","sticky":false,"template":"","format":"standard","meta":{"_acf_changed":false,"footnotes":""},"categories":[554],"tags":[],"ji_location":[],"class_list":["post-9034","post","type-post","status-publish","format-standard","hentry","category-hirondellenews"],"acf":[],"yoast_head":"<!-- This site is optimized with the Yoast SEO Premium plugin v25.3.1 (Yoast SEO v25.3.1) - https:\/\/yoast.com\/wordpress\/plugins\/seo\/ -->\n<title>07.03.08 - TPIR\/SYNTHESE HEBDOMADAIRE - RWANDA, SEPTIEME PAYS A SIGNER UN ACCORD AVEC ONU - JusticeInfo.net<\/title>\n<meta name=\"robots\" content=\"index, follow, max-snippet:-1, max-image-preview:large, max-video-preview:-1\" \/>\n<link rel=\"canonical\" href=\"https:\/\/www.justiceinfo.net\/fr\/9034-070308-tpirsynthese-hebdomadaire-rwanda-septieme-pays-a-signer-un-accord-avec-onu5835.html\" \/>\n<meta property=\"og:locale\" content=\"fr_FR\" \/>\n<meta property=\"og:type\" content=\"article\" \/>\n<meta property=\"og:title\" content=\"07.03.08 - TPIR\/SYNTHESE HEBDOMADAIRE - RWANDA, SEPTIEME PAYS A SIGNER UN ACCORD AVEC ONU\" \/>\n<meta property=\"og:description\" content=\"Arusha, 7 mars 2008 (FH) - Le Rwanda a sign&eacute; cette semaine un accord qui lui permettra &agrave; terme d&rsquo;accueillir dans ses prisons des personnes condamn&eacute;es par le Tribunal international pour le Rwanda (TPIR), devenant ainsi le septi&egrave;me pays &agrave; coop&eacute;rer dans ce sens avec cette juridiction.&nbsp;\" \/>\n<meta property=\"og:url\" content=\"https:\/\/www.justiceinfo.net\/fr\/9034-070308-tpirsynthese-hebdomadaire-rwanda-septieme-pays-a-signer-un-accord-avec-onu5835.html\" \/>\n<meta property=\"og:site_name\" content=\"JusticeInfo.net\" \/>\n<meta property=\"article:publisher\" content=\"https:\/\/www.facebook.com\/JusticeInfo\/\" \/>\n<meta property=\"article:published_time\" content=\"2008-03-06T22:00:00+00:00\" \/>\n<meta property=\"og:image\" content=\"https:\/\/www.justiceinfo.net\/wp-content\/uploads\/JusticeInfoNet_logo_1200x630px.jpg\" \/>\n\t<meta property=\"og:image:width\" content=\"1200\" \/>\n\t<meta property=\"og:image:height\" content=\"630\" \/>\n\t<meta property=\"og:image:type\" content=\"image\/jpeg\" \/>\n<meta name=\"author\" content=\"solivri\" \/>\n<meta name=\"twitter:card\" content=\"summary_large_image\" \/>\n<meta name=\"twitter:creator\" content=\"@justiceinfonet\" \/>\n<meta name=\"twitter:site\" content=\"@justiceinfonet\" \/>\n<meta name=\"twitter:label1\" content=\"\u00c9crit par\" \/>\n\t<meta name=\"twitter:data1\" content=\"solivri\" \/>\n\t<meta name=\"twitter:label2\" content=\"Dur\u00e9e de lecture estim\u00e9e\" \/>\n\t<meta name=\"twitter:data2\" content=\"4 minutes\" \/>\n<script type=\"application\/ld+json\" class=\"yoast-schema-graph\">{\"@context\":\"https:\/\/schema.org\",\"@graph\":[{\"@type\":\"NewsArticle\",\"@id\":\"https:\/\/www.justiceinfo.net\/fr\/9034-070308-tpirsynthese-hebdomadaire-rwanda-septieme-pays-a-signer-un-accord-avec-onu5835.html#article\",\"isPartOf\":{\"@id\":\"https:\/\/www.justiceinfo.net\/fr\/9034-070308-tpirsynthese-hebdomadaire-rwanda-septieme-pays-a-signer-un-accord-avec-onu5835.html\"},\"author\":{\"name\":\"solivri\",\"@id\":\"https:\/\/www.justiceinfo.net\/fr#\/schema\/person\/6e53cba1629e2e66f3fc1821d3091865\"},\"headline\":\"07.03.08 - TPIR\/SYNTHESE HEBDOMADAIRE - RWANDA, SEPTIEME PAYS A SIGNER UN ACCORD AVEC ONU\",\"datePublished\":\"2008-03-06T22:00:00+00:00\",\"mainEntityOfPage\":{\"@id\":\"https:\/\/www.justiceinfo.net\/fr\/9034-070308-tpirsynthese-hebdomadaire-rwanda-septieme-pays-a-signer-un-accord-avec-onu5835.html\"},\"wordCount\":757,\"commentCount\":0,\"publisher\":{\"@id\":\"https:\/\/www.justiceinfo.net\/fr#organization\"},\"articleSection\":[\"Hirondelle News\"],\"inLanguage\":\"fr-FR\",\"potentialAction\":[{\"@type\":\"CommentAction\",\"name\":\"Comment\",\"target\":[\"https:\/\/www.justiceinfo.net\/fr\/9034-070308-tpirsynthese-hebdomadaire-rwanda-septieme-pays-a-signer-un-accord-avec-onu5835.html#respond\"]}]},{\"@type\":\"WebPage\",\"@id\":\"https:\/\/www.justiceinfo.net\/fr\/9034-070308-tpirsynthese-hebdomadaire-rwanda-septieme-pays-a-signer-un-accord-avec-onu5835.html\",\"url\":\"https:\/\/www.justiceinfo.net\/fr\/9034-070308-tpirsynthese-hebdomadaire-rwanda-septieme-pays-a-signer-un-accord-avec-onu5835.html\",\"name\":\"07.03.08 - TPIR\/SYNTHESE HEBDOMADAIRE - RWANDA, SEPTIEME PAYS A SIGNER UN ACCORD AVEC ONU - JusticeInfo.net\",\"isPartOf\":{\"@id\":\"https:\/\/www.justiceinfo.net\/fr#website\"},\"datePublished\":\"2008-03-06T22:00:00+00:00\",\"breadcrumb\":{\"@id\":\"https:\/\/www.justiceinfo.net\/fr\/9034-070308-tpirsynthese-hebdomadaire-rwanda-septieme-pays-a-signer-un-accord-avec-onu5835.html#breadcrumb\"},\"inLanguage\":\"fr-FR\",\"potentialAction\":[{\"@type\":\"ReadAction\",\"target\":[\"https:\/\/www.justiceinfo.net\/fr\/9034-070308-tpirsynthese-hebdomadaire-rwanda-septieme-pays-a-signer-un-accord-avec-onu5835.html\"]}]},{\"@type\":\"BreadcrumbList\",\"@id\":\"https:\/\/www.justiceinfo.net\/fr\/9034-070308-tpirsynthese-hebdomadaire-rwanda-septieme-pays-a-signer-un-accord-avec-onu5835.html#breadcrumb\",\"itemListElement\":[{\"@type\":\"ListItem\",\"position\":1,\"name\":\"Home\",\"item\":\"https:\/\/www.justiceinfo.net\/fr\"},{\"@type\":\"ListItem\",\"position\":2,\"name\":\"07.03.08 - TPIR\/SYNTHESE HEBDOMADAIRE - RWANDA, SEPTIEME PAYS A SIGNER UN ACCORD AVEC ONU\"}]},{\"@type\":\"WebSite\",\"@id\":\"https:\/\/www.justiceinfo.net\/fr#website\",\"url\":\"https:\/\/www.justiceinfo.net\/fr\",\"name\":\"JusticeInfo.net\",\"description\":\"La justice doit \u00eatre vue pour \u00eatre rendue\",\"publisher\":{\"@id\":\"https:\/\/www.justiceinfo.net\/fr#organization\"},\"potentialAction\":[{\"@type\":\"SearchAction\",\"target\":{\"@type\":\"EntryPoint\",\"urlTemplate\":\"https:\/\/www.justiceinfo.net\/fr?s={search_term_string}\"},\"query-input\":{\"@type\":\"PropertyValueSpecification\",\"valueRequired\":true,\"valueName\":\"search_term_string\"}}],\"inLanguage\":\"fr-FR\"},{\"@type\":\"Organization\",\"@id\":\"https:\/\/www.justiceinfo.net\/fr#organization\",\"name\":\"Justice Info\",\"url\":\"https:\/\/www.justiceinfo.net\/fr\",\"logo\":{\"@type\":\"ImageObject\",\"inLanguage\":\"fr-FR\",\"@id\":\"https:\/\/www.justiceinfo.net\/fr#\/schema\/logo\/image\/\",\"url\":\"https:\/\/www.justiceinfo.net\/wp-content\/uploads\/justiceinfo_logo-trans_1200x1200px.png\",\"contentUrl\":\"https:\/\/www.justiceinfo.net\/wp-content\/uploads\/justiceinfo_logo-trans_1200x1200px.png\",\"width\":1199,\"height\":1200,\"caption\":\"Justice Info\"},\"image\":{\"@id\":\"https:\/\/www.justiceinfo.net\/fr#\/schema\/logo\/image\/\"},\"sameAs\":[\"https:\/\/www.facebook.com\/JusticeInfo\/\",\"https:\/\/x.com\/justiceinfonet\",\"https:\/\/www.linkedin.com\/company\/justice-info\",\"https:\/\/www.youtube.com\/channel\/UCyCEsARodyuWtkWyhn-e7pA\"]},{\"@type\":\"Person\",\"name\":\"solivri\",\"url\":\"\/fr\/?s=solivri\"}]}<\/script>\n<!-- \/ Yoast SEO Premium plugin. -->","yoast_head_json":{"title":"07.03.08 - TPIR\/SYNTHESE HEBDOMADAIRE - RWANDA, SEPTIEME PAYS A SIGNER UN ACCORD AVEC ONU - JusticeInfo.net","robots":{"index":"index","follow":"follow","max-snippet":"max-snippet:-1","max-image-preview":"max-image-preview:large","max-video-preview":"max-video-preview:-1"},"canonical":"https:\/\/www.justiceinfo.net\/fr\/9034-070308-tpirsynthese-hebdomadaire-rwanda-septieme-pays-a-signer-un-accord-avec-onu5835.html","og_locale":"fr_FR","og_type":"article","og_title":"07.03.08 - TPIR\/SYNTHESE HEBDOMADAIRE - RWANDA, SEPTIEME PAYS A SIGNER UN ACCORD AVEC ONU","og_description":"Arusha, 7 mars 2008 (FH) - Le Rwanda a sign&eacute; cette semaine un accord qui lui permettra &agrave; terme d&rsquo;accueillir dans ses prisons des personnes condamn&eacute;es par le Tribunal international pour le Rwanda (TPIR), devenant ainsi le septi&egrave;me pays &agrave; coop&eacute;rer dans ce sens avec cette juridiction.&nbsp;","og_url":"https:\/\/www.justiceinfo.net\/fr\/9034-070308-tpirsynthese-hebdomadaire-rwanda-septieme-pays-a-signer-un-accord-avec-onu5835.html","og_site_name":"JusticeInfo.net","article_publisher":"https:\/\/www.facebook.com\/JusticeInfo\/","article_published_time":"2008-03-06T22:00:00+00:00","og_image":[{"width":1200,"height":630,"url":"https:\/\/www.justiceinfo.net\/wp-content\/uploads\/JusticeInfoNet_logo_1200x630px.jpg","type":"image\/jpeg"}],"author":"solivri","twitter_card":"summary_large_image","twitter_creator":"@justiceinfonet","twitter_site":"@justiceinfonet","twitter_misc":{"\u00c9crit par":"solivri","Dur\u00e9e de lecture estim\u00e9e":"4 minutes"},"schema":{"@context":"https:\/\/schema.org","@graph":[{"@type":"NewsArticle","@id":"https:\/\/www.justiceinfo.net\/fr\/9034-070308-tpirsynthese-hebdomadaire-rwanda-septieme-pays-a-signer-un-accord-avec-onu5835.html#article","isPartOf":{"@id":"https:\/\/www.justiceinfo.net\/fr\/9034-070308-tpirsynthese-hebdomadaire-rwanda-septieme-pays-a-signer-un-accord-avec-onu5835.html"},"author":{"name":"solivri","@id":"https:\/\/www.justiceinfo.net\/fr#\/schema\/person\/6e53cba1629e2e66f3fc1821d3091865"},"headline":"07.03.08 - TPIR\/SYNTHESE HEBDOMADAIRE - RWANDA, SEPTIEME PAYS A SIGNER UN ACCORD AVEC ONU","datePublished":"2008-03-06T22:00:00+00:00","mainEntityOfPage":{"@id":"https:\/\/www.justiceinfo.net\/fr\/9034-070308-tpirsynthese-hebdomadaire-rwanda-septieme-pays-a-signer-un-accord-avec-onu5835.html"},"wordCount":757,"commentCount":0,"publisher":{"@id":"https:\/\/www.justiceinfo.net\/fr#organization"},"articleSection":["Hirondelle News"],"inLanguage":"fr-FR","potentialAction":[{"@type":"CommentAction","name":"Comment","target":["https:\/\/www.justiceinfo.net\/fr\/9034-070308-tpirsynthese-hebdomadaire-rwanda-septieme-pays-a-signer-un-accord-avec-onu5835.html#respond"]}]},{"@type":"WebPage","@id":"https:\/\/www.justiceinfo.net\/fr\/9034-070308-tpirsynthese-hebdomadaire-rwanda-septieme-pays-a-signer-un-accord-avec-onu5835.html","url":"https:\/\/www.justiceinfo.net\/fr\/9034-070308-tpirsynthese-hebdomadaire-rwanda-septieme-pays-a-signer-un-accord-avec-onu5835.html","name":"07.03.08 - TPIR\/SYNTHESE HEBDOMADAIRE - RWANDA, SEPTIEME PAYS A SIGNER UN ACCORD AVEC ONU - JusticeInfo.net","isPartOf":{"@id":"https:\/\/www.justiceinfo.net\/fr#website"},"datePublished":"2008-03-06T22:00:00+00:00","breadcrumb":{"@id":"https:\/\/www.justiceinfo.net\/fr\/9034-070308-tpirsynthese-hebdomadaire-rwanda-septieme-pays-a-signer-un-accord-avec-onu5835.html#breadcrumb"},"inLanguage":"fr-FR","potentialAction":[{"@type":"ReadAction","target":["https:\/\/www.justiceinfo.net\/fr\/9034-070308-tpirsynthese-hebdomadaire-rwanda-septieme-pays-a-signer-un-accord-avec-onu5835.html"]}]},{"@type":"BreadcrumbList","@id":"https:\/\/www.justiceinfo.net\/fr\/9034-070308-tpirsynthese-hebdomadaire-rwanda-septieme-pays-a-signer-un-accord-avec-onu5835.html#breadcrumb","itemListElement":[{"@type":"ListItem","position":1,"name":"Home","item":"https:\/\/www.justiceinfo.net\/fr"},{"@type":"ListItem","position":2,"name":"07.03.08 - TPIR\/SYNTHESE HEBDOMADAIRE - RWANDA, SEPTIEME PAYS A SIGNER UN ACCORD AVEC ONU"}]},{"@type":"WebSite","@id":"https:\/\/www.justiceinfo.net\/fr#website","url":"https:\/\/www.justiceinfo.net\/fr","name":"JusticeInfo.net","description":"La justice doit \u00eatre vue pour \u00eatre rendue","publisher":{"@id":"https:\/\/www.justiceinfo.net\/fr#organization"},"potentialAction":[{"@type":"SearchAction","target":{"@type":"EntryPoint","urlTemplate":"https:\/\/www.justiceinfo.net\/fr?s={search_term_string}"},"query-input":{"@type":"PropertyValueSpecification","valueRequired":true,"valueName":"search_term_string"}}],"inLanguage":"fr-FR"},{"@type":"Organization","@id":"https:\/\/www.justiceinfo.net\/fr#organization","name":"Justice Info","url":"https:\/\/www.justiceinfo.net\/fr","logo":{"@type":"ImageObject","inLanguage":"fr-FR","@id":"https:\/\/www.justiceinfo.net\/fr#\/schema\/logo\/image\/","url":"https:\/\/www.justiceinfo.net\/wp-content\/uploads\/justiceinfo_logo-trans_1200x1200px.png","contentUrl":"https:\/\/www.justiceinfo.net\/wp-content\/uploads\/justiceinfo_logo-trans_1200x1200px.png","width":1199,"height":1200,"caption":"Justice Info"},"image":{"@id":"https:\/\/www.justiceinfo.net\/fr#\/schema\/logo\/image\/"},"sameAs":["https:\/\/www.facebook.com\/JusticeInfo\/","https:\/\/x.com\/justiceinfonet","https:\/\/www.linkedin.com\/company\/justice-info","https:\/\/www.youtube.com\/channel\/UCyCEsARodyuWtkWyhn-e7pA"]},{"@type":"Person","name":"solivri","url":"\/fr\/?s=solivri"}]}},"_links":{"self":[{"href":"https:\/\/www.justiceinfo.net\/fr\/wp-json\/wp\/v2\/posts\/9034","targetHints":{"allow":["GET"]}}],"collection":[{"href":"https:\/\/www.justiceinfo.net\/fr\/wp-json\/wp\/v2\/posts"}],"about":[{"href":"https:\/\/www.justiceinfo.net\/fr\/wp-json\/wp\/v2\/types\/post"}],"author":[{"embeddable":true,"href":"https:\/\/www.justiceinfo.net\/fr\/wp-json\/wp\/v2\/users\/64"}],"replies":[{"embeddable":true,"href":"https:\/\/www.justiceinfo.net\/fr\/wp-json\/wp\/v2\/comments?post=9034"}],"version-history":[{"count":0,"href":"https:\/\/www.justiceinfo.net\/fr\/wp-json\/wp\/v2\/posts\/9034\/revisions"}],"wp:attachment":[{"href":"https:\/\/www.justiceinfo.net\/fr\/wp-json\/wp\/v2\/media?parent=9034"}],"wp:term":[{"taxonomy":"category","embeddable":true,"href":"https:\/\/www.justiceinfo.net\/fr\/wp-json\/wp\/v2\/categories?post=9034"},{"taxonomy":"post_tag","embeddable":true,"href":"https:\/\/www.justiceinfo.net\/fr\/wp-json\/wp\/v2\/tags?post=9034"},{"taxonomy":"ji_location","embeddable":true,"href":"https:\/\/www.justiceinfo.net\/fr\/wp-json\/wp\/v2\/ji_location?post=9034"}],"curies":[{"name":"wp","href":"https:\/\/api.w.org\/{rel}","templated":true}]}}