{"id":9047,"date":"2008-03-10T23:00:00","date_gmt":"2008-03-10T22:00:00","guid":{"rendered":"https:\/\/www.justiceinfo.net\/9047-110308-rwandatpir-seconde-formation-des-juges-rwandais-en-vue-des-transferts-daccuses5848.html"},"modified":"2008-03-10T23:00:00","modified_gmt":"2008-03-10T22:00:00","slug":"110308-rwandatpir-seconde-formation-des-juges-rwandais-en-vue-des-transferts-daccuses5848","status":"publish","type":"post","link":"https:\/\/www.justiceinfo.net\/fr\/9047-110308-rwandatpir-seconde-formation-des-juges-rwandais-en-vue-des-transferts-daccuses5848.html","title":{"rendered":"11.03.08 - RWANDA\/TPIR  - SECONDE FORMATION DES JUGES RWANDAIS EN VUE DES TRANSFERTS D'ACCUSES"},"content":{"rendered":"<p  >\n<p>Kigali, 11 mars 2008 (FH) - &nbsp;Les juridictions &nbsp;rwandaises sont pr&ecirc;tes &agrave; juger les proc&egrave;s des pr&eacute;sum&eacute;s auteurs du g&eacute;nocide et crimes contres l&rsquo;humanit&eacute; d&eacute;tenus et transf&eacute;r&eacute;s du TPIR vers le Rwanda, a affirm&eacute; &agrave; l'agence Hirondelle Sam &nbsp;Rugege, vice-pr&eacute;sident de la Cour Supr&ecirc;me Rwandaise lors de l'ouverture d'un s&eacute;minaire de formation organis&eacute; &agrave; Kigali.\n<\/p>\n<p>&nbsp;&nbsp;<br \/>\n<!--more--><\/p>\n<p  >\n<p>&laquo; Nos juridictions ont d&eacute;j&agrave; jug&eacute; les auteurs du g&eacute;nocide de la 1&egrave;re cat&eacute;gorie. Ajoutez &nbsp;&agrave; cette exp&eacute;rience les formations donn&eacute;es &agrave; nos juges avec l&rsquo;appui du TPIR. Nos juridictions &nbsp;sont donc pr&ecirc;tes &agrave; juger les dossiers qui sont aux mains du TPIR et qui devraient &ecirc;tre transf&eacute;r&eacute;s ici &raquo;, a d&eacute;clar&eacute; Sam Rugege.<br \/>\n&nbsp;<br \/>\nProc&eacute;dant &agrave; l&rsquo;ouverture de la 2&egrave;me formation sur le droit p&eacute;nal international organis&eacute;e conjointement par le TPIR et la Cour Supr&ecirc;me &agrave; l&rsquo;intention des juges rwandais, Rugege a salu&eacute; la contribution &nbsp;du TPIR aux juridictions rwandaises pour les proc&egrave;s li&eacute;s au g&eacute;nocide.<br \/>\n&nbsp;<br \/>\nUne pr&eacute;cedente formation, organis&eacute;e en 2007, concernait la moiti&eacute; des juges de la Cour Supr&ecirc;me et de la Haute Cour de la R&eacute;publique. Celle-ci concerne l&rsquo;autre moiti&eacute;, 22 juges en tout, dont 6 de la Cour Supr&ecirc;me et 16 de la Haute Cour, a constat&eacute; l&rsquo;Agence. Etant entendu que la Haute Cour conna&icirc;tra les proc&egrave;s en 1 &egrave;re instance et la Cour Supr&ecirc;me en appel, a pr&eacute;cis&eacute; Monsieur Sam Rugege.<br \/>\n&nbsp;<br \/>\nOrganis&eacute;e jusqu'&agrave; jeudi &agrave; l&rsquo;h&ocirc;tel Novotel de Kigali, cette seconde formation mettra l&rsquo;accent sur le renforcement des capacit&eacute;s en mati&egrave;re de droit p&eacute;nal international et des proc&eacute;dures, la mise en parall&egrave;le des juridictions rwandaises et tribunaux p&eacute;naux internationaux en vue d&rsquo;am&eacute;liorer l&rsquo;administration de la justice rwandaise, et une meilleure pr&eacute;paration pour se saisir des dossiers &nbsp;transf&eacute;r&eacute;s du &nbsp;TPIR, a constat&eacute; l&rsquo;Agence.<br \/>\n&nbsp;<br \/>\nLe Professeur William A. Schabas, expert anglais en Droit P&eacute;nal International et auteur de plusieurs ouvrages ainsi que M. Lennart Aspegren, ancien juge devant le TPIR, assurent la formation qui est financ&eacute;e par l'Union Europ&eacute;enne. Depuis 2007, l'UE a accord&eacute; 2,1 millions d'euros (3,5 millions d'USD) de subventions au TPIR, notamment afin de financer des programmes de formation de juges, d'avocats et de juristes rwandais.<br \/>\n&nbsp;<br \/>\nEn vue de la fin de ses proc&egrave;s en premi&egrave;re instance, le 31 d&eacute;cembre 2008, le TPIR envisage de transf&eacute;rer au Rwanda 5 accus&eacute;s qui n'ont pu encore &ecirc;tre jug&eacute;s. Ces transferts, auxquels les accus&eacute;s sont fermement oppos&eacute;s de m&ecirc;me que plusieurs organisations de droits de l'homme, seront d&eacute;cid&eacute;s par les juges du TPIR. Un premier d&eacute;bat doit opposer les parties en Avril prochain, aucune d&eacute;cision n'&eacute;tant attendue avant l'&eacute;t&eacute;, six mois avant la fermeture pr&eacute;vue du tribunal.<br \/>\n&nbsp;<br \/>\nSRE\/PB\/GF<br \/>\n&copy; Agence Hirondelle<\/p>\n","protected":false},"excerpt":{"rendered":"<p>Kigali, 11 mars 2008 (FH) - &nbsp;Les juridictions &nbsp;rwandaises sont pr&ecirc;tes &agrave; juger les proc&egrave;s des pr&eacute;sum&eacute;s auteurs du g&eacute;nocide et crimes contres l&rsquo;humanit&eacute; d&eacute;tenus et transf&eacute;r&eacute;s du TPIR vers le Rwanda, a affirm&eacute; &agrave; l'agence Hirondelle Sam &nbsp;Rugege, vice-pr&eacute;sident de la Cour Supr&ecirc;me Rwandaise lors de l'ouverture d'un s&eacute;minaire de formation organis&eacute; &agrave; Kigali. [&hellip;]<\/p>\n","protected":false},"author":64,"featured_media":0,"comment_status":"open","ping_status":"closed","sticky":false,"template":"","format":"standard","meta":{"_acf_changed":false,"footnotes":""},"categories":[554],"tags":[],"ji_location":[],"class_list":["post-9047","post","type-post","status-publish","format-standard","hentry","category-hirondellenews"],"acf":[],"yoast_head":"<!-- This site is optimized with the Yoast SEO Premium plugin v25.3.1 (Yoast SEO v25.3.1) - https:\/\/yoast.com\/wordpress\/plugins\/seo\/ -->\n<title>11.03.08 - RWANDA\/TPIR - SECONDE FORMATION DES JUGES RWANDAIS EN VUE DES TRANSFERTS D&#039;ACCUSES - JusticeInfo.net<\/title>\n<meta name=\"robots\" content=\"index, follow, max-snippet:-1, max-image-preview:large, max-video-preview:-1\" \/>\n<link rel=\"canonical\" href=\"https:\/\/www.justiceinfo.net\/fr\/9047-110308-rwandatpir-seconde-formation-des-juges-rwandais-en-vue-des-transferts-daccuses5848.html\" \/>\n<meta property=\"og:locale\" content=\"fr_FR\" \/>\n<meta property=\"og:type\" content=\"article\" \/>\n<meta property=\"og:title\" content=\"11.03.08 - RWANDA\/TPIR - SECONDE FORMATION DES JUGES RWANDAIS EN VUE DES TRANSFERTS D&#039;ACCUSES\" \/>\n<meta property=\"og:description\" content=\"Kigali, 11 mars 2008 (FH) - &nbsp;Les juridictions &nbsp;rwandaises sont pr&ecirc;tes &agrave; juger les proc&egrave;s des pr&eacute;sum&eacute;s auteurs du g&eacute;nocide et crimes contres l&rsquo;humanit&eacute; d&eacute;tenus et transf&eacute;r&eacute;s du TPIR vers le Rwanda, a affirm&eacute; &agrave; l&#039;agence Hirondelle Sam &nbsp;Rugege, vice-pr&eacute;sident de la Cour Supr&ecirc;me Rwandaise lors de l&#039;ouverture d&#039;un s&eacute;minaire de formation organis&eacute; &agrave; Kigali. [&hellip;]\" \/>\n<meta property=\"og:url\" content=\"https:\/\/www.justiceinfo.net\/fr\/9047-110308-rwandatpir-seconde-formation-des-juges-rwandais-en-vue-des-transferts-daccuses5848.html\" \/>\n<meta property=\"og:site_name\" content=\"JusticeInfo.net\" \/>\n<meta property=\"article:publisher\" content=\"https:\/\/www.facebook.com\/JusticeInfo\/\" \/>\n<meta property=\"article:published_time\" content=\"2008-03-10T22:00:00+00:00\" \/>\n<meta property=\"og:image\" content=\"https:\/\/www.justiceinfo.net\/wp-content\/uploads\/JusticeInfoNet_logo_1200x630px.jpg\" \/>\n\t<meta property=\"og:image:width\" content=\"1200\" \/>\n\t<meta property=\"og:image:height\" content=\"630\" \/>\n\t<meta property=\"og:image:type\" content=\"image\/jpeg\" \/>\n<meta name=\"author\" content=\"solivri\" \/>\n<meta name=\"twitter:card\" content=\"summary_large_image\" \/>\n<meta name=\"twitter:creator\" content=\"@justiceinfonet\" \/>\n<meta name=\"twitter:site\" content=\"@justiceinfonet\" \/>\n<meta name=\"twitter:label1\" content=\"\u00c9crit par\" \/>\n\t<meta name=\"twitter:data1\" content=\"solivri\" \/>\n\t<meta name=\"twitter:label2\" content=\"Dur\u00e9e de lecture estim\u00e9e\" \/>\n\t<meta name=\"twitter:data2\" content=\"3 minutes\" \/>\n<script type=\"application\/ld+json\" class=\"yoast-schema-graph\">{\"@context\":\"https:\/\/schema.org\",\"@graph\":[{\"@type\":\"NewsArticle\",\"@id\":\"https:\/\/www.justiceinfo.net\/fr\/9047-110308-rwandatpir-seconde-formation-des-juges-rwandais-en-vue-des-transferts-daccuses5848.html#article\",\"isPartOf\":{\"@id\":\"https:\/\/www.justiceinfo.net\/fr\/9047-110308-rwandatpir-seconde-formation-des-juges-rwandais-en-vue-des-transferts-daccuses5848.html\"},\"author\":{\"name\":\"solivri\",\"@id\":\"https:\/\/www.justiceinfo.net\/fr#\/schema\/person\/6e53cba1629e2e66f3fc1821d3091865\"},\"headline\":\"11.03.08 - RWANDA\/TPIR - SECONDE FORMATION DES JUGES RWANDAIS EN VUE DES TRANSFERTS D'ACCUSES\",\"datePublished\":\"2008-03-10T22:00:00+00:00\",\"mainEntityOfPage\":{\"@id\":\"https:\/\/www.justiceinfo.net\/fr\/9047-110308-rwandatpir-seconde-formation-des-juges-rwandais-en-vue-des-transferts-daccuses5848.html\"},\"wordCount\":635,\"commentCount\":0,\"publisher\":{\"@id\":\"https:\/\/www.justiceinfo.net\/fr#organization\"},\"articleSection\":[\"Hirondelle News\"],\"inLanguage\":\"fr-FR\",\"potentialAction\":[{\"@type\":\"CommentAction\",\"name\":\"Comment\",\"target\":[\"https:\/\/www.justiceinfo.net\/fr\/9047-110308-rwandatpir-seconde-formation-des-juges-rwandais-en-vue-des-transferts-daccuses5848.html#respond\"]}]},{\"@type\":\"WebPage\",\"@id\":\"https:\/\/www.justiceinfo.net\/fr\/9047-110308-rwandatpir-seconde-formation-des-juges-rwandais-en-vue-des-transferts-daccuses5848.html\",\"url\":\"https:\/\/www.justiceinfo.net\/fr\/9047-110308-rwandatpir-seconde-formation-des-juges-rwandais-en-vue-des-transferts-daccuses5848.html\",\"name\":\"11.03.08 - RWANDA\/TPIR - SECONDE FORMATION DES JUGES RWANDAIS EN VUE DES TRANSFERTS D'ACCUSES - JusticeInfo.net\",\"isPartOf\":{\"@id\":\"https:\/\/www.justiceinfo.net\/fr#website\"},\"datePublished\":\"2008-03-10T22:00:00+00:00\",\"breadcrumb\":{\"@id\":\"https:\/\/www.justiceinfo.net\/fr\/9047-110308-rwandatpir-seconde-formation-des-juges-rwandais-en-vue-des-transferts-daccuses5848.html#breadcrumb\"},\"inLanguage\":\"fr-FR\",\"potentialAction\":[{\"@type\":\"ReadAction\",\"target\":[\"https:\/\/www.justiceinfo.net\/fr\/9047-110308-rwandatpir-seconde-formation-des-juges-rwandais-en-vue-des-transferts-daccuses5848.html\"]}]},{\"@type\":\"BreadcrumbList\",\"@id\":\"https:\/\/www.justiceinfo.net\/fr\/9047-110308-rwandatpir-seconde-formation-des-juges-rwandais-en-vue-des-transferts-daccuses5848.html#breadcrumb\",\"itemListElement\":[{\"@type\":\"ListItem\",\"position\":1,\"name\":\"Home\",\"item\":\"https:\/\/www.justiceinfo.net\/fr\"},{\"@type\":\"ListItem\",\"position\":2,\"name\":\"11.03.08 - RWANDA\/TPIR - SECONDE FORMATION DES JUGES RWANDAIS EN VUE DES TRANSFERTS D'ACCUSES\"}]},{\"@type\":\"WebSite\",\"@id\":\"https:\/\/www.justiceinfo.net\/fr#website\",\"url\":\"https:\/\/www.justiceinfo.net\/fr\",\"name\":\"JusticeInfo.net\",\"description\":\"La justice doit \u00eatre vue pour \u00eatre rendue\",\"publisher\":{\"@id\":\"https:\/\/www.justiceinfo.net\/fr#organization\"},\"potentialAction\":[{\"@type\":\"SearchAction\",\"target\":{\"@type\":\"EntryPoint\",\"urlTemplate\":\"https:\/\/www.justiceinfo.net\/fr?s={search_term_string}\"},\"query-input\":{\"@type\":\"PropertyValueSpecification\",\"valueRequired\":true,\"valueName\":\"search_term_string\"}}],\"inLanguage\":\"fr-FR\"},{\"@type\":\"Organization\",\"@id\":\"https:\/\/www.justiceinfo.net\/fr#organization\",\"name\":\"Justice Info\",\"url\":\"https:\/\/www.justiceinfo.net\/fr\",\"logo\":{\"@type\":\"ImageObject\",\"inLanguage\":\"fr-FR\",\"@id\":\"https:\/\/www.justiceinfo.net\/fr#\/schema\/logo\/image\/\",\"url\":\"https:\/\/www.justiceinfo.net\/wp-content\/uploads\/justiceinfo_logo-trans_1200x1200px.png\",\"contentUrl\":\"https:\/\/www.justiceinfo.net\/wp-content\/uploads\/justiceinfo_logo-trans_1200x1200px.png\",\"width\":1199,\"height\":1200,\"caption\":\"Justice Info\"},\"image\":{\"@id\":\"https:\/\/www.justiceinfo.net\/fr#\/schema\/logo\/image\/\"},\"sameAs\":[\"https:\/\/www.facebook.com\/JusticeInfo\/\",\"https:\/\/x.com\/justiceinfonet\",\"https:\/\/www.linkedin.com\/company\/justice-info\",\"https:\/\/www.youtube.com\/channel\/UCyCEsARodyuWtkWyhn-e7pA\"]},{\"@type\":\"Person\",\"name\":\"solivri\",\"url\":\"\/fr\/?s=solivri\"}]}<\/script>\n<!-- \/ Yoast SEO Premium plugin. -->","yoast_head_json":{"title":"11.03.08 - RWANDA\/TPIR - SECONDE FORMATION DES JUGES RWANDAIS EN VUE DES TRANSFERTS D'ACCUSES - JusticeInfo.net","robots":{"index":"index","follow":"follow","max-snippet":"max-snippet:-1","max-image-preview":"max-image-preview:large","max-video-preview":"max-video-preview:-1"},"canonical":"https:\/\/www.justiceinfo.net\/fr\/9047-110308-rwandatpir-seconde-formation-des-juges-rwandais-en-vue-des-transferts-daccuses5848.html","og_locale":"fr_FR","og_type":"article","og_title":"11.03.08 - RWANDA\/TPIR - SECONDE FORMATION DES JUGES RWANDAIS EN VUE DES TRANSFERTS D'ACCUSES","og_description":"Kigali, 11 mars 2008 (FH) - &nbsp;Les juridictions &nbsp;rwandaises sont pr&ecirc;tes &agrave; juger les proc&egrave;s des pr&eacute;sum&eacute;s auteurs du g&eacute;nocide et crimes contres l&rsquo;humanit&eacute; d&eacute;tenus et transf&eacute;r&eacute;s du TPIR vers le Rwanda, a affirm&eacute; &agrave; l'agence Hirondelle Sam &nbsp;Rugege, vice-pr&eacute;sident de la Cour Supr&ecirc;me Rwandaise lors de l'ouverture d'un s&eacute;minaire de formation organis&eacute; &agrave; Kigali. [&hellip;]","og_url":"https:\/\/www.justiceinfo.net\/fr\/9047-110308-rwandatpir-seconde-formation-des-juges-rwandais-en-vue-des-transferts-daccuses5848.html","og_site_name":"JusticeInfo.net","article_publisher":"https:\/\/www.facebook.com\/JusticeInfo\/","article_published_time":"2008-03-10T22:00:00+00:00","og_image":[{"width":1200,"height":630,"url":"https:\/\/www.justiceinfo.net\/wp-content\/uploads\/JusticeInfoNet_logo_1200x630px.jpg","type":"image\/jpeg"}],"author":"solivri","twitter_card":"summary_large_image","twitter_creator":"@justiceinfonet","twitter_site":"@justiceinfonet","twitter_misc":{"\u00c9crit par":"solivri","Dur\u00e9e de lecture estim\u00e9e":"3 minutes"},"schema":{"@context":"https:\/\/schema.org","@graph":[{"@type":"NewsArticle","@id":"https:\/\/www.justiceinfo.net\/fr\/9047-110308-rwandatpir-seconde-formation-des-juges-rwandais-en-vue-des-transferts-daccuses5848.html#article","isPartOf":{"@id":"https:\/\/www.justiceinfo.net\/fr\/9047-110308-rwandatpir-seconde-formation-des-juges-rwandais-en-vue-des-transferts-daccuses5848.html"},"author":{"name":"solivri","@id":"https:\/\/www.justiceinfo.net\/fr#\/schema\/person\/6e53cba1629e2e66f3fc1821d3091865"},"headline":"11.03.08 - RWANDA\/TPIR - SECONDE FORMATION DES JUGES RWANDAIS EN VUE DES TRANSFERTS D'ACCUSES","datePublished":"2008-03-10T22:00:00+00:00","mainEntityOfPage":{"@id":"https:\/\/www.justiceinfo.net\/fr\/9047-110308-rwandatpir-seconde-formation-des-juges-rwandais-en-vue-des-transferts-daccuses5848.html"},"wordCount":635,"commentCount":0,"publisher":{"@id":"https:\/\/www.justiceinfo.net\/fr#organization"},"articleSection":["Hirondelle News"],"inLanguage":"fr-FR","potentialAction":[{"@type":"CommentAction","name":"Comment","target":["https:\/\/www.justiceinfo.net\/fr\/9047-110308-rwandatpir-seconde-formation-des-juges-rwandais-en-vue-des-transferts-daccuses5848.html#respond"]}]},{"@type":"WebPage","@id":"https:\/\/www.justiceinfo.net\/fr\/9047-110308-rwandatpir-seconde-formation-des-juges-rwandais-en-vue-des-transferts-daccuses5848.html","url":"https:\/\/www.justiceinfo.net\/fr\/9047-110308-rwandatpir-seconde-formation-des-juges-rwandais-en-vue-des-transferts-daccuses5848.html","name":"11.03.08 - RWANDA\/TPIR - SECONDE FORMATION DES JUGES RWANDAIS EN VUE DES TRANSFERTS D'ACCUSES - JusticeInfo.net","isPartOf":{"@id":"https:\/\/www.justiceinfo.net\/fr#website"},"datePublished":"2008-03-10T22:00:00+00:00","breadcrumb":{"@id":"https:\/\/www.justiceinfo.net\/fr\/9047-110308-rwandatpir-seconde-formation-des-juges-rwandais-en-vue-des-transferts-daccuses5848.html#breadcrumb"},"inLanguage":"fr-FR","potentialAction":[{"@type":"ReadAction","target":["https:\/\/www.justiceinfo.net\/fr\/9047-110308-rwandatpir-seconde-formation-des-juges-rwandais-en-vue-des-transferts-daccuses5848.html"]}]},{"@type":"BreadcrumbList","@id":"https:\/\/www.justiceinfo.net\/fr\/9047-110308-rwandatpir-seconde-formation-des-juges-rwandais-en-vue-des-transferts-daccuses5848.html#breadcrumb","itemListElement":[{"@type":"ListItem","position":1,"name":"Home","item":"https:\/\/www.justiceinfo.net\/fr"},{"@type":"ListItem","position":2,"name":"11.03.08 - RWANDA\/TPIR - SECONDE FORMATION DES JUGES RWANDAIS EN VUE DES TRANSFERTS D'ACCUSES"}]},{"@type":"WebSite","@id":"https:\/\/www.justiceinfo.net\/fr#website","url":"https:\/\/www.justiceinfo.net\/fr","name":"JusticeInfo.net","description":"La justice doit \u00eatre vue pour \u00eatre rendue","publisher":{"@id":"https:\/\/www.justiceinfo.net\/fr#organization"},"potentialAction":[{"@type":"SearchAction","target":{"@type":"EntryPoint","urlTemplate":"https:\/\/www.justiceinfo.net\/fr?s={search_term_string}"},"query-input":{"@type":"PropertyValueSpecification","valueRequired":true,"valueName":"search_term_string"}}],"inLanguage":"fr-FR"},{"@type":"Organization","@id":"https:\/\/www.justiceinfo.net\/fr#organization","name":"Justice Info","url":"https:\/\/www.justiceinfo.net\/fr","logo":{"@type":"ImageObject","inLanguage":"fr-FR","@id":"https:\/\/www.justiceinfo.net\/fr#\/schema\/logo\/image\/","url":"https:\/\/www.justiceinfo.net\/wp-content\/uploads\/justiceinfo_logo-trans_1200x1200px.png","contentUrl":"https:\/\/www.justiceinfo.net\/wp-content\/uploads\/justiceinfo_logo-trans_1200x1200px.png","width":1199,"height":1200,"caption":"Justice Info"},"image":{"@id":"https:\/\/www.justiceinfo.net\/fr#\/schema\/logo\/image\/"},"sameAs":["https:\/\/www.facebook.com\/JusticeInfo\/","https:\/\/x.com\/justiceinfonet","https:\/\/www.linkedin.com\/company\/justice-info","https:\/\/www.youtube.com\/channel\/UCyCEsARodyuWtkWyhn-e7pA"]},{"@type":"Person","name":"solivri","url":"\/fr\/?s=solivri"}]}},"_links":{"self":[{"href":"https:\/\/www.justiceinfo.net\/fr\/wp-json\/wp\/v2\/posts\/9047","targetHints":{"allow":["GET"]}}],"collection":[{"href":"https:\/\/www.justiceinfo.net\/fr\/wp-json\/wp\/v2\/posts"}],"about":[{"href":"https:\/\/www.justiceinfo.net\/fr\/wp-json\/wp\/v2\/types\/post"}],"author":[{"embeddable":true,"href":"https:\/\/www.justiceinfo.net\/fr\/wp-json\/wp\/v2\/users\/64"}],"replies":[{"embeddable":true,"href":"https:\/\/www.justiceinfo.net\/fr\/wp-json\/wp\/v2\/comments?post=9047"}],"version-history":[{"count":0,"href":"https:\/\/www.justiceinfo.net\/fr\/wp-json\/wp\/v2\/posts\/9047\/revisions"}],"wp:attachment":[{"href":"https:\/\/www.justiceinfo.net\/fr\/wp-json\/wp\/v2\/media?parent=9047"}],"wp:term":[{"taxonomy":"category","embeddable":true,"href":"https:\/\/www.justiceinfo.net\/fr\/wp-json\/wp\/v2\/categories?post=9047"},{"taxonomy":"post_tag","embeddable":true,"href":"https:\/\/www.justiceinfo.net\/fr\/wp-json\/wp\/v2\/tags?post=9047"},{"taxonomy":"ji_location","embeddable":true,"href":"https:\/\/www.justiceinfo.net\/fr\/wp-json\/wp\/v2\/ji_location?post=9047"}],"curies":[{"name":"wp","href":"https:\/\/api.w.org\/{rel}","templated":true}]}}