{"id":9066,"date":"2008-03-13T23:00:00","date_gmt":"2008-03-13T22:00:00","guid":{"rendered":"https:\/\/www.justiceinfo.net\/9066-140308-tpircondamnation-lexecution-des-peines-va-continuer-de-dependre-du-tpir5867.html"},"modified":"2008-03-13T23:00:00","modified_gmt":"2008-03-13T22:00:00","slug":"140308-tpircondamnation-lexecution-des-peines-va-continuer-de-dependre-du-tpir5867","status":"publish","type":"post","link":"https:\/\/www.justiceinfo.net\/fr\/9066-140308-tpircondamnation-lexecution-des-peines-va-continuer-de-dependre-du-tpir5867.html","title":{"rendered":"14.03.08 - TPIR\/CONDAMNATION - L'EXECUTION DES PEINES VA CONTINUER DE DEPENDRE DU TPIR"},"content":{"rendered":"<p>Arusha, 14 mars 2008 (FH) - Le Tribunal p&eacute;nal international pour le Rwanda (TPIR) va devoir superviser l'ex&eacute;cution des peines qu'il d&eacute;livre, m&ecirc;me si le r&eacute;gime d'application des peines est g&eacute;n&eacute;ralement particulier au pays d'accueil susceptible d'accueillir ses condamn&eacute;s.<br \/>\n<!--more--><\/p>\n<p>Sept pays ont jusqu&rsquo;&agrave; pr&eacute;sent sign&eacute;s des accords bilat&eacute;raux avec le TPIR pour accueillir des condamn&eacute;s qui y ex&eacute;cuteraient leurs peines. Le Mali et le B&eacute;nin ont sign&eacute; leur accord en 1999, et le Swaziland en ao&ucirc;t 2000. Ils ont &eacute;t&eacute; rejoint la semaine derni&egrave;re par le Rwanda m&ecirc;me si l'article 26 du statut stipulait d&eacute;s 1994 que les condamn&eacute;s &eacute;taient vou&eacute;s &agrave; rentrer dans leur pays. Jusqu'&agrave; pr&eacute;sent les Nations Unies ont recul&eacute; devant cette destination qui suscite de vives inqui&eacute;tudes chez les prisonniers. Les premiers condamn&eacute;s &agrave; quitter Arusha sont all&eacute;s au Mali. Six d'entre eux y sont depuis d&eacute;cembre 2001. <\/p>\n<p>\nTrois pays d&rsquo;Europe ont &eacute;galement scell&eacute; ce type d&rsquo;accord : la France en 2003, et l&rsquo;Italie et la Su&egrave;de en 2004. Seule l&rsquo;Italie, il y a deux semaines, a re&ccedil;u Georges Ruggiu, seul non rwandais a avoir &eacute;t&eacute; mis en accusation, jug&eacute; et condamn&eacute;. Sa double nationalit&eacute; italienne et belge explique sans doute son transfert vers la p&eacute;ninsule. Interrog&eacute; par l'agence Hirondelle son avocat, Jean-Louis Gilissen, a regrett&eacute; de ne pas avoir &eacute;t&eacute; inform&eacute; du transfert de son ancien client. &laquo; Aux yeux du Tribunal, la d&eacute;signation [de l&rsquo;avocat] a pris fin avec l&rsquo;&eacute;coulement du d&eacute;lai d&rsquo;appel &raquo;. &laquo;Assez ennuy&eacute; &raquo; Me Gilissen souhaiterait savoir o&ugrave; il a &eacute;t&eacute; transf&eacute;r&eacute; &laquo; au moins pour savoir s&rsquo;il est assist&eacute; d&rsquo;un conseil &raquo;.\n<\/p>\n<p>\nLes pourparlers pour transf&eacute;rer Ruggiu ont commenc&eacute; &laquo; il y a bien longtemps &raquo; a-t-il expliqu&eacute;. Avec Me Mohammed Aouini ce transfert avait &eacute;t&eacute; envisag&eacute; en 2002 apr&egrave;s son t&eacute;moignage dans l&rsquo;affaire des m&eacute;dias comme le procureur le lui avait laiss&eacute; entendre. Mais cette promesse n'avait pas &eacute;t&eacute; respect&eacute;e comme cela a souvent &eacute;t&eacute; le cas dans le cadre des n&eacute;gociations entre les accus&eacute;s et l'accusation. &laquo;Manifestement on ne souhaitait pas que Ruggiu aille au Rwanda &raquo; estime Me Gilissen. Aussi &laquo; son cas devait donc &ecirc;tre r&eacute;gl&eacute; avant que le Tribunal ne passe un accord avec le Rwanda pour l&rsquo;ex&eacute;cution des peines&raquo; estime-t-il.\n<\/p>\n<p>\nGeorges Ruggiu aura purg&eacute; sa peine le 23 juillet 2009. Mais la loi italienne, part l&rsquo;article 176 du Code p&eacute;nal, pr&eacute;voie la possibilit&eacute; de la lib&eacute;ration anticip&eacute;e si la moiti&eacute; de la peine a &eacute;t&eacute; effectu&eacute;e. A condition que le condamn&eacute; ait &eacute;t&eacute; d&eacute;tenu &laquo; pendant au moins trente mois et que la dur&eacute;e de la peine restant &agrave; purger n&rsquo;exc&egrave;de pas cinq ans &raquo;.\n<\/p>\n<p>\nArr&ecirc;t&eacute; en juillet 1997, Georges Ruggiu a &eacute;t&eacute; condamn&eacute; &agrave; 12 ans de prison en 2000 par le TPIR. Il a donc d&eacute;j&agrave; effectu&eacute; dix ans et cinq mois de sa peine. La loi italienne ne pr&eacute;cise pas, pour ceux qui ont &eacute;t&eacute; condamn&eacute;s &agrave; l&rsquo;&eacute;tranger, si les trente mois doivent avoir &eacute;t&eacute; ex&eacute;cut&eacute;s en Italie. Elle pr&eacute;cise toutefois que les condamn&eacute;s &laquo; doivent, par leur comportement pendant la d&eacute;tention, avoir donn&eacute; l&rsquo;assurance de leur repentir &raquo;.\n<\/p>\n<p>\nEn France, autre pays susceptible d'accueillir un ou plusieurs condamn&eacute;s pour l&rsquo;ex&eacute;cution des peines, il faut que &laquo; la dur&eacute;e de la peine accomplie [soit] au moins &eacute;gale &agrave; la dur&eacute;e de la peine restant &agrave; subir &raquo; selon l&rsquo;article 729 du code de proc&eacute;dure p&eacute;nale. Le principe voulant que &laquo; les peines peuvent &ecirc;tre am&eacute;nag&eacute;es en cours d&rsquo;ex&eacute;cution pour tenir compte de l&rsquo;&eacute;volution de la personnalit&eacute; et de la situation du condamn&eacute;. L&rsquo;individualisation des peines doit, chaque fois que cela est possible, permettre le retour progressif du condamn&eacute; &agrave; la libert&eacute; et &eacute;viter un renvoi en libert&eacute; sans aucune forme de suivi judiciaire &raquo; (article 707).\n<\/p>\n<p>\nAu Rwanda, qui peut dor&eacute;navant recevoir des condamn&eacute;s du TPIR pour qu&rsquo;ils purgent leur peine, l&rsquo;article 238 du Code p&eacute;nal requi&egrave;re que celui qui a &eacute;t&eacute; condamn&eacute; &agrave; plus de six mois de prison doit avoir effectu&eacute; un quart de sa peine pour demander une lib&eacute;ration conditionnelle. Pour les condamn&eacute;s &agrave; perp&eacute;tuit&eacute;, cette p&eacute;riode, appel&eacute;e le temps d&rsquo;&eacute;preuve est de dix ans. Toutefois, &laquo; ne peuvent pas b&eacute;n&eacute;ficier de la lib&eacute;ration conditionnelle les personnes condamn&eacute;es pour g&eacute;nocide, crime contre l&rsquo;humanit&eacute;, terrorisme, viol des mineurs ou tortures sexuelles (&hellip;) &raquo; (article 237).\n<\/p>\n<p>\nAinsi, les condamn&eacute;s du TPIR ne b&eacute;n&eacute;ficieront pas des m&ecirc;mes mesures d&lsquo;am&eacute;nagement de peine selon le pays qui les accueille. Dans tous les cas, la d&eacute;cision finale appartient au Pr&eacute;sident du TPIR. Car, si les condamn&eacute;s transf&eacute;r&eacute;s pour purger leur peine passent sous l&rsquo;autorit&eacute; du pays qui les re&ccedil;oit, &laquo; ils restent sous le contr&ocirc;le de l&rsquo;ONU &raquo; expliquait r&eacute;cemment &agrave; Hirondelle le porte-parole du Tribunal Roland Amoussouga.\n<\/p>\n<p>\nL&rsquo;autorit&eacute; du Pr&eacute;sident en la mati&egrave;re est pr&eacute;vue par l&rsquo;article 27 du Statut du TPIR ainsi que par les accords bilat&eacute;raux d&rsquo;ex&eacute;cution des peines. Lesquels disposent d&rsquo;ailleurs que, dans le cas o&ugrave; l&rsquo;Etat d&rsquo;accueil d&eacute;ciderait d&rsquo;accorder une lib&eacute;ration anticip&eacute;e alors que le Pr&eacute;sident du TPIR s&rsquo;y oppose, le condamn&eacute; sera de nouveau transf&eacute;r&eacute;. &laquo; L&rsquo;option du Tribunal, autant que faire se peut, est de faire ex&eacute;cuter les peines en Afrique et ce, pour des raisons socioculturelles &raquo; apprend on cependant sur le site Internet du tribunal.\n<\/p>\n<p>\nJusqu&rsquo;&agrave; pr&eacute;sent, aucun condamn&eacute; du TPIR n&rsquo;a b&eacute;n&eacute;fici&eacute; d&rsquo;une lib&eacute;ration anticip&eacute;e. Plusieurs demandes ont &eacute;t&eacute; d&eacute;pos&eacute;es mais a chaque fois rejet&eacute;s par les deux derniers pr&eacute;sidents ceux ci arguant de la gravit&eacute; des crimes commis ainsi que la dur&eacute;e restante avant le terme de la peine.\n<\/p>\n<p>\nAu Tribunal p&eacute;nal international pour l&rsquo;ex-Yougoslavie, vingt-huit personnes d&eacute;finitivement condamn&eacute;es purgent actuellement leurs peines, six sont en attente de transfert. Le Tribunal a sign&eacute; son quatorzi&egrave;me accord en f&eacute;vrier avec l&rsquo;Estonie. Sur dix-sept qui ont purg&eacute; leur peine, dix ont &eacute;t&eacute; lib&eacute;r&eacute;es avant la date pr&eacute;vue initialement. Toutes avaient effectu&eacute; plus de la moiti&eacute; de peine. Celles ci &eacute;taient au maximum de douze ans.\n<\/p>\n<p>\nLes profils de condamnation devant le TPIR ne sont pas les m&ecirc;mes. Sur les six transf&eacute;r&eacute;s vers le Mali en d&eacute;cembre 2001, quatre sont condamn&eacute;s &agrave; la prison &agrave; vie et les deux autres &agrave; vingt-cinq et quinze ans de prison. Ils sont donc encore loin du terme leur permettant de d&eacute;poser une demande de lib&eacute;ration.\n<\/p>\n<p>\nCependant, parmi ceux en attente de transfert deux condamn&eacute;s pourraient &ecirc;tre candidats &agrave; la lib&eacute;ration anticip&eacute;e : Samuel Imanishimwe et Joseph Nzabirinda qui ont &eacute;t&eacute; arr&ecirc;t&eacute;s respectivement en 1997 et en 2001 et condamn&eacute;s &agrave; 12 ans et 7 ans de prison. Le second avait plaid&eacute; coupable, il est pr&eacute;vu qu&rsquo;il soit lib&eacute;r&eacute; au terme de sa peine le 19 d&eacute;cembre 2008.\n<\/p>\n<p>\nDix-sept condamn&eacute;s (un en 2003, deux en 2004, trois en 2005, trois en 2006 et huit en 2007) doivent encore &ecirc;tre transf&eacute;r&eacute;s vers un pays ayant conclu un accord de ce type.\n<\/p>\n<p>\nGeorge Ruggiu, arriv&eacute; le 29 f&eacute;vrier en Italie, sera lib&eacute;r&eacute; au plus tard le 23 juillet 2009. Sa double nationalit&eacute;, belgo-italienne, lui permettrait de pouvoir continuer de s&eacute;journer en Italie apr&egrave;s sa lib&eacute;ration ou en tout cas de ne pas &ecirc;tre expuls&eacute;. Pour les autres condamn&eacute;s lib&eacute;r&eacute;s commencera un nouveau calvaire : trouver un pays d'accueil. Ainsi le second lib&eacute;r&eacute; du TPIR, Vincent Rutaganira est il retourn&eacute; rapidement en maison s&eacute;curis&eacute;e, faute d'avoir trouv&eacute; un pays susceptible de l'accueillir et de vouloir rentrer dans son pays. Le premier, Elizephan Ntakirutimana n'a pas eu cette peine, il est mort un mois apr&egrave;s sa sortie sans que le tribunal n'ait pris la moindre mesure d'accompagnement, selon un t&eacute;moin de son agonie.\n<\/p>\n<p>\nAV\/PB\/GF<br \/>\n&copy; Agence Hirondelle<\/p>\n","protected":false},"excerpt":{"rendered":"<p>Arusha, 14 mars 2008 (FH) - Le Tribunal p&eacute;nal international pour le Rwanda (TPIR) va devoir superviser l'ex&eacute;cution des peines qu'il d&eacute;livre, m&ecirc;me si le r&eacute;gime d'application des peines est g&eacute;n&eacute;ralement particulier au pays d'accueil susceptible d'accueillir ses condamn&eacute;s.<\/p>\n","protected":false},"author":64,"featured_media":0,"comment_status":"open","ping_status":"closed","sticky":false,"template":"","format":"standard","meta":{"_acf_changed":false,"footnotes":""},"categories":[554],"tags":[],"ji_location":[],"class_list":["post-9066","post","type-post","status-publish","format-standard","hentry","category-hirondellenews"],"acf":[],"yoast_head":"<!-- This site is optimized with the Yoast SEO Premium plugin v25.3.1 (Yoast SEO v25.3.1) - https:\/\/yoast.com\/wordpress\/plugins\/seo\/ -->\n<title>14.03.08 - TPIR\/CONDAMNATION - L&#039;EXECUTION DES PEINES VA CONTINUER DE DEPENDRE DU TPIR - JusticeInfo.net<\/title>\n<meta name=\"robots\" content=\"index, follow, max-snippet:-1, max-image-preview:large, max-video-preview:-1\" \/>\n<link rel=\"canonical\" href=\"https:\/\/www.justiceinfo.net\/fr\/9066-140308-tpircondamnation-lexecution-des-peines-va-continuer-de-dependre-du-tpir5867.html\" \/>\n<meta property=\"og:locale\" content=\"fr_FR\" \/>\n<meta property=\"og:type\" content=\"article\" \/>\n<meta property=\"og:title\" content=\"14.03.08 - TPIR\/CONDAMNATION - L&#039;EXECUTION DES PEINES VA CONTINUER DE DEPENDRE DU TPIR\" \/>\n<meta property=\"og:description\" content=\"Arusha, 14 mars 2008 (FH) - Le Tribunal p&eacute;nal international pour le Rwanda (TPIR) va devoir superviser l&#039;ex&eacute;cution des peines qu&#039;il d&eacute;livre, m&ecirc;me si le r&eacute;gime d&#039;application des peines est g&eacute;n&eacute;ralement particulier au pays d&#039;accueil susceptible d&#039;accueillir ses condamn&eacute;s.\" \/>\n<meta property=\"og:url\" content=\"https:\/\/www.justiceinfo.net\/fr\/9066-140308-tpircondamnation-lexecution-des-peines-va-continuer-de-dependre-du-tpir5867.html\" \/>\n<meta property=\"og:site_name\" content=\"JusticeInfo.net\" \/>\n<meta property=\"article:publisher\" content=\"https:\/\/www.facebook.com\/JusticeInfo\/\" \/>\n<meta property=\"article:published_time\" content=\"2008-03-13T22:00:00+00:00\" \/>\n<meta property=\"og:image\" content=\"https:\/\/www.justiceinfo.net\/wp-content\/uploads\/JusticeInfoNet_logo_1200x630px.jpg\" \/>\n\t<meta property=\"og:image:width\" content=\"1200\" \/>\n\t<meta property=\"og:image:height\" content=\"630\" \/>\n\t<meta property=\"og:image:type\" content=\"image\/jpeg\" \/>\n<meta name=\"author\" content=\"solivri\" \/>\n<meta name=\"twitter:card\" content=\"summary_large_image\" \/>\n<meta name=\"twitter:creator\" content=\"@justiceinfonet\" \/>\n<meta name=\"twitter:site\" content=\"@justiceinfonet\" \/>\n<meta name=\"twitter:label1\" content=\"\u00c9crit par\" \/>\n\t<meta name=\"twitter:data1\" content=\"solivri\" \/>\n\t<meta name=\"twitter:label2\" content=\"Dur\u00e9e de lecture estim\u00e9e\" \/>\n\t<meta name=\"twitter:data2\" content=\"9 minutes\" \/>\n<script type=\"application\/ld+json\" class=\"yoast-schema-graph\">{\"@context\":\"https:\/\/schema.org\",\"@graph\":[{\"@type\":\"NewsArticle\",\"@id\":\"https:\/\/www.justiceinfo.net\/fr\/9066-140308-tpircondamnation-lexecution-des-peines-va-continuer-de-dependre-du-tpir5867.html#article\",\"isPartOf\":{\"@id\":\"https:\/\/www.justiceinfo.net\/fr\/9066-140308-tpircondamnation-lexecution-des-peines-va-continuer-de-dependre-du-tpir5867.html\"},\"author\":{\"name\":\"solivri\",\"@id\":\"https:\/\/www.justiceinfo.net\/fr#\/schema\/person\/6e53cba1629e2e66f3fc1821d3091865\"},\"headline\":\"14.03.08 - TPIR\/CONDAMNATION - L'EXECUTION DES PEINES VA CONTINUER DE DEPENDRE DU TPIR\",\"datePublished\":\"2008-03-13T22:00:00+00:00\",\"mainEntityOfPage\":{\"@id\":\"https:\/\/www.justiceinfo.net\/fr\/9066-140308-tpircondamnation-lexecution-des-peines-va-continuer-de-dependre-du-tpir5867.html\"},\"wordCount\":1739,\"commentCount\":0,\"publisher\":{\"@id\":\"https:\/\/www.justiceinfo.net\/fr#organization\"},\"articleSection\":[\"Hirondelle News\"],\"inLanguage\":\"fr-FR\",\"potentialAction\":[{\"@type\":\"CommentAction\",\"name\":\"Comment\",\"target\":[\"https:\/\/www.justiceinfo.net\/fr\/9066-140308-tpircondamnation-lexecution-des-peines-va-continuer-de-dependre-du-tpir5867.html#respond\"]}]},{\"@type\":\"WebPage\",\"@id\":\"https:\/\/www.justiceinfo.net\/fr\/9066-140308-tpircondamnation-lexecution-des-peines-va-continuer-de-dependre-du-tpir5867.html\",\"url\":\"https:\/\/www.justiceinfo.net\/fr\/9066-140308-tpircondamnation-lexecution-des-peines-va-continuer-de-dependre-du-tpir5867.html\",\"name\":\"14.03.08 - TPIR\/CONDAMNATION - L'EXECUTION DES PEINES VA CONTINUER DE DEPENDRE DU TPIR - JusticeInfo.net\",\"isPartOf\":{\"@id\":\"https:\/\/www.justiceinfo.net\/fr#website\"},\"datePublished\":\"2008-03-13T22:00:00+00:00\",\"breadcrumb\":{\"@id\":\"https:\/\/www.justiceinfo.net\/fr\/9066-140308-tpircondamnation-lexecution-des-peines-va-continuer-de-dependre-du-tpir5867.html#breadcrumb\"},\"inLanguage\":\"fr-FR\",\"potentialAction\":[{\"@type\":\"ReadAction\",\"target\":[\"https:\/\/www.justiceinfo.net\/fr\/9066-140308-tpircondamnation-lexecution-des-peines-va-continuer-de-dependre-du-tpir5867.html\"]}]},{\"@type\":\"BreadcrumbList\",\"@id\":\"https:\/\/www.justiceinfo.net\/fr\/9066-140308-tpircondamnation-lexecution-des-peines-va-continuer-de-dependre-du-tpir5867.html#breadcrumb\",\"itemListElement\":[{\"@type\":\"ListItem\",\"position\":1,\"name\":\"Home\",\"item\":\"https:\/\/www.justiceinfo.net\/fr\"},{\"@type\":\"ListItem\",\"position\":2,\"name\":\"14.03.08 - TPIR\/CONDAMNATION - L'EXECUTION DES PEINES VA CONTINUER DE DEPENDRE DU TPIR\"}]},{\"@type\":\"WebSite\",\"@id\":\"https:\/\/www.justiceinfo.net\/fr#website\",\"url\":\"https:\/\/www.justiceinfo.net\/fr\",\"name\":\"JusticeInfo.net\",\"description\":\"La justice doit \u00eatre vue pour \u00eatre rendue\",\"publisher\":{\"@id\":\"https:\/\/www.justiceinfo.net\/fr#organization\"},\"potentialAction\":[{\"@type\":\"SearchAction\",\"target\":{\"@type\":\"EntryPoint\",\"urlTemplate\":\"https:\/\/www.justiceinfo.net\/fr?s={search_term_string}\"},\"query-input\":{\"@type\":\"PropertyValueSpecification\",\"valueRequired\":true,\"valueName\":\"search_term_string\"}}],\"inLanguage\":\"fr-FR\"},{\"@type\":\"Organization\",\"@id\":\"https:\/\/www.justiceinfo.net\/fr#organization\",\"name\":\"Justice Info\",\"url\":\"https:\/\/www.justiceinfo.net\/fr\",\"logo\":{\"@type\":\"ImageObject\",\"inLanguage\":\"fr-FR\",\"@id\":\"https:\/\/www.justiceinfo.net\/fr#\/schema\/logo\/image\/\",\"url\":\"https:\/\/www.justiceinfo.net\/wp-content\/uploads\/justiceinfo_logo-trans_1200x1200px.png\",\"contentUrl\":\"https:\/\/www.justiceinfo.net\/wp-content\/uploads\/justiceinfo_logo-trans_1200x1200px.png\",\"width\":1199,\"height\":1200,\"caption\":\"Justice Info\"},\"image\":{\"@id\":\"https:\/\/www.justiceinfo.net\/fr#\/schema\/logo\/image\/\"},\"sameAs\":[\"https:\/\/www.facebook.com\/JusticeInfo\/\",\"https:\/\/x.com\/justiceinfonet\",\"https:\/\/www.linkedin.com\/company\/justice-info\",\"https:\/\/www.youtube.com\/channel\/UCyCEsARodyuWtkWyhn-e7pA\"]},{\"@type\":\"Person\",\"name\":\"solivri\",\"url\":\"\/fr\/?s=solivri\"}]}<\/script>\n<!-- \/ Yoast SEO Premium plugin. -->","yoast_head_json":{"title":"14.03.08 - TPIR\/CONDAMNATION - L'EXECUTION DES PEINES VA CONTINUER DE DEPENDRE DU TPIR - JusticeInfo.net","robots":{"index":"index","follow":"follow","max-snippet":"max-snippet:-1","max-image-preview":"max-image-preview:large","max-video-preview":"max-video-preview:-1"},"canonical":"https:\/\/www.justiceinfo.net\/fr\/9066-140308-tpircondamnation-lexecution-des-peines-va-continuer-de-dependre-du-tpir5867.html","og_locale":"fr_FR","og_type":"article","og_title":"14.03.08 - TPIR\/CONDAMNATION - L'EXECUTION DES PEINES VA CONTINUER DE DEPENDRE DU TPIR","og_description":"Arusha, 14 mars 2008 (FH) - Le Tribunal p&eacute;nal international pour le Rwanda (TPIR) va devoir superviser l'ex&eacute;cution des peines qu'il d&eacute;livre, m&ecirc;me si le r&eacute;gime d'application des peines est g&eacute;n&eacute;ralement particulier au pays d'accueil susceptible d'accueillir ses condamn&eacute;s.","og_url":"https:\/\/www.justiceinfo.net\/fr\/9066-140308-tpircondamnation-lexecution-des-peines-va-continuer-de-dependre-du-tpir5867.html","og_site_name":"JusticeInfo.net","article_publisher":"https:\/\/www.facebook.com\/JusticeInfo\/","article_published_time":"2008-03-13T22:00:00+00:00","og_image":[{"width":1200,"height":630,"url":"https:\/\/www.justiceinfo.net\/wp-content\/uploads\/JusticeInfoNet_logo_1200x630px.jpg","type":"image\/jpeg"}],"author":"solivri","twitter_card":"summary_large_image","twitter_creator":"@justiceinfonet","twitter_site":"@justiceinfonet","twitter_misc":{"\u00c9crit par":"solivri","Dur\u00e9e de lecture estim\u00e9e":"9 minutes"},"schema":{"@context":"https:\/\/schema.org","@graph":[{"@type":"NewsArticle","@id":"https:\/\/www.justiceinfo.net\/fr\/9066-140308-tpircondamnation-lexecution-des-peines-va-continuer-de-dependre-du-tpir5867.html#article","isPartOf":{"@id":"https:\/\/www.justiceinfo.net\/fr\/9066-140308-tpircondamnation-lexecution-des-peines-va-continuer-de-dependre-du-tpir5867.html"},"author":{"name":"solivri","@id":"https:\/\/www.justiceinfo.net\/fr#\/schema\/person\/6e53cba1629e2e66f3fc1821d3091865"},"headline":"14.03.08 - TPIR\/CONDAMNATION - L'EXECUTION DES PEINES VA CONTINUER DE DEPENDRE DU TPIR","datePublished":"2008-03-13T22:00:00+00:00","mainEntityOfPage":{"@id":"https:\/\/www.justiceinfo.net\/fr\/9066-140308-tpircondamnation-lexecution-des-peines-va-continuer-de-dependre-du-tpir5867.html"},"wordCount":1739,"commentCount":0,"publisher":{"@id":"https:\/\/www.justiceinfo.net\/fr#organization"},"articleSection":["Hirondelle News"],"inLanguage":"fr-FR","potentialAction":[{"@type":"CommentAction","name":"Comment","target":["https:\/\/www.justiceinfo.net\/fr\/9066-140308-tpircondamnation-lexecution-des-peines-va-continuer-de-dependre-du-tpir5867.html#respond"]}]},{"@type":"WebPage","@id":"https:\/\/www.justiceinfo.net\/fr\/9066-140308-tpircondamnation-lexecution-des-peines-va-continuer-de-dependre-du-tpir5867.html","url":"https:\/\/www.justiceinfo.net\/fr\/9066-140308-tpircondamnation-lexecution-des-peines-va-continuer-de-dependre-du-tpir5867.html","name":"14.03.08 - TPIR\/CONDAMNATION - L'EXECUTION DES PEINES VA CONTINUER DE DEPENDRE DU TPIR - JusticeInfo.net","isPartOf":{"@id":"https:\/\/www.justiceinfo.net\/fr#website"},"datePublished":"2008-03-13T22:00:00+00:00","breadcrumb":{"@id":"https:\/\/www.justiceinfo.net\/fr\/9066-140308-tpircondamnation-lexecution-des-peines-va-continuer-de-dependre-du-tpir5867.html#breadcrumb"},"inLanguage":"fr-FR","potentialAction":[{"@type":"ReadAction","target":["https:\/\/www.justiceinfo.net\/fr\/9066-140308-tpircondamnation-lexecution-des-peines-va-continuer-de-dependre-du-tpir5867.html"]}]},{"@type":"BreadcrumbList","@id":"https:\/\/www.justiceinfo.net\/fr\/9066-140308-tpircondamnation-lexecution-des-peines-va-continuer-de-dependre-du-tpir5867.html#breadcrumb","itemListElement":[{"@type":"ListItem","position":1,"name":"Home","item":"https:\/\/www.justiceinfo.net\/fr"},{"@type":"ListItem","position":2,"name":"14.03.08 - TPIR\/CONDAMNATION - L'EXECUTION DES PEINES VA CONTINUER DE DEPENDRE DU TPIR"}]},{"@type":"WebSite","@id":"https:\/\/www.justiceinfo.net\/fr#website","url":"https:\/\/www.justiceinfo.net\/fr","name":"JusticeInfo.net","description":"La justice doit \u00eatre vue pour \u00eatre rendue","publisher":{"@id":"https:\/\/www.justiceinfo.net\/fr#organization"},"potentialAction":[{"@type":"SearchAction","target":{"@type":"EntryPoint","urlTemplate":"https:\/\/www.justiceinfo.net\/fr?s={search_term_string}"},"query-input":{"@type":"PropertyValueSpecification","valueRequired":true,"valueName":"search_term_string"}}],"inLanguage":"fr-FR"},{"@type":"Organization","@id":"https:\/\/www.justiceinfo.net\/fr#organization","name":"Justice Info","url":"https:\/\/www.justiceinfo.net\/fr","logo":{"@type":"ImageObject","inLanguage":"fr-FR","@id":"https:\/\/www.justiceinfo.net\/fr#\/schema\/logo\/image\/","url":"https:\/\/www.justiceinfo.net\/wp-content\/uploads\/justiceinfo_logo-trans_1200x1200px.png","contentUrl":"https:\/\/www.justiceinfo.net\/wp-content\/uploads\/justiceinfo_logo-trans_1200x1200px.png","width":1199,"height":1200,"caption":"Justice Info"},"image":{"@id":"https:\/\/www.justiceinfo.net\/fr#\/schema\/logo\/image\/"},"sameAs":["https:\/\/www.facebook.com\/JusticeInfo\/","https:\/\/x.com\/justiceinfonet","https:\/\/www.linkedin.com\/company\/justice-info","https:\/\/www.youtube.com\/channel\/UCyCEsARodyuWtkWyhn-e7pA"]},{"@type":"Person","name":"solivri","url":"\/fr\/?s=solivri"}]}},"_links":{"self":[{"href":"https:\/\/www.justiceinfo.net\/fr\/wp-json\/wp\/v2\/posts\/9066","targetHints":{"allow":["GET"]}}],"collection":[{"href":"https:\/\/www.justiceinfo.net\/fr\/wp-json\/wp\/v2\/posts"}],"about":[{"href":"https:\/\/www.justiceinfo.net\/fr\/wp-json\/wp\/v2\/types\/post"}],"author":[{"embeddable":true,"href":"https:\/\/www.justiceinfo.net\/fr\/wp-json\/wp\/v2\/users\/64"}],"replies":[{"embeddable":true,"href":"https:\/\/www.justiceinfo.net\/fr\/wp-json\/wp\/v2\/comments?post=9066"}],"version-history":[{"count":0,"href":"https:\/\/www.justiceinfo.net\/fr\/wp-json\/wp\/v2\/posts\/9066\/revisions"}],"wp:attachment":[{"href":"https:\/\/www.justiceinfo.net\/fr\/wp-json\/wp\/v2\/media?parent=9066"}],"wp:term":[{"taxonomy":"category","embeddable":true,"href":"https:\/\/www.justiceinfo.net\/fr\/wp-json\/wp\/v2\/categories?post=9066"},{"taxonomy":"post_tag","embeddable":true,"href":"https:\/\/www.justiceinfo.net\/fr\/wp-json\/wp\/v2\/tags?post=9066"},{"taxonomy":"ji_location","embeddable":true,"href":"https:\/\/www.justiceinfo.net\/fr\/wp-json\/wp\/v2\/ji_location?post=9066"}],"curies":[{"name":"wp","href":"https:\/\/api.w.org\/{rel}","templated":true}]}}