{"id":9071,"date":"2008-03-13T23:00:00","date_gmt":"2008-03-13T22:00:00","guid":{"rendered":"https:\/\/www.justiceinfo.net\/9071-140308-tpirseromba-condamne-pour-genocide-labbe-seromba-risque-lexcommunication5872.html"},"modified":"2008-03-13T23:00:00","modified_gmt":"2008-03-13T22:00:00","slug":"140308-tpirseromba-condamne-pour-genocide-labbe-seromba-risque-lexcommunication5872","status":"publish","type":"post","link":"https:\/\/www.justiceinfo.net\/fr\/9071-140308-tpirseromba-condamne-pour-genocide-labbe-seromba-risque-lexcommunication5872.html","title":{"rendered":"14.03.08 - TPIR\/SEROMBA - CONDAMNE POUR GENOCIDE, L\u2019ABBE SEROMBA RISQUE L\u2019EXCOMMUNICATION"},"content":{"rendered":"<p>Arusha, 14 mars 2008 (FH)- L&rsquo;abb&eacute; Athanase Seromba, condamn&eacute; &agrave; la prison &agrave; vie pour g&eacute;nocide par la chambre d&rsquo;appel du Tribunal p&eacute;nal international pour le Rwanda (TPIR), risque l&rsquo;excommunication, a affirm&eacute; vendredi un pr&eacute;lat tanzanien.<br \/>\n<!--more--><\/p>\n<p>Mgr Methodius Kilaini, &eacute;v&ecirc;que auxiliaire de l&rsquo;archidioc&egrave;se de Dar es salaam, a d&eacute;clar&eacute; &agrave; l&rsquo;agence Hirondelle que &laquo; il n&rsquo;&eacute;tait pratiquement plus possible pour lui (Seromba) d&rsquo;exercer son minist&egrave;re apr&egrave;s un tel &eacute;v&eacute;nement &raquo;. Il a expliqu&eacute; que les crimes de cette nature sont contraires &agrave; la morale chr&eacute;tienne. <\/p>\n<p>\nTout en admettant qu&rsquo;il n&rsquo;avait pas suivi de pr&egrave;s l&rsquo;affaire Seromba, Mgr Kilaini a indiqu&eacute; que si un pr&ecirc;tre &eacute;tait d&eacute;clar&eacute; coupable de g&eacute;nocide et de crimes contre l&rsquo;humanit&eacute;, &laquo; il pourrait &ecirc;tre excommuni&eacute; &raquo;. Il a soulign&eacute; que le processus doit &ecirc;tre enclench&eacute; par son dioc&egrave;se d&rsquo;origine qui par la suite transmet l&rsquo;information pertinente au Vatican pour d&eacute;cision finale.\n<\/p>\n<p>\nPendant le g&eacute;nocide, Seromba &eacute;tait pr&ecirc;tre &agrave; la paroisse de Nyange dans le dioc&egrave;se de Nyundo &agrave; l&rsquo;ouest du Rwanda.\n<\/p>\n<p>\nLa chambre d&rsquo;appel a conclu que Seromba, 45 ans, a particip&eacute; pleinement, en connaissance de cause, dans des massacres de Tutsis, particuli&egrave;rement dans la destruction de l&rsquo;&eacute;glise de Nyange causant la mort de 1500 personnes qui s&rsquo;y &eacute;taient r&eacute;fugi&eacute;es.\n<\/p>\n<p>\nLe conducteur du bulldozer qui a &eacute;t&eacute; utilis&eacute; pour d&eacute;truire l&rsquo;&eacute;glise a demand&eacute; par trois fois &agrave; l&rsquo;abb&eacute; s&rsquo;il devait s&rsquo;ex&eacute;cuter et celui-ci lui a r&eacute;pondu par l&rsquo;affirmative, expliquant &laquo; que des d&eacute;mons se trouvaient &agrave; l&rsquo;int&eacute;rieur &raquo;, selon les juges..\n<\/p>\n<p>\nL&rsquo;abb&eacute; Seromba a quitt&eacute; le Rwanda en 1994 et est arriv&eacute; en Italie en 1997. En 2002, il s&rsquo;est rendu volontairement au TPIR qui le recherchait apr&egrave;s que l&rsquo;ancien procureur Carla del Ponte e&ucirc;t exerc&eacute; des pressions sur le Vatican.\n<\/p>\n<p>\nLe g&eacute;nocide rwandais a fait environ 800.000 morts selon l&rsquo;ONU.\n<\/p>\n<p>\nSeromba est le premier pr&ecirc;tre catholique &agrave; &ecirc;tre condamn&eacute; par le TPIR cr&eacute;&eacute; en 1994 pour juger les principaux suspects de ce g&eacute;nocide. Deux autres pr&egrave;tres sont actuellement jug&eacute;s. La juridiction a d&eacute;j&agrave; jug&eacute; 35 personnes. Cinq d&rsquo;entre elles ont &eacute;t&eacute; acquitt&eacute;es.\n<\/p>\n<p>\nNI\/AT\/GF\n<\/p>\n<p>\n&copy; Agence Hirondelle<\/p>\n","protected":false},"excerpt":{"rendered":"<p>Arusha, 14 mars 2008 (FH)- L&rsquo;abb&eacute; Athanase Seromba, condamn&eacute; &agrave; la prison &agrave; vie pour g&eacute;nocide par la chambre d&rsquo;appel du Tribunal p&eacute;nal international pour le Rwanda (TPIR), risque l&rsquo;excommunication, a affirm&eacute; vendredi un pr&eacute;lat tanzanien.<\/p>\n","protected":false},"author":64,"featured_media":0,"comment_status":"open","ping_status":"closed","sticky":false,"template":"","format":"standard","meta":{"_acf_changed":false,"footnotes":""},"categories":[554],"tags":[],"ji_location":[],"class_list":["post-9071","post","type-post","status-publish","format-standard","hentry","category-hirondellenews"],"acf":[],"yoast_head":"<!-- This site is optimized with the Yoast SEO Premium plugin v25.3.1 (Yoast SEO v25.3.1) - https:\/\/yoast.com\/wordpress\/plugins\/seo\/ -->\n<title>14.03.08 - TPIR\/SEROMBA - CONDAMNE POUR GENOCIDE, L\u2019ABBE SEROMBA RISQUE L\u2019EXCOMMUNICATION - JusticeInfo.net<\/title>\n<meta name=\"robots\" content=\"index, follow, max-snippet:-1, max-image-preview:large, max-video-preview:-1\" \/>\n<link rel=\"canonical\" href=\"https:\/\/www.justiceinfo.net\/fr\/9071-140308-tpirseromba-condamne-pour-genocide-labbe-seromba-risque-lexcommunication5872.html\" \/>\n<meta property=\"og:locale\" content=\"fr_FR\" \/>\n<meta property=\"og:type\" content=\"article\" \/>\n<meta property=\"og:title\" content=\"14.03.08 - TPIR\/SEROMBA - CONDAMNE POUR GENOCIDE, L\u2019ABBE SEROMBA RISQUE L\u2019EXCOMMUNICATION\" \/>\n<meta property=\"og:description\" content=\"Arusha, 14 mars 2008 (FH)- L&rsquo;abb&eacute; Athanase Seromba, condamn&eacute; &agrave; la prison &agrave; vie pour g&eacute;nocide par la chambre d&rsquo;appel du Tribunal p&eacute;nal international pour le Rwanda (TPIR), risque l&rsquo;excommunication, a affirm&eacute; vendredi un pr&eacute;lat tanzanien.\" \/>\n<meta property=\"og:url\" content=\"https:\/\/www.justiceinfo.net\/fr\/9071-140308-tpirseromba-condamne-pour-genocide-labbe-seromba-risque-lexcommunication5872.html\" \/>\n<meta property=\"og:site_name\" content=\"JusticeInfo.net\" \/>\n<meta property=\"article:publisher\" content=\"https:\/\/www.facebook.com\/JusticeInfo\/\" \/>\n<meta property=\"article:published_time\" content=\"2008-03-13T22:00:00+00:00\" \/>\n<meta property=\"og:image\" content=\"https:\/\/www.justiceinfo.net\/wp-content\/uploads\/JusticeInfoNet_logo_1200x630px.jpg\" \/>\n\t<meta property=\"og:image:width\" content=\"1200\" \/>\n\t<meta property=\"og:image:height\" content=\"630\" \/>\n\t<meta property=\"og:image:type\" content=\"image\/jpeg\" \/>\n<meta name=\"author\" content=\"solivri\" \/>\n<meta name=\"twitter:card\" content=\"summary_large_image\" \/>\n<meta name=\"twitter:creator\" content=\"@justiceinfonet\" \/>\n<meta name=\"twitter:site\" content=\"@justiceinfonet\" \/>\n<meta name=\"twitter:label1\" content=\"\u00c9crit par\" \/>\n\t<meta name=\"twitter:data1\" content=\"solivri\" \/>\n\t<meta name=\"twitter:label2\" content=\"Dur\u00e9e de lecture estim\u00e9e\" \/>\n\t<meta name=\"twitter:data2\" content=\"3 minutes\" \/>\n<script type=\"application\/ld+json\" class=\"yoast-schema-graph\">{\"@context\":\"https:\/\/schema.org\",\"@graph\":[{\"@type\":\"NewsArticle\",\"@id\":\"https:\/\/www.justiceinfo.net\/fr\/9071-140308-tpirseromba-condamne-pour-genocide-labbe-seromba-risque-lexcommunication5872.html#article\",\"isPartOf\":{\"@id\":\"https:\/\/www.justiceinfo.net\/fr\/9071-140308-tpirseromba-condamne-pour-genocide-labbe-seromba-risque-lexcommunication5872.html\"},\"author\":{\"name\":\"solivri\",\"@id\":\"https:\/\/www.justiceinfo.net\/fr#\/schema\/person\/6e53cba1629e2e66f3fc1821d3091865\"},\"headline\":\"14.03.08 - TPIR\/SEROMBA - CONDAMNE POUR GENOCIDE, L\u2019ABBE SEROMBA RISQUE L\u2019EXCOMMUNICATION\",\"datePublished\":\"2008-03-13T22:00:00+00:00\",\"mainEntityOfPage\":{\"@id\":\"https:\/\/www.justiceinfo.net\/fr\/9071-140308-tpirseromba-condamne-pour-genocide-labbe-seromba-risque-lexcommunication5872.html\"},\"wordCount\":514,\"commentCount\":0,\"publisher\":{\"@id\":\"https:\/\/www.justiceinfo.net\/fr#organization\"},\"articleSection\":[\"Hirondelle News\"],\"inLanguage\":\"fr-FR\",\"potentialAction\":[{\"@type\":\"CommentAction\",\"name\":\"Comment\",\"target\":[\"https:\/\/www.justiceinfo.net\/fr\/9071-140308-tpirseromba-condamne-pour-genocide-labbe-seromba-risque-lexcommunication5872.html#respond\"]}]},{\"@type\":\"WebPage\",\"@id\":\"https:\/\/www.justiceinfo.net\/fr\/9071-140308-tpirseromba-condamne-pour-genocide-labbe-seromba-risque-lexcommunication5872.html\",\"url\":\"https:\/\/www.justiceinfo.net\/fr\/9071-140308-tpirseromba-condamne-pour-genocide-labbe-seromba-risque-lexcommunication5872.html\",\"name\":\"14.03.08 - TPIR\/SEROMBA - CONDAMNE POUR GENOCIDE, L\u2019ABBE SEROMBA RISQUE L\u2019EXCOMMUNICATION - JusticeInfo.net\",\"isPartOf\":{\"@id\":\"https:\/\/www.justiceinfo.net\/fr#website\"},\"datePublished\":\"2008-03-13T22:00:00+00:00\",\"breadcrumb\":{\"@id\":\"https:\/\/www.justiceinfo.net\/fr\/9071-140308-tpirseromba-condamne-pour-genocide-labbe-seromba-risque-lexcommunication5872.html#breadcrumb\"},\"inLanguage\":\"fr-FR\",\"potentialAction\":[{\"@type\":\"ReadAction\",\"target\":[\"https:\/\/www.justiceinfo.net\/fr\/9071-140308-tpirseromba-condamne-pour-genocide-labbe-seromba-risque-lexcommunication5872.html\"]}]},{\"@type\":\"BreadcrumbList\",\"@id\":\"https:\/\/www.justiceinfo.net\/fr\/9071-140308-tpirseromba-condamne-pour-genocide-labbe-seromba-risque-lexcommunication5872.html#breadcrumb\",\"itemListElement\":[{\"@type\":\"ListItem\",\"position\":1,\"name\":\"Home\",\"item\":\"https:\/\/www.justiceinfo.net\/fr\"},{\"@type\":\"ListItem\",\"position\":2,\"name\":\"14.03.08 - TPIR\/SEROMBA - CONDAMNE POUR GENOCIDE, L\u2019ABBE SEROMBA RISQUE L\u2019EXCOMMUNICATION\"}]},{\"@type\":\"WebSite\",\"@id\":\"https:\/\/www.justiceinfo.net\/fr#website\",\"url\":\"https:\/\/www.justiceinfo.net\/fr\",\"name\":\"JusticeInfo.net\",\"description\":\"La justice doit \u00eatre vue pour \u00eatre rendue\",\"publisher\":{\"@id\":\"https:\/\/www.justiceinfo.net\/fr#organization\"},\"potentialAction\":[{\"@type\":\"SearchAction\",\"target\":{\"@type\":\"EntryPoint\",\"urlTemplate\":\"https:\/\/www.justiceinfo.net\/fr?s={search_term_string}\"},\"query-input\":{\"@type\":\"PropertyValueSpecification\",\"valueRequired\":true,\"valueName\":\"search_term_string\"}}],\"inLanguage\":\"fr-FR\"},{\"@type\":\"Organization\",\"@id\":\"https:\/\/www.justiceinfo.net\/fr#organization\",\"name\":\"Justice Info\",\"url\":\"https:\/\/www.justiceinfo.net\/fr\",\"logo\":{\"@type\":\"ImageObject\",\"inLanguage\":\"fr-FR\",\"@id\":\"https:\/\/www.justiceinfo.net\/fr#\/schema\/logo\/image\/\",\"url\":\"https:\/\/www.justiceinfo.net\/wp-content\/uploads\/justiceinfo_logo-trans_1200x1200px.png\",\"contentUrl\":\"https:\/\/www.justiceinfo.net\/wp-content\/uploads\/justiceinfo_logo-trans_1200x1200px.png\",\"width\":1199,\"height\":1200,\"caption\":\"Justice Info\"},\"image\":{\"@id\":\"https:\/\/www.justiceinfo.net\/fr#\/schema\/logo\/image\/\"},\"sameAs\":[\"https:\/\/www.facebook.com\/JusticeInfo\/\",\"https:\/\/x.com\/justiceinfonet\",\"https:\/\/www.linkedin.com\/company\/justice-info\",\"https:\/\/www.youtube.com\/channel\/UCyCEsARodyuWtkWyhn-e7pA\"]},{\"@type\":\"Person\",\"name\":\"solivri\",\"url\":\"\/fr\/?s=solivri\"}]}<\/script>\n<!-- \/ Yoast SEO Premium plugin. -->","yoast_head_json":{"title":"14.03.08 - TPIR\/SEROMBA - CONDAMNE POUR GENOCIDE, L\u2019ABBE SEROMBA RISQUE L\u2019EXCOMMUNICATION - JusticeInfo.net","robots":{"index":"index","follow":"follow","max-snippet":"max-snippet:-1","max-image-preview":"max-image-preview:large","max-video-preview":"max-video-preview:-1"},"canonical":"https:\/\/www.justiceinfo.net\/fr\/9071-140308-tpirseromba-condamne-pour-genocide-labbe-seromba-risque-lexcommunication5872.html","og_locale":"fr_FR","og_type":"article","og_title":"14.03.08 - TPIR\/SEROMBA - CONDAMNE POUR GENOCIDE, L\u2019ABBE SEROMBA RISQUE L\u2019EXCOMMUNICATION","og_description":"Arusha, 14 mars 2008 (FH)- L&rsquo;abb&eacute; Athanase Seromba, condamn&eacute; &agrave; la prison &agrave; vie pour g&eacute;nocide par la chambre d&rsquo;appel du Tribunal p&eacute;nal international pour le Rwanda (TPIR), risque l&rsquo;excommunication, a affirm&eacute; vendredi un pr&eacute;lat tanzanien.","og_url":"https:\/\/www.justiceinfo.net\/fr\/9071-140308-tpirseromba-condamne-pour-genocide-labbe-seromba-risque-lexcommunication5872.html","og_site_name":"JusticeInfo.net","article_publisher":"https:\/\/www.facebook.com\/JusticeInfo\/","article_published_time":"2008-03-13T22:00:00+00:00","og_image":[{"width":1200,"height":630,"url":"https:\/\/www.justiceinfo.net\/wp-content\/uploads\/JusticeInfoNet_logo_1200x630px.jpg","type":"image\/jpeg"}],"author":"solivri","twitter_card":"summary_large_image","twitter_creator":"@justiceinfonet","twitter_site":"@justiceinfonet","twitter_misc":{"\u00c9crit par":"solivri","Dur\u00e9e de lecture estim\u00e9e":"3 minutes"},"schema":{"@context":"https:\/\/schema.org","@graph":[{"@type":"NewsArticle","@id":"https:\/\/www.justiceinfo.net\/fr\/9071-140308-tpirseromba-condamne-pour-genocide-labbe-seromba-risque-lexcommunication5872.html#article","isPartOf":{"@id":"https:\/\/www.justiceinfo.net\/fr\/9071-140308-tpirseromba-condamne-pour-genocide-labbe-seromba-risque-lexcommunication5872.html"},"author":{"name":"solivri","@id":"https:\/\/www.justiceinfo.net\/fr#\/schema\/person\/6e53cba1629e2e66f3fc1821d3091865"},"headline":"14.03.08 - TPIR\/SEROMBA - CONDAMNE POUR GENOCIDE, L\u2019ABBE SEROMBA RISQUE L\u2019EXCOMMUNICATION","datePublished":"2008-03-13T22:00:00+00:00","mainEntityOfPage":{"@id":"https:\/\/www.justiceinfo.net\/fr\/9071-140308-tpirseromba-condamne-pour-genocide-labbe-seromba-risque-lexcommunication5872.html"},"wordCount":514,"commentCount":0,"publisher":{"@id":"https:\/\/www.justiceinfo.net\/fr#organization"},"articleSection":["Hirondelle News"],"inLanguage":"fr-FR","potentialAction":[{"@type":"CommentAction","name":"Comment","target":["https:\/\/www.justiceinfo.net\/fr\/9071-140308-tpirseromba-condamne-pour-genocide-labbe-seromba-risque-lexcommunication5872.html#respond"]}]},{"@type":"WebPage","@id":"https:\/\/www.justiceinfo.net\/fr\/9071-140308-tpirseromba-condamne-pour-genocide-labbe-seromba-risque-lexcommunication5872.html","url":"https:\/\/www.justiceinfo.net\/fr\/9071-140308-tpirseromba-condamne-pour-genocide-labbe-seromba-risque-lexcommunication5872.html","name":"14.03.08 - TPIR\/SEROMBA - CONDAMNE POUR GENOCIDE, L\u2019ABBE SEROMBA RISQUE L\u2019EXCOMMUNICATION - JusticeInfo.net","isPartOf":{"@id":"https:\/\/www.justiceinfo.net\/fr#website"},"datePublished":"2008-03-13T22:00:00+00:00","breadcrumb":{"@id":"https:\/\/www.justiceinfo.net\/fr\/9071-140308-tpirseromba-condamne-pour-genocide-labbe-seromba-risque-lexcommunication5872.html#breadcrumb"},"inLanguage":"fr-FR","potentialAction":[{"@type":"ReadAction","target":["https:\/\/www.justiceinfo.net\/fr\/9071-140308-tpirseromba-condamne-pour-genocide-labbe-seromba-risque-lexcommunication5872.html"]}]},{"@type":"BreadcrumbList","@id":"https:\/\/www.justiceinfo.net\/fr\/9071-140308-tpirseromba-condamne-pour-genocide-labbe-seromba-risque-lexcommunication5872.html#breadcrumb","itemListElement":[{"@type":"ListItem","position":1,"name":"Home","item":"https:\/\/www.justiceinfo.net\/fr"},{"@type":"ListItem","position":2,"name":"14.03.08 - TPIR\/SEROMBA - CONDAMNE POUR GENOCIDE, L\u2019ABBE SEROMBA RISQUE L\u2019EXCOMMUNICATION"}]},{"@type":"WebSite","@id":"https:\/\/www.justiceinfo.net\/fr#website","url":"https:\/\/www.justiceinfo.net\/fr","name":"JusticeInfo.net","description":"La justice doit \u00eatre vue pour \u00eatre rendue","publisher":{"@id":"https:\/\/www.justiceinfo.net\/fr#organization"},"potentialAction":[{"@type":"SearchAction","target":{"@type":"EntryPoint","urlTemplate":"https:\/\/www.justiceinfo.net\/fr?s={search_term_string}"},"query-input":{"@type":"PropertyValueSpecification","valueRequired":true,"valueName":"search_term_string"}}],"inLanguage":"fr-FR"},{"@type":"Organization","@id":"https:\/\/www.justiceinfo.net\/fr#organization","name":"Justice Info","url":"https:\/\/www.justiceinfo.net\/fr","logo":{"@type":"ImageObject","inLanguage":"fr-FR","@id":"https:\/\/www.justiceinfo.net\/fr#\/schema\/logo\/image\/","url":"https:\/\/www.justiceinfo.net\/wp-content\/uploads\/justiceinfo_logo-trans_1200x1200px.png","contentUrl":"https:\/\/www.justiceinfo.net\/wp-content\/uploads\/justiceinfo_logo-trans_1200x1200px.png","width":1199,"height":1200,"caption":"Justice Info"},"image":{"@id":"https:\/\/www.justiceinfo.net\/fr#\/schema\/logo\/image\/"},"sameAs":["https:\/\/www.facebook.com\/JusticeInfo\/","https:\/\/x.com\/justiceinfonet","https:\/\/www.linkedin.com\/company\/justice-info","https:\/\/www.youtube.com\/channel\/UCyCEsARodyuWtkWyhn-e7pA"]},{"@type":"Person","name":"solivri","url":"\/fr\/?s=solivri"}]}},"_links":{"self":[{"href":"https:\/\/www.justiceinfo.net\/fr\/wp-json\/wp\/v2\/posts\/9071","targetHints":{"allow":["GET"]}}],"collection":[{"href":"https:\/\/www.justiceinfo.net\/fr\/wp-json\/wp\/v2\/posts"}],"about":[{"href":"https:\/\/www.justiceinfo.net\/fr\/wp-json\/wp\/v2\/types\/post"}],"author":[{"embeddable":true,"href":"https:\/\/www.justiceinfo.net\/fr\/wp-json\/wp\/v2\/users\/64"}],"replies":[{"embeddable":true,"href":"https:\/\/www.justiceinfo.net\/fr\/wp-json\/wp\/v2\/comments?post=9071"}],"version-history":[{"count":0,"href":"https:\/\/www.justiceinfo.net\/fr\/wp-json\/wp\/v2\/posts\/9071\/revisions"}],"wp:attachment":[{"href":"https:\/\/www.justiceinfo.net\/fr\/wp-json\/wp\/v2\/media?parent=9071"}],"wp:term":[{"taxonomy":"category","embeddable":true,"href":"https:\/\/www.justiceinfo.net\/fr\/wp-json\/wp\/v2\/categories?post=9071"},{"taxonomy":"post_tag","embeddable":true,"href":"https:\/\/www.justiceinfo.net\/fr\/wp-json\/wp\/v2\/tags?post=9071"},{"taxonomy":"ji_location","embeddable":true,"href":"https:\/\/www.justiceinfo.net\/fr\/wp-json\/wp\/v2\/ji_location?post=9071"}],"curies":[{"name":"wp","href":"https:\/\/api.w.org\/{rel}","templated":true}]}}