{"id":9100,"date":"2008-03-26T23:00:00","date_gmt":"2008-03-26T22:00:00","guid":{"rendered":"https:\/\/www.justiceinfo.net\/9100-270308-tpirkayishema-le-procureur-demande-quun-accuse-en-fuite-soit-defendu-par-un-avocat5901.html"},"modified":"2008-03-26T23:00:00","modified_gmt":"2008-03-26T22:00:00","slug":"270308-tpirkayishema-le-procureur-demande-quun-accuse-en-fuite-soit-defendu-par-un-avocat5901","status":"publish","type":"post","link":"https:\/\/www.justiceinfo.net\/fr\/9100-270308-tpirkayishema-le-procureur-demande-quun-accuse-en-fuite-soit-defendu-par-un-avocat5901.html","title":{"rendered":"27.03.08 - TPIR\/KAYISHEMA - LE PROCUREUR DEMANDE QU'UN ACCUSE EN FUITE SOIT DEFENDU PAR UN AVOCAT"},"content":{"rendered":"<p>Arusha, 27 mars 2008 (FH) - Le procureur au Tribunal p&eacute;nal international pour le Rwanda (TPIR) a demand&eacute; aux juges d&rsquo;ordonner l&rsquo;assignation d&rsquo;un avocat &agrave; un accus&eacute; en fuite, Fulgence Kayishema, pour que l&rsquo;examen de la demande visant &agrave; le transf&eacute;rer vers la justice rwandaise puisse se faire dans des conditions &eacute;quitables, a-t-on appris de source officielle jeudi.<br \/>\n<!--more-->&laquo; Le procureur a demand&eacute; &agrave; la chambre d&rsquo;ordonner qu&rsquo;un conseil soit assign&eacute; &raquo;, a indiqu&eacute; jeudi &agrave; l&rsquo;agence Hirondelle, le porte-parole du tribunal, Roland Amoussouga. <\/p>\n<p>\nLe r&egrave;glement du TPIR ne fait pas obligation au greffe de commettre d&rsquo;office un avocat pour un accus&eacute; qui n&rsquo;est pas sous la garde du tribunal, a rappel&eacute; Amoussouga, soulignant cependant que si une d&eacute;cision est rendue dans ce sens, &laquo; le greffe ex&eacute;cutera &raquo;.\n<\/p>\n<p>\nAncien inspecteur de police judiciaire &agrave; Kibuye, dans l&rsquo;ouest du Rwanda, Kayishema fait partie des cinq inculp&eacute;s pour lesquels le procureur Hassan Bubacar Jallow a d&eacute;pos&eacute; des demandes de renvoi devant les tribunaux rwandais.\n<\/p>\n<p>\nA la diff&eacute;rence de Kayishema, les quatre autres se trouvent d&eacute;j&agrave; entre les mains du tribunal et ont, par cons&eacute;quent, des avocats qui d&eacute;fendent leurs int&eacute;r&ecirc;ts dans cette proc&eacute;dure.\n<\/p>\n<p>\nL&rsquo;ex-inspecteur de police judiciaire est notamment accus&eacute; d'avoir conspir&eacute; avec d'autres, dont l'abb&eacute; Athanase Seromba condamn&eacute; &agrave; la prison &agrave; vie, pour pr&eacute;parer et mettre en oeuvre un plan d'extermination de la population tutsie &agrave; Kivumu et ailleurs dans la pr&eacute;fecture de Kibuye.\n<\/p>\n<p>\nLe procureur soutient que dans la mise en oeuvre de ce plan, des milliers de Tutsis, dont ceux qui avaient cherch&eacute; refuge &agrave; l'&eacute;glise paroissiale de Nyange (situ&eacute;e dans la pr&eacute;fecture de Kibuye), ont &eacute;t&eacute; tu&eacute;s en 1994.\n<\/p>\n<p>\nLes transferts de certains accus&eacute;s devant des juridictions nationales, y compris celles du Rwanda, font partie de la strat&eacute;gie de fin de mandat du TPIR qui doit terminer d'ici la fin de l&rsquo;ann&eacute;e les proc&egrave;s en premi&egrave;re instance.\n<\/p>\n<p>\nMais aucune d&eacute;cision judicaire n&rsquo;a encore &eacute;t&eacute; rendue sur aucune des cinq requ&ecirc;tes alors que le procureur envisage d&rsquo;en d&eacute;poser d&rsquo;autres.\n<\/p>\n<p>\nPremi&egrave;re du genre dans l&rsquo;histoire du TPIR, la requ&ecirc;te concernant Kayishema a &eacute;t&eacute; d&eacute;pos&eacute;e le 11 juin 2007. La chambre charg&eacute;e de l&rsquo;examiner est compos&eacute;e des juges In&eacute;s Weinberg de Roca (pr&eacute;sident), Lee Gacuiga Muthoga et Robert Fremr.\n<\/p>\n<p>\nDans une proc&eacute;dure similaire, celle concernant l&rsquo;ex-homme d&rsquo;affaires Yussuf Munyakazi, il est pr&eacute;vu, le 24 avril prochain, devant cette m&ecirc;me composition de juges, le premier d&eacute;bat public sur une demande de transfert au Rwanda d&rsquo;un accus&eacute; du TPIR.\n<\/p>\n<p>\nLors de cette audience tr&egrave;s attendue, la chambre entendra le procureur et la d&eacute;fense mais aussi le gouvernement rwandais, le barreau de Kigali, l&rsquo;organisation internationale de d&eacute;fense des droits de l&rsquo;homme, Human Rights watch (HRW) ainsi que l&rsquo;Association internationale des avocats de la d&eacute;fense (International criminal defence attorneys association) qui interviendront en tant qu&rsquo;amis de la cour (amicus curiae).\n<\/p>\n<p>\nLa d&eacute;cision qui sera rendue par la chambre est susceptible d&rsquo;appel par l&rsquo;une ou l&rsquo;autre des deux parties.\n<\/p>\n<p>\nEn plus de Kayishema et Munyakazi, les autres accus&eacute;s vis&eacute;s par des demandes de renvoi devant les tribunaux rwandais sont le lieutenant Ildephonse Hategekimana, l&rsquo;ex-homme d&rsquo;affaires Gaspard Kanyarukiga et l&rsquo;ancien maire Jean- Baptiste Gatete\n<\/p>\n<p>\nER\/PB\/GF<br \/>\n&copy; Agence Hirondelle<\/p>\n","protected":false},"excerpt":{"rendered":"<p>Arusha, 27 mars 2008 (FH) - Le procureur au Tribunal p&eacute;nal international pour le Rwanda (TPIR) a demand&eacute; aux juges d&rsquo;ordonner l&rsquo;assignation d&rsquo;un avocat &agrave; un accus&eacute; en fuite, Fulgence Kayishema, pour que l&rsquo;examen de la demande visant &agrave; le transf&eacute;rer vers la justice rwandaise puisse se faire dans des conditions &eacute;quitables, a-t-on appris de [&hellip;]<\/p>\n","protected":false},"author":64,"featured_media":0,"comment_status":"open","ping_status":"closed","sticky":false,"template":"","format":"standard","meta":{"_acf_changed":false,"footnotes":""},"categories":[554],"tags":[],"ji_location":[],"class_list":["post-9100","post","type-post","status-publish","format-standard","hentry","category-hirondellenews"],"acf":[],"yoast_head":"<!-- This site is optimized with the Yoast SEO Premium plugin v25.3.1 (Yoast SEO v25.3.1) - https:\/\/yoast.com\/wordpress\/plugins\/seo\/ -->\n<title>27.03.08 - TPIR\/KAYISHEMA - LE PROCUREUR DEMANDE QU&#039;UN ACCUSE EN FUITE SOIT DEFENDU PAR UN AVOCAT - JusticeInfo.net<\/title>\n<meta name=\"robots\" content=\"index, follow, max-snippet:-1, max-image-preview:large, max-video-preview:-1\" \/>\n<link rel=\"canonical\" href=\"https:\/\/www.justiceinfo.net\/fr\/9100-270308-tpirkayishema-le-procureur-demande-quun-accuse-en-fuite-soit-defendu-par-un-avocat5901.html\" \/>\n<meta property=\"og:locale\" content=\"fr_FR\" \/>\n<meta property=\"og:type\" content=\"article\" \/>\n<meta property=\"og:title\" content=\"27.03.08 - TPIR\/KAYISHEMA - LE PROCUREUR DEMANDE QU&#039;UN ACCUSE EN FUITE SOIT DEFENDU PAR UN AVOCAT\" \/>\n<meta property=\"og:description\" content=\"Arusha, 27 mars 2008 (FH) - Le procureur au Tribunal p&eacute;nal international pour le Rwanda (TPIR) a demand&eacute; aux juges d&rsquo;ordonner l&rsquo;assignation d&rsquo;un avocat &agrave; un accus&eacute; en fuite, Fulgence Kayishema, pour que l&rsquo;examen de la demande visant &agrave; le transf&eacute;rer vers la justice rwandaise puisse se faire dans des conditions &eacute;quitables, a-t-on appris de [&hellip;]\" \/>\n<meta property=\"og:url\" content=\"https:\/\/www.justiceinfo.net\/fr\/9100-270308-tpirkayishema-le-procureur-demande-quun-accuse-en-fuite-soit-defendu-par-un-avocat5901.html\" \/>\n<meta property=\"og:site_name\" content=\"JusticeInfo.net\" \/>\n<meta property=\"article:publisher\" content=\"https:\/\/www.facebook.com\/JusticeInfo\/\" \/>\n<meta property=\"article:published_time\" content=\"2008-03-26T22:00:00+00:00\" \/>\n<meta property=\"og:image\" content=\"https:\/\/www.justiceinfo.net\/wp-content\/uploads\/JusticeInfoNet_logo_1200x630px.jpg\" \/>\n\t<meta property=\"og:image:width\" content=\"1200\" \/>\n\t<meta property=\"og:image:height\" content=\"630\" \/>\n\t<meta property=\"og:image:type\" content=\"image\/jpeg\" \/>\n<meta name=\"author\" content=\"solivri\" \/>\n<meta name=\"twitter:card\" content=\"summary_large_image\" \/>\n<meta name=\"twitter:creator\" content=\"@justiceinfonet\" \/>\n<meta name=\"twitter:site\" content=\"@justiceinfonet\" \/>\n<meta name=\"twitter:label1\" content=\"\u00c9crit par\" \/>\n\t<meta name=\"twitter:data1\" content=\"solivri\" \/>\n\t<meta name=\"twitter:label2\" content=\"Dur\u00e9e de lecture estim\u00e9e\" \/>\n\t<meta name=\"twitter:data2\" content=\"3 minutes\" \/>\n<script type=\"application\/ld+json\" class=\"yoast-schema-graph\">{\"@context\":\"https:\/\/schema.org\",\"@graph\":[{\"@type\":\"NewsArticle\",\"@id\":\"https:\/\/www.justiceinfo.net\/fr\/9100-270308-tpirkayishema-le-procureur-demande-quun-accuse-en-fuite-soit-defendu-par-un-avocat5901.html#article\",\"isPartOf\":{\"@id\":\"https:\/\/www.justiceinfo.net\/fr\/9100-270308-tpirkayishema-le-procureur-demande-quun-accuse-en-fuite-soit-defendu-par-un-avocat5901.html\"},\"author\":{\"name\":\"solivri\",\"@id\":\"https:\/\/www.justiceinfo.net\/fr#\/schema\/person\/6e53cba1629e2e66f3fc1821d3091865\"},\"headline\":\"27.03.08 - TPIR\/KAYISHEMA - LE PROCUREUR DEMANDE QU'UN ACCUSE EN FUITE SOIT DEFENDU PAR UN AVOCAT\",\"datePublished\":\"2008-03-26T22:00:00+00:00\",\"mainEntityOfPage\":{\"@id\":\"https:\/\/www.justiceinfo.net\/fr\/9100-270308-tpirkayishema-le-procureur-demande-quun-accuse-en-fuite-soit-defendu-par-un-avocat5901.html\"},\"wordCount\":717,\"commentCount\":0,\"publisher\":{\"@id\":\"https:\/\/www.justiceinfo.net\/fr#organization\"},\"articleSection\":[\"Hirondelle News\"],\"inLanguage\":\"fr-FR\",\"potentialAction\":[{\"@type\":\"CommentAction\",\"name\":\"Comment\",\"target\":[\"https:\/\/www.justiceinfo.net\/fr\/9100-270308-tpirkayishema-le-procureur-demande-quun-accuse-en-fuite-soit-defendu-par-un-avocat5901.html#respond\"]}]},{\"@type\":\"WebPage\",\"@id\":\"https:\/\/www.justiceinfo.net\/fr\/9100-270308-tpirkayishema-le-procureur-demande-quun-accuse-en-fuite-soit-defendu-par-un-avocat5901.html\",\"url\":\"https:\/\/www.justiceinfo.net\/fr\/9100-270308-tpirkayishema-le-procureur-demande-quun-accuse-en-fuite-soit-defendu-par-un-avocat5901.html\",\"name\":\"27.03.08 - TPIR\/KAYISHEMA - LE PROCUREUR DEMANDE QU'UN ACCUSE EN FUITE SOIT DEFENDU PAR UN AVOCAT - JusticeInfo.net\",\"isPartOf\":{\"@id\":\"https:\/\/www.justiceinfo.net\/fr#website\"},\"datePublished\":\"2008-03-26T22:00:00+00:00\",\"breadcrumb\":{\"@id\":\"https:\/\/www.justiceinfo.net\/fr\/9100-270308-tpirkayishema-le-procureur-demande-quun-accuse-en-fuite-soit-defendu-par-un-avocat5901.html#breadcrumb\"},\"inLanguage\":\"fr-FR\",\"potentialAction\":[{\"@type\":\"ReadAction\",\"target\":[\"https:\/\/www.justiceinfo.net\/fr\/9100-270308-tpirkayishema-le-procureur-demande-quun-accuse-en-fuite-soit-defendu-par-un-avocat5901.html\"]}]},{\"@type\":\"BreadcrumbList\",\"@id\":\"https:\/\/www.justiceinfo.net\/fr\/9100-270308-tpirkayishema-le-procureur-demande-quun-accuse-en-fuite-soit-defendu-par-un-avocat5901.html#breadcrumb\",\"itemListElement\":[{\"@type\":\"ListItem\",\"position\":1,\"name\":\"Home\",\"item\":\"https:\/\/www.justiceinfo.net\/fr\"},{\"@type\":\"ListItem\",\"position\":2,\"name\":\"27.03.08 - TPIR\/KAYISHEMA - LE PROCUREUR DEMANDE QU'UN ACCUSE EN FUITE SOIT DEFENDU PAR UN AVOCAT\"}]},{\"@type\":\"WebSite\",\"@id\":\"https:\/\/www.justiceinfo.net\/fr#website\",\"url\":\"https:\/\/www.justiceinfo.net\/fr\",\"name\":\"JusticeInfo.net\",\"description\":\"La justice doit \u00eatre vue pour \u00eatre rendue\",\"publisher\":{\"@id\":\"https:\/\/www.justiceinfo.net\/fr#organization\"},\"potentialAction\":[{\"@type\":\"SearchAction\",\"target\":{\"@type\":\"EntryPoint\",\"urlTemplate\":\"https:\/\/www.justiceinfo.net\/fr?s={search_term_string}\"},\"query-input\":{\"@type\":\"PropertyValueSpecification\",\"valueRequired\":true,\"valueName\":\"search_term_string\"}}],\"inLanguage\":\"fr-FR\"},{\"@type\":\"Organization\",\"@id\":\"https:\/\/www.justiceinfo.net\/fr#organization\",\"name\":\"Justice Info\",\"url\":\"https:\/\/www.justiceinfo.net\/fr\",\"logo\":{\"@type\":\"ImageObject\",\"inLanguage\":\"fr-FR\",\"@id\":\"https:\/\/www.justiceinfo.net\/fr#\/schema\/logo\/image\/\",\"url\":\"https:\/\/www.justiceinfo.net\/wp-content\/uploads\/justiceinfo_logo-trans_1200x1200px.png\",\"contentUrl\":\"https:\/\/www.justiceinfo.net\/wp-content\/uploads\/justiceinfo_logo-trans_1200x1200px.png\",\"width\":1199,\"height\":1200,\"caption\":\"Justice Info\"},\"image\":{\"@id\":\"https:\/\/www.justiceinfo.net\/fr#\/schema\/logo\/image\/\"},\"sameAs\":[\"https:\/\/www.facebook.com\/JusticeInfo\/\",\"https:\/\/x.com\/justiceinfonet\",\"https:\/\/www.linkedin.com\/company\/justice-info\",\"https:\/\/www.youtube.com\/channel\/UCyCEsARodyuWtkWyhn-e7pA\"]},{\"@type\":\"Person\",\"name\":\"solivri\",\"url\":\"\/fr\/?s=solivri\"}]}<\/script>\n<!-- \/ Yoast SEO Premium plugin. -->","yoast_head_json":{"title":"27.03.08 - TPIR\/KAYISHEMA - LE PROCUREUR DEMANDE QU'UN ACCUSE EN FUITE SOIT DEFENDU PAR UN AVOCAT - JusticeInfo.net","robots":{"index":"index","follow":"follow","max-snippet":"max-snippet:-1","max-image-preview":"max-image-preview:large","max-video-preview":"max-video-preview:-1"},"canonical":"https:\/\/www.justiceinfo.net\/fr\/9100-270308-tpirkayishema-le-procureur-demande-quun-accuse-en-fuite-soit-defendu-par-un-avocat5901.html","og_locale":"fr_FR","og_type":"article","og_title":"27.03.08 - TPIR\/KAYISHEMA - LE PROCUREUR DEMANDE QU'UN ACCUSE EN FUITE SOIT DEFENDU PAR UN AVOCAT","og_description":"Arusha, 27 mars 2008 (FH) - Le procureur au Tribunal p&eacute;nal international pour le Rwanda (TPIR) a demand&eacute; aux juges d&rsquo;ordonner l&rsquo;assignation d&rsquo;un avocat &agrave; un accus&eacute; en fuite, Fulgence Kayishema, pour que l&rsquo;examen de la demande visant &agrave; le transf&eacute;rer vers la justice rwandaise puisse se faire dans des conditions &eacute;quitables, a-t-on appris de [&hellip;]","og_url":"https:\/\/www.justiceinfo.net\/fr\/9100-270308-tpirkayishema-le-procureur-demande-quun-accuse-en-fuite-soit-defendu-par-un-avocat5901.html","og_site_name":"JusticeInfo.net","article_publisher":"https:\/\/www.facebook.com\/JusticeInfo\/","article_published_time":"2008-03-26T22:00:00+00:00","og_image":[{"width":1200,"height":630,"url":"https:\/\/www.justiceinfo.net\/wp-content\/uploads\/JusticeInfoNet_logo_1200x630px.jpg","type":"image\/jpeg"}],"author":"solivri","twitter_card":"summary_large_image","twitter_creator":"@justiceinfonet","twitter_site":"@justiceinfonet","twitter_misc":{"\u00c9crit par":"solivri","Dur\u00e9e de lecture estim\u00e9e":"3 minutes"},"schema":{"@context":"https:\/\/schema.org","@graph":[{"@type":"NewsArticle","@id":"https:\/\/www.justiceinfo.net\/fr\/9100-270308-tpirkayishema-le-procureur-demande-quun-accuse-en-fuite-soit-defendu-par-un-avocat5901.html#article","isPartOf":{"@id":"https:\/\/www.justiceinfo.net\/fr\/9100-270308-tpirkayishema-le-procureur-demande-quun-accuse-en-fuite-soit-defendu-par-un-avocat5901.html"},"author":{"name":"solivri","@id":"https:\/\/www.justiceinfo.net\/fr#\/schema\/person\/6e53cba1629e2e66f3fc1821d3091865"},"headline":"27.03.08 - TPIR\/KAYISHEMA - LE PROCUREUR DEMANDE QU'UN ACCUSE EN FUITE SOIT DEFENDU PAR UN AVOCAT","datePublished":"2008-03-26T22:00:00+00:00","mainEntityOfPage":{"@id":"https:\/\/www.justiceinfo.net\/fr\/9100-270308-tpirkayishema-le-procureur-demande-quun-accuse-en-fuite-soit-defendu-par-un-avocat5901.html"},"wordCount":717,"commentCount":0,"publisher":{"@id":"https:\/\/www.justiceinfo.net\/fr#organization"},"articleSection":["Hirondelle News"],"inLanguage":"fr-FR","potentialAction":[{"@type":"CommentAction","name":"Comment","target":["https:\/\/www.justiceinfo.net\/fr\/9100-270308-tpirkayishema-le-procureur-demande-quun-accuse-en-fuite-soit-defendu-par-un-avocat5901.html#respond"]}]},{"@type":"WebPage","@id":"https:\/\/www.justiceinfo.net\/fr\/9100-270308-tpirkayishema-le-procureur-demande-quun-accuse-en-fuite-soit-defendu-par-un-avocat5901.html","url":"https:\/\/www.justiceinfo.net\/fr\/9100-270308-tpirkayishema-le-procureur-demande-quun-accuse-en-fuite-soit-defendu-par-un-avocat5901.html","name":"27.03.08 - TPIR\/KAYISHEMA - LE PROCUREUR DEMANDE QU'UN ACCUSE EN FUITE SOIT DEFENDU PAR UN AVOCAT - JusticeInfo.net","isPartOf":{"@id":"https:\/\/www.justiceinfo.net\/fr#website"},"datePublished":"2008-03-26T22:00:00+00:00","breadcrumb":{"@id":"https:\/\/www.justiceinfo.net\/fr\/9100-270308-tpirkayishema-le-procureur-demande-quun-accuse-en-fuite-soit-defendu-par-un-avocat5901.html#breadcrumb"},"inLanguage":"fr-FR","potentialAction":[{"@type":"ReadAction","target":["https:\/\/www.justiceinfo.net\/fr\/9100-270308-tpirkayishema-le-procureur-demande-quun-accuse-en-fuite-soit-defendu-par-un-avocat5901.html"]}]},{"@type":"BreadcrumbList","@id":"https:\/\/www.justiceinfo.net\/fr\/9100-270308-tpirkayishema-le-procureur-demande-quun-accuse-en-fuite-soit-defendu-par-un-avocat5901.html#breadcrumb","itemListElement":[{"@type":"ListItem","position":1,"name":"Home","item":"https:\/\/www.justiceinfo.net\/fr"},{"@type":"ListItem","position":2,"name":"27.03.08 - TPIR\/KAYISHEMA - LE PROCUREUR DEMANDE QU'UN ACCUSE EN FUITE SOIT DEFENDU PAR UN AVOCAT"}]},{"@type":"WebSite","@id":"https:\/\/www.justiceinfo.net\/fr#website","url":"https:\/\/www.justiceinfo.net\/fr","name":"JusticeInfo.net","description":"La justice doit \u00eatre vue pour \u00eatre rendue","publisher":{"@id":"https:\/\/www.justiceinfo.net\/fr#organization"},"potentialAction":[{"@type":"SearchAction","target":{"@type":"EntryPoint","urlTemplate":"https:\/\/www.justiceinfo.net\/fr?s={search_term_string}"},"query-input":{"@type":"PropertyValueSpecification","valueRequired":true,"valueName":"search_term_string"}}],"inLanguage":"fr-FR"},{"@type":"Organization","@id":"https:\/\/www.justiceinfo.net\/fr#organization","name":"Justice Info","url":"https:\/\/www.justiceinfo.net\/fr","logo":{"@type":"ImageObject","inLanguage":"fr-FR","@id":"https:\/\/www.justiceinfo.net\/fr#\/schema\/logo\/image\/","url":"https:\/\/www.justiceinfo.net\/wp-content\/uploads\/justiceinfo_logo-trans_1200x1200px.png","contentUrl":"https:\/\/www.justiceinfo.net\/wp-content\/uploads\/justiceinfo_logo-trans_1200x1200px.png","width":1199,"height":1200,"caption":"Justice Info"},"image":{"@id":"https:\/\/www.justiceinfo.net\/fr#\/schema\/logo\/image\/"},"sameAs":["https:\/\/www.facebook.com\/JusticeInfo\/","https:\/\/x.com\/justiceinfonet","https:\/\/www.linkedin.com\/company\/justice-info","https:\/\/www.youtube.com\/channel\/UCyCEsARodyuWtkWyhn-e7pA"]},{"@type":"Person","name":"solivri","url":"\/fr\/?s=solivri"}]}},"_links":{"self":[{"href":"https:\/\/www.justiceinfo.net\/fr\/wp-json\/wp\/v2\/posts\/9100","targetHints":{"allow":["GET"]}}],"collection":[{"href":"https:\/\/www.justiceinfo.net\/fr\/wp-json\/wp\/v2\/posts"}],"about":[{"href":"https:\/\/www.justiceinfo.net\/fr\/wp-json\/wp\/v2\/types\/post"}],"author":[{"embeddable":true,"href":"https:\/\/www.justiceinfo.net\/fr\/wp-json\/wp\/v2\/users\/64"}],"replies":[{"embeddable":true,"href":"https:\/\/www.justiceinfo.net\/fr\/wp-json\/wp\/v2\/comments?post=9100"}],"version-history":[{"count":0,"href":"https:\/\/www.justiceinfo.net\/fr\/wp-json\/wp\/v2\/posts\/9100\/revisions"}],"wp:attachment":[{"href":"https:\/\/www.justiceinfo.net\/fr\/wp-json\/wp\/v2\/media?parent=9100"}],"wp:term":[{"taxonomy":"category","embeddable":true,"href":"https:\/\/www.justiceinfo.net\/fr\/wp-json\/wp\/v2\/categories?post=9100"},{"taxonomy":"post_tag","embeddable":true,"href":"https:\/\/www.justiceinfo.net\/fr\/wp-json\/wp\/v2\/tags?post=9100"},{"taxonomy":"ji_location","embeddable":true,"href":"https:\/\/www.justiceinfo.net\/fr\/wp-json\/wp\/v2\/ji_location?post=9100"}],"curies":[{"name":"wp","href":"https:\/\/api.w.org\/{rel}","templated":true}]}}