{"id":9108,"date":"2008-03-27T23:00:00","date_gmt":"2008-03-27T22:00:00","guid":{"rendered":"https:\/\/www.justiceinfo.net\/9108-280308-tpirsynthese-hebdomadaire-aucune-audience-au-tpir-au-cours-de-la-semaine5909.html"},"modified":"2008-03-27T23:00:00","modified_gmt":"2008-03-27T22:00:00","slug":"280308-tpirsynthese-hebdomadaire-aucune-audience-au-tpir-au-cours-de-la-semaine5909","status":"publish","type":"post","link":"https:\/\/www.justiceinfo.net\/fr\/9108-280308-tpirsynthese-hebdomadaire-aucune-audience-au-tpir-au-cours-de-la-semaine5909.html","title":{"rendered":"28.03.08 - TPIR\/SYNTHESE HEBDOMADAIRE - AUCUNE AUDIENCE AU TPIR AU COURS DE LA SEMAINE"},"content":{"rendered":"<p>Arusha, 28 mars 2008 (FH) - Aucune audience n&rsquo;a eu lieu au cours de la semaine au Tribunal p&eacute;nal international pour le Rwanda (TPIR), les proc&egrave;s ayant &eacute;t&eacute; suspendus depuis d&eacute;ja une semaine jusqu&rsquo;au 7 avril.&nbsp;<br \/>\n<!--more-->Parmi les d&eacute;bats tr&egrave;s attendus au cours du mois d'avril figure l&rsquo;examen de la demande du procureur de transf&eacute;rer au Rwanda l&rsquo;homme d&rsquo;affaires Yussuf Munyakazi. L&rsquo;audience a &eacute;t&eacute; fix&eacute;e au 24 avril. <\/p>\n<p>\nMunyakazi fait partie d&rsquo;un groupe de cinq accus&eacute;s dont le procureur a &eacute;mis le souhait de les faire juger par la justice de leur pays dans le cadre de la strat&eacute;gie de fin de mandat du TPIR pr&eacute;vue &agrave; la fin de l&rsquo;ann&eacute;e.\n<\/p>\n<p>\nLe cas de l&rsquo;un d&rsquo;entre eux, Fulgence Kayishema, ancien inspecteur de la police judicaire dans une commune de l&rsquo;ouest du Rwanda, s&rsquo;av&egrave;re cependant probl&eacute;matique car il est toujours en fuite. Conscient de ce qu&rsquo;il sera difficile pour la chambre de se pencher sur cette affaire alors que l&rsquo;accus&eacute; n&rsquo;est pas repr&eacute;sent&eacute; par un avocat, le procureur vient de sugg&eacute;rer que le greffier lui en commette un.\n<\/p>\n<p>\nLe r&egrave;glement du TPIR ne fait pas obligation au greffe de commettre d&rsquo;office un avocat pour un accus&eacute; qui n&rsquo;est pas sous la garde du tribunal, a tenu &agrave; rappeler le porte-parole du tribunal Roland Amoussouga, soulignant toutefois que si une d&eacute;cision est rendue dans ce sens, &laquo; le greffe ex&eacute;cutera &raquo;.\n<\/p>\n<p>\nKayishema est notamment accus&eacute; d'avoir conspir&eacute; avec d'autres, dont l'abb&eacute; Athanase Seromba condamn&eacute; &agrave; la prison &agrave; vie par le TPIR, pour pr&eacute;parer et mettre en oeuvre un plan d'extermination de la population tutsie &agrave; Kivumu et ailleurs dans la pr&eacute;fecture de Kibuye.\n<\/p>\n<p>\nLe procureur soutient que dans la mise en oeuvre de ce plan, des milliers de Tutsis, dont ceux qui avaient cherch&eacute; refuge &agrave; l'&eacute;glise paroissiale de Nyange, ont &eacute;t&eacute; tu&eacute;s en 1994.\n<\/p>\n<p>\nEn plus de Kayishema et Munyakazi, les autres accus&eacute;s vis&eacute;s par des demandes de renvoi devant les tribunaux rwandais sont le lieutenant Ildephonse Hategekimana, l&rsquo;ex-homme d&rsquo;affaires Gaspard Kanyarukiga et l&rsquo;ancien maire Jean- Baptiste Gatete.\n<\/p>\n<p>\nDepuis sa cr&eacute;ation en novembre 1994, le TPIR a d&eacute;j&agrave; jug&eacute; 35 personnes. Cinq d&rsquo;entre elles ont &eacute;t&eacute; acquitt&eacute;es.\n<\/p>\n<p>\nDeux des acquitt&eacute;s se trouvent encore &agrave; Arusha en attendant un pays d&rsquo;accueil. Il s&rsquo;agit des anciens ministres Andr&eacute; Ntagerura (transport et communication) et Andr&eacute; Rwamakuba (enseignement primaire et secondaire). Ntagerura a &eacute;t&eacute; acquitt&eacute; en 2004 et Rwamakuba en 2006.\n<\/p>\n<p>\nLa recherche de pays d&rsquo;accueil pour les personnes acquitt&eacute;es reste un d&eacute;fi pour le TPIR, estime son porte-parole. &laquo; Tout le monde est au courant de ce d&eacute;fi auquel se trouve confront&eacute; le TPIR &raquo;, a t-il d&eacute;clar&eacute; r&eacute;cemment &agrave; l&rsquo;agence Hirondelle. L'administration du tribunal continue de d&eacute;ployer &laquo; des efforts diplomatiques &raquo; en vue de trouver une solution &agrave; ce probl&egrave;me, a-t-il dit.\n<\/p>\n<p>\nLe porte-parole du TPIR a expliqu&eacute; que si des acquitt&eacute;s se trouvent encore entre les mains du TPIR &agrave; la fin de son mandat, leur cas sera soumis au Conseil de s&eacute;curit&eacute; de l&rsquo;ONU. &laquo; Nous ferons rapport au Conseil de s&eacute;curit&eacute;. Toutes les questions non encore r&eacute;solues (au moment de la fermeture) seront soumises au Conseil de s&eacute;curit&eacute; qui prendra des d&eacute;cisions &raquo;, a-t-il dit.\n<\/p>\n<p>\nOutre les acquitt&eacute;s, le cas des personnes lib&eacute;r&eacute;es qui ne trouvent pas de pays d'accueuil est apparu avec Vincent Rutaganira qui faute de trouver un pays ou profiter de sa libert&eacute; retrouv&eacute;e le 2 mars dernier est depuis heberg&eacute; par le tribunal dans une maison s&eacute;curis&eacute;e &agrave; Arusha. <\/p>\n<p>AT\/PB\/GF\n<\/p>\n<p>\n&copy; Agence Hirondelle<\/p>\n","protected":false},"excerpt":{"rendered":"<p>Arusha, 28 mars 2008 (FH) - Aucune audience n&rsquo;a eu lieu au cours de la semaine au Tribunal p&eacute;nal international pour le Rwanda (TPIR), les proc&egrave;s ayant &eacute;t&eacute; suspendus depuis d&eacute;ja une semaine jusqu&rsquo;au 7 avril.&nbsp;<\/p>\n","protected":false},"author":64,"featured_media":0,"comment_status":"open","ping_status":"closed","sticky":false,"template":"","format":"standard","meta":{"_acf_changed":false,"footnotes":""},"categories":[554],"tags":[],"ji_location":[],"class_list":["post-9108","post","type-post","status-publish","format-standard","hentry","category-hirondellenews"],"acf":[],"yoast_head":"<!-- This site is optimized with the Yoast SEO Premium plugin v25.3.1 (Yoast SEO v25.3.1) - https:\/\/yoast.com\/wordpress\/plugins\/seo\/ -->\n<title>28.03.08 - TPIR\/SYNTHESE HEBDOMADAIRE - AUCUNE AUDIENCE AU TPIR AU COURS DE LA SEMAINE - JusticeInfo.net<\/title>\n<meta name=\"robots\" content=\"index, follow, max-snippet:-1, max-image-preview:large, max-video-preview:-1\" \/>\n<link rel=\"canonical\" href=\"https:\/\/www.justiceinfo.net\/fr\/9108-280308-tpirsynthese-hebdomadaire-aucune-audience-au-tpir-au-cours-de-la-semaine5909.html\" \/>\n<meta property=\"og:locale\" content=\"fr_FR\" \/>\n<meta property=\"og:type\" content=\"article\" \/>\n<meta property=\"og:title\" content=\"28.03.08 - TPIR\/SYNTHESE HEBDOMADAIRE - AUCUNE AUDIENCE AU TPIR AU COURS DE LA SEMAINE\" \/>\n<meta property=\"og:description\" content=\"Arusha, 28 mars 2008 (FH) - Aucune audience n&rsquo;a eu lieu au cours de la semaine au Tribunal p&eacute;nal international pour le Rwanda (TPIR), les proc&egrave;s ayant &eacute;t&eacute; suspendus depuis d&eacute;ja une semaine jusqu&rsquo;au 7 avril.&nbsp;\" \/>\n<meta property=\"og:url\" content=\"https:\/\/www.justiceinfo.net\/fr\/9108-280308-tpirsynthese-hebdomadaire-aucune-audience-au-tpir-au-cours-de-la-semaine5909.html\" \/>\n<meta property=\"og:site_name\" content=\"JusticeInfo.net\" \/>\n<meta property=\"article:publisher\" content=\"https:\/\/www.facebook.com\/JusticeInfo\/\" \/>\n<meta property=\"article:published_time\" content=\"2008-03-27T22:00:00+00:00\" \/>\n<meta property=\"og:image\" content=\"https:\/\/www.justiceinfo.net\/wp-content\/uploads\/JusticeInfoNet_logo_1200x630px.jpg\" \/>\n\t<meta property=\"og:image:width\" content=\"1200\" \/>\n\t<meta property=\"og:image:height\" content=\"630\" \/>\n\t<meta property=\"og:image:type\" content=\"image\/jpeg\" \/>\n<meta name=\"author\" content=\"solivri\" \/>\n<meta name=\"twitter:card\" content=\"summary_large_image\" \/>\n<meta name=\"twitter:creator\" content=\"@justiceinfonet\" \/>\n<meta name=\"twitter:site\" content=\"@justiceinfonet\" \/>\n<meta name=\"twitter:label1\" content=\"\u00c9crit par\" \/>\n\t<meta name=\"twitter:data1\" content=\"solivri\" \/>\n\t<meta name=\"twitter:label2\" content=\"Dur\u00e9e de lecture estim\u00e9e\" \/>\n\t<meta name=\"twitter:data2\" content=\"4 minutes\" \/>\n<script type=\"application\/ld+json\" class=\"yoast-schema-graph\">{\"@context\":\"https:\/\/schema.org\",\"@graph\":[{\"@type\":\"NewsArticle\",\"@id\":\"https:\/\/www.justiceinfo.net\/fr\/9108-280308-tpirsynthese-hebdomadaire-aucune-audience-au-tpir-au-cours-de-la-semaine5909.html#article\",\"isPartOf\":{\"@id\":\"https:\/\/www.justiceinfo.net\/fr\/9108-280308-tpirsynthese-hebdomadaire-aucune-audience-au-tpir-au-cours-de-la-semaine5909.html\"},\"author\":{\"name\":\"solivri\",\"@id\":\"https:\/\/www.justiceinfo.net\/fr#\/schema\/person\/6e53cba1629e2e66f3fc1821d3091865\"},\"headline\":\"28.03.08 - TPIR\/SYNTHESE HEBDOMADAIRE - AUCUNE AUDIENCE AU TPIR AU COURS DE LA SEMAINE\",\"datePublished\":\"2008-03-27T22:00:00+00:00\",\"mainEntityOfPage\":{\"@id\":\"https:\/\/www.justiceinfo.net\/fr\/9108-280308-tpirsynthese-hebdomadaire-aucune-audience-au-tpir-au-cours-de-la-semaine5909.html\"},\"wordCount\":771,\"commentCount\":0,\"publisher\":{\"@id\":\"https:\/\/www.justiceinfo.net\/fr#organization\"},\"articleSection\":[\"Hirondelle News\"],\"inLanguage\":\"fr-FR\",\"potentialAction\":[{\"@type\":\"CommentAction\",\"name\":\"Comment\",\"target\":[\"https:\/\/www.justiceinfo.net\/fr\/9108-280308-tpirsynthese-hebdomadaire-aucune-audience-au-tpir-au-cours-de-la-semaine5909.html#respond\"]}]},{\"@type\":\"WebPage\",\"@id\":\"https:\/\/www.justiceinfo.net\/fr\/9108-280308-tpirsynthese-hebdomadaire-aucune-audience-au-tpir-au-cours-de-la-semaine5909.html\",\"url\":\"https:\/\/www.justiceinfo.net\/fr\/9108-280308-tpirsynthese-hebdomadaire-aucune-audience-au-tpir-au-cours-de-la-semaine5909.html\",\"name\":\"28.03.08 - TPIR\/SYNTHESE HEBDOMADAIRE - AUCUNE AUDIENCE AU TPIR AU COURS DE LA SEMAINE - JusticeInfo.net\",\"isPartOf\":{\"@id\":\"https:\/\/www.justiceinfo.net\/fr#website\"},\"datePublished\":\"2008-03-27T22:00:00+00:00\",\"breadcrumb\":{\"@id\":\"https:\/\/www.justiceinfo.net\/fr\/9108-280308-tpirsynthese-hebdomadaire-aucune-audience-au-tpir-au-cours-de-la-semaine5909.html#breadcrumb\"},\"inLanguage\":\"fr-FR\",\"potentialAction\":[{\"@type\":\"ReadAction\",\"target\":[\"https:\/\/www.justiceinfo.net\/fr\/9108-280308-tpirsynthese-hebdomadaire-aucune-audience-au-tpir-au-cours-de-la-semaine5909.html\"]}]},{\"@type\":\"BreadcrumbList\",\"@id\":\"https:\/\/www.justiceinfo.net\/fr\/9108-280308-tpirsynthese-hebdomadaire-aucune-audience-au-tpir-au-cours-de-la-semaine5909.html#breadcrumb\",\"itemListElement\":[{\"@type\":\"ListItem\",\"position\":1,\"name\":\"Home\",\"item\":\"https:\/\/www.justiceinfo.net\/fr\"},{\"@type\":\"ListItem\",\"position\":2,\"name\":\"28.03.08 - TPIR\/SYNTHESE HEBDOMADAIRE - AUCUNE AUDIENCE AU TPIR AU COURS DE LA SEMAINE\"}]},{\"@type\":\"WebSite\",\"@id\":\"https:\/\/www.justiceinfo.net\/fr#website\",\"url\":\"https:\/\/www.justiceinfo.net\/fr\",\"name\":\"JusticeInfo.net\",\"description\":\"La justice doit \u00eatre vue pour \u00eatre rendue\",\"publisher\":{\"@id\":\"https:\/\/www.justiceinfo.net\/fr#organization\"},\"potentialAction\":[{\"@type\":\"SearchAction\",\"target\":{\"@type\":\"EntryPoint\",\"urlTemplate\":\"https:\/\/www.justiceinfo.net\/fr?s={search_term_string}\"},\"query-input\":{\"@type\":\"PropertyValueSpecification\",\"valueRequired\":true,\"valueName\":\"search_term_string\"}}],\"inLanguage\":\"fr-FR\"},{\"@type\":\"Organization\",\"@id\":\"https:\/\/www.justiceinfo.net\/fr#organization\",\"name\":\"Justice Info\",\"url\":\"https:\/\/www.justiceinfo.net\/fr\",\"logo\":{\"@type\":\"ImageObject\",\"inLanguage\":\"fr-FR\",\"@id\":\"https:\/\/www.justiceinfo.net\/fr#\/schema\/logo\/image\/\",\"url\":\"https:\/\/www.justiceinfo.net\/wp-content\/uploads\/justiceinfo_logo-trans_1200x1200px.png\",\"contentUrl\":\"https:\/\/www.justiceinfo.net\/wp-content\/uploads\/justiceinfo_logo-trans_1200x1200px.png\",\"width\":1199,\"height\":1200,\"caption\":\"Justice Info\"},\"image\":{\"@id\":\"https:\/\/www.justiceinfo.net\/fr#\/schema\/logo\/image\/\"},\"sameAs\":[\"https:\/\/www.facebook.com\/JusticeInfo\/\",\"https:\/\/x.com\/justiceinfonet\",\"https:\/\/www.linkedin.com\/company\/justice-info\",\"https:\/\/www.youtube.com\/channel\/UCyCEsARodyuWtkWyhn-e7pA\"]},{\"@type\":\"Person\",\"name\":\"solivri\",\"url\":\"\/fr\/?s=solivri\"}]}<\/script>\n<!-- \/ Yoast SEO Premium plugin. -->","yoast_head_json":{"title":"28.03.08 - TPIR\/SYNTHESE HEBDOMADAIRE - AUCUNE AUDIENCE AU TPIR AU COURS DE LA SEMAINE - JusticeInfo.net","robots":{"index":"index","follow":"follow","max-snippet":"max-snippet:-1","max-image-preview":"max-image-preview:large","max-video-preview":"max-video-preview:-1"},"canonical":"https:\/\/www.justiceinfo.net\/fr\/9108-280308-tpirsynthese-hebdomadaire-aucune-audience-au-tpir-au-cours-de-la-semaine5909.html","og_locale":"fr_FR","og_type":"article","og_title":"28.03.08 - TPIR\/SYNTHESE HEBDOMADAIRE - AUCUNE AUDIENCE AU TPIR AU COURS DE LA SEMAINE","og_description":"Arusha, 28 mars 2008 (FH) - Aucune audience n&rsquo;a eu lieu au cours de la semaine au Tribunal p&eacute;nal international pour le Rwanda (TPIR), les proc&egrave;s ayant &eacute;t&eacute; suspendus depuis d&eacute;ja une semaine jusqu&rsquo;au 7 avril.&nbsp;","og_url":"https:\/\/www.justiceinfo.net\/fr\/9108-280308-tpirsynthese-hebdomadaire-aucune-audience-au-tpir-au-cours-de-la-semaine5909.html","og_site_name":"JusticeInfo.net","article_publisher":"https:\/\/www.facebook.com\/JusticeInfo\/","article_published_time":"2008-03-27T22:00:00+00:00","og_image":[{"width":1200,"height":630,"url":"https:\/\/www.justiceinfo.net\/wp-content\/uploads\/JusticeInfoNet_logo_1200x630px.jpg","type":"image\/jpeg"}],"author":"solivri","twitter_card":"summary_large_image","twitter_creator":"@justiceinfonet","twitter_site":"@justiceinfonet","twitter_misc":{"\u00c9crit par":"solivri","Dur\u00e9e de lecture estim\u00e9e":"4 minutes"},"schema":{"@context":"https:\/\/schema.org","@graph":[{"@type":"NewsArticle","@id":"https:\/\/www.justiceinfo.net\/fr\/9108-280308-tpirsynthese-hebdomadaire-aucune-audience-au-tpir-au-cours-de-la-semaine5909.html#article","isPartOf":{"@id":"https:\/\/www.justiceinfo.net\/fr\/9108-280308-tpirsynthese-hebdomadaire-aucune-audience-au-tpir-au-cours-de-la-semaine5909.html"},"author":{"name":"solivri","@id":"https:\/\/www.justiceinfo.net\/fr#\/schema\/person\/6e53cba1629e2e66f3fc1821d3091865"},"headline":"28.03.08 - TPIR\/SYNTHESE HEBDOMADAIRE - AUCUNE AUDIENCE AU TPIR AU COURS DE LA SEMAINE","datePublished":"2008-03-27T22:00:00+00:00","mainEntityOfPage":{"@id":"https:\/\/www.justiceinfo.net\/fr\/9108-280308-tpirsynthese-hebdomadaire-aucune-audience-au-tpir-au-cours-de-la-semaine5909.html"},"wordCount":771,"commentCount":0,"publisher":{"@id":"https:\/\/www.justiceinfo.net\/fr#organization"},"articleSection":["Hirondelle News"],"inLanguage":"fr-FR","potentialAction":[{"@type":"CommentAction","name":"Comment","target":["https:\/\/www.justiceinfo.net\/fr\/9108-280308-tpirsynthese-hebdomadaire-aucune-audience-au-tpir-au-cours-de-la-semaine5909.html#respond"]}]},{"@type":"WebPage","@id":"https:\/\/www.justiceinfo.net\/fr\/9108-280308-tpirsynthese-hebdomadaire-aucune-audience-au-tpir-au-cours-de-la-semaine5909.html","url":"https:\/\/www.justiceinfo.net\/fr\/9108-280308-tpirsynthese-hebdomadaire-aucune-audience-au-tpir-au-cours-de-la-semaine5909.html","name":"28.03.08 - TPIR\/SYNTHESE HEBDOMADAIRE - AUCUNE AUDIENCE AU TPIR AU COURS DE LA SEMAINE - JusticeInfo.net","isPartOf":{"@id":"https:\/\/www.justiceinfo.net\/fr#website"},"datePublished":"2008-03-27T22:00:00+00:00","breadcrumb":{"@id":"https:\/\/www.justiceinfo.net\/fr\/9108-280308-tpirsynthese-hebdomadaire-aucune-audience-au-tpir-au-cours-de-la-semaine5909.html#breadcrumb"},"inLanguage":"fr-FR","potentialAction":[{"@type":"ReadAction","target":["https:\/\/www.justiceinfo.net\/fr\/9108-280308-tpirsynthese-hebdomadaire-aucune-audience-au-tpir-au-cours-de-la-semaine5909.html"]}]},{"@type":"BreadcrumbList","@id":"https:\/\/www.justiceinfo.net\/fr\/9108-280308-tpirsynthese-hebdomadaire-aucune-audience-au-tpir-au-cours-de-la-semaine5909.html#breadcrumb","itemListElement":[{"@type":"ListItem","position":1,"name":"Home","item":"https:\/\/www.justiceinfo.net\/fr"},{"@type":"ListItem","position":2,"name":"28.03.08 - TPIR\/SYNTHESE HEBDOMADAIRE - AUCUNE AUDIENCE AU TPIR AU COURS DE LA SEMAINE"}]},{"@type":"WebSite","@id":"https:\/\/www.justiceinfo.net\/fr#website","url":"https:\/\/www.justiceinfo.net\/fr","name":"JusticeInfo.net","description":"La justice doit \u00eatre vue pour \u00eatre rendue","publisher":{"@id":"https:\/\/www.justiceinfo.net\/fr#organization"},"potentialAction":[{"@type":"SearchAction","target":{"@type":"EntryPoint","urlTemplate":"https:\/\/www.justiceinfo.net\/fr?s={search_term_string}"},"query-input":{"@type":"PropertyValueSpecification","valueRequired":true,"valueName":"search_term_string"}}],"inLanguage":"fr-FR"},{"@type":"Organization","@id":"https:\/\/www.justiceinfo.net\/fr#organization","name":"Justice Info","url":"https:\/\/www.justiceinfo.net\/fr","logo":{"@type":"ImageObject","inLanguage":"fr-FR","@id":"https:\/\/www.justiceinfo.net\/fr#\/schema\/logo\/image\/","url":"https:\/\/www.justiceinfo.net\/wp-content\/uploads\/justiceinfo_logo-trans_1200x1200px.png","contentUrl":"https:\/\/www.justiceinfo.net\/wp-content\/uploads\/justiceinfo_logo-trans_1200x1200px.png","width":1199,"height":1200,"caption":"Justice Info"},"image":{"@id":"https:\/\/www.justiceinfo.net\/fr#\/schema\/logo\/image\/"},"sameAs":["https:\/\/www.facebook.com\/JusticeInfo\/","https:\/\/x.com\/justiceinfonet","https:\/\/www.linkedin.com\/company\/justice-info","https:\/\/www.youtube.com\/channel\/UCyCEsARodyuWtkWyhn-e7pA"]},{"@type":"Person","name":"solivri","url":"\/fr\/?s=solivri"}]}},"_links":{"self":[{"href":"https:\/\/www.justiceinfo.net\/fr\/wp-json\/wp\/v2\/posts\/9108","targetHints":{"allow":["GET"]}}],"collection":[{"href":"https:\/\/www.justiceinfo.net\/fr\/wp-json\/wp\/v2\/posts"}],"about":[{"href":"https:\/\/www.justiceinfo.net\/fr\/wp-json\/wp\/v2\/types\/post"}],"author":[{"embeddable":true,"href":"https:\/\/www.justiceinfo.net\/fr\/wp-json\/wp\/v2\/users\/64"}],"replies":[{"embeddable":true,"href":"https:\/\/www.justiceinfo.net\/fr\/wp-json\/wp\/v2\/comments?post=9108"}],"version-history":[{"count":0,"href":"https:\/\/www.justiceinfo.net\/fr\/wp-json\/wp\/v2\/posts\/9108\/revisions"}],"wp:attachment":[{"href":"https:\/\/www.justiceinfo.net\/fr\/wp-json\/wp\/v2\/media?parent=9108"}],"wp:term":[{"taxonomy":"category","embeddable":true,"href":"https:\/\/www.justiceinfo.net\/fr\/wp-json\/wp\/v2\/categories?post=9108"},{"taxonomy":"post_tag","embeddable":true,"href":"https:\/\/www.justiceinfo.net\/fr\/wp-json\/wp\/v2\/tags?post=9108"},{"taxonomy":"ji_location","embeddable":true,"href":"https:\/\/www.justiceinfo.net\/fr\/wp-json\/wp\/v2\/ji_location?post=9108"}],"curies":[{"name":"wp","href":"https:\/\/api.w.org\/{rel}","templated":true}]}}