{"id":9112,"date":"2008-03-30T23:00:00","date_gmt":"2008-03-30T21:00:00","guid":{"rendered":"https:\/\/www.justiceinfo.net\/9112-310308-rwandacanada-visa-canadien-refuse-au-president-dibuka5913.html"},"modified":"2008-03-30T23:00:00","modified_gmt":"2008-03-30T21:00:00","slug":"310308-rwandacanada-visa-canadien-refuse-au-president-dibuka5913","status":"publish","type":"post","link":"https:\/\/www.justiceinfo.net\/fr\/9112-310308-rwandacanada-visa-canadien-refuse-au-president-dibuka5913.html","title":{"rendered":"31.03.08 - RWANDA\/CANADA - VISA CANADIEN REFUS\u00c9 AU PR\u00c9SIDENT D\u2019IBUKA"},"content":{"rendered":"<p>Montr&eacute;al, 31 mars 2008 (FH) &ndash; Ottawa a refus&eacute; de confirmer ou d&rsquo;infirmer que Th&eacute;odore Simburudari, le pr&eacute;sident d&rsquo;Ibuka, la principale organisation de rescap&eacute;s du g&eacute;nocide rwandais, s&rsquo;&eacute;tait vu refuser un visa d&rsquo;entr&eacute;e, mais a justifi&eacute; les proc&eacute;dures d&rsquo;immigration, y compris la question portant sur l&rsquo;origine ethnique des citoyens rwandais.<br \/>\n<!--more-->Des membres de la communaut&eacute; rwandaise du Canada avaient rapport&eacute; jeudi que Th&eacute;odore Simburudari, le pr&eacute;sident d&rsquo;Ibuka s&rsquo;&eacute;tait vu refuser son visa d&rsquo;entr&eacute;e, faute d&rsquo;avoir accept&eacute; de mentionner son appartenance ethnique. Il devait venir de Kigali pour assister aux c&eacute;r&eacute;monies de la 14e comm&eacute;moration du g&eacute;nocide rwandais. <\/p>\n<p>&laquo; Nous ne commentons pas les cas personnels afin de prot&eacute;ger la vie priv&eacute;e des gens &raquo;, a dit &agrave; l&rsquo;agence Hirondelle Jacqueline Roby, porte-parole des services canadiens d&rsquo;immigration. <\/p>\n<p>Mme Roby a pr&eacute;cis&eacute; qu&rsquo;elle ne connaissait pas le cas pr&eacute;cis du pr&eacute;sident d&rsquo;Ibuka. Elle a n&eacute;anmoins ajout&eacute; que &laquo; si effectivement M. Simburudari ne s&rsquo;est pas conform&eacute; aux proc&eacute;dures du gouvernement canadien, il ne faut pas chercher bien loin les raisons qui ont motiv&eacute; son refus de visa &raquo;. <\/p>\n<p>Pour obtenir le s&eacute;same d&rsquo;entr&eacute;e au Canada, les citoyens du pays des mille collines doivent indiquer dans un formulaire qui leur est r&eacute;serv&eacute; le nom du groupe ethnique figurant sur la carte d&rsquo;identit&eacute; rwandaise d&rsquo;avant 1996, dont une copie est par ailleurs exig&eacute;e. <\/p>\n<p>&laquo; Ce n&rsquo;est pas pour rien que l&rsquo;on demande le num&eacute;ro de la carte d&rsquo;identit&eacute; : on sait que ce sont ces questions l&agrave; qui vont nous mener sur la piste des criminels de guerre &raquo;, a dit &agrave; l&rsquo;agence Hirondelle la porte-parole des services canadiens d&rsquo;immigration. <\/p>\n<p>&laquo; Cette question est non seulement inappropri&eacute;e mais inf&acirc;mante. C'est sur s&eacute;lection de cette carte d'identit&eacute; qu'on tuait les gens &raquo;, avait d&eacute;nonc&eacute; jeudi Callixte Kabayiza, le pr&eacute;sident de Page-Rwanda, une association canadienne de victimes du g&eacute;nocide rwandais. M. Kabayiza avait demand&eacute; la suppression de cette question. Au Rwanda, la mention de l&rsquo;appartenance ethnique est d&eacute;sormais interdite sur les documents officiels. <\/p>\n<p>Selon Jacqueline Roby, des services canadiens d&rsquo;immigrations, les citoyens de Croatie et de Bosnie-Herz&eacute;govine doivent &eacute;galement se soumettre &agrave; ce genre de formulaires. &laquo; L&rsquo;un des buts que l&rsquo;on poursuit, c&rsquo;est que le Canada ne devienne pas un refuge pour les criminels de guerre. (&hellip;) Et &agrave; cet &eacute;gard, le Canada n&rsquo;a pas de le&ccedil;on &agrave; recevoir. &raquo; <\/p>\n<p>CS\/PB\/GF<br \/>\n&copy; Agence Hirondelle<\/p>\n","protected":false},"excerpt":{"rendered":"<p>Montr&eacute;al, 31 mars 2008 (FH) &ndash; Ottawa a refus&eacute; de confirmer ou d&rsquo;infirmer que Th&eacute;odore Simburudari, le pr&eacute;sident d&rsquo;Ibuka, la principale organisation de rescap&eacute;s du g&eacute;nocide rwandais, s&rsquo;&eacute;tait vu refuser un visa d&rsquo;entr&eacute;e, mais a justifi&eacute; les proc&eacute;dures d&rsquo;immigration, y compris la question portant sur l&rsquo;origine ethnique des citoyens rwandais.<\/p>\n","protected":false},"author":64,"featured_media":0,"comment_status":"open","ping_status":"closed","sticky":false,"template":"","format":"standard","meta":{"_acf_changed":false,"footnotes":""},"categories":[554],"tags":[],"ji_location":[],"class_list":["post-9112","post","type-post","status-publish","format-standard","hentry","category-hirondellenews"],"acf":[],"yoast_head":"<!-- This site is optimized with the Yoast SEO Premium plugin v25.3.1 (Yoast SEO v25.3.1) - https:\/\/yoast.com\/wordpress\/plugins\/seo\/ -->\n<title>31.03.08 - RWANDA\/CANADA - VISA CANADIEN REFUS\u00c9 AU PR\u00c9SIDENT D\u2019IBUKA - JusticeInfo.net<\/title>\n<meta name=\"robots\" content=\"index, follow, max-snippet:-1, max-image-preview:large, max-video-preview:-1\" \/>\n<link rel=\"canonical\" href=\"https:\/\/www.justiceinfo.net\/fr\/9112-310308-rwandacanada-visa-canadien-refuse-au-president-dibuka5913.html\" \/>\n<meta property=\"og:locale\" content=\"fr_FR\" \/>\n<meta property=\"og:type\" content=\"article\" \/>\n<meta property=\"og:title\" content=\"31.03.08 - RWANDA\/CANADA - VISA CANADIEN REFUS\u00c9 AU PR\u00c9SIDENT D\u2019IBUKA\" \/>\n<meta property=\"og:description\" content=\"Montr&eacute;al, 31 mars 2008 (FH) &ndash; Ottawa a refus&eacute; de confirmer ou d&rsquo;infirmer que Th&eacute;odore Simburudari, le pr&eacute;sident d&rsquo;Ibuka, la principale organisation de rescap&eacute;s du g&eacute;nocide rwandais, s&rsquo;&eacute;tait vu refuser un visa d&rsquo;entr&eacute;e, mais a justifi&eacute; les proc&eacute;dures d&rsquo;immigration, y compris la question portant sur l&rsquo;origine ethnique des citoyens rwandais.\" \/>\n<meta property=\"og:url\" content=\"https:\/\/www.justiceinfo.net\/fr\/9112-310308-rwandacanada-visa-canadien-refuse-au-president-dibuka5913.html\" \/>\n<meta property=\"og:site_name\" content=\"JusticeInfo.net\" \/>\n<meta property=\"article:publisher\" content=\"https:\/\/www.facebook.com\/JusticeInfo\/\" \/>\n<meta property=\"article:published_time\" content=\"2008-03-30T21:00:00+00:00\" \/>\n<meta property=\"og:image\" content=\"https:\/\/www.justiceinfo.net\/wp-content\/uploads\/JusticeInfoNet_logo_1200x630px.jpg\" \/>\n\t<meta property=\"og:image:width\" content=\"1200\" \/>\n\t<meta property=\"og:image:height\" content=\"630\" \/>\n\t<meta property=\"og:image:type\" content=\"image\/jpeg\" \/>\n<meta name=\"author\" content=\"solivri\" \/>\n<meta name=\"twitter:card\" content=\"summary_large_image\" \/>\n<meta name=\"twitter:creator\" content=\"@justiceinfonet\" \/>\n<meta name=\"twitter:site\" content=\"@justiceinfonet\" \/>\n<meta name=\"twitter:label1\" content=\"\u00c9crit par\" \/>\n\t<meta name=\"twitter:data1\" content=\"solivri\" \/>\n\t<meta name=\"twitter:label2\" content=\"Dur\u00e9e de lecture estim\u00e9e\" \/>\n\t<meta name=\"twitter:data2\" content=\"3 minutes\" \/>\n<script type=\"application\/ld+json\" class=\"yoast-schema-graph\">{\"@context\":\"https:\/\/schema.org\",\"@graph\":[{\"@type\":\"NewsArticle\",\"@id\":\"https:\/\/www.justiceinfo.net\/fr\/9112-310308-rwandacanada-visa-canadien-refuse-au-president-dibuka5913.html#article\",\"isPartOf\":{\"@id\":\"https:\/\/www.justiceinfo.net\/fr\/9112-310308-rwandacanada-visa-canadien-refuse-au-president-dibuka5913.html\"},\"author\":{\"name\":\"solivri\",\"@id\":\"https:\/\/www.justiceinfo.net\/fr#\/schema\/person\/6e53cba1629e2e66f3fc1821d3091865\"},\"headline\":\"31.03.08 - RWANDA\/CANADA - VISA CANADIEN REFUS\u00c9 AU PR\u00c9SIDENT D\u2019IBUKA\",\"datePublished\":\"2008-03-30T21:00:00+00:00\",\"mainEntityOfPage\":{\"@id\":\"https:\/\/www.justiceinfo.net\/fr\/9112-310308-rwandacanada-visa-canadien-refuse-au-president-dibuka5913.html\"},\"wordCount\":550,\"commentCount\":0,\"publisher\":{\"@id\":\"https:\/\/www.justiceinfo.net\/fr#organization\"},\"articleSection\":[\"Hirondelle News\"],\"inLanguage\":\"fr-FR\",\"potentialAction\":[{\"@type\":\"CommentAction\",\"name\":\"Comment\",\"target\":[\"https:\/\/www.justiceinfo.net\/fr\/9112-310308-rwandacanada-visa-canadien-refuse-au-president-dibuka5913.html#respond\"]}]},{\"@type\":\"WebPage\",\"@id\":\"https:\/\/www.justiceinfo.net\/fr\/9112-310308-rwandacanada-visa-canadien-refuse-au-president-dibuka5913.html\",\"url\":\"https:\/\/www.justiceinfo.net\/fr\/9112-310308-rwandacanada-visa-canadien-refuse-au-president-dibuka5913.html\",\"name\":\"31.03.08 - RWANDA\/CANADA - VISA CANADIEN REFUS\u00c9 AU PR\u00c9SIDENT D\u2019IBUKA - JusticeInfo.net\",\"isPartOf\":{\"@id\":\"https:\/\/www.justiceinfo.net\/fr#website\"},\"datePublished\":\"2008-03-30T21:00:00+00:00\",\"breadcrumb\":{\"@id\":\"https:\/\/www.justiceinfo.net\/fr\/9112-310308-rwandacanada-visa-canadien-refuse-au-president-dibuka5913.html#breadcrumb\"},\"inLanguage\":\"fr-FR\",\"potentialAction\":[{\"@type\":\"ReadAction\",\"target\":[\"https:\/\/www.justiceinfo.net\/fr\/9112-310308-rwandacanada-visa-canadien-refuse-au-president-dibuka5913.html\"]}]},{\"@type\":\"BreadcrumbList\",\"@id\":\"https:\/\/www.justiceinfo.net\/fr\/9112-310308-rwandacanada-visa-canadien-refuse-au-president-dibuka5913.html#breadcrumb\",\"itemListElement\":[{\"@type\":\"ListItem\",\"position\":1,\"name\":\"Home\",\"item\":\"https:\/\/www.justiceinfo.net\/fr\"},{\"@type\":\"ListItem\",\"position\":2,\"name\":\"31.03.08 - RWANDA\/CANADA - VISA CANADIEN REFUS\u00c9 AU PR\u00c9SIDENT D\u2019IBUKA\"}]},{\"@type\":\"WebSite\",\"@id\":\"https:\/\/www.justiceinfo.net\/fr#website\",\"url\":\"https:\/\/www.justiceinfo.net\/fr\",\"name\":\"JusticeInfo.net\",\"description\":\"La justice doit \u00eatre vue pour \u00eatre rendue\",\"publisher\":{\"@id\":\"https:\/\/www.justiceinfo.net\/fr#organization\"},\"potentialAction\":[{\"@type\":\"SearchAction\",\"target\":{\"@type\":\"EntryPoint\",\"urlTemplate\":\"https:\/\/www.justiceinfo.net\/fr?s={search_term_string}\"},\"query-input\":{\"@type\":\"PropertyValueSpecification\",\"valueRequired\":true,\"valueName\":\"search_term_string\"}}],\"inLanguage\":\"fr-FR\"},{\"@type\":\"Organization\",\"@id\":\"https:\/\/www.justiceinfo.net\/fr#organization\",\"name\":\"Justice Info\",\"url\":\"https:\/\/www.justiceinfo.net\/fr\",\"logo\":{\"@type\":\"ImageObject\",\"inLanguage\":\"fr-FR\",\"@id\":\"https:\/\/www.justiceinfo.net\/fr#\/schema\/logo\/image\/\",\"url\":\"https:\/\/www.justiceinfo.net\/wp-content\/uploads\/justiceinfo_logo-trans_1200x1200px.png\",\"contentUrl\":\"https:\/\/www.justiceinfo.net\/wp-content\/uploads\/justiceinfo_logo-trans_1200x1200px.png\",\"width\":1199,\"height\":1200,\"caption\":\"Justice Info\"},\"image\":{\"@id\":\"https:\/\/www.justiceinfo.net\/fr#\/schema\/logo\/image\/\"},\"sameAs\":[\"https:\/\/www.facebook.com\/JusticeInfo\/\",\"https:\/\/x.com\/justiceinfonet\",\"https:\/\/www.linkedin.com\/company\/justice-info\",\"https:\/\/www.youtube.com\/channel\/UCyCEsARodyuWtkWyhn-e7pA\"]},{\"@type\":\"Person\",\"name\":\"solivri\",\"url\":\"\/fr\/?s=solivri\"}]}<\/script>\n<!-- \/ Yoast SEO Premium plugin. -->","yoast_head_json":{"title":"31.03.08 - RWANDA\/CANADA - VISA CANADIEN REFUS\u00c9 AU PR\u00c9SIDENT D\u2019IBUKA - JusticeInfo.net","robots":{"index":"index","follow":"follow","max-snippet":"max-snippet:-1","max-image-preview":"max-image-preview:large","max-video-preview":"max-video-preview:-1"},"canonical":"https:\/\/www.justiceinfo.net\/fr\/9112-310308-rwandacanada-visa-canadien-refuse-au-president-dibuka5913.html","og_locale":"fr_FR","og_type":"article","og_title":"31.03.08 - RWANDA\/CANADA - VISA CANADIEN REFUS\u00c9 AU PR\u00c9SIDENT D\u2019IBUKA","og_description":"Montr&eacute;al, 31 mars 2008 (FH) &ndash; Ottawa a refus&eacute; de confirmer ou d&rsquo;infirmer que Th&eacute;odore Simburudari, le pr&eacute;sident d&rsquo;Ibuka, la principale organisation de rescap&eacute;s du g&eacute;nocide rwandais, s&rsquo;&eacute;tait vu refuser un visa d&rsquo;entr&eacute;e, mais a justifi&eacute; les proc&eacute;dures d&rsquo;immigration, y compris la question portant sur l&rsquo;origine ethnique des citoyens rwandais.","og_url":"https:\/\/www.justiceinfo.net\/fr\/9112-310308-rwandacanada-visa-canadien-refuse-au-president-dibuka5913.html","og_site_name":"JusticeInfo.net","article_publisher":"https:\/\/www.facebook.com\/JusticeInfo\/","article_published_time":"2008-03-30T21:00:00+00:00","og_image":[{"width":1200,"height":630,"url":"https:\/\/www.justiceinfo.net\/wp-content\/uploads\/JusticeInfoNet_logo_1200x630px.jpg","type":"image\/jpeg"}],"author":"solivri","twitter_card":"summary_large_image","twitter_creator":"@justiceinfonet","twitter_site":"@justiceinfonet","twitter_misc":{"\u00c9crit par":"solivri","Dur\u00e9e de lecture estim\u00e9e":"3 minutes"},"schema":{"@context":"https:\/\/schema.org","@graph":[{"@type":"NewsArticle","@id":"https:\/\/www.justiceinfo.net\/fr\/9112-310308-rwandacanada-visa-canadien-refuse-au-president-dibuka5913.html#article","isPartOf":{"@id":"https:\/\/www.justiceinfo.net\/fr\/9112-310308-rwandacanada-visa-canadien-refuse-au-president-dibuka5913.html"},"author":{"name":"solivri","@id":"https:\/\/www.justiceinfo.net\/fr#\/schema\/person\/6e53cba1629e2e66f3fc1821d3091865"},"headline":"31.03.08 - RWANDA\/CANADA - VISA CANADIEN REFUS\u00c9 AU PR\u00c9SIDENT D\u2019IBUKA","datePublished":"2008-03-30T21:00:00+00:00","mainEntityOfPage":{"@id":"https:\/\/www.justiceinfo.net\/fr\/9112-310308-rwandacanada-visa-canadien-refuse-au-president-dibuka5913.html"},"wordCount":550,"commentCount":0,"publisher":{"@id":"https:\/\/www.justiceinfo.net\/fr#organization"},"articleSection":["Hirondelle News"],"inLanguage":"fr-FR","potentialAction":[{"@type":"CommentAction","name":"Comment","target":["https:\/\/www.justiceinfo.net\/fr\/9112-310308-rwandacanada-visa-canadien-refuse-au-president-dibuka5913.html#respond"]}]},{"@type":"WebPage","@id":"https:\/\/www.justiceinfo.net\/fr\/9112-310308-rwandacanada-visa-canadien-refuse-au-president-dibuka5913.html","url":"https:\/\/www.justiceinfo.net\/fr\/9112-310308-rwandacanada-visa-canadien-refuse-au-president-dibuka5913.html","name":"31.03.08 - RWANDA\/CANADA - VISA CANADIEN REFUS\u00c9 AU PR\u00c9SIDENT D\u2019IBUKA - JusticeInfo.net","isPartOf":{"@id":"https:\/\/www.justiceinfo.net\/fr#website"},"datePublished":"2008-03-30T21:00:00+00:00","breadcrumb":{"@id":"https:\/\/www.justiceinfo.net\/fr\/9112-310308-rwandacanada-visa-canadien-refuse-au-president-dibuka5913.html#breadcrumb"},"inLanguage":"fr-FR","potentialAction":[{"@type":"ReadAction","target":["https:\/\/www.justiceinfo.net\/fr\/9112-310308-rwandacanada-visa-canadien-refuse-au-president-dibuka5913.html"]}]},{"@type":"BreadcrumbList","@id":"https:\/\/www.justiceinfo.net\/fr\/9112-310308-rwandacanada-visa-canadien-refuse-au-president-dibuka5913.html#breadcrumb","itemListElement":[{"@type":"ListItem","position":1,"name":"Home","item":"https:\/\/www.justiceinfo.net\/fr"},{"@type":"ListItem","position":2,"name":"31.03.08 - RWANDA\/CANADA - VISA CANADIEN REFUS\u00c9 AU PR\u00c9SIDENT D\u2019IBUKA"}]},{"@type":"WebSite","@id":"https:\/\/www.justiceinfo.net\/fr#website","url":"https:\/\/www.justiceinfo.net\/fr","name":"JusticeInfo.net","description":"La justice doit \u00eatre vue pour \u00eatre rendue","publisher":{"@id":"https:\/\/www.justiceinfo.net\/fr#organization"},"potentialAction":[{"@type":"SearchAction","target":{"@type":"EntryPoint","urlTemplate":"https:\/\/www.justiceinfo.net\/fr?s={search_term_string}"},"query-input":{"@type":"PropertyValueSpecification","valueRequired":true,"valueName":"search_term_string"}}],"inLanguage":"fr-FR"},{"@type":"Organization","@id":"https:\/\/www.justiceinfo.net\/fr#organization","name":"Justice Info","url":"https:\/\/www.justiceinfo.net\/fr","logo":{"@type":"ImageObject","inLanguage":"fr-FR","@id":"https:\/\/www.justiceinfo.net\/fr#\/schema\/logo\/image\/","url":"https:\/\/www.justiceinfo.net\/wp-content\/uploads\/justiceinfo_logo-trans_1200x1200px.png","contentUrl":"https:\/\/www.justiceinfo.net\/wp-content\/uploads\/justiceinfo_logo-trans_1200x1200px.png","width":1199,"height":1200,"caption":"Justice Info"},"image":{"@id":"https:\/\/www.justiceinfo.net\/fr#\/schema\/logo\/image\/"},"sameAs":["https:\/\/www.facebook.com\/JusticeInfo\/","https:\/\/x.com\/justiceinfonet","https:\/\/www.linkedin.com\/company\/justice-info","https:\/\/www.youtube.com\/channel\/UCyCEsARodyuWtkWyhn-e7pA"]},{"@type":"Person","name":"solivri","url":"\/fr\/?s=solivri"}]}},"_links":{"self":[{"href":"https:\/\/www.justiceinfo.net\/fr\/wp-json\/wp\/v2\/posts\/9112","targetHints":{"allow":["GET"]}}],"collection":[{"href":"https:\/\/www.justiceinfo.net\/fr\/wp-json\/wp\/v2\/posts"}],"about":[{"href":"https:\/\/www.justiceinfo.net\/fr\/wp-json\/wp\/v2\/types\/post"}],"author":[{"embeddable":true,"href":"https:\/\/www.justiceinfo.net\/fr\/wp-json\/wp\/v2\/users\/64"}],"replies":[{"embeddable":true,"href":"https:\/\/www.justiceinfo.net\/fr\/wp-json\/wp\/v2\/comments?post=9112"}],"version-history":[{"count":0,"href":"https:\/\/www.justiceinfo.net\/fr\/wp-json\/wp\/v2\/posts\/9112\/revisions"}],"wp:attachment":[{"href":"https:\/\/www.justiceinfo.net\/fr\/wp-json\/wp\/v2\/media?parent=9112"}],"wp:term":[{"taxonomy":"category","embeddable":true,"href":"https:\/\/www.justiceinfo.net\/fr\/wp-json\/wp\/v2\/categories?post=9112"},{"taxonomy":"post_tag","embeddable":true,"href":"https:\/\/www.justiceinfo.net\/fr\/wp-json\/wp\/v2\/tags?post=9112"},{"taxonomy":"ji_location","embeddable":true,"href":"https:\/\/www.justiceinfo.net\/fr\/wp-json\/wp\/v2\/ji_location?post=9112"}],"curies":[{"name":"wp","href":"https:\/\/api.w.org\/{rel}","templated":true}]}}