{"id":9119,"date":"2008-03-31T23:00:00","date_gmt":"2008-03-31T21:00:00","guid":{"rendered":"https:\/\/www.justiceinfo.net\/9119-010408-rwandacanada-une-conference-sur-le-genocide-rwandais-dechaine-les-passions-au-canada5920.html"},"modified":"2008-03-31T23:00:00","modified_gmt":"2008-03-31T21:00:00","slug":"010408-rwandacanada-une-conference-sur-le-genocide-rwandais-dechaine-les-passions-au-canada5920","status":"publish","type":"post","link":"https:\/\/www.justiceinfo.net\/fr\/9119-010408-rwandacanada-une-conference-sur-le-genocide-rwandais-dechaine-les-passions-au-canada5920.html","title":{"rendered":"01.04.08 - RWANDA\/CANADA - UNE CONFERENCE SUR LE GENOCIDE RWANDAIS DECHAINE LES PASSIONS AU CANADA"},"content":{"rendered":"<p>Montr&eacute;al, 1er avril 2008 (FH) &ndash; Des incidents ont perturb&eacute; samedi une conf&eacute;rence r&eacute;unissant &agrave; Montr&eacute;al des intellectuels contestant l&rsquo;histoire du g&eacute;nocide rwandais telle qu&rsquo;elle est g&eacute;n&eacute;ralement admise, a constat&eacute; un journaliste de l&rsquo;Agence Hirondelle.<br \/>\n<!--more-->Une dizaine de voitures de police faisait face &agrave; des manifestants qui, r&eacute;unis devant la salle o&ugrave; se tenait la conf&eacute;rence intitul&eacute;e &laquo; Les m&eacute;dias et le Rwanda: la difficile recherche de la v&eacute;rit&eacute; &raquo;, d&eacute;non&ccedil;aient avec vigueur &laquo; une conf&eacute;rence de la honte &raquo;. <\/p>\n<p>En d&eacute;pit d&rsquo;un important service d&rsquo;ordre d&eacute;ploy&eacute; &agrave; l&rsquo;int&eacute;rieur de la salle, les d&eacute;bats ont &eacute;t&eacute; r&eacute;guli&egrave;rement interrompus par des membres du public, qui huaient les conf&eacute;renciers et les traitaient de &laquo; n&eacute;gationnistes &raquo; et de &laquo; racistes &raquo;. <\/p>\n<p>La table des orateurs &eacute;tait compos&eacute;e du Fran&ccedil;ais Pierre P&eacute;an, du Canadien Robin Philpot, tous deux &eacute;crivains et journalistes, et de l&rsquo;Espagnol Jordi Palou-Loverdos, avocat &agrave; l'origine d'une plainte ayant r&eacute;cemment abouti &agrave; l'&eacute;mission de mandats d'arr&ecirc;t &agrave; l'encontre de quarante officiers membres du FPR, le Front patriotique rwandais, ancien parti tutsi du pr&eacute;sident Paul Kagam&eacute;. <\/p>\n<p>Le journaliste belge Peter Verlinden s&rsquo;est quant &agrave; lui exprim&eacute; par vid&eacute;o, racontant les d&eacute;boires qu&rsquo;il conna&icirc;t pour se rendre au Rwanda, depuis qu&rsquo;il a r&eacute;alis&eacute; des reportages d&eacute;non&ccedil;ant le r&eacute;gime de Paul Kagam&eacute;. &laquo; Je ne nie pas le g&eacute;nocide des Tutsis, mais je refuse la version de Kigali. J'affirme qu'il y a eu aussi depuis 1990 des massacres de masse de Hutus, que la justice d'abord, puis l'histoire, probablement ensuite, qualifiera un jour de g&eacute;nocide &raquo;, a d&eacute;clar&eacute; pour sa part Pierre P&eacute;an. <\/p>\n<p>Selon le Fran&ccedil;ais, la v&eacute;rit&eacute; est &laquo; tapie dans des tonnes de documents administratifs et militaires ; dans quelques pays qui ont &eacute;t&eacute; des acteurs directs ou indirects (&hellip;) ; dans des documents judiciaires, &agrave; Arusha, Paris et Barcelone, dans des livres, dans de nombreux rapports &raquo;. <\/p>\n<p>Pourtant, a-t-il poursuivi, &laquo; ces masses impressionnantes de petits ou grands bouts de la v&eacute;rit&eacute; ne font pas encore le poids face &agrave; la v&eacute;rit&eacute; officielle impos&eacute;e par Kigali.&raquo; <\/p>\n<p>Selon le journaliste auteur de nombreux ouvrages &agrave; succ&egrave;s, l'histoire du g&eacute;nocide telle que d&eacute;fendue par Kigali constitue &laquo; le socle de la l&eacute;gitimit&eacute; du r&eacute;gime du FPR &raquo;, du pr&eacute;sident Paul Kagam&eacute;. &laquo; Si cette question officielle tombe, c'est Kagam&eacute; qui tombe &raquo;, a-t-il dit dans une cacophonie d&rsquo;applaudissements et de hu&eacute;es.<br \/>\n&laquo; Je m&rsquo;aper&ccedil;ois dans une r&eacute;union comme &ccedil;a que le chemin vers la v&eacute;rit&eacute; est tr&egrave;s long encore. Je ne pensais pas que la conf&eacute;rence serait si chaude &raquo;, a-t-il dit &agrave; l&rsquo;Agence Hirondelle. <\/p>\n<p>M. P&eacute;an doit compara&icirc;tre du 23 au 25 septembre devant la 17&egrave;me chambre du tribunal de grande instance de Paris pour &laquo; complicit&eacute; de diffamation raciale &raquo; et &quot;complicit&eacute; de provocation &agrave; la haine raciale&quot;, apr&egrave;s que l'association fran&ccedil;aise SOS-Racisme a d&eacute;pos&eacute; une plainte, estimant que dans son livre &laquo; Noires fureurs, blancs menteurs &raquo;, le journaliste reprenait des &laquo; pr&eacute;suppos&eacute;s de l'id&eacute;ologie g&eacute;nocidaire &raquo;. Une vingtaine de passages de son livre sont vis&eacute;s. <\/p>\n<p>Vingt cinq t&eacute;moins seront cit&eacute;s par les parties. Pierre Pean a d&eacute;clar&eacute; &agrave; l&rsquo;Agence Hirondelle aller &laquo; tr&egrave;s tranquillement &raquo; devant la justice. <\/p>\n<p>CS\/PB\/GF<br \/>\n&copy; Agence Hirondelle<\/p>\n","protected":false},"excerpt":{"rendered":"<p>Montr&eacute;al, 1er avril 2008 (FH) &ndash; Des incidents ont perturb&eacute; samedi une conf&eacute;rence r&eacute;unissant &agrave; Montr&eacute;al des intellectuels contestant l&rsquo;histoire du g&eacute;nocide rwandais telle qu&rsquo;elle est g&eacute;n&eacute;ralement admise, a constat&eacute; un journaliste de l&rsquo;Agence Hirondelle.<\/p>\n","protected":false},"author":64,"featured_media":0,"comment_status":"open","ping_status":"closed","sticky":false,"template":"","format":"standard","meta":{"_acf_changed":false,"footnotes":""},"categories":[554],"tags":[],"ji_location":[],"class_list":["post-9119","post","type-post","status-publish","format-standard","hentry","category-hirondellenews"],"acf":[],"yoast_head":"<!-- This site is optimized with the Yoast SEO Premium plugin v25.3.1 (Yoast SEO v25.3.1) - https:\/\/yoast.com\/wordpress\/plugins\/seo\/ -->\n<title>01.04.08 - RWANDA\/CANADA - UNE CONFERENCE SUR LE GENOCIDE RWANDAIS DECHAINE LES PASSIONS AU CANADA - JusticeInfo.net<\/title>\n<meta name=\"robots\" content=\"index, follow, max-snippet:-1, max-image-preview:large, max-video-preview:-1\" \/>\n<link rel=\"canonical\" href=\"https:\/\/www.justiceinfo.net\/fr\/9119-010408-rwandacanada-une-conference-sur-le-genocide-rwandais-dechaine-les-passions-au-canada5920.html\" \/>\n<meta property=\"og:locale\" content=\"fr_FR\" \/>\n<meta property=\"og:type\" content=\"article\" \/>\n<meta property=\"og:title\" content=\"01.04.08 - RWANDA\/CANADA - UNE CONFERENCE SUR LE GENOCIDE RWANDAIS DECHAINE LES PASSIONS AU CANADA\" \/>\n<meta property=\"og:description\" content=\"Montr&eacute;al, 1er avril 2008 (FH) &ndash; Des incidents ont perturb&eacute; samedi une conf&eacute;rence r&eacute;unissant &agrave; Montr&eacute;al des intellectuels contestant l&rsquo;histoire du g&eacute;nocide rwandais telle qu&rsquo;elle est g&eacute;n&eacute;ralement admise, a constat&eacute; un journaliste de l&rsquo;Agence Hirondelle.\" \/>\n<meta property=\"og:url\" content=\"https:\/\/www.justiceinfo.net\/fr\/9119-010408-rwandacanada-une-conference-sur-le-genocide-rwandais-dechaine-les-passions-au-canada5920.html\" \/>\n<meta property=\"og:site_name\" content=\"JusticeInfo.net\" \/>\n<meta property=\"article:publisher\" content=\"https:\/\/www.facebook.com\/JusticeInfo\/\" \/>\n<meta property=\"article:published_time\" content=\"2008-03-31T21:00:00+00:00\" \/>\n<meta property=\"og:image\" content=\"https:\/\/www.justiceinfo.net\/wp-content\/uploads\/JusticeInfoNet_logo_1200x630px.jpg\" \/>\n\t<meta property=\"og:image:width\" content=\"1200\" \/>\n\t<meta property=\"og:image:height\" content=\"630\" \/>\n\t<meta property=\"og:image:type\" content=\"image\/jpeg\" \/>\n<meta name=\"author\" content=\"solivri\" \/>\n<meta name=\"twitter:card\" content=\"summary_large_image\" \/>\n<meta name=\"twitter:creator\" content=\"@justiceinfonet\" \/>\n<meta name=\"twitter:site\" content=\"@justiceinfonet\" \/>\n<meta name=\"twitter:label1\" content=\"\u00c9crit par\" \/>\n\t<meta name=\"twitter:data1\" content=\"solivri\" \/>\n\t<meta name=\"twitter:label2\" content=\"Dur\u00e9e de lecture estim\u00e9e\" \/>\n\t<meta name=\"twitter:data2\" content=\"4 minutes\" \/>\n<script type=\"application\/ld+json\" class=\"yoast-schema-graph\">{\"@context\":\"https:\/\/schema.org\",\"@graph\":[{\"@type\":\"NewsArticle\",\"@id\":\"https:\/\/www.justiceinfo.net\/fr\/9119-010408-rwandacanada-une-conference-sur-le-genocide-rwandais-dechaine-les-passions-au-canada5920.html#article\",\"isPartOf\":{\"@id\":\"https:\/\/www.justiceinfo.net\/fr\/9119-010408-rwandacanada-une-conference-sur-le-genocide-rwandais-dechaine-les-passions-au-canada5920.html\"},\"author\":{\"name\":\"solivri\",\"@id\":\"https:\/\/www.justiceinfo.net\/fr#\/schema\/person\/6e53cba1629e2e66f3fc1821d3091865\"},\"headline\":\"01.04.08 - RWANDA\/CANADA - UNE CONFERENCE SUR LE GENOCIDE RWANDAIS DECHAINE LES PASSIONS AU CANADA\",\"datePublished\":\"2008-03-31T21:00:00+00:00\",\"mainEntityOfPage\":{\"@id\":\"https:\/\/www.justiceinfo.net\/fr\/9119-010408-rwandacanada-une-conference-sur-le-genocide-rwandais-dechaine-les-passions-au-canada5920.html\"},\"wordCount\":751,\"commentCount\":0,\"publisher\":{\"@id\":\"https:\/\/www.justiceinfo.net\/fr#organization\"},\"articleSection\":[\"Hirondelle News\"],\"inLanguage\":\"fr-FR\",\"potentialAction\":[{\"@type\":\"CommentAction\",\"name\":\"Comment\",\"target\":[\"https:\/\/www.justiceinfo.net\/fr\/9119-010408-rwandacanada-une-conference-sur-le-genocide-rwandais-dechaine-les-passions-au-canada5920.html#respond\"]}]},{\"@type\":\"WebPage\",\"@id\":\"https:\/\/www.justiceinfo.net\/fr\/9119-010408-rwandacanada-une-conference-sur-le-genocide-rwandais-dechaine-les-passions-au-canada5920.html\",\"url\":\"https:\/\/www.justiceinfo.net\/fr\/9119-010408-rwandacanada-une-conference-sur-le-genocide-rwandais-dechaine-les-passions-au-canada5920.html\",\"name\":\"01.04.08 - RWANDA\/CANADA - UNE CONFERENCE SUR LE GENOCIDE RWANDAIS DECHAINE LES PASSIONS AU CANADA - JusticeInfo.net\",\"isPartOf\":{\"@id\":\"https:\/\/www.justiceinfo.net\/fr#website\"},\"datePublished\":\"2008-03-31T21:00:00+00:00\",\"breadcrumb\":{\"@id\":\"https:\/\/www.justiceinfo.net\/fr\/9119-010408-rwandacanada-une-conference-sur-le-genocide-rwandais-dechaine-les-passions-au-canada5920.html#breadcrumb\"},\"inLanguage\":\"fr-FR\",\"potentialAction\":[{\"@type\":\"ReadAction\",\"target\":[\"https:\/\/www.justiceinfo.net\/fr\/9119-010408-rwandacanada-une-conference-sur-le-genocide-rwandais-dechaine-les-passions-au-canada5920.html\"]}]},{\"@type\":\"BreadcrumbList\",\"@id\":\"https:\/\/www.justiceinfo.net\/fr\/9119-010408-rwandacanada-une-conference-sur-le-genocide-rwandais-dechaine-les-passions-au-canada5920.html#breadcrumb\",\"itemListElement\":[{\"@type\":\"ListItem\",\"position\":1,\"name\":\"Home\",\"item\":\"https:\/\/www.justiceinfo.net\/fr\"},{\"@type\":\"ListItem\",\"position\":2,\"name\":\"01.04.08 - RWANDA\/CANADA - UNE CONFERENCE SUR LE GENOCIDE RWANDAIS DECHAINE LES PASSIONS AU CANADA\"}]},{\"@type\":\"WebSite\",\"@id\":\"https:\/\/www.justiceinfo.net\/fr#website\",\"url\":\"https:\/\/www.justiceinfo.net\/fr\",\"name\":\"JusticeInfo.net\",\"description\":\"La justice doit \u00eatre vue pour \u00eatre rendue\",\"publisher\":{\"@id\":\"https:\/\/www.justiceinfo.net\/fr#organization\"},\"potentialAction\":[{\"@type\":\"SearchAction\",\"target\":{\"@type\":\"EntryPoint\",\"urlTemplate\":\"https:\/\/www.justiceinfo.net\/fr?s={search_term_string}\"},\"query-input\":{\"@type\":\"PropertyValueSpecification\",\"valueRequired\":true,\"valueName\":\"search_term_string\"}}],\"inLanguage\":\"fr-FR\"},{\"@type\":\"Organization\",\"@id\":\"https:\/\/www.justiceinfo.net\/fr#organization\",\"name\":\"Justice Info\",\"url\":\"https:\/\/www.justiceinfo.net\/fr\",\"logo\":{\"@type\":\"ImageObject\",\"inLanguage\":\"fr-FR\",\"@id\":\"https:\/\/www.justiceinfo.net\/fr#\/schema\/logo\/image\/\",\"url\":\"https:\/\/www.justiceinfo.net\/wp-content\/uploads\/justiceinfo_logo-trans_1200x1200px.png\",\"contentUrl\":\"https:\/\/www.justiceinfo.net\/wp-content\/uploads\/justiceinfo_logo-trans_1200x1200px.png\",\"width\":1199,\"height\":1200,\"caption\":\"Justice Info\"},\"image\":{\"@id\":\"https:\/\/www.justiceinfo.net\/fr#\/schema\/logo\/image\/\"},\"sameAs\":[\"https:\/\/www.facebook.com\/JusticeInfo\/\",\"https:\/\/x.com\/justiceinfonet\",\"https:\/\/www.linkedin.com\/company\/justice-info\",\"https:\/\/www.youtube.com\/channel\/UCyCEsARodyuWtkWyhn-e7pA\"]},{\"@type\":\"Person\",\"name\":\"solivri\",\"url\":\"\/fr\/?s=solivri\"}]}<\/script>\n<!-- \/ Yoast SEO Premium plugin. -->","yoast_head_json":{"title":"01.04.08 - RWANDA\/CANADA - UNE CONFERENCE SUR LE GENOCIDE RWANDAIS DECHAINE LES PASSIONS AU CANADA - JusticeInfo.net","robots":{"index":"index","follow":"follow","max-snippet":"max-snippet:-1","max-image-preview":"max-image-preview:large","max-video-preview":"max-video-preview:-1"},"canonical":"https:\/\/www.justiceinfo.net\/fr\/9119-010408-rwandacanada-une-conference-sur-le-genocide-rwandais-dechaine-les-passions-au-canada5920.html","og_locale":"fr_FR","og_type":"article","og_title":"01.04.08 - RWANDA\/CANADA - UNE CONFERENCE SUR LE GENOCIDE RWANDAIS DECHAINE LES PASSIONS AU CANADA","og_description":"Montr&eacute;al, 1er avril 2008 (FH) &ndash; Des incidents ont perturb&eacute; samedi une conf&eacute;rence r&eacute;unissant &agrave; Montr&eacute;al des intellectuels contestant l&rsquo;histoire du g&eacute;nocide rwandais telle qu&rsquo;elle est g&eacute;n&eacute;ralement admise, a constat&eacute; un journaliste de l&rsquo;Agence Hirondelle.","og_url":"https:\/\/www.justiceinfo.net\/fr\/9119-010408-rwandacanada-une-conference-sur-le-genocide-rwandais-dechaine-les-passions-au-canada5920.html","og_site_name":"JusticeInfo.net","article_publisher":"https:\/\/www.facebook.com\/JusticeInfo\/","article_published_time":"2008-03-31T21:00:00+00:00","og_image":[{"width":1200,"height":630,"url":"https:\/\/www.justiceinfo.net\/wp-content\/uploads\/JusticeInfoNet_logo_1200x630px.jpg","type":"image\/jpeg"}],"author":"solivri","twitter_card":"summary_large_image","twitter_creator":"@justiceinfonet","twitter_site":"@justiceinfonet","twitter_misc":{"\u00c9crit par":"solivri","Dur\u00e9e de lecture estim\u00e9e":"4 minutes"},"schema":{"@context":"https:\/\/schema.org","@graph":[{"@type":"NewsArticle","@id":"https:\/\/www.justiceinfo.net\/fr\/9119-010408-rwandacanada-une-conference-sur-le-genocide-rwandais-dechaine-les-passions-au-canada5920.html#article","isPartOf":{"@id":"https:\/\/www.justiceinfo.net\/fr\/9119-010408-rwandacanada-une-conference-sur-le-genocide-rwandais-dechaine-les-passions-au-canada5920.html"},"author":{"name":"solivri","@id":"https:\/\/www.justiceinfo.net\/fr#\/schema\/person\/6e53cba1629e2e66f3fc1821d3091865"},"headline":"01.04.08 - RWANDA\/CANADA - UNE CONFERENCE SUR LE GENOCIDE RWANDAIS DECHAINE LES PASSIONS AU CANADA","datePublished":"2008-03-31T21:00:00+00:00","mainEntityOfPage":{"@id":"https:\/\/www.justiceinfo.net\/fr\/9119-010408-rwandacanada-une-conference-sur-le-genocide-rwandais-dechaine-les-passions-au-canada5920.html"},"wordCount":751,"commentCount":0,"publisher":{"@id":"https:\/\/www.justiceinfo.net\/fr#organization"},"articleSection":["Hirondelle News"],"inLanguage":"fr-FR","potentialAction":[{"@type":"CommentAction","name":"Comment","target":["https:\/\/www.justiceinfo.net\/fr\/9119-010408-rwandacanada-une-conference-sur-le-genocide-rwandais-dechaine-les-passions-au-canada5920.html#respond"]}]},{"@type":"WebPage","@id":"https:\/\/www.justiceinfo.net\/fr\/9119-010408-rwandacanada-une-conference-sur-le-genocide-rwandais-dechaine-les-passions-au-canada5920.html","url":"https:\/\/www.justiceinfo.net\/fr\/9119-010408-rwandacanada-une-conference-sur-le-genocide-rwandais-dechaine-les-passions-au-canada5920.html","name":"01.04.08 - RWANDA\/CANADA - UNE CONFERENCE SUR LE GENOCIDE RWANDAIS DECHAINE LES PASSIONS AU CANADA - JusticeInfo.net","isPartOf":{"@id":"https:\/\/www.justiceinfo.net\/fr#website"},"datePublished":"2008-03-31T21:00:00+00:00","breadcrumb":{"@id":"https:\/\/www.justiceinfo.net\/fr\/9119-010408-rwandacanada-une-conference-sur-le-genocide-rwandais-dechaine-les-passions-au-canada5920.html#breadcrumb"},"inLanguage":"fr-FR","potentialAction":[{"@type":"ReadAction","target":["https:\/\/www.justiceinfo.net\/fr\/9119-010408-rwandacanada-une-conference-sur-le-genocide-rwandais-dechaine-les-passions-au-canada5920.html"]}]},{"@type":"BreadcrumbList","@id":"https:\/\/www.justiceinfo.net\/fr\/9119-010408-rwandacanada-une-conference-sur-le-genocide-rwandais-dechaine-les-passions-au-canada5920.html#breadcrumb","itemListElement":[{"@type":"ListItem","position":1,"name":"Home","item":"https:\/\/www.justiceinfo.net\/fr"},{"@type":"ListItem","position":2,"name":"01.04.08 - RWANDA\/CANADA - UNE CONFERENCE SUR LE GENOCIDE RWANDAIS DECHAINE LES PASSIONS AU CANADA"}]},{"@type":"WebSite","@id":"https:\/\/www.justiceinfo.net\/fr#website","url":"https:\/\/www.justiceinfo.net\/fr","name":"JusticeInfo.net","description":"La justice doit \u00eatre vue pour \u00eatre rendue","publisher":{"@id":"https:\/\/www.justiceinfo.net\/fr#organization"},"potentialAction":[{"@type":"SearchAction","target":{"@type":"EntryPoint","urlTemplate":"https:\/\/www.justiceinfo.net\/fr?s={search_term_string}"},"query-input":{"@type":"PropertyValueSpecification","valueRequired":true,"valueName":"search_term_string"}}],"inLanguage":"fr-FR"},{"@type":"Organization","@id":"https:\/\/www.justiceinfo.net\/fr#organization","name":"Justice Info","url":"https:\/\/www.justiceinfo.net\/fr","logo":{"@type":"ImageObject","inLanguage":"fr-FR","@id":"https:\/\/www.justiceinfo.net\/fr#\/schema\/logo\/image\/","url":"https:\/\/www.justiceinfo.net\/wp-content\/uploads\/justiceinfo_logo-trans_1200x1200px.png","contentUrl":"https:\/\/www.justiceinfo.net\/wp-content\/uploads\/justiceinfo_logo-trans_1200x1200px.png","width":1199,"height":1200,"caption":"Justice Info"},"image":{"@id":"https:\/\/www.justiceinfo.net\/fr#\/schema\/logo\/image\/"},"sameAs":["https:\/\/www.facebook.com\/JusticeInfo\/","https:\/\/x.com\/justiceinfonet","https:\/\/www.linkedin.com\/company\/justice-info","https:\/\/www.youtube.com\/channel\/UCyCEsARodyuWtkWyhn-e7pA"]},{"@type":"Person","name":"solivri","url":"\/fr\/?s=solivri"}]}},"_links":{"self":[{"href":"https:\/\/www.justiceinfo.net\/fr\/wp-json\/wp\/v2\/posts\/9119","targetHints":{"allow":["GET"]}}],"collection":[{"href":"https:\/\/www.justiceinfo.net\/fr\/wp-json\/wp\/v2\/posts"}],"about":[{"href":"https:\/\/www.justiceinfo.net\/fr\/wp-json\/wp\/v2\/types\/post"}],"author":[{"embeddable":true,"href":"https:\/\/www.justiceinfo.net\/fr\/wp-json\/wp\/v2\/users\/64"}],"replies":[{"embeddable":true,"href":"https:\/\/www.justiceinfo.net\/fr\/wp-json\/wp\/v2\/comments?post=9119"}],"version-history":[{"count":0,"href":"https:\/\/www.justiceinfo.net\/fr\/wp-json\/wp\/v2\/posts\/9119\/revisions"}],"wp:attachment":[{"href":"https:\/\/www.justiceinfo.net\/fr\/wp-json\/wp\/v2\/media?parent=9119"}],"wp:term":[{"taxonomy":"category","embeddable":true,"href":"https:\/\/www.justiceinfo.net\/fr\/wp-json\/wp\/v2\/categories?post=9119"},{"taxonomy":"post_tag","embeddable":true,"href":"https:\/\/www.justiceinfo.net\/fr\/wp-json\/wp\/v2\/tags?post=9119"},{"taxonomy":"ji_location","embeddable":true,"href":"https:\/\/www.justiceinfo.net\/fr\/wp-json\/wp\/v2\/ji_location?post=9119"}],"curies":[{"name":"wp","href":"https:\/\/api.w.org\/{rel}","templated":true}]}}