{"id":9124,"date":"2008-04-01T23:00:00","date_gmt":"2008-04-01T21:00:00","guid":{"rendered":"https:\/\/www.justiceinfo.net\/9124-020408-rwandacanada-les-familles-de-deux-pretres-canadiens-assassines-demandent-justice5925.html"},"modified":"2008-04-01T23:00:00","modified_gmt":"2008-04-01T21:00:00","slug":"020408-rwandacanada-les-familles-de-deux-pretres-canadiens-assassines-demandent-justice5925","status":"publish","type":"post","link":"https:\/\/www.justiceinfo.net\/fr\/9124-020408-rwandacanada-les-familles-de-deux-pretres-canadiens-assassines-demandent-justice5925.html","title":{"rendered":"02.04.08 - RWANDA\/CANADA - LES FAMILLES DE DEUX PR\u00caTRES CANADIENS ASSASSIN\u00c9S DEMANDENT JUSTICE"},"content":{"rendered":"<p>Montr&eacute;al, 2 avril 2008 (FH) &ndash; Les familles de deux religieux canadiens, les p&egrave;res Claude Simard et Guy Pinard, assassin&eacute;s au Rwanda en 1994 et en 1997, ont d&eacute;plor&eacute; vendredi dans une conf&eacute;rence &agrave; Montr&eacute;al l&rsquo;inaction du gouvernement canadien dans la recherche des meurtriers de leur proches.<br \/>\n<!--more-->&laquo; Nous n&rsquo;avons aucune nouvelle du gouvernement canadien depuis le d&eacute;c&egrave;s de mon fr&egrave;re. Nous n&rsquo;avons jamais rien re&ccedil;u &raquo;, a d&eacute;clar&eacute; lors d&rsquo;une conf&eacute;rence de presse Gilles Pinard. Son fr&egrave;re, le missionnaire Guy Pinard, vivait au Rwanda depuis pr&egrave;s de 35 ans, lorsqu&rsquo;il a &eacute;t&eacute; assassin&eacute; le 2 f&eacute;vrier 1997. Il finissait de c&eacute;l&eacute;brer la messe dans l&rsquo;&eacute;glise de Kampanga, pr&egrave;s de Ruhengeri (nord-ouest du pays). <\/p>\n<p>&laquo;Il a &eacute;t&eacute; tu&eacute; parce qu'il a &eacute;t&eacute; t&eacute;moin de la mort de trois m&eacute;decins espagnols, travaillant pour l'organisation M&eacute;decins du Monde. En outre, il avait d&eacute;couvert un charnier de 80 cadavres dans la cour de l'&eacute;cole du village o&ugrave; il oeuvrait. L'arm&eacute;e a voulu le faire taire &raquo;, a dit son fr&egrave;re &agrave; la presse. <\/p>\n<p>Selon l&rsquo;avocat espagnol Jordi Palou-Loverdos, pr&eacute;sent lors de la conf&eacute;rence de presse, l&rsquo;instigateur du meurtre serait le lieutenant-colonel Karake Karenzi, chef des services de renseignement militaire &agrave; l'&eacute;poque et aujourd&rsquo;hui commandant adjoint de la Force de l'ONU et de l'Union africaine au Soudan. <\/p>\n<p>Le nom de M. Karenzi figure sur la liste des quarante anciens haut grad&eacute;s du FPR (Front patriotique rwandais, ancien parti tutsi du pr&eacute;sident du Rwanda Paul Kagam&eacute;) qui font l&rsquo;objet d&rsquo;un mandat d&rsquo;arr&ecirc;t international &eacute;mis par la justice espagnole en f&eacute;vrier 2008. Selon Me Palou-Loverdos, Interpol aurait &eacute;t&eacute; saisie de ce dossier depuis deux semaines. <\/p>\n<p>Le p&egrave;re Claude Simard a quant &agrave; lui &eacute;t&eacute; assassin&eacute; &agrave; coups de marteau le 18 octobre 1994 &agrave; Ruyenzi (sud) o&ugrave; il r&eacute;sidait. Il revenait de Kigali o&ugrave; il avait inform&eacute; les autorit&eacute;s rwandaises des disparitions et assassinats constat&eacute;s dans sa commune de r&eacute;sidence. <\/p>\n<p>Me Palou-Loverdos a d&eacute;clar&eacute; &agrave; Montr&eacute;al que la justice espagnole attribuait cet assassinat &agrave; Fred Ibingira, qui commandait alors le 157e bataillon de l'Arm&eacute;e patriotique rwandaise. <\/p>\n<p>Pour l&rsquo;avocat espagnol, qui repr&eacute;sente des familles de Catalans et de Rwandais assassin&eacute;s apr&egrave;s le g&eacute;nocide de 1994, les deux pr&ecirc;tres canadiens ont &eacute;t&eacute; assassin&eacute;s car &laquo; ils constituaient des t&eacute;moins g&ecirc;nants, qui en savaient beaucoup sur les massacres qui avaient eu lieu dans les communes o&ugrave; ils vivaient &raquo;. <\/p>\n<p>&laquo; Nous remercions le repr&eacute;sentant de l'Espagne, qui nous fait un peu l'historique de toute cette trag&eacute;die, et nous esp&eacute;rons que le Canada en fasse autant &raquo;, a dit Gilles Pinard. <\/p>\n<p>Au moment ou se tenait cette conf&eacute;rence de presse, Maxime Bernier, le ministre canadien des affaires &eacute;trang&egrave;res, visitait les troupes de l&rsquo;ONU et de l&rsquo;Union africaine d&eacute;ploy&eacute;es au Soudan. &laquo; Peut-&ecirc;tre que Maxime Bernier va rencontrer le responsable de certains assassinats, mais je doute fort que M. Bernier ait le nom de Guy Pinard dans la t&ecirc;te &raquo;, a poursuivi M. Pinard. <\/p>\n<p>Contact&eacute; au Soudan par Le Journal de Montr&eacute;al, le chef de la diplomatie canadienne a ni&eacute; avoir rencontr&eacute; Karake Karenzi. &laquo;Ce nom ne me dit rien &raquo;, a-t-il dit. Il a cependant dit qu&rsquo;il chargerait son cabinet de pr&eacute;parer un dossier concernant la mort des deux p&egrave;res canadiens. &laquo;Je pourrai alors donner la position du gouvernement canadien&raquo;, a conclu Maxime Bernier. <\/p>\n<p>\nCS\/PB\/GF\n<\/p>\n<p>\n&copy; Agence Hirondelle<\/p>\n","protected":false},"excerpt":{"rendered":"<p>Montr&eacute;al, 2 avril 2008 (FH) &ndash; Les familles de deux religieux canadiens, les p&egrave;res Claude Simard et Guy Pinard, assassin&eacute;s au Rwanda en 1994 et en 1997, ont d&eacute;plor&eacute; vendredi dans une conf&eacute;rence &agrave; Montr&eacute;al l&rsquo;inaction du gouvernement canadien dans la recherche des meurtriers de leur proches.<\/p>\n","protected":false},"author":64,"featured_media":0,"comment_status":"open","ping_status":"closed","sticky":false,"template":"","format":"standard","meta":{"_acf_changed":false,"footnotes":""},"categories":[554],"tags":[],"ji_location":[],"class_list":["post-9124","post","type-post","status-publish","format-standard","hentry","category-hirondellenews"],"acf":[],"yoast_head":"<!-- This site is optimized with the Yoast SEO Premium plugin v25.3.1 (Yoast SEO v25.3.1) - https:\/\/yoast.com\/wordpress\/plugins\/seo\/ -->\n<title>02.04.08 - RWANDA\/CANADA - LES FAMILLES DE DEUX PR\u00caTRES CANADIENS ASSASSIN\u00c9S DEMANDENT JUSTICE - JusticeInfo.net<\/title>\n<meta name=\"robots\" content=\"index, follow, max-snippet:-1, max-image-preview:large, max-video-preview:-1\" \/>\n<link rel=\"canonical\" href=\"https:\/\/www.justiceinfo.net\/fr\/9124-020408-rwandacanada-les-familles-de-deux-pretres-canadiens-assassines-demandent-justice5925.html\" \/>\n<meta property=\"og:locale\" content=\"fr_FR\" \/>\n<meta property=\"og:type\" content=\"article\" \/>\n<meta property=\"og:title\" content=\"02.04.08 - RWANDA\/CANADA - LES FAMILLES DE DEUX PR\u00caTRES CANADIENS ASSASSIN\u00c9S DEMANDENT JUSTICE\" \/>\n<meta property=\"og:description\" content=\"Montr&eacute;al, 2 avril 2008 (FH) &ndash; Les familles de deux religieux canadiens, les p&egrave;res Claude Simard et Guy Pinard, assassin&eacute;s au Rwanda en 1994 et en 1997, ont d&eacute;plor&eacute; vendredi dans une conf&eacute;rence &agrave; Montr&eacute;al l&rsquo;inaction du gouvernement canadien dans la recherche des meurtriers de leur proches.\" \/>\n<meta property=\"og:url\" content=\"https:\/\/www.justiceinfo.net\/fr\/9124-020408-rwandacanada-les-familles-de-deux-pretres-canadiens-assassines-demandent-justice5925.html\" \/>\n<meta property=\"og:site_name\" content=\"JusticeInfo.net\" \/>\n<meta property=\"article:publisher\" content=\"https:\/\/www.facebook.com\/JusticeInfo\/\" \/>\n<meta property=\"article:published_time\" content=\"2008-04-01T21:00:00+00:00\" \/>\n<meta property=\"og:image\" content=\"https:\/\/www.justiceinfo.net\/wp-content\/uploads\/JusticeInfoNet_logo_1200x630px.jpg\" \/>\n\t<meta property=\"og:image:width\" content=\"1200\" \/>\n\t<meta property=\"og:image:height\" content=\"630\" \/>\n\t<meta property=\"og:image:type\" content=\"image\/jpeg\" \/>\n<meta name=\"author\" content=\"solivri\" \/>\n<meta name=\"twitter:card\" content=\"summary_large_image\" \/>\n<meta name=\"twitter:creator\" content=\"@justiceinfonet\" \/>\n<meta name=\"twitter:site\" content=\"@justiceinfonet\" \/>\n<meta name=\"twitter:label1\" content=\"\u00c9crit par\" \/>\n\t<meta name=\"twitter:data1\" content=\"solivri\" \/>\n\t<meta name=\"twitter:label2\" content=\"Dur\u00e9e de lecture estim\u00e9e\" \/>\n\t<meta name=\"twitter:data2\" content=\"4 minutes\" \/>\n<script type=\"application\/ld+json\" class=\"yoast-schema-graph\">{\"@context\":\"https:\/\/schema.org\",\"@graph\":[{\"@type\":\"NewsArticle\",\"@id\":\"https:\/\/www.justiceinfo.net\/fr\/9124-020408-rwandacanada-les-familles-de-deux-pretres-canadiens-assassines-demandent-justice5925.html#article\",\"isPartOf\":{\"@id\":\"https:\/\/www.justiceinfo.net\/fr\/9124-020408-rwandacanada-les-familles-de-deux-pretres-canadiens-assassines-demandent-justice5925.html\"},\"author\":{\"name\":\"solivri\",\"@id\":\"https:\/\/www.justiceinfo.net\/fr#\/schema\/person\/6e53cba1629e2e66f3fc1821d3091865\"},\"headline\":\"02.04.08 - RWANDA\/CANADA - LES FAMILLES DE DEUX PR\u00caTRES CANADIENS ASSASSIN\u00c9S DEMANDENT JUSTICE\",\"datePublished\":\"2008-04-01T21:00:00+00:00\",\"mainEntityOfPage\":{\"@id\":\"https:\/\/www.justiceinfo.net\/fr\/9124-020408-rwandacanada-les-familles-de-deux-pretres-canadiens-assassines-demandent-justice5925.html\"},\"wordCount\":747,\"commentCount\":0,\"publisher\":{\"@id\":\"https:\/\/www.justiceinfo.net\/fr#organization\"},\"articleSection\":[\"Hirondelle News\"],\"inLanguage\":\"fr-FR\",\"potentialAction\":[{\"@type\":\"CommentAction\",\"name\":\"Comment\",\"target\":[\"https:\/\/www.justiceinfo.net\/fr\/9124-020408-rwandacanada-les-familles-de-deux-pretres-canadiens-assassines-demandent-justice5925.html#respond\"]}]},{\"@type\":\"WebPage\",\"@id\":\"https:\/\/www.justiceinfo.net\/fr\/9124-020408-rwandacanada-les-familles-de-deux-pretres-canadiens-assassines-demandent-justice5925.html\",\"url\":\"https:\/\/www.justiceinfo.net\/fr\/9124-020408-rwandacanada-les-familles-de-deux-pretres-canadiens-assassines-demandent-justice5925.html\",\"name\":\"02.04.08 - RWANDA\/CANADA - LES FAMILLES DE DEUX PR\u00caTRES CANADIENS ASSASSIN\u00c9S DEMANDENT JUSTICE - JusticeInfo.net\",\"isPartOf\":{\"@id\":\"https:\/\/www.justiceinfo.net\/fr#website\"},\"datePublished\":\"2008-04-01T21:00:00+00:00\",\"breadcrumb\":{\"@id\":\"https:\/\/www.justiceinfo.net\/fr\/9124-020408-rwandacanada-les-familles-de-deux-pretres-canadiens-assassines-demandent-justice5925.html#breadcrumb\"},\"inLanguage\":\"fr-FR\",\"potentialAction\":[{\"@type\":\"ReadAction\",\"target\":[\"https:\/\/www.justiceinfo.net\/fr\/9124-020408-rwandacanada-les-familles-de-deux-pretres-canadiens-assassines-demandent-justice5925.html\"]}]},{\"@type\":\"BreadcrumbList\",\"@id\":\"https:\/\/www.justiceinfo.net\/fr\/9124-020408-rwandacanada-les-familles-de-deux-pretres-canadiens-assassines-demandent-justice5925.html#breadcrumb\",\"itemListElement\":[{\"@type\":\"ListItem\",\"position\":1,\"name\":\"Home\",\"item\":\"https:\/\/www.justiceinfo.net\/fr\"},{\"@type\":\"ListItem\",\"position\":2,\"name\":\"02.04.08 - RWANDA\/CANADA - LES FAMILLES DE DEUX PR\u00caTRES CANADIENS ASSASSIN\u00c9S DEMANDENT JUSTICE\"}]},{\"@type\":\"WebSite\",\"@id\":\"https:\/\/www.justiceinfo.net\/fr#website\",\"url\":\"https:\/\/www.justiceinfo.net\/fr\",\"name\":\"JusticeInfo.net\",\"description\":\"La justice doit \u00eatre vue pour \u00eatre rendue\",\"publisher\":{\"@id\":\"https:\/\/www.justiceinfo.net\/fr#organization\"},\"potentialAction\":[{\"@type\":\"SearchAction\",\"target\":{\"@type\":\"EntryPoint\",\"urlTemplate\":\"https:\/\/www.justiceinfo.net\/fr?s={search_term_string}\"},\"query-input\":{\"@type\":\"PropertyValueSpecification\",\"valueRequired\":true,\"valueName\":\"search_term_string\"}}],\"inLanguage\":\"fr-FR\"},{\"@type\":\"Organization\",\"@id\":\"https:\/\/www.justiceinfo.net\/fr#organization\",\"name\":\"Justice Info\",\"url\":\"https:\/\/www.justiceinfo.net\/fr\",\"logo\":{\"@type\":\"ImageObject\",\"inLanguage\":\"fr-FR\",\"@id\":\"https:\/\/www.justiceinfo.net\/fr#\/schema\/logo\/image\/\",\"url\":\"https:\/\/www.justiceinfo.net\/wp-content\/uploads\/justiceinfo_logo-trans_1200x1200px.png\",\"contentUrl\":\"https:\/\/www.justiceinfo.net\/wp-content\/uploads\/justiceinfo_logo-trans_1200x1200px.png\",\"width\":1199,\"height\":1200,\"caption\":\"Justice Info\"},\"image\":{\"@id\":\"https:\/\/www.justiceinfo.net\/fr#\/schema\/logo\/image\/\"},\"sameAs\":[\"https:\/\/www.facebook.com\/JusticeInfo\/\",\"https:\/\/x.com\/justiceinfonet\",\"https:\/\/www.linkedin.com\/company\/justice-info\",\"https:\/\/www.youtube.com\/channel\/UCyCEsARodyuWtkWyhn-e7pA\"]},{\"@type\":\"Person\",\"name\":\"solivri\",\"url\":\"\/fr\/?s=solivri\"}]}<\/script>\n<!-- \/ Yoast SEO Premium plugin. -->","yoast_head_json":{"title":"02.04.08 - RWANDA\/CANADA - LES FAMILLES DE DEUX PR\u00caTRES CANADIENS ASSASSIN\u00c9S DEMANDENT JUSTICE - JusticeInfo.net","robots":{"index":"index","follow":"follow","max-snippet":"max-snippet:-1","max-image-preview":"max-image-preview:large","max-video-preview":"max-video-preview:-1"},"canonical":"https:\/\/www.justiceinfo.net\/fr\/9124-020408-rwandacanada-les-familles-de-deux-pretres-canadiens-assassines-demandent-justice5925.html","og_locale":"fr_FR","og_type":"article","og_title":"02.04.08 - RWANDA\/CANADA - LES FAMILLES DE DEUX PR\u00caTRES CANADIENS ASSASSIN\u00c9S DEMANDENT JUSTICE","og_description":"Montr&eacute;al, 2 avril 2008 (FH) &ndash; Les familles de deux religieux canadiens, les p&egrave;res Claude Simard et Guy Pinard, assassin&eacute;s au Rwanda en 1994 et en 1997, ont d&eacute;plor&eacute; vendredi dans une conf&eacute;rence &agrave; Montr&eacute;al l&rsquo;inaction du gouvernement canadien dans la recherche des meurtriers de leur proches.","og_url":"https:\/\/www.justiceinfo.net\/fr\/9124-020408-rwandacanada-les-familles-de-deux-pretres-canadiens-assassines-demandent-justice5925.html","og_site_name":"JusticeInfo.net","article_publisher":"https:\/\/www.facebook.com\/JusticeInfo\/","article_published_time":"2008-04-01T21:00:00+00:00","og_image":[{"width":1200,"height":630,"url":"https:\/\/www.justiceinfo.net\/wp-content\/uploads\/JusticeInfoNet_logo_1200x630px.jpg","type":"image\/jpeg"}],"author":"solivri","twitter_card":"summary_large_image","twitter_creator":"@justiceinfonet","twitter_site":"@justiceinfonet","twitter_misc":{"\u00c9crit par":"solivri","Dur\u00e9e de lecture estim\u00e9e":"4 minutes"},"schema":{"@context":"https:\/\/schema.org","@graph":[{"@type":"NewsArticle","@id":"https:\/\/www.justiceinfo.net\/fr\/9124-020408-rwandacanada-les-familles-de-deux-pretres-canadiens-assassines-demandent-justice5925.html#article","isPartOf":{"@id":"https:\/\/www.justiceinfo.net\/fr\/9124-020408-rwandacanada-les-familles-de-deux-pretres-canadiens-assassines-demandent-justice5925.html"},"author":{"name":"solivri","@id":"https:\/\/www.justiceinfo.net\/fr#\/schema\/person\/6e53cba1629e2e66f3fc1821d3091865"},"headline":"02.04.08 - RWANDA\/CANADA - LES FAMILLES DE DEUX PR\u00caTRES CANADIENS ASSASSIN\u00c9S DEMANDENT JUSTICE","datePublished":"2008-04-01T21:00:00+00:00","mainEntityOfPage":{"@id":"https:\/\/www.justiceinfo.net\/fr\/9124-020408-rwandacanada-les-familles-de-deux-pretres-canadiens-assassines-demandent-justice5925.html"},"wordCount":747,"commentCount":0,"publisher":{"@id":"https:\/\/www.justiceinfo.net\/fr#organization"},"articleSection":["Hirondelle News"],"inLanguage":"fr-FR","potentialAction":[{"@type":"CommentAction","name":"Comment","target":["https:\/\/www.justiceinfo.net\/fr\/9124-020408-rwandacanada-les-familles-de-deux-pretres-canadiens-assassines-demandent-justice5925.html#respond"]}]},{"@type":"WebPage","@id":"https:\/\/www.justiceinfo.net\/fr\/9124-020408-rwandacanada-les-familles-de-deux-pretres-canadiens-assassines-demandent-justice5925.html","url":"https:\/\/www.justiceinfo.net\/fr\/9124-020408-rwandacanada-les-familles-de-deux-pretres-canadiens-assassines-demandent-justice5925.html","name":"02.04.08 - RWANDA\/CANADA - LES FAMILLES DE DEUX PR\u00caTRES CANADIENS ASSASSIN\u00c9S DEMANDENT JUSTICE - JusticeInfo.net","isPartOf":{"@id":"https:\/\/www.justiceinfo.net\/fr#website"},"datePublished":"2008-04-01T21:00:00+00:00","breadcrumb":{"@id":"https:\/\/www.justiceinfo.net\/fr\/9124-020408-rwandacanada-les-familles-de-deux-pretres-canadiens-assassines-demandent-justice5925.html#breadcrumb"},"inLanguage":"fr-FR","potentialAction":[{"@type":"ReadAction","target":["https:\/\/www.justiceinfo.net\/fr\/9124-020408-rwandacanada-les-familles-de-deux-pretres-canadiens-assassines-demandent-justice5925.html"]}]},{"@type":"BreadcrumbList","@id":"https:\/\/www.justiceinfo.net\/fr\/9124-020408-rwandacanada-les-familles-de-deux-pretres-canadiens-assassines-demandent-justice5925.html#breadcrumb","itemListElement":[{"@type":"ListItem","position":1,"name":"Home","item":"https:\/\/www.justiceinfo.net\/fr"},{"@type":"ListItem","position":2,"name":"02.04.08 - RWANDA\/CANADA - LES FAMILLES DE DEUX PR\u00caTRES CANADIENS ASSASSIN\u00c9S DEMANDENT JUSTICE"}]},{"@type":"WebSite","@id":"https:\/\/www.justiceinfo.net\/fr#website","url":"https:\/\/www.justiceinfo.net\/fr","name":"JusticeInfo.net","description":"La justice doit \u00eatre vue pour \u00eatre rendue","publisher":{"@id":"https:\/\/www.justiceinfo.net\/fr#organization"},"potentialAction":[{"@type":"SearchAction","target":{"@type":"EntryPoint","urlTemplate":"https:\/\/www.justiceinfo.net\/fr?s={search_term_string}"},"query-input":{"@type":"PropertyValueSpecification","valueRequired":true,"valueName":"search_term_string"}}],"inLanguage":"fr-FR"},{"@type":"Organization","@id":"https:\/\/www.justiceinfo.net\/fr#organization","name":"Justice Info","url":"https:\/\/www.justiceinfo.net\/fr","logo":{"@type":"ImageObject","inLanguage":"fr-FR","@id":"https:\/\/www.justiceinfo.net\/fr#\/schema\/logo\/image\/","url":"https:\/\/www.justiceinfo.net\/wp-content\/uploads\/justiceinfo_logo-trans_1200x1200px.png","contentUrl":"https:\/\/www.justiceinfo.net\/wp-content\/uploads\/justiceinfo_logo-trans_1200x1200px.png","width":1199,"height":1200,"caption":"Justice Info"},"image":{"@id":"https:\/\/www.justiceinfo.net\/fr#\/schema\/logo\/image\/"},"sameAs":["https:\/\/www.facebook.com\/JusticeInfo\/","https:\/\/x.com\/justiceinfonet","https:\/\/www.linkedin.com\/company\/justice-info","https:\/\/www.youtube.com\/channel\/UCyCEsARodyuWtkWyhn-e7pA"]},{"@type":"Person","name":"solivri","url":"\/fr\/?s=solivri"}]}},"_links":{"self":[{"href":"https:\/\/www.justiceinfo.net\/fr\/wp-json\/wp\/v2\/posts\/9124","targetHints":{"allow":["GET"]}}],"collection":[{"href":"https:\/\/www.justiceinfo.net\/fr\/wp-json\/wp\/v2\/posts"}],"about":[{"href":"https:\/\/www.justiceinfo.net\/fr\/wp-json\/wp\/v2\/types\/post"}],"author":[{"embeddable":true,"href":"https:\/\/www.justiceinfo.net\/fr\/wp-json\/wp\/v2\/users\/64"}],"replies":[{"embeddable":true,"href":"https:\/\/www.justiceinfo.net\/fr\/wp-json\/wp\/v2\/comments?post=9124"}],"version-history":[{"count":0,"href":"https:\/\/www.justiceinfo.net\/fr\/wp-json\/wp\/v2\/posts\/9124\/revisions"}],"wp:attachment":[{"href":"https:\/\/www.justiceinfo.net\/fr\/wp-json\/wp\/v2\/media?parent=9124"}],"wp:term":[{"taxonomy":"category","embeddable":true,"href":"https:\/\/www.justiceinfo.net\/fr\/wp-json\/wp\/v2\/categories?post=9124"},{"taxonomy":"post_tag","embeddable":true,"href":"https:\/\/www.justiceinfo.net\/fr\/wp-json\/wp\/v2\/tags?post=9124"},{"taxonomy":"ji_location","embeddable":true,"href":"https:\/\/www.justiceinfo.net\/fr\/wp-json\/wp\/v2\/ji_location?post=9124"}],"curies":[{"name":"wp","href":"https:\/\/api.w.org\/{rel}","templated":true}]}}