{"id":9138,"date":"2008-04-03T23:00:00","date_gmt":"2008-04-03T21:00:00","guid":{"rendered":"https:\/\/www.justiceinfo.net\/9138-040408-tpirseromba-la-chambre-dappel-du-tpir-manoeuvre-entre-le-droit-et-les-faits5939.html"},"modified":"2008-04-03T23:00:00","modified_gmt":"2008-04-03T21:00:00","slug":"040408-tpirseromba-la-chambre-dappel-du-tpir-manoeuvre-entre-le-droit-et-les-faits5939","status":"publish","type":"post","link":"https:\/\/www.justiceinfo.net\/fr\/9138-040408-tpirseromba-la-chambre-dappel-du-tpir-manoeuvre-entre-le-droit-et-les-faits5939.html","title":{"rendered":"04.04.08 - TPIR\/SEROMBA - LA CHAMBRE D'APPEL DU TPIR MANOEUVRE ENTRE LE DROIT ET LES FAITS"},"content":{"rendered":"<p>La Haye, 4 avril 2008 (FH) - En jugeant coupable le p&egrave;re Athanase Seromba d'avoir commis des actes de g&eacute;nocide et non plus de les avoir aid&eacute; ou d'en &ecirc;tre le complice, la chambre d'appel du Tribunal p&eacute;nal international pour le Rwanda (TPIR) a d&eacute;montr&eacute; que les limites de principe de sa comp&eacute;tence &eacute;taient flexibles.<br \/>\n<!--more-->La Chambre d&rsquo;appel est en effet soumise &agrave; un certain nombre de crit&egrave;res &eacute;tablis. G&eacute;n&eacute;ralement, avant qu&rsquo;elle n&rsquo;examine les moyens d&rsquo;appel invoqu&eacute;s, elle prend soin de rappeler ces crit&egrave;res qui rel&egrave;vent de la pratique des Cours et ont &eacute;volu&eacute; au fil de la jurisprudence.<\/p>\n<p>Dans l&rsquo;arr&ecirc;t Seromba prononc&eacute; il y a peu, la Chambre d&rsquo;appel du TPIR ne s&rsquo;y attarde pas, elle se borne &agrave; rappeler les principes g&eacute;n&eacute;raux. Elle rappelle qu&rsquo;en vertu de l&rsquo;article 24 du Statut du Tribunal international, elle examine &laquo; les erreurs de droit qui invalident la d&eacute;cision de la Chambre de premi&egrave;re instance et les erreurs de fait qui ont entra&icirc;n&eacute; un d&eacute;ni de justice (reviews errors of law which invalidate the decision of the Trial Chamber and errors of fact which have occasioned a miscarriage of justice) &raquo;. L&rsquo;appel ne peut pas consister en la simple r&eacute;&eacute;valuation des arguments soulev&eacute;s en premi&egrave;re instance.<\/p>\n<p>Tandis que la Chambre de premi&egrave;re instance avait reconnu Athanase Seromba coupable &laquo; d&rsquo;aide et de complicit&eacute; &raquo; dans les actes de g&eacute;nocide perp&eacute;tr&eacute;s &agrave; l&rsquo;&eacute;glise de Nyange, la Chambre d&rsquo;appel a requalifi&eacute; le mode de participation de l&rsquo;accus&eacute; et a consid&eacute;r&eacute; qu&rsquo;il avait &laquo; commis &raquo; les actes de g&eacute;nocide.<\/p>\n<p>A cette occasion, la Chambre d&rsquo;appel a cr&eacute;&eacute; une troisi&egrave;me forme de &laquo; commission &raquo; dans la continuit&eacute; de ce que la m&ecirc;me Chambre, autrement compos&eacute;e, avait commenc&eacute; de faire dans l&rsquo;affaire Gacumbitsi.<\/p>\n<p>Une telle requalification entre-t-elle dans son champ de comp&eacute;tence ?<\/p>\n<p>Il est de jurisprudence constante devant les deux Tribunaux ad hoc, que la proc&eacute;dure d&rsquo;appel &laquo; est de nature corrective et ne donne pas lieu &agrave; un examen de novo de l&rsquo;affaire &raquo; (arr&ecirc;t Vasiljevic 25.02.04, &sect;5). En effet, la Chambre d&rsquo;appel &laquo; ne fonctionne pas comme une seconde Chambre de premi&egrave;re instance &raquo; (arr&ecirc;t Furundzija 21.07.00, &sect;40). Il en est ainsi tant pour les recours form&eacute;s contre la d&eacute;claration de culpabilit&eacute; que ceux contre la peine.<\/p>\n<p>L&rsquo;erreur de droit peut &ecirc;tre d&eacute;finie comme une mauvaise application de la r&egrave;gle de droit aux faits jug&eacute;s. Mais la Chambre d&rsquo;appel n&rsquo;est autoris&eacute;e &agrave; &laquo; annuler ou r&eacute;viser une d&eacute;cision rendue par une Chambre de premi&egrave;re instance que lorsque l&rsquo;erreur (&hellip;) invalide ladite d&eacute;cision &raquo; (arr&ecirc;t Furundzija 21.07.00, &sect;36). Il appartient &agrave; l&rsquo;appelant d&rsquo;en rapporter la preuve.<\/p>\n<p>A l&rsquo;erreur de fait est appliqu&eacute;e le crit&egrave;re du &laquo; caract&egrave;re raisonnable &raquo; qui consiste &agrave; d&eacute;terminer si aucun juge du fait n&rsquo;aurait pu raisonnablement conclure &agrave; la culpabilit&eacute; de l&rsquo;accus&eacute; au-del&agrave; de tout doute raisonnable. L&rsquo;appelant doit d&eacute;montrer que cette erreur a entra&icirc;n&eacute; un d&eacute;ni de justice qui s&rsquo;entent comme &laquo; le r&eacute;sultat d&rsquo;une injustice flagrante d&rsquo;une proc&eacute;dure judiciaire, comme lorsqu&rsquo;un accus&eacute; est condamn&eacute;, malgr&eacute; l&rsquo;absence de preuves relatives &agrave; un &eacute;l&eacute;ment essentiel du crime &raquo; (Black&rsquo;s Dictionary Law, 7th ed., St Paul, Minn. 1999).<\/p>\n<p>La Chambre d&rsquo;appel, dans l&rsquo;affaire Seromba, a remis en cause nombre de ces crit&egrave;res d&rsquo;examen.<\/p>\n<p>Le Juge Liu Daqun, dans son opinion dissidente dans cette affaire, d&eacute;nonce que &laquo; les conclusions factuelles [de la Chambre d&rsquo;appel] ne se basent pas toutes sur [celles] qui ont &eacute;t&eacute; produites par la Chambre de premi&egrave;re instance (The Majority&rsquo;s factuals conclusions are not all based on findings of fact that have been made by the Trial Chamber)&raquo;. Pour partie, elle a substitu&eacute; les siennes.<\/p>\n<p>Aussi, il rappelle que pour d&eacute;clarer Athanase Seromba coupable de &laquo; commission &raquo; de g&eacute;nocide, elle est all&eacute;e chercher des &eacute;l&eacute;ments dans les transcripts du proc&egrave;s de premi&egrave;re instance et a compl&eacute;t&eacute; les conclusions de la premi&egrave;re Chambre avec des t&eacute;moignages qui n&rsquo;avaient pas &eacute;t&eacute; alors retenus.<\/p>\n<p>D&rsquo;apr&egrave;s le Juge Liu Daqun, cette attitude pose diff&eacute;rents probl&egrave;mes. La jurisprudence &eacute;tablie, corrobor&eacute;e dans de nombreux arr&ecirc;ts, est claire. &laquo; C&rsquo;est aux juges de premi&egrave;re instance que revient la charge d&rsquo;entendre, &eacute;valuer et peser les moyens de preuve pr&eacute;sent&eacute;s &agrave; l&rsquo;instance. De ce fait, la Chambre d&rsquo;appel doit, dans une certaine mesure, s&rsquo;incliner devant les conclusions factuelles de la Chambre de premi&egrave;re instance &raquo;.<\/p>\n<p>Selon cette m&ecirc;me jurisprudence, &laquo; ce n&rsquo;est que dans le cas manifeste o&ugrave; aucune personne dou&eacute;e d&rsquo;une capacit&eacute; normale de raisonnement n&rsquo;accueillerait les &eacute;l&eacute;ments de preuve sur lesquels s&rsquo;est fond&eacute;e la Chambre de premi&egrave;re instance que la Chambre d&rsquo;appel peut substituer sa propre conclusion &agrave; celle des juges du fond &raquo; (arr&ecirc;t Furundzija 21.07.00, &sect;37).<\/p>\n<p>En effet, &laquo; les juges du fond ont (&hellip;) l&rsquo;avantage de l&rsquo;observation directe des t&eacute;moins au proc&egrave;s et ils sont donc mieux plac&eacute;s que la [Chambre d&rsquo;appel] pour d&eacute;cider de la cr&eacute;dibilit&eacute; d&rsquo;un t&eacute;moin et de la fiabilit&eacute; des &eacute;l&eacute;ments de preuve &raquo; (arr&ecirc;t Furundzija 21.07.00, &sect;37).<\/p>\n<p>Or, toujours selon le Juge Liu Daqun, si la Chambre d&rsquo;appel a consid&eacute;r&eacute; qu&rsquo;aucun juge du fait n&rsquo;aurait accueilli les &eacute;l&eacute;ments de preuve des juges de premi&egrave;re instance, elle ne l&rsquo;a pas d&eacute;montr&eacute;. Elle a n&rsquo;a fait qu&rsquo;annoncer qu&rsquo;elle allait d&eacute;terminer &laquo; le mode de responsabilit&eacute; correct en vertu de l&rsquo;article 6 1) du Statut (the proper mode of liability under article 6 1) of the Statute) &raquo;.<\/p>\n<p>Dans cette situation, o&ugrave; la Chambre d&rsquo;appel a consid&eacute;r&eacute; que les conclusions factuelles retenues &eacute;taient erron&eacute;es, deux solutions g&eacute;n&eacute;ralement adopt&eacute;es s&rsquo;ouvraient &agrave; elle.<\/p>\n<p>La premi&egrave;re, id&eacute;ale, aurait &eacute;t&eacute; de renvoyer l&rsquo;affaire devant les premiers juges en vertu de l&rsquo;article 118 C) du R&egrave;glement de proc&eacute;dure et de preuve du Tribunal. L&rsquo;affaire aurait alors &eacute;t&eacute; rejug&eacute;e et l&rsquo;accus&eacute; aurait b&eacute;n&eacute;fici&eacute; d&rsquo;un nouveau droit d&rsquo;appel.<\/p>\n<p>Dans l&rsquo;affaire Seromba, l&rsquo;accus&eacute; a &eacute;t&eacute; condamn&eacute; sur la base d&rsquo;un mode de participation qui, semble-t-il, n&rsquo;avait pas &eacute;t&eacute; plaid&eacute; pr&eacute;c&eacute;demment. Le Procureur l&rsquo;avait bien cit&eacute; en appel, en s&rsquo;appuyant sur l&rsquo;affaire Gacumbitsi, mais puisque ce mode ne repose sur aucune base l&eacute;gale et qu&rsquo;il n&rsquo;a jamais &eacute;t&eacute; clairement d&eacute;fini, l&rsquo;accus&eacute; Seromba n&rsquo;avait pas pu s&rsquo;en d&eacute;fendre. Le Juge G&uuml;ney avait d&eacute;j&agrave; soulev&eacute; ce probl&egrave;me dans l&rsquo;affaire Gacumbitsi.<\/p>\n<p>La seconde solution possible, dans le cas o&ugrave; un renvoi en premi&egrave;re instance ne se justifierait pas, &eacute;tait de seulement constater l&rsquo;erreur afin qu&rsquo;elle ne se reproduise pas mais sans aggraver le cas du condamn&eacute;.<\/p>\n<p>Aucun cas n&rsquo;a jusqu&rsquo;&agrave; ce jour &eacute;t&eacute; renvoy&eacute; devant les juridictions du premier degr&eacute; du TPIR. La Chambre d&rsquo;appel du TPIY y a recouru une fois dans l&rsquo;affaire contre Hazim Delic, Zdravko Mucic et Esad Landzo. Puisqu&rsquo;elle avait rejet&eacute; un grand nombre de chefs d&rsquo;accusation, elle avait d&eacute;cid&eacute; de renvoyer l&rsquo;affaire &laquo; devant une Chambre de premi&egrave;re instance (&hellip;), la question de la r&eacute;vision &eacute;ventuelle des peines initialement prononc&eacute;es contre [les trois accus&eacute;s], pour tenir compte du rejet de ces chefs d&rsquo;accusation &raquo; (arr&ecirc;t 20.02.01, dispositif).<\/p>\n<p>AV\/PB<br \/>\n&copy; Agence Hirondelle<\/p>\n","protected":false},"excerpt":{"rendered":"<p>La Haye, 4 avril 2008 (FH) - En jugeant coupable le p&egrave;re Athanase Seromba d'avoir commis des actes de g&eacute;nocide et non plus de les avoir aid&eacute; ou d'en &ecirc;tre le complice, la chambre d'appel du Tribunal p&eacute;nal international pour le Rwanda (TPIR) a d&eacute;montr&eacute; que les limites de principe de sa comp&eacute;tence &eacute;taient flexibles.<\/p>\n","protected":false},"author":64,"featured_media":0,"comment_status":"open","ping_status":"closed","sticky":false,"template":"","format":"standard","meta":{"_acf_changed":false,"footnotes":""},"categories":[554],"tags":[],"ji_location":[],"class_list":["post-9138","post","type-post","status-publish","format-standard","hentry","category-hirondellenews"],"acf":[],"yoast_head":"<!-- This site is optimized with the Yoast SEO Premium plugin v25.3.1 (Yoast SEO v25.3.1) - https:\/\/yoast.com\/wordpress\/plugins\/seo\/ -->\n<title>04.04.08 - TPIR\/SEROMBA - LA CHAMBRE D&#039;APPEL DU TPIR MANOEUVRE ENTRE LE DROIT ET LES FAITS - JusticeInfo.net<\/title>\n<meta name=\"robots\" content=\"index, follow, max-snippet:-1, max-image-preview:large, max-video-preview:-1\" \/>\n<link rel=\"canonical\" href=\"https:\/\/www.justiceinfo.net\/fr\/9138-040408-tpirseromba-la-chambre-dappel-du-tpir-manoeuvre-entre-le-droit-et-les-faits5939.html\" \/>\n<meta property=\"og:locale\" content=\"fr_FR\" \/>\n<meta property=\"og:type\" content=\"article\" \/>\n<meta property=\"og:title\" content=\"04.04.08 - TPIR\/SEROMBA - LA CHAMBRE D&#039;APPEL DU TPIR MANOEUVRE ENTRE LE DROIT ET LES FAITS\" \/>\n<meta property=\"og:description\" content=\"La Haye, 4 avril 2008 (FH) - En jugeant coupable le p&egrave;re Athanase Seromba d&#039;avoir commis des actes de g&eacute;nocide et non plus de les avoir aid&eacute; ou d&#039;en &ecirc;tre le complice, la chambre d&#039;appel du Tribunal p&eacute;nal international pour le Rwanda (TPIR) a d&eacute;montr&eacute; que les limites de principe de sa comp&eacute;tence &eacute;taient flexibles.\" \/>\n<meta property=\"og:url\" content=\"https:\/\/www.justiceinfo.net\/fr\/9138-040408-tpirseromba-la-chambre-dappel-du-tpir-manoeuvre-entre-le-droit-et-les-faits5939.html\" \/>\n<meta property=\"og:site_name\" content=\"JusticeInfo.net\" \/>\n<meta property=\"article:publisher\" content=\"https:\/\/www.facebook.com\/JusticeInfo\/\" \/>\n<meta property=\"article:published_time\" content=\"2008-04-03T21:00:00+00:00\" \/>\n<meta property=\"og:image\" content=\"https:\/\/www.justiceinfo.net\/wp-content\/uploads\/JusticeInfoNet_logo_1200x630px.jpg\" \/>\n\t<meta property=\"og:image:width\" content=\"1200\" \/>\n\t<meta property=\"og:image:height\" content=\"630\" \/>\n\t<meta property=\"og:image:type\" content=\"image\/jpeg\" \/>\n<meta name=\"author\" content=\"solivri\" \/>\n<meta name=\"twitter:card\" content=\"summary_large_image\" \/>\n<meta name=\"twitter:creator\" content=\"@justiceinfonet\" \/>\n<meta name=\"twitter:site\" content=\"@justiceinfonet\" \/>\n<meta name=\"twitter:label1\" content=\"\u00c9crit par\" \/>\n\t<meta name=\"twitter:data1\" content=\"solivri\" \/>\n\t<meta name=\"twitter:label2\" content=\"Dur\u00e9e de lecture estim\u00e9e\" \/>\n\t<meta name=\"twitter:data2\" content=\"8 minutes\" \/>\n<script type=\"application\/ld+json\" class=\"yoast-schema-graph\">{\"@context\":\"https:\/\/schema.org\",\"@graph\":[{\"@type\":\"NewsArticle\",\"@id\":\"https:\/\/www.justiceinfo.net\/fr\/9138-040408-tpirseromba-la-chambre-dappel-du-tpir-manoeuvre-entre-le-droit-et-les-faits5939.html#article\",\"isPartOf\":{\"@id\":\"https:\/\/www.justiceinfo.net\/fr\/9138-040408-tpirseromba-la-chambre-dappel-du-tpir-manoeuvre-entre-le-droit-et-les-faits5939.html\"},\"author\":{\"name\":\"solivri\",\"@id\":\"https:\/\/www.justiceinfo.net\/fr#\/schema\/person\/6e53cba1629e2e66f3fc1821d3091865\"},\"headline\":\"04.04.08 - TPIR\/SEROMBA - LA CHAMBRE D'APPEL DU TPIR MANOEUVRE ENTRE LE DROIT ET LES FAITS\",\"datePublished\":\"2008-04-03T21:00:00+00:00\",\"mainEntityOfPage\":{\"@id\":\"https:\/\/www.justiceinfo.net\/fr\/9138-040408-tpirseromba-la-chambre-dappel-du-tpir-manoeuvre-entre-le-droit-et-les-faits5939.html\"},\"wordCount\":1661,\"commentCount\":0,\"publisher\":{\"@id\":\"https:\/\/www.justiceinfo.net\/fr#organization\"},\"articleSection\":[\"Hirondelle News\"],\"inLanguage\":\"fr-FR\",\"potentialAction\":[{\"@type\":\"CommentAction\",\"name\":\"Comment\",\"target\":[\"https:\/\/www.justiceinfo.net\/fr\/9138-040408-tpirseromba-la-chambre-dappel-du-tpir-manoeuvre-entre-le-droit-et-les-faits5939.html#respond\"]}]},{\"@type\":\"WebPage\",\"@id\":\"https:\/\/www.justiceinfo.net\/fr\/9138-040408-tpirseromba-la-chambre-dappel-du-tpir-manoeuvre-entre-le-droit-et-les-faits5939.html\",\"url\":\"https:\/\/www.justiceinfo.net\/fr\/9138-040408-tpirseromba-la-chambre-dappel-du-tpir-manoeuvre-entre-le-droit-et-les-faits5939.html\",\"name\":\"04.04.08 - TPIR\/SEROMBA - LA CHAMBRE D'APPEL DU TPIR MANOEUVRE ENTRE LE DROIT ET LES FAITS - JusticeInfo.net\",\"isPartOf\":{\"@id\":\"https:\/\/www.justiceinfo.net\/fr#website\"},\"datePublished\":\"2008-04-03T21:00:00+00:00\",\"breadcrumb\":{\"@id\":\"https:\/\/www.justiceinfo.net\/fr\/9138-040408-tpirseromba-la-chambre-dappel-du-tpir-manoeuvre-entre-le-droit-et-les-faits5939.html#breadcrumb\"},\"inLanguage\":\"fr-FR\",\"potentialAction\":[{\"@type\":\"ReadAction\",\"target\":[\"https:\/\/www.justiceinfo.net\/fr\/9138-040408-tpirseromba-la-chambre-dappel-du-tpir-manoeuvre-entre-le-droit-et-les-faits5939.html\"]}]},{\"@type\":\"BreadcrumbList\",\"@id\":\"https:\/\/www.justiceinfo.net\/fr\/9138-040408-tpirseromba-la-chambre-dappel-du-tpir-manoeuvre-entre-le-droit-et-les-faits5939.html#breadcrumb\",\"itemListElement\":[{\"@type\":\"ListItem\",\"position\":1,\"name\":\"Home\",\"item\":\"https:\/\/www.justiceinfo.net\/fr\"},{\"@type\":\"ListItem\",\"position\":2,\"name\":\"04.04.08 - TPIR\/SEROMBA - LA CHAMBRE D'APPEL DU TPIR MANOEUVRE ENTRE LE DROIT ET LES FAITS\"}]},{\"@type\":\"WebSite\",\"@id\":\"https:\/\/www.justiceinfo.net\/fr#website\",\"url\":\"https:\/\/www.justiceinfo.net\/fr\",\"name\":\"JusticeInfo.net\",\"description\":\"La justice doit \u00eatre vue pour \u00eatre rendue\",\"publisher\":{\"@id\":\"https:\/\/www.justiceinfo.net\/fr#organization\"},\"potentialAction\":[{\"@type\":\"SearchAction\",\"target\":{\"@type\":\"EntryPoint\",\"urlTemplate\":\"https:\/\/www.justiceinfo.net\/fr?s={search_term_string}\"},\"query-input\":{\"@type\":\"PropertyValueSpecification\",\"valueRequired\":true,\"valueName\":\"search_term_string\"}}],\"inLanguage\":\"fr-FR\"},{\"@type\":\"Organization\",\"@id\":\"https:\/\/www.justiceinfo.net\/fr#organization\",\"name\":\"Justice Info\",\"url\":\"https:\/\/www.justiceinfo.net\/fr\",\"logo\":{\"@type\":\"ImageObject\",\"inLanguage\":\"fr-FR\",\"@id\":\"https:\/\/www.justiceinfo.net\/fr#\/schema\/logo\/image\/\",\"url\":\"https:\/\/www.justiceinfo.net\/wp-content\/uploads\/justiceinfo_logo-trans_1200x1200px.png\",\"contentUrl\":\"https:\/\/www.justiceinfo.net\/wp-content\/uploads\/justiceinfo_logo-trans_1200x1200px.png\",\"width\":1199,\"height\":1200,\"caption\":\"Justice Info\"},\"image\":{\"@id\":\"https:\/\/www.justiceinfo.net\/fr#\/schema\/logo\/image\/\"},\"sameAs\":[\"https:\/\/www.facebook.com\/JusticeInfo\/\",\"https:\/\/x.com\/justiceinfonet\",\"https:\/\/www.linkedin.com\/company\/justice-info\",\"https:\/\/www.youtube.com\/channel\/UCyCEsARodyuWtkWyhn-e7pA\"]},{\"@type\":\"Person\",\"name\":\"solivri\",\"url\":\"\/fr\/?s=solivri\"}]}<\/script>\n<!-- \/ Yoast SEO Premium plugin. -->","yoast_head_json":{"title":"04.04.08 - TPIR\/SEROMBA - LA CHAMBRE D'APPEL DU TPIR MANOEUVRE ENTRE LE DROIT ET LES FAITS - JusticeInfo.net","robots":{"index":"index","follow":"follow","max-snippet":"max-snippet:-1","max-image-preview":"max-image-preview:large","max-video-preview":"max-video-preview:-1"},"canonical":"https:\/\/www.justiceinfo.net\/fr\/9138-040408-tpirseromba-la-chambre-dappel-du-tpir-manoeuvre-entre-le-droit-et-les-faits5939.html","og_locale":"fr_FR","og_type":"article","og_title":"04.04.08 - TPIR\/SEROMBA - LA CHAMBRE D'APPEL DU TPIR MANOEUVRE ENTRE LE DROIT ET LES FAITS","og_description":"La Haye, 4 avril 2008 (FH) - En jugeant coupable le p&egrave;re Athanase Seromba d'avoir commis des actes de g&eacute;nocide et non plus de les avoir aid&eacute; ou d'en &ecirc;tre le complice, la chambre d'appel du Tribunal p&eacute;nal international pour le Rwanda (TPIR) a d&eacute;montr&eacute; que les limites de principe de sa comp&eacute;tence &eacute;taient flexibles.","og_url":"https:\/\/www.justiceinfo.net\/fr\/9138-040408-tpirseromba-la-chambre-dappel-du-tpir-manoeuvre-entre-le-droit-et-les-faits5939.html","og_site_name":"JusticeInfo.net","article_publisher":"https:\/\/www.facebook.com\/JusticeInfo\/","article_published_time":"2008-04-03T21:00:00+00:00","og_image":[{"width":1200,"height":630,"url":"https:\/\/www.justiceinfo.net\/wp-content\/uploads\/JusticeInfoNet_logo_1200x630px.jpg","type":"image\/jpeg"}],"author":"solivri","twitter_card":"summary_large_image","twitter_creator":"@justiceinfonet","twitter_site":"@justiceinfonet","twitter_misc":{"\u00c9crit par":"solivri","Dur\u00e9e de lecture estim\u00e9e":"8 minutes"},"schema":{"@context":"https:\/\/schema.org","@graph":[{"@type":"NewsArticle","@id":"https:\/\/www.justiceinfo.net\/fr\/9138-040408-tpirseromba-la-chambre-dappel-du-tpir-manoeuvre-entre-le-droit-et-les-faits5939.html#article","isPartOf":{"@id":"https:\/\/www.justiceinfo.net\/fr\/9138-040408-tpirseromba-la-chambre-dappel-du-tpir-manoeuvre-entre-le-droit-et-les-faits5939.html"},"author":{"name":"solivri","@id":"https:\/\/www.justiceinfo.net\/fr#\/schema\/person\/6e53cba1629e2e66f3fc1821d3091865"},"headline":"04.04.08 - TPIR\/SEROMBA - LA CHAMBRE D'APPEL DU TPIR MANOEUVRE ENTRE LE DROIT ET LES FAITS","datePublished":"2008-04-03T21:00:00+00:00","mainEntityOfPage":{"@id":"https:\/\/www.justiceinfo.net\/fr\/9138-040408-tpirseromba-la-chambre-dappel-du-tpir-manoeuvre-entre-le-droit-et-les-faits5939.html"},"wordCount":1661,"commentCount":0,"publisher":{"@id":"https:\/\/www.justiceinfo.net\/fr#organization"},"articleSection":["Hirondelle News"],"inLanguage":"fr-FR","potentialAction":[{"@type":"CommentAction","name":"Comment","target":["https:\/\/www.justiceinfo.net\/fr\/9138-040408-tpirseromba-la-chambre-dappel-du-tpir-manoeuvre-entre-le-droit-et-les-faits5939.html#respond"]}]},{"@type":"WebPage","@id":"https:\/\/www.justiceinfo.net\/fr\/9138-040408-tpirseromba-la-chambre-dappel-du-tpir-manoeuvre-entre-le-droit-et-les-faits5939.html","url":"https:\/\/www.justiceinfo.net\/fr\/9138-040408-tpirseromba-la-chambre-dappel-du-tpir-manoeuvre-entre-le-droit-et-les-faits5939.html","name":"04.04.08 - TPIR\/SEROMBA - LA CHAMBRE D'APPEL DU TPIR MANOEUVRE ENTRE LE DROIT ET LES FAITS - JusticeInfo.net","isPartOf":{"@id":"https:\/\/www.justiceinfo.net\/fr#website"},"datePublished":"2008-04-03T21:00:00+00:00","breadcrumb":{"@id":"https:\/\/www.justiceinfo.net\/fr\/9138-040408-tpirseromba-la-chambre-dappel-du-tpir-manoeuvre-entre-le-droit-et-les-faits5939.html#breadcrumb"},"inLanguage":"fr-FR","potentialAction":[{"@type":"ReadAction","target":["https:\/\/www.justiceinfo.net\/fr\/9138-040408-tpirseromba-la-chambre-dappel-du-tpir-manoeuvre-entre-le-droit-et-les-faits5939.html"]}]},{"@type":"BreadcrumbList","@id":"https:\/\/www.justiceinfo.net\/fr\/9138-040408-tpirseromba-la-chambre-dappel-du-tpir-manoeuvre-entre-le-droit-et-les-faits5939.html#breadcrumb","itemListElement":[{"@type":"ListItem","position":1,"name":"Home","item":"https:\/\/www.justiceinfo.net\/fr"},{"@type":"ListItem","position":2,"name":"04.04.08 - TPIR\/SEROMBA - LA CHAMBRE D'APPEL DU TPIR MANOEUVRE ENTRE LE DROIT ET LES FAITS"}]},{"@type":"WebSite","@id":"https:\/\/www.justiceinfo.net\/fr#website","url":"https:\/\/www.justiceinfo.net\/fr","name":"JusticeInfo.net","description":"La justice doit \u00eatre vue pour \u00eatre rendue","publisher":{"@id":"https:\/\/www.justiceinfo.net\/fr#organization"},"potentialAction":[{"@type":"SearchAction","target":{"@type":"EntryPoint","urlTemplate":"https:\/\/www.justiceinfo.net\/fr?s={search_term_string}"},"query-input":{"@type":"PropertyValueSpecification","valueRequired":true,"valueName":"search_term_string"}}],"inLanguage":"fr-FR"},{"@type":"Organization","@id":"https:\/\/www.justiceinfo.net\/fr#organization","name":"Justice Info","url":"https:\/\/www.justiceinfo.net\/fr","logo":{"@type":"ImageObject","inLanguage":"fr-FR","@id":"https:\/\/www.justiceinfo.net\/fr#\/schema\/logo\/image\/","url":"https:\/\/www.justiceinfo.net\/wp-content\/uploads\/justiceinfo_logo-trans_1200x1200px.png","contentUrl":"https:\/\/www.justiceinfo.net\/wp-content\/uploads\/justiceinfo_logo-trans_1200x1200px.png","width":1199,"height":1200,"caption":"Justice Info"},"image":{"@id":"https:\/\/www.justiceinfo.net\/fr#\/schema\/logo\/image\/"},"sameAs":["https:\/\/www.facebook.com\/JusticeInfo\/","https:\/\/x.com\/justiceinfonet","https:\/\/www.linkedin.com\/company\/justice-info","https:\/\/www.youtube.com\/channel\/UCyCEsARodyuWtkWyhn-e7pA"]},{"@type":"Person","name":"solivri","url":"\/fr\/?s=solivri"}]}},"_links":{"self":[{"href":"https:\/\/www.justiceinfo.net\/fr\/wp-json\/wp\/v2\/posts\/9138","targetHints":{"allow":["GET"]}}],"collection":[{"href":"https:\/\/www.justiceinfo.net\/fr\/wp-json\/wp\/v2\/posts"}],"about":[{"href":"https:\/\/www.justiceinfo.net\/fr\/wp-json\/wp\/v2\/types\/post"}],"author":[{"embeddable":true,"href":"https:\/\/www.justiceinfo.net\/fr\/wp-json\/wp\/v2\/users\/64"}],"replies":[{"embeddable":true,"href":"https:\/\/www.justiceinfo.net\/fr\/wp-json\/wp\/v2\/comments?post=9138"}],"version-history":[{"count":0,"href":"https:\/\/www.justiceinfo.net\/fr\/wp-json\/wp\/v2\/posts\/9138\/revisions"}],"wp:attachment":[{"href":"https:\/\/www.justiceinfo.net\/fr\/wp-json\/wp\/v2\/media?parent=9138"}],"wp:term":[{"taxonomy":"category","embeddable":true,"href":"https:\/\/www.justiceinfo.net\/fr\/wp-json\/wp\/v2\/categories?post=9138"},{"taxonomy":"post_tag","embeddable":true,"href":"https:\/\/www.justiceinfo.net\/fr\/wp-json\/wp\/v2\/tags?post=9138"},{"taxonomy":"ji_location","embeddable":true,"href":"https:\/\/www.justiceinfo.net\/fr\/wp-json\/wp\/v2\/ji_location?post=9138"}],"curies":[{"name":"wp","href":"https:\/\/api.w.org\/{rel}","templated":true}]}}