{"id":9161,"date":"2008-04-09T00:00:00","date_gmt":"2008-04-08T22:00:00","guid":{"rendered":"https:\/\/www.justiceinfo.net\/9161-090408-ictrkaremera-ex-top-mrnd-officials-start-their-defence-case-on-14-april5963.html"},"modified":"2008-04-09T00:00:00","modified_gmt":"2008-04-08T22:00:00","slug":"090408-ictrkaremera-ex-top-mrnd-officials-start-their-defence-case-on-14-april5963","status":"publish","type":"post","link":"https:\/\/www.justiceinfo.net\/fr\/9161-090408-ictrkaremera-ex-top-mrnd-officials-start-their-defence-case-on-14-april5963.html","title":{"rendered":"09.04.08 - ICTR\/KAREMERA - EX-TOP MRND OFFICIALS START THEIR DEFENCE CASE ON 14 APRIL"},"content":{"rendered":"<p>Arusha, 9 April 2008 (FH) - The defence case in the trial of three former top leaders of then ruling party in Rwanda, National Republican Movement for Democracy and Development (MRND), will officially begin on 14 April, reports Hirondelle Agency.<br \/>\n<!--more-->Initially planned for mid-March, the case was then deferred to April 7. On Monday, the defence of former MRND vice-president, Edouard Karemera, one of the three defendants in the trial, said that he would only be ready next week because witnesses were unavailable. The latter had difficulties adapting to frequent changes to the schedule, claimed Karemera&rsquo;s defence. <\/p>\n<p>\nKaremera is on trial with the former president of MRND, Mathieu Ngirumpatse, as well as the secretary-general of the party, Joseph Nzirorera. Their prior trial was cancelled. They have been in detention for the last 10 years.\n<\/p>\n<p>\nDuring the week, the tribunal will satisfy itself with the testimony of three protected witnesses for the prosecution who must supplement their preceding testimonies. One of them, code named &quot;BDW&quot; had not finished his cross-examination at the end of the last session in December; while the two others, &quot;AXA&quot; and &quot;BTH&quot;, were recalled following new developments which have occurred since their testimonies.\n<\/p>\n<p>\nThe trial, known as &ldquo;Karemera case&rdquo; started in September 2005. The prosecution rested its case in December 2007. The defence case is expected to continue beyond the mandate of the ICTR scheduled for December this year.\n<\/p>\n<p>\nThe trial is presided by Judge Denis Byron from Saint-Kitts and Nevis who is also president of the ICTR\n<\/p>\n<p>\nAT\/PB\/MM\/SC\n<\/p>\n<p>\n&copy; Hirondelle News Agency<\/p>\n","protected":false},"excerpt":{"rendered":"<p>Arusha, 9 April 2008 (FH) - The defence case in the trial of three former top leaders of then ruling party in Rwanda, National Republican Movement for Democracy and Development (MRND), will officially begin on 14 April, reports Hirondelle Agency.<\/p>\n","protected":false},"author":64,"featured_media":0,"comment_status":"open","ping_status":"closed","sticky":false,"template":"","format":"standard","meta":{"_acf_changed":false,"footnotes":""},"categories":[554],"tags":[],"ji_location":[],"class_list":["post-9161","post","type-post","status-publish","format-standard","hentry","category-hirondellenews"],"acf":[],"yoast_head":"<!-- This site is optimized with the Yoast SEO Premium plugin v25.3.1 (Yoast SEO v25.3.1) - https:\/\/yoast.com\/wordpress\/plugins\/seo\/ -->\n<title>09.04.08 - ICTR\/KAREMERA - EX-TOP MRND OFFICIALS START THEIR DEFENCE CASE ON 14 APRIL - JusticeInfo.net<\/title>\n<meta name=\"robots\" content=\"index, follow, max-snippet:-1, max-image-preview:large, max-video-preview:-1\" \/>\n<link rel=\"canonical\" href=\"https:\/\/www.justiceinfo.net\/fr\/9161-090408-ictrkaremera-ex-top-mrnd-officials-start-their-defence-case-on-14-april5963.html\" \/>\n<meta property=\"og:locale\" content=\"fr_FR\" \/>\n<meta property=\"og:type\" content=\"article\" \/>\n<meta property=\"og:title\" content=\"09.04.08 - ICTR\/KAREMERA - EX-TOP MRND OFFICIALS START THEIR DEFENCE CASE ON 14 APRIL\" \/>\n<meta property=\"og:description\" content=\"Arusha, 9 April 2008 (FH) - The defence case in the trial of three former top leaders of then ruling party in Rwanda, National Republican Movement for Democracy and Development (MRND), will officially begin on 14 April, reports Hirondelle Agency.\" \/>\n<meta property=\"og:url\" content=\"https:\/\/www.justiceinfo.net\/fr\/9161-090408-ictrkaremera-ex-top-mrnd-officials-start-their-defence-case-on-14-april5963.html\" \/>\n<meta property=\"og:site_name\" content=\"JusticeInfo.net\" \/>\n<meta property=\"article:publisher\" content=\"https:\/\/www.facebook.com\/JusticeInfo\/\" \/>\n<meta property=\"article:published_time\" content=\"2008-04-08T22:00:00+00:00\" \/>\n<meta property=\"og:image\" content=\"https:\/\/www.justiceinfo.net\/wp-content\/uploads\/JusticeInfoNet_logo_1200x630px.jpg\" \/>\n\t<meta property=\"og:image:width\" content=\"1200\" \/>\n\t<meta property=\"og:image:height\" content=\"630\" \/>\n\t<meta property=\"og:image:type\" content=\"image\/jpeg\" \/>\n<meta name=\"author\" content=\"solivri\" \/>\n<meta name=\"twitter:card\" content=\"summary_large_image\" \/>\n<meta name=\"twitter:creator\" content=\"@justiceinfonet\" \/>\n<meta name=\"twitter:site\" content=\"@justiceinfonet\" \/>\n<meta name=\"twitter:label1\" content=\"\u00c9crit par\" \/>\n\t<meta name=\"twitter:data1\" content=\"solivri\" \/>\n\t<meta name=\"twitter:label2\" content=\"Dur\u00e9e de lecture estim\u00e9e\" \/>\n\t<meta name=\"twitter:data2\" content=\"1 minute\" \/>\n<script type=\"application\/ld+json\" class=\"yoast-schema-graph\">{\"@context\":\"https:\/\/schema.org\",\"@graph\":[{\"@type\":\"NewsArticle\",\"@id\":\"https:\/\/www.justiceinfo.net\/fr\/9161-090408-ictrkaremera-ex-top-mrnd-officials-start-their-defence-case-on-14-april5963.html#article\",\"isPartOf\":{\"@id\":\"https:\/\/www.justiceinfo.net\/fr\/9161-090408-ictrkaremera-ex-top-mrnd-officials-start-their-defence-case-on-14-april5963.html\"},\"author\":{\"name\":\"solivri\",\"@id\":\"https:\/\/www.justiceinfo.net\/fr#\/schema\/person\/6e53cba1629e2e66f3fc1821d3091865\"},\"headline\":\"09.04.08 - ICTR\/KAREMERA - EX-TOP MRND OFFICIALS START THEIR DEFENCE CASE ON 14 APRIL\",\"datePublished\":\"2008-04-08T22:00:00+00:00\",\"mainEntityOfPage\":{\"@id\":\"https:\/\/www.justiceinfo.net\/fr\/9161-090408-ictrkaremera-ex-top-mrnd-officials-start-their-defence-case-on-14-april5963.html\"},\"wordCount\":275,\"commentCount\":0,\"publisher\":{\"@id\":\"https:\/\/www.justiceinfo.net\/fr#organization\"},\"articleSection\":[\"Hirondelle News\"],\"inLanguage\":\"fr-FR\",\"potentialAction\":[{\"@type\":\"CommentAction\",\"name\":\"Comment\",\"target\":[\"https:\/\/www.justiceinfo.net\/fr\/9161-090408-ictrkaremera-ex-top-mrnd-officials-start-their-defence-case-on-14-april5963.html#respond\"]}]},{\"@type\":\"WebPage\",\"@id\":\"https:\/\/www.justiceinfo.net\/fr\/9161-090408-ictrkaremera-ex-top-mrnd-officials-start-their-defence-case-on-14-april5963.html\",\"url\":\"https:\/\/www.justiceinfo.net\/fr\/9161-090408-ictrkaremera-ex-top-mrnd-officials-start-their-defence-case-on-14-april5963.html\",\"name\":\"09.04.08 - ICTR\/KAREMERA - EX-TOP MRND OFFICIALS START THEIR DEFENCE CASE ON 14 APRIL - JusticeInfo.net\",\"isPartOf\":{\"@id\":\"https:\/\/www.justiceinfo.net\/fr#website\"},\"datePublished\":\"2008-04-08T22:00:00+00:00\",\"breadcrumb\":{\"@id\":\"https:\/\/www.justiceinfo.net\/fr\/9161-090408-ictrkaremera-ex-top-mrnd-officials-start-their-defence-case-on-14-april5963.html#breadcrumb\"},\"inLanguage\":\"fr-FR\",\"potentialAction\":[{\"@type\":\"ReadAction\",\"target\":[\"https:\/\/www.justiceinfo.net\/fr\/9161-090408-ictrkaremera-ex-top-mrnd-officials-start-their-defence-case-on-14-april5963.html\"]}]},{\"@type\":\"BreadcrumbList\",\"@id\":\"https:\/\/www.justiceinfo.net\/fr\/9161-090408-ictrkaremera-ex-top-mrnd-officials-start-their-defence-case-on-14-april5963.html#breadcrumb\",\"itemListElement\":[{\"@type\":\"ListItem\",\"position\":1,\"name\":\"Home\",\"item\":\"https:\/\/www.justiceinfo.net\/fr\"},{\"@type\":\"ListItem\",\"position\":2,\"name\":\"09.04.08 - ICTR\/KAREMERA - EX-TOP MRND OFFICIALS START THEIR DEFENCE CASE ON 14 APRIL\"}]},{\"@type\":\"WebSite\",\"@id\":\"https:\/\/www.justiceinfo.net\/fr#website\",\"url\":\"https:\/\/www.justiceinfo.net\/fr\",\"name\":\"JusticeInfo.net\",\"description\":\"La justice doit \u00eatre vue pour \u00eatre rendue\",\"publisher\":{\"@id\":\"https:\/\/www.justiceinfo.net\/fr#organization\"},\"potentialAction\":[{\"@type\":\"SearchAction\",\"target\":{\"@type\":\"EntryPoint\",\"urlTemplate\":\"https:\/\/www.justiceinfo.net\/fr?s={search_term_string}\"},\"query-input\":{\"@type\":\"PropertyValueSpecification\",\"valueRequired\":true,\"valueName\":\"search_term_string\"}}],\"inLanguage\":\"fr-FR\"},{\"@type\":\"Organization\",\"@id\":\"https:\/\/www.justiceinfo.net\/fr#organization\",\"name\":\"Justice Info\",\"url\":\"https:\/\/www.justiceinfo.net\/fr\",\"logo\":{\"@type\":\"ImageObject\",\"inLanguage\":\"fr-FR\",\"@id\":\"https:\/\/www.justiceinfo.net\/fr#\/schema\/logo\/image\/\",\"url\":\"https:\/\/www.justiceinfo.net\/wp-content\/uploads\/justiceinfo_logo-trans_1200x1200px.png\",\"contentUrl\":\"https:\/\/www.justiceinfo.net\/wp-content\/uploads\/justiceinfo_logo-trans_1200x1200px.png\",\"width\":1199,\"height\":1200,\"caption\":\"Justice Info\"},\"image\":{\"@id\":\"https:\/\/www.justiceinfo.net\/fr#\/schema\/logo\/image\/\"},\"sameAs\":[\"https:\/\/www.facebook.com\/JusticeInfo\/\",\"https:\/\/x.com\/justiceinfonet\",\"https:\/\/www.linkedin.com\/company\/justice-info\",\"https:\/\/www.youtube.com\/channel\/UCyCEsARodyuWtkWyhn-e7pA\"]},{\"@type\":\"Person\",\"name\":\"solivri\",\"url\":\"\/fr\/?s=solivri\"}]}<\/script>\n<!-- \/ Yoast SEO Premium plugin. -->","yoast_head_json":{"title":"09.04.08 - ICTR\/KAREMERA - EX-TOP MRND OFFICIALS START THEIR DEFENCE CASE ON 14 APRIL - JusticeInfo.net","robots":{"index":"index","follow":"follow","max-snippet":"max-snippet:-1","max-image-preview":"max-image-preview:large","max-video-preview":"max-video-preview:-1"},"canonical":"https:\/\/www.justiceinfo.net\/fr\/9161-090408-ictrkaremera-ex-top-mrnd-officials-start-their-defence-case-on-14-april5963.html","og_locale":"fr_FR","og_type":"article","og_title":"09.04.08 - ICTR\/KAREMERA - EX-TOP MRND OFFICIALS START THEIR DEFENCE CASE ON 14 APRIL","og_description":"Arusha, 9 April 2008 (FH) - The defence case in the trial of three former top leaders of then ruling party in Rwanda, National Republican Movement for Democracy and Development (MRND), will officially begin on 14 April, reports Hirondelle Agency.","og_url":"https:\/\/www.justiceinfo.net\/fr\/9161-090408-ictrkaremera-ex-top-mrnd-officials-start-their-defence-case-on-14-april5963.html","og_site_name":"JusticeInfo.net","article_publisher":"https:\/\/www.facebook.com\/JusticeInfo\/","article_published_time":"2008-04-08T22:00:00+00:00","og_image":[{"width":1200,"height":630,"url":"https:\/\/www.justiceinfo.net\/wp-content\/uploads\/JusticeInfoNet_logo_1200x630px.jpg","type":"image\/jpeg"}],"author":"solivri","twitter_card":"summary_large_image","twitter_creator":"@justiceinfonet","twitter_site":"@justiceinfonet","twitter_misc":{"\u00c9crit par":"solivri","Dur\u00e9e de lecture estim\u00e9e":"1 minute"},"schema":{"@context":"https:\/\/schema.org","@graph":[{"@type":"NewsArticle","@id":"https:\/\/www.justiceinfo.net\/fr\/9161-090408-ictrkaremera-ex-top-mrnd-officials-start-their-defence-case-on-14-april5963.html#article","isPartOf":{"@id":"https:\/\/www.justiceinfo.net\/fr\/9161-090408-ictrkaremera-ex-top-mrnd-officials-start-their-defence-case-on-14-april5963.html"},"author":{"name":"solivri","@id":"https:\/\/www.justiceinfo.net\/fr#\/schema\/person\/6e53cba1629e2e66f3fc1821d3091865"},"headline":"09.04.08 - ICTR\/KAREMERA - EX-TOP MRND OFFICIALS START THEIR DEFENCE CASE ON 14 APRIL","datePublished":"2008-04-08T22:00:00+00:00","mainEntityOfPage":{"@id":"https:\/\/www.justiceinfo.net\/fr\/9161-090408-ictrkaremera-ex-top-mrnd-officials-start-their-defence-case-on-14-april5963.html"},"wordCount":275,"commentCount":0,"publisher":{"@id":"https:\/\/www.justiceinfo.net\/fr#organization"},"articleSection":["Hirondelle News"],"inLanguage":"fr-FR","potentialAction":[{"@type":"CommentAction","name":"Comment","target":["https:\/\/www.justiceinfo.net\/fr\/9161-090408-ictrkaremera-ex-top-mrnd-officials-start-their-defence-case-on-14-april5963.html#respond"]}]},{"@type":"WebPage","@id":"https:\/\/www.justiceinfo.net\/fr\/9161-090408-ictrkaremera-ex-top-mrnd-officials-start-their-defence-case-on-14-april5963.html","url":"https:\/\/www.justiceinfo.net\/fr\/9161-090408-ictrkaremera-ex-top-mrnd-officials-start-their-defence-case-on-14-april5963.html","name":"09.04.08 - ICTR\/KAREMERA - EX-TOP MRND OFFICIALS START THEIR DEFENCE CASE ON 14 APRIL - JusticeInfo.net","isPartOf":{"@id":"https:\/\/www.justiceinfo.net\/fr#website"},"datePublished":"2008-04-08T22:00:00+00:00","breadcrumb":{"@id":"https:\/\/www.justiceinfo.net\/fr\/9161-090408-ictrkaremera-ex-top-mrnd-officials-start-their-defence-case-on-14-april5963.html#breadcrumb"},"inLanguage":"fr-FR","potentialAction":[{"@type":"ReadAction","target":["https:\/\/www.justiceinfo.net\/fr\/9161-090408-ictrkaremera-ex-top-mrnd-officials-start-their-defence-case-on-14-april5963.html"]}]},{"@type":"BreadcrumbList","@id":"https:\/\/www.justiceinfo.net\/fr\/9161-090408-ictrkaremera-ex-top-mrnd-officials-start-their-defence-case-on-14-april5963.html#breadcrumb","itemListElement":[{"@type":"ListItem","position":1,"name":"Home","item":"https:\/\/www.justiceinfo.net\/fr"},{"@type":"ListItem","position":2,"name":"09.04.08 - ICTR\/KAREMERA - EX-TOP MRND OFFICIALS START THEIR DEFENCE CASE ON 14 APRIL"}]},{"@type":"WebSite","@id":"https:\/\/www.justiceinfo.net\/fr#website","url":"https:\/\/www.justiceinfo.net\/fr","name":"JusticeInfo.net","description":"La justice doit \u00eatre vue pour \u00eatre rendue","publisher":{"@id":"https:\/\/www.justiceinfo.net\/fr#organization"},"potentialAction":[{"@type":"SearchAction","target":{"@type":"EntryPoint","urlTemplate":"https:\/\/www.justiceinfo.net\/fr?s={search_term_string}"},"query-input":{"@type":"PropertyValueSpecification","valueRequired":true,"valueName":"search_term_string"}}],"inLanguage":"fr-FR"},{"@type":"Organization","@id":"https:\/\/www.justiceinfo.net\/fr#organization","name":"Justice Info","url":"https:\/\/www.justiceinfo.net\/fr","logo":{"@type":"ImageObject","inLanguage":"fr-FR","@id":"https:\/\/www.justiceinfo.net\/fr#\/schema\/logo\/image\/","url":"https:\/\/www.justiceinfo.net\/wp-content\/uploads\/justiceinfo_logo-trans_1200x1200px.png","contentUrl":"https:\/\/www.justiceinfo.net\/wp-content\/uploads\/justiceinfo_logo-trans_1200x1200px.png","width":1199,"height":1200,"caption":"Justice Info"},"image":{"@id":"https:\/\/www.justiceinfo.net\/fr#\/schema\/logo\/image\/"},"sameAs":["https:\/\/www.facebook.com\/JusticeInfo\/","https:\/\/x.com\/justiceinfonet","https:\/\/www.linkedin.com\/company\/justice-info","https:\/\/www.youtube.com\/channel\/UCyCEsARodyuWtkWyhn-e7pA"]},{"@type":"Person","name":"solivri","url":"\/fr\/?s=solivri"}]}},"_links":{"self":[{"href":"https:\/\/www.justiceinfo.net\/fr\/wp-json\/wp\/v2\/posts\/9161","targetHints":{"allow":["GET"]}}],"collection":[{"href":"https:\/\/www.justiceinfo.net\/fr\/wp-json\/wp\/v2\/posts"}],"about":[{"href":"https:\/\/www.justiceinfo.net\/fr\/wp-json\/wp\/v2\/types\/post"}],"author":[{"embeddable":true,"href":"https:\/\/www.justiceinfo.net\/fr\/wp-json\/wp\/v2\/users\/64"}],"replies":[{"embeddable":true,"href":"https:\/\/www.justiceinfo.net\/fr\/wp-json\/wp\/v2\/comments?post=9161"}],"version-history":[{"count":0,"href":"https:\/\/www.justiceinfo.net\/fr\/wp-json\/wp\/v2\/posts\/9161\/revisions"}],"wp:attachment":[{"href":"https:\/\/www.justiceinfo.net\/fr\/wp-json\/wp\/v2\/media?parent=9161"}],"wp:term":[{"taxonomy":"category","embeddable":true,"href":"https:\/\/www.justiceinfo.net\/fr\/wp-json\/wp\/v2\/categories?post=9161"},{"taxonomy":"post_tag","embeddable":true,"href":"https:\/\/www.justiceinfo.net\/fr\/wp-json\/wp\/v2\/tags?post=9161"},{"taxonomy":"ji_location","embeddable":true,"href":"https:\/\/www.justiceinfo.net\/fr\/wp-json\/wp\/v2\/ji_location?post=9161"}],"curies":[{"name":"wp","href":"https:\/\/api.w.org\/{rel}","templated":true}]}}