{"id":9177,"date":"2008-04-11T00:00:00","date_gmt":"2008-04-10T22:00:00","guid":{"rendered":"https:\/\/www.justiceinfo.net\/9177-110408-rwanda-genocide-gapagasi-lhomme-que-la-mort-a-longtemps-dedaigne5981.html"},"modified":"2008-04-11T00:00:00","modified_gmt":"2008-04-10T22:00:00","slug":"110408-rwanda-genocide-gapagasi-lhomme-que-la-mort-a-longtemps-dedaigne5981","status":"publish","type":"post","link":"https:\/\/www.justiceinfo.net\/fr\/9177-110408-rwanda-genocide-gapagasi-lhomme-que-la-mort-a-longtemps-dedaigne5981.html","title":{"rendered":"11.04.08 - RWANDA \/GENOCIDE - GAPAGASI, L'HOMME QUE LA MORT A LONGTEMPS DEDAIGNE"},"content":{"rendered":"<p>Gugesera, 11 avril 2008 (FH) - Gabriel Gapagasi, 70 ans, a miraculeusement surv&eacute;cu &agrave; tous les massacres des Tutsi de 1959 &agrave; 1994, qui ont endeuill&eacute; le Bugesera, r&eacute;gion du sud de Kigali dont il est natif, et o&ugrave; le gouvernement rwandais a choisi de c&eacute;l&eacute;brer le 14 &egrave;me anniversaire du g&eacute;nocide de 1994.<br \/>\n<!--more-->Gapagasi &eacute;tait pourtant tr&egrave;s actif dans le parti royaliste de l'Union nationale rwandaise (UNAR), dont la plupart des membres se sont r&eacute;fugi&eacute;s &agrave; l'&eacute;tranger dans les ann&eacute;es 1960. <\/p>\n<p>&laquo; En 1963, l'arm&eacute;e a tu&eacute; presque tout le monde, de Gako &agrave; Kukandenze. Pendant le g&eacute;nocide de 1994, un tueur de renom appel&eacute; Kabube a annonc&eacute; : &quot;hier, j'ai tu&eacute; toute sa famille ! Ni Kayibanda, ni Habyarimana n'ont voulu le tuer, moi non plus je ne le tue pas&quot;'. C'est comme cela que je suis l&agrave; &raquo;, explique le vieil homme tr&egrave;s perplexe. <\/p>\n<p>L'allusion est faite &agrave; son arrestation et &agrave; sa condamnation &agrave; mort en 1963. &laquo; Consid&eacute;r&eacute; comme &quot;Inyenzi&quot;, (le surnom donn&eacute; aux r&eacute;fugi&eacute;s qui tent&egrave;rent de revenir au Rwanda &agrave; partir de 1963 NDLR), j'ai &eacute;t&eacute; arr&ecirc;t&eacute;, le 22 d&eacute;cembre 1963, 2 jours apr&egrave;s mon mariage. J'ai &eacute;t&eacute; interrog&eacute; par le major Tulpin et par Alexis Kanyarengwe &agrave; la s&ucirc;ret&eacute; Nationale. Condamn&eacute; &agrave; mort, j'ai &eacute;t&eacute; transf&eacute;r&eacute; &agrave; la prison centrale de Ruhengeri pour y &ecirc;tre ex&eacute;cut&eacute;. La mort n'est pas venue. Ce fut plut&ocirc;t le transfert &agrave; la prison de Gitarama, 4 ans apr&egrave;s. J'ai &eacute;t&eacute; lib&eacute;r&eacute; le 12 juillet 1985 apr&egrave;s une gr&acirc;ce pr&eacute;sidentielle &raquo;, se souvient-il. <\/p>\n<p>Au cours de ces 22 ans de d&eacute;tention, Gapagasi n'oublie pas tous les actes de torture et de traitement inhumain &agrave; l'&eacute;gard des prisonniers. &laquo; On nous privait de nourriture pendant plusieurs jours, on versait de la bouillie &agrave; m&ecirc;me le sol et on nous invitait &agrave; la l&acirc;per comme des chiens. Ou alors, on invitait &agrave; nous manger les uns les autres. Ou ils pressaient nos organes g&eacute;nitaux pour nous faire souffrir. C'&eacute;tait horrible!&raquo;, raconte-t-il. <\/p>\n<p>L'un de ses grands regrets est la mort de ses anciens compagnons d'infortune, Gatera, Segikwekwe, Bujuri, Bikonjo et Muyango, tous tu&eacute;s pendant le g&eacute;nocide de 1994. &laquo; Il ne me reste que le vieux Gr&eacute;goire Hitimana, employ&eacute; &agrave; la paroisse de Nyamata ! &raquo;, confie-t-il &agrave; l'Agence. <\/p>\n<p>Pour le septuag&eacute;naire, la vie doit continuer. Apr&egrave;s avoir perdu ses 2 femmes et 7 enfants en 1994, il s'est remari&eacute;. Il a une femme et un enfant de 5 ans. Mais cette fois encore la chance n'est pas de son c&ocirc;t&eacute;. &laquo; Nous avons le VIH\/SIDA, et j'en t&eacute;moigne publiquement &agrave; chaque fois. Mais je ne m'en fais pas parce que le d&eacute;sespoir est pire que le Sida, et moi j'ai toujours l'espoir en la vie &raquo;, affirme-t-il. <\/p>\n<p>Et &agrave; quelque chose malheur est bon !, ajoute-t-il. &laquo; Durant ma d&eacute;tention, j'ai appris les m&eacute;tiers de tailleur, de cordonnier et de coiffeur. Cela me fait vivre, en plus de mes activit&eacute;s de jardinage &raquo;. <\/p>\n<p>Le vieux Gapagasi se l&egrave;ve et, droit comme un I, d&eacute;clare avec fiert&eacute; : &laquo; La vie doit continuer, puisque m&ecirc;me le Pr&eacute;sident Kagame m'a donn&eacute; une vache ! &raquo;. <\/p>\n<p>SRE\/PB\/GF <\/p>\n<p>&copy; Agence Hirondelle<\/p>\n","protected":false},"excerpt":{"rendered":"<p>Gugesera, 11 avril 2008 (FH) - Gabriel Gapagasi, 70 ans, a miraculeusement surv&eacute;cu &agrave; tous les massacres des Tutsi de 1959 &agrave; 1994, qui ont endeuill&eacute; le Bugesera, r&eacute;gion du sud de Kigali dont il est natif, et o&ugrave; le gouvernement rwandais a choisi de c&eacute;l&eacute;brer le 14 &egrave;me anniversaire du g&eacute;nocide de 1994.<\/p>\n","protected":false},"author":64,"featured_media":0,"comment_status":"open","ping_status":"closed","sticky":false,"template":"","format":"standard","meta":{"_acf_changed":false,"footnotes":""},"categories":[554],"tags":[],"ji_location":[],"class_list":["post-9177","post","type-post","status-publish","format-standard","hentry","category-hirondellenews"],"acf":[],"yoast_head":"<!-- This site is optimized with the Yoast SEO Premium plugin v25.3.1 (Yoast SEO v25.3.1) - https:\/\/yoast.com\/wordpress\/plugins\/seo\/ -->\n<title>11.04.08 - RWANDA \/GENOCIDE - GAPAGASI, L&#039;HOMME QUE LA MORT A LONGTEMPS DEDAIGNE - JusticeInfo.net<\/title>\n<meta name=\"robots\" content=\"index, follow, max-snippet:-1, max-image-preview:large, max-video-preview:-1\" \/>\n<link rel=\"canonical\" href=\"https:\/\/www.justiceinfo.net\/fr\/9177-110408-rwanda-genocide-gapagasi-lhomme-que-la-mort-a-longtemps-dedaigne5981.html\" \/>\n<meta property=\"og:locale\" content=\"fr_FR\" \/>\n<meta property=\"og:type\" content=\"article\" \/>\n<meta property=\"og:title\" content=\"11.04.08 - RWANDA \/GENOCIDE - GAPAGASI, L&#039;HOMME QUE LA MORT A LONGTEMPS DEDAIGNE\" \/>\n<meta property=\"og:description\" content=\"Gugesera, 11 avril 2008 (FH) - Gabriel Gapagasi, 70 ans, a miraculeusement surv&eacute;cu &agrave; tous les massacres des Tutsi de 1959 &agrave; 1994, qui ont endeuill&eacute; le Bugesera, r&eacute;gion du sud de Kigali dont il est natif, et o&ugrave; le gouvernement rwandais a choisi de c&eacute;l&eacute;brer le 14 &egrave;me anniversaire du g&eacute;nocide de 1994.\" \/>\n<meta property=\"og:url\" content=\"https:\/\/www.justiceinfo.net\/fr\/9177-110408-rwanda-genocide-gapagasi-lhomme-que-la-mort-a-longtemps-dedaigne5981.html\" \/>\n<meta property=\"og:site_name\" content=\"JusticeInfo.net\" \/>\n<meta property=\"article:publisher\" content=\"https:\/\/www.facebook.com\/JusticeInfo\/\" \/>\n<meta property=\"article:published_time\" content=\"2008-04-10T22:00:00+00:00\" \/>\n<meta property=\"og:image\" content=\"https:\/\/www.justiceinfo.net\/wp-content\/uploads\/JusticeInfoNet_logo_1200x630px.jpg\" \/>\n\t<meta property=\"og:image:width\" content=\"1200\" \/>\n\t<meta property=\"og:image:height\" content=\"630\" \/>\n\t<meta property=\"og:image:type\" content=\"image\/jpeg\" \/>\n<meta name=\"author\" content=\"solivri\" \/>\n<meta name=\"twitter:card\" content=\"summary_large_image\" \/>\n<meta name=\"twitter:creator\" content=\"@justiceinfonet\" \/>\n<meta name=\"twitter:site\" content=\"@justiceinfonet\" \/>\n<meta name=\"twitter:label1\" content=\"\u00c9crit par\" \/>\n\t<meta name=\"twitter:data1\" content=\"solivri\" \/>\n\t<meta name=\"twitter:label2\" content=\"Dur\u00e9e de lecture estim\u00e9e\" \/>\n\t<meta name=\"twitter:data2\" content=\"3 minutes\" \/>\n<script type=\"application\/ld+json\" class=\"yoast-schema-graph\">{\"@context\":\"https:\/\/schema.org\",\"@graph\":[{\"@type\":\"NewsArticle\",\"@id\":\"https:\/\/www.justiceinfo.net\/fr\/9177-110408-rwanda-genocide-gapagasi-lhomme-que-la-mort-a-longtemps-dedaigne5981.html#article\",\"isPartOf\":{\"@id\":\"https:\/\/www.justiceinfo.net\/fr\/9177-110408-rwanda-genocide-gapagasi-lhomme-que-la-mort-a-longtemps-dedaigne5981.html\"},\"author\":{\"name\":\"solivri\",\"@id\":\"https:\/\/www.justiceinfo.net\/fr#\/schema\/person\/6e53cba1629e2e66f3fc1821d3091865\"},\"headline\":\"11.04.08 - RWANDA \/GENOCIDE - GAPAGASI, L'HOMME QUE LA MORT A LONGTEMPS DEDAIGNE\",\"datePublished\":\"2008-04-10T22:00:00+00:00\",\"mainEntityOfPage\":{\"@id\":\"https:\/\/www.justiceinfo.net\/fr\/9177-110408-rwanda-genocide-gapagasi-lhomme-que-la-mort-a-longtemps-dedaigne5981.html\"},\"wordCount\":674,\"commentCount\":0,\"publisher\":{\"@id\":\"https:\/\/www.justiceinfo.net\/fr#organization\"},\"articleSection\":[\"Hirondelle News\"],\"inLanguage\":\"fr-FR\",\"potentialAction\":[{\"@type\":\"CommentAction\",\"name\":\"Comment\",\"target\":[\"https:\/\/www.justiceinfo.net\/fr\/9177-110408-rwanda-genocide-gapagasi-lhomme-que-la-mort-a-longtemps-dedaigne5981.html#respond\"]}]},{\"@type\":\"WebPage\",\"@id\":\"https:\/\/www.justiceinfo.net\/fr\/9177-110408-rwanda-genocide-gapagasi-lhomme-que-la-mort-a-longtemps-dedaigne5981.html\",\"url\":\"https:\/\/www.justiceinfo.net\/fr\/9177-110408-rwanda-genocide-gapagasi-lhomme-que-la-mort-a-longtemps-dedaigne5981.html\",\"name\":\"11.04.08 - RWANDA \/GENOCIDE - GAPAGASI, L'HOMME QUE LA MORT A LONGTEMPS DEDAIGNE - JusticeInfo.net\",\"isPartOf\":{\"@id\":\"https:\/\/www.justiceinfo.net\/fr#website\"},\"datePublished\":\"2008-04-10T22:00:00+00:00\",\"breadcrumb\":{\"@id\":\"https:\/\/www.justiceinfo.net\/fr\/9177-110408-rwanda-genocide-gapagasi-lhomme-que-la-mort-a-longtemps-dedaigne5981.html#breadcrumb\"},\"inLanguage\":\"fr-FR\",\"potentialAction\":[{\"@type\":\"ReadAction\",\"target\":[\"https:\/\/www.justiceinfo.net\/fr\/9177-110408-rwanda-genocide-gapagasi-lhomme-que-la-mort-a-longtemps-dedaigne5981.html\"]}]},{\"@type\":\"BreadcrumbList\",\"@id\":\"https:\/\/www.justiceinfo.net\/fr\/9177-110408-rwanda-genocide-gapagasi-lhomme-que-la-mort-a-longtemps-dedaigne5981.html#breadcrumb\",\"itemListElement\":[{\"@type\":\"ListItem\",\"position\":1,\"name\":\"Home\",\"item\":\"https:\/\/www.justiceinfo.net\/fr\"},{\"@type\":\"ListItem\",\"position\":2,\"name\":\"11.04.08 - RWANDA \/GENOCIDE - GAPAGASI, L'HOMME QUE LA MORT A LONGTEMPS DEDAIGNE\"}]},{\"@type\":\"WebSite\",\"@id\":\"https:\/\/www.justiceinfo.net\/fr#website\",\"url\":\"https:\/\/www.justiceinfo.net\/fr\",\"name\":\"JusticeInfo.net\",\"description\":\"La justice doit \u00eatre vue pour \u00eatre rendue\",\"publisher\":{\"@id\":\"https:\/\/www.justiceinfo.net\/fr#organization\"},\"potentialAction\":[{\"@type\":\"SearchAction\",\"target\":{\"@type\":\"EntryPoint\",\"urlTemplate\":\"https:\/\/www.justiceinfo.net\/fr?s={search_term_string}\"},\"query-input\":{\"@type\":\"PropertyValueSpecification\",\"valueRequired\":true,\"valueName\":\"search_term_string\"}}],\"inLanguage\":\"fr-FR\"},{\"@type\":\"Organization\",\"@id\":\"https:\/\/www.justiceinfo.net\/fr#organization\",\"name\":\"Justice Info\",\"url\":\"https:\/\/www.justiceinfo.net\/fr\",\"logo\":{\"@type\":\"ImageObject\",\"inLanguage\":\"fr-FR\",\"@id\":\"https:\/\/www.justiceinfo.net\/fr#\/schema\/logo\/image\/\",\"url\":\"https:\/\/www.justiceinfo.net\/wp-content\/uploads\/justiceinfo_logo-trans_1200x1200px.png\",\"contentUrl\":\"https:\/\/www.justiceinfo.net\/wp-content\/uploads\/justiceinfo_logo-trans_1200x1200px.png\",\"width\":1199,\"height\":1200,\"caption\":\"Justice Info\"},\"image\":{\"@id\":\"https:\/\/www.justiceinfo.net\/fr#\/schema\/logo\/image\/\"},\"sameAs\":[\"https:\/\/www.facebook.com\/JusticeInfo\/\",\"https:\/\/x.com\/justiceinfonet\",\"https:\/\/www.linkedin.com\/company\/justice-info\",\"https:\/\/www.youtube.com\/channel\/UCyCEsARodyuWtkWyhn-e7pA\"]},{\"@type\":\"Person\",\"name\":\"solivri\",\"url\":\"\/fr\/?s=solivri\"}]}<\/script>\n<!-- \/ Yoast SEO Premium plugin. -->","yoast_head_json":{"title":"11.04.08 - RWANDA \/GENOCIDE - GAPAGASI, L'HOMME QUE LA MORT A LONGTEMPS DEDAIGNE - JusticeInfo.net","robots":{"index":"index","follow":"follow","max-snippet":"max-snippet:-1","max-image-preview":"max-image-preview:large","max-video-preview":"max-video-preview:-1"},"canonical":"https:\/\/www.justiceinfo.net\/fr\/9177-110408-rwanda-genocide-gapagasi-lhomme-que-la-mort-a-longtemps-dedaigne5981.html","og_locale":"fr_FR","og_type":"article","og_title":"11.04.08 - RWANDA \/GENOCIDE - GAPAGASI, L'HOMME QUE LA MORT A LONGTEMPS DEDAIGNE","og_description":"Gugesera, 11 avril 2008 (FH) - Gabriel Gapagasi, 70 ans, a miraculeusement surv&eacute;cu &agrave; tous les massacres des Tutsi de 1959 &agrave; 1994, qui ont endeuill&eacute; le Bugesera, r&eacute;gion du sud de Kigali dont il est natif, et o&ugrave; le gouvernement rwandais a choisi de c&eacute;l&eacute;brer le 14 &egrave;me anniversaire du g&eacute;nocide de 1994.","og_url":"https:\/\/www.justiceinfo.net\/fr\/9177-110408-rwanda-genocide-gapagasi-lhomme-que-la-mort-a-longtemps-dedaigne5981.html","og_site_name":"JusticeInfo.net","article_publisher":"https:\/\/www.facebook.com\/JusticeInfo\/","article_published_time":"2008-04-10T22:00:00+00:00","og_image":[{"width":1200,"height":630,"url":"https:\/\/www.justiceinfo.net\/wp-content\/uploads\/JusticeInfoNet_logo_1200x630px.jpg","type":"image\/jpeg"}],"author":"solivri","twitter_card":"summary_large_image","twitter_creator":"@justiceinfonet","twitter_site":"@justiceinfonet","twitter_misc":{"\u00c9crit par":"solivri","Dur\u00e9e de lecture estim\u00e9e":"3 minutes"},"schema":{"@context":"https:\/\/schema.org","@graph":[{"@type":"NewsArticle","@id":"https:\/\/www.justiceinfo.net\/fr\/9177-110408-rwanda-genocide-gapagasi-lhomme-que-la-mort-a-longtemps-dedaigne5981.html#article","isPartOf":{"@id":"https:\/\/www.justiceinfo.net\/fr\/9177-110408-rwanda-genocide-gapagasi-lhomme-que-la-mort-a-longtemps-dedaigne5981.html"},"author":{"name":"solivri","@id":"https:\/\/www.justiceinfo.net\/fr#\/schema\/person\/6e53cba1629e2e66f3fc1821d3091865"},"headline":"11.04.08 - RWANDA \/GENOCIDE - GAPAGASI, L'HOMME QUE LA MORT A LONGTEMPS DEDAIGNE","datePublished":"2008-04-10T22:00:00+00:00","mainEntityOfPage":{"@id":"https:\/\/www.justiceinfo.net\/fr\/9177-110408-rwanda-genocide-gapagasi-lhomme-que-la-mort-a-longtemps-dedaigne5981.html"},"wordCount":674,"commentCount":0,"publisher":{"@id":"https:\/\/www.justiceinfo.net\/fr#organization"},"articleSection":["Hirondelle News"],"inLanguage":"fr-FR","potentialAction":[{"@type":"CommentAction","name":"Comment","target":["https:\/\/www.justiceinfo.net\/fr\/9177-110408-rwanda-genocide-gapagasi-lhomme-que-la-mort-a-longtemps-dedaigne5981.html#respond"]}]},{"@type":"WebPage","@id":"https:\/\/www.justiceinfo.net\/fr\/9177-110408-rwanda-genocide-gapagasi-lhomme-que-la-mort-a-longtemps-dedaigne5981.html","url":"https:\/\/www.justiceinfo.net\/fr\/9177-110408-rwanda-genocide-gapagasi-lhomme-que-la-mort-a-longtemps-dedaigne5981.html","name":"11.04.08 - RWANDA \/GENOCIDE - GAPAGASI, L'HOMME QUE LA MORT A LONGTEMPS DEDAIGNE - JusticeInfo.net","isPartOf":{"@id":"https:\/\/www.justiceinfo.net\/fr#website"},"datePublished":"2008-04-10T22:00:00+00:00","breadcrumb":{"@id":"https:\/\/www.justiceinfo.net\/fr\/9177-110408-rwanda-genocide-gapagasi-lhomme-que-la-mort-a-longtemps-dedaigne5981.html#breadcrumb"},"inLanguage":"fr-FR","potentialAction":[{"@type":"ReadAction","target":["https:\/\/www.justiceinfo.net\/fr\/9177-110408-rwanda-genocide-gapagasi-lhomme-que-la-mort-a-longtemps-dedaigne5981.html"]}]},{"@type":"BreadcrumbList","@id":"https:\/\/www.justiceinfo.net\/fr\/9177-110408-rwanda-genocide-gapagasi-lhomme-que-la-mort-a-longtemps-dedaigne5981.html#breadcrumb","itemListElement":[{"@type":"ListItem","position":1,"name":"Home","item":"https:\/\/www.justiceinfo.net\/fr"},{"@type":"ListItem","position":2,"name":"11.04.08 - RWANDA \/GENOCIDE - GAPAGASI, L'HOMME QUE LA MORT A LONGTEMPS DEDAIGNE"}]},{"@type":"WebSite","@id":"https:\/\/www.justiceinfo.net\/fr#website","url":"https:\/\/www.justiceinfo.net\/fr","name":"JusticeInfo.net","description":"La justice doit \u00eatre vue pour \u00eatre rendue","publisher":{"@id":"https:\/\/www.justiceinfo.net\/fr#organization"},"potentialAction":[{"@type":"SearchAction","target":{"@type":"EntryPoint","urlTemplate":"https:\/\/www.justiceinfo.net\/fr?s={search_term_string}"},"query-input":{"@type":"PropertyValueSpecification","valueRequired":true,"valueName":"search_term_string"}}],"inLanguage":"fr-FR"},{"@type":"Organization","@id":"https:\/\/www.justiceinfo.net\/fr#organization","name":"Justice Info","url":"https:\/\/www.justiceinfo.net\/fr","logo":{"@type":"ImageObject","inLanguage":"fr-FR","@id":"https:\/\/www.justiceinfo.net\/fr#\/schema\/logo\/image\/","url":"https:\/\/www.justiceinfo.net\/wp-content\/uploads\/justiceinfo_logo-trans_1200x1200px.png","contentUrl":"https:\/\/www.justiceinfo.net\/wp-content\/uploads\/justiceinfo_logo-trans_1200x1200px.png","width":1199,"height":1200,"caption":"Justice Info"},"image":{"@id":"https:\/\/www.justiceinfo.net\/fr#\/schema\/logo\/image\/"},"sameAs":["https:\/\/www.facebook.com\/JusticeInfo\/","https:\/\/x.com\/justiceinfonet","https:\/\/www.linkedin.com\/company\/justice-info","https:\/\/www.youtube.com\/channel\/UCyCEsARodyuWtkWyhn-e7pA"]},{"@type":"Person","name":"solivri","url":"\/fr\/?s=solivri"}]}},"_links":{"self":[{"href":"https:\/\/www.justiceinfo.net\/fr\/wp-json\/wp\/v2\/posts\/9177","targetHints":{"allow":["GET"]}}],"collection":[{"href":"https:\/\/www.justiceinfo.net\/fr\/wp-json\/wp\/v2\/posts"}],"about":[{"href":"https:\/\/www.justiceinfo.net\/fr\/wp-json\/wp\/v2\/types\/post"}],"author":[{"embeddable":true,"href":"https:\/\/www.justiceinfo.net\/fr\/wp-json\/wp\/v2\/users\/64"}],"replies":[{"embeddable":true,"href":"https:\/\/www.justiceinfo.net\/fr\/wp-json\/wp\/v2\/comments?post=9177"}],"version-history":[{"count":0,"href":"https:\/\/www.justiceinfo.net\/fr\/wp-json\/wp\/v2\/posts\/9177\/revisions"}],"wp:attachment":[{"href":"https:\/\/www.justiceinfo.net\/fr\/wp-json\/wp\/v2\/media?parent=9177"}],"wp:term":[{"taxonomy":"category","embeddable":true,"href":"https:\/\/www.justiceinfo.net\/fr\/wp-json\/wp\/v2\/categories?post=9177"},{"taxonomy":"post_tag","embeddable":true,"href":"https:\/\/www.justiceinfo.net\/fr\/wp-json\/wp\/v2\/tags?post=9177"},{"taxonomy":"ji_location","embeddable":true,"href":"https:\/\/www.justiceinfo.net\/fr\/wp-json\/wp\/v2\/ji_location?post=9177"}],"curies":[{"name":"wp","href":"https:\/\/api.w.org\/{rel}","templated":true}]}}