{"id":92003,"date":"2022-05-12T11:33:07","date_gmt":"2022-05-12T09:33:07","guid":{"rendered":"https:\/\/www.justiceinfo.net\/?p=92003"},"modified":"2022-05-12T11:50:11","modified_gmt":"2022-05-12T09:50:11","slug":"gambie-gouvernement-poursuivre-tueurs-jammeh-rentres-pays","status":"publish","type":"post","link":"https:\/\/www.justiceinfo.net\/fr\/92003-gambie-gouvernement-poursuivre-tueurs-jammeh-rentres-pays.html","title":{"rendered":"Gambie : le gouvernement va-t-il poursuivre les tueurs de Jammeh rentr\u00e9s au pays ?"},"content":{"rendered":"\n<p><strong>De retour d\u2019exil, neuf anciens soldats et membres des \u00ab&nbsp;junglers&nbsp;\u00bb les tristement c\u00e9l\u00e8bres commandos de l'ancien pr\u00e9sident Yahya Jammeh, sont toujours en libert\u00e9 en Gambie. Dans l'attente d'un livre blanc du gouvernement sur la mise en \u0153uvre des recommandations de la Commission v\u00e9rit\u00e9, qui doit \u00eatre publi\u00e9 d'ici le 24 mai, le minist\u00e8re de la Justice n'a pas d\u00e9cid\u00e9 s'il fallait les poursuivre, malgr\u00e9 la demande des victimes.<\/strong><\/p>\n\n\n\n<!--more-->\n\n\n\n<p>En d\u00e9cembre dernier, l\u2019un des plus c\u00e9l\u00e8bres bras arm\u00e9s de l'ancien pr\u00e9sident Yayha Jammeh est rentr\u00e9 en Gambie depuis la Guin\u00e9e \u00e9quatoriale o\u00f9 il vivait en exil, avec pas moins de huit autres soldats, quatre civils et deux enfants. Parmi les rapatri\u00e9s, au moins trois - le g\u00e9n\u00e9ral de corps d'arm\u00e9e <a href=\"https:\/\/www.justiceinfo.net\/fr\/42025-gambie-terreur-brute-devant-la-trrc.html\">Sulayman Badgie<\/a>, le major Landing Tamba et l'adjudant de classe 1 Musa Badgie - ont \u00e9t\u00e9 accus\u00e9s de crimes graves, notamment de meurtre, par la <a href=\"https:\/\/www.justiceinfo.net\/fr\/41592-heure-verite-gambie.html\">Commission v\u00e9rit\u00e9, r\u00e9parations et r\u00e9conciliation (TRRC)<\/a>.<\/p>\n\n\n\n<p>Pendant plus d'une d\u00e9cennie, le g\u00e9n\u00e9ral Badgie, autrement appel\u00e9 Saul, a \u00e9t\u00e9 une figure populaire mais insaisissable en Gambie. Pour les Gambiens, il \u00e9tait le \"vice-pr\u00e9sident de facto\" sous le r\u00e9gime de Jammeh. Pourtant, on sait peu de choses sur lui, tout comme sur le groupe de tueurs - les junglers - qu'il a dirig\u00e9 jusqu'en 2016. De son vrai nom Karafa Bojang, il est originaire de Bwiam, un village situ\u00e9 \u00e0 17 minutes de route du village natal de Jammeh, Kanilai.<\/p>\n\n\n\n<p>En 2004, Badgie est devenu membre d'une \u00e9quipe de 30 junglers - la deuxi\u00e8me du nom. Comme l'ont r\u00e9v\u00e9l\u00e9 les enqu\u00eates de la Commission v\u00e9rit\u00e9, la direction du commando paramilitaire \u00e9tait fluide. Mais c\u2019est bien Badgie, officiellement commandant d\u2019une \u00e9quipe d'\u00e9lite charg\u00e9e de la garde pr\u00e9sidentielle \u2013 qui aurait \u00e9t\u00e9 le commandant g\u00e9n\u00e9ral des junglers pendant plus de dix ans.<\/p>\n\n\n\n<h2 class=\"wp-block-heading\">Badgie, reconnu responsable d'ex\u00e9cutions sommaires<\/h2>\n\n\n\n<p><a href=\"https:\/\/www.justiceinfo.net\/wp-content\/uploads\/Volume-8-The-Junglers-Unlawful-Killings-Tortures-and-Other-Human-Rights-Violations.pdf\">La Commission v\u00e9rit\u00e9 l'a jug\u00e9 personnellement responsable du meurtre<\/a> de Mamut Ceesay, Ebou Jobe, Mustapha Colley, Tumani Jallow et Abdoulie Gaye. Il a \u00e9galement \u00e9t\u00e9 reconnu coupable d'avoir particip\u00e9 \u00e0 l'ex\u00e9cution de neuf condamn\u00e9s \u00e0 mort en ao\u00fbt 2012. Badgie aurait \u00e9galement particip\u00e9 \u00e0 l'ex\u00e9cution de Baba Jobe, ancien alli\u00e9 de Jammeh, et \u00e0 la torture de plusieurs d\u00e9tenus politiques.<\/p>\n\n\n\n<p>Les enqu\u00eates de la Commission ont tenu Jammeh et le g\u00e9n\u00e9ral Badgie, entre autres, pour <a href=\"https:\/\/www.justiceinfo.net\/wp-content\/uploads\/Volume-8-The-Junglers-Unlawful-Killings-Tortures-and-Other-Human-Rights-Violations.pdf\">responsables<\/a> de la mort du colonel Ndure Cham. En 2006, les forces loyales \u00e0 l'ancien dirigeant gambien Jammeh ont d\u00e9jou\u00e9 un coup d'\u00c9tat avant que les putschistes ne passent \u00e0 l'action. Jammeh \u00e9tait en d\u00e9placement en Mauritanie. Le colonel Cham, le meneur du coup d'\u00c9tat, qui \u00e9tait le chef d'\u00e9tat-major de la d\u00e9fense, avait disait-on fui le pays.<\/p>\n\n\n\n<p>Les lendemains ont \u00e9t\u00e9 sanglants. Plusieurs soldats de haut rang ont \u00e9t\u00e9 arr\u00eat\u00e9s. Le chef des renseignements Daba Marenah, les soldats Manlafi Corr, Ebou Lowe, Alpha Bah et Alieu Ceesay sont arr\u00eat\u00e9s puis ex\u00e9cut\u00e9s. Le gouvernement a annonc\u00e9 qu'ils avaient tent\u00e9 de s\u2019\u00e9chapper alors qu'ils \u00e9taient transport\u00e9s \u00e0 la prison de Janjanbureh.<\/p>\n\n\n\n<p>Pour le Gambien moyen, Cham avait fui le pays. Cependant, Kaddy Cham - sa fille - le rencontrait secr\u00e8tement dans son jardin \u00e0 Farafenni, \u00e0 environ deux heures de route de Banjul. Un jour, Cham s'est mis hors de port\u00e9e. C'est le t\u00e9moignage du jungler Omar Jallow devant la TRRC qui confirmera \u00e0 Kaddy ce qui est arriv\u00e9 \u00e0 son p\u00e8re. \"Je me suis sentie soulag\u00e9e de savoir la v\u00e9rit\u00e9. Beaucoup de rumeurs entouraient la disparition de mon p\u00e8re\", a d\u00e9clar\u00e9 Kaddy \u00e0 Justice Info.<\/p>\n\n\n\n<h2 class=\"wp-block-heading\">H\u00e9berg\u00e9s par le gouvernement \u00e0 l\u2019auberge de l'amiti\u00e9<\/h2>\n\n\n\n<p>Apr\u00e8s le retour des soldats, ils ont dans un premier temps \u00e9t\u00e9 plac\u00e9s en \"d\u00e9tention pr\u00e9ventive\" dans une \u00ab&nbsp;Auberge de l'amiti\u00e9&nbsp;\u00bb (Friendship hostel, en anglais) appartenant au gouvernement \u00e0 Bakau, \u00e0 environ 15 minutes de route de Banjul. Mais \u00e0 la surprise g\u00e9n\u00e9rale, aucune charge n'a \u00e9t\u00e9 retenue contre eux.<\/p>\n\n\n\n<p>Toutefois, le minist\u00e8re de la Justice a demand\u00e9 au tribunal de les placer en d\u00e9tention pendant 90 jours, dans l'attente du \u2018livre blanc\u2019 qui doit \u00eatre publi\u00e9 d\u2019ici au 24 mai pour annoncer comment le gouvernement va mettre en \u0153uvre les recommandations de la Commission v\u00e9rit\u00e9.<\/p>\n\n\n\n<p>Mais la demande du minist\u00e8re a \u00e9t\u00e9 rejet\u00e9e par la Haute Cour de Banjul le 4 f\u00e9vrier, lib\u00e9rant les soldats. Le directeur adjoint du minist\u00e8re pour les litiges civils, Tah Kimbeng, a d\u00e9clar\u00e9 \u00e0 Justice Info qu'ils avaient fait appel de cette d\u00e9cision. \"Suite au rejet de notre demande, l'\u00c9tat a d\u00e9pos\u00e9 un appel. Nous attendons une date d'audience de la Cour d'appel sur cette question\", a d\u00e9clar\u00e9 Kimbeng \u00e0 Justice Info le 10 mai.<\/p>\n\n\n\n<p>\"La demande de d\u00e9tention a \u00e9t\u00e9 faite conform\u00e9ment \u00e0 une pratique qui permet au tribunal d'ordonner la d\u00e9tention d'un suspect accus\u00e9 d'une infraction mais pas formellement inculp\u00e9. Cette proc\u00e9dure a d\u00e9j\u00e0 \u00e9t\u00e9 utilis\u00e9e dans l'affaire des \u00e9meutes de Sanyang et, en fait, dans d'autres juridictions, comme dans le cas de la d\u00e9tention pendant cinq ans d'<a href=\"https:\/\/www.justiceinfo.net\/fr\/44217-sonko-dessous-dossier-suisse-vu-de-la-commission-verite-de-gambie.html\">Ousman Sonko<\/a> en attendant le d\u00e9p\u00f4t d'accusations formelles devant les tribunaux suisses\", a soutenu Kimbeng.<\/p>\n\n\n\n<p>\"La demande de l'\u00c9tat n'a aucun fondement en droit\", a contredit l'avocat Abdoulie Fatty, avocat \u00e0 la Cour supr\u00eame de Gambie. \"Vous ne pouvez pas d\u00e9tenir des gens comme \u00e7a sans les inculper\". Et plusieurs voix critiques soulignent les tentatives d\u00e9lib\u00e9r\u00e9es du minist\u00e8re pour lib\u00e9rer Badgie et d'autres personnes.<\/p>\n\n\n\n<p>\u00c0 la fin de l'ann\u00e9e derni\u00e8re, un membre populaire d'une faction du parti de Jammeh, l'Alliance pour la r\u00e9orientation et la construction patriotiques, Bakary Jaiteh, a d\u00e9clar\u00e9 que le retour du g\u00e9n\u00e9ral Badgie et d'autres personnes faisait partie de leurs conditions pour la formation d\u2019une coalition avec le pr\u00e9sident actuel, Adama Barrow. Cela n'a jamais \u00e9t\u00e9 reconnu officiellement.<\/p>\n\n\n\n<p>Il y a eu un pr\u00e9c\u00e9dent, trait\u00e9 tr\u00e8s diff\u00e9remment. En 2019, deux g\u00e9n\u00e9raux - Umpa Mendy et Ansumana Tamba - sont revenus de Guin\u00e9e \u00e9quatoriale. Ils ont \u00e9t\u00e9 arr\u00eat\u00e9s et traduits en cour martiale. Mais ils ont \u00e9t\u00e9 lib\u00e9r\u00e9s sur les accusations de d\u00e9sertion parce qu'ils ont affirm\u00e9 qu'un sup\u00e9rieur, le g\u00e9n\u00e9ral Badgie, leur avait demand\u00e9 d'accompagner Jammeh.<\/p>\n\n\n\n<p>\"Par cons\u00e9quent, maintenant que Saul Badgie lui-m\u00eame, qui a \u00e9galement d\u00e9sert\u00e9 l'arm\u00e9e pendant cinq ans, est de retour en ville, pourquoi n'a-t-il pas \u00e9t\u00e9 accus\u00e9 de d\u00e9sertion ?\" a demand\u00e9 l'activiste Madi Jobarteh. Cependant, l'arm\u00e9e a d\u00e9clar\u00e9 qu'elle ne pouvait pas inculper Badgie et les autres parce que leur retour avait \u00e9t\u00e9 n\u00e9goci\u00e9.<\/p>\n\n\n\n<h2 class=\"wp-block-heading\">\u00ab&nbsp;Les gens sont tr\u00e8s en col\u00e8re&nbsp;\u00bb<\/h2>\n\n\n\n<p>Pendant ce temps, le Centre des victimes, parmi un ch\u0153ur de critiques contre la gestion de l'affaire par le gouvernement, a demand\u00e9 en mars que Badgie et les autres soient poursuivis.<\/p>\n\n\n\n<p>\"Ils auraient d\u00fb \u00eatre arr\u00eat\u00e9s. Il devrait y avoir une justice. Les gens sont tr\u00e8s en col\u00e8re. Certaines personnes pourraient m\u00eame leur faire du mal\", a d\u00e9clar\u00e9 Kaddy.<\/p>\n\n\n\n<p>Kimbeng, cependant, a fait valoir : \"Je sais et je comprends ces demandes, mais la TRRC \u00e9tait un processus de recherche de la v\u00e9rit\u00e9, pas une instruction judiciaire. Ses conclusions doivent \u00eatre examin\u00e9es et accept\u00e9es par le gouvernement avant que toute action puisse \u00eatre entreprise. Une fois que ce processus sera termin\u00e9 et que le gouvernement aura publi\u00e9 son \u2018livre blanc\u2019, il y aura plus de certitude sur la voie \u00e0 suivre.\"<\/p>\n\n\n<div class=\"articleLink articleLink--editorRecommanded articleLink--textInImage articleLink--textTop\" style=\"\">\r\n\t\t\t\t\t\r\n\t\t\t<div class=\"articleLinkSurTitle\">Recommand\u00e9 par la r\u00e9daction<\/div>\r\n\t\t\t<a class=\"articleLinkImageLink\" href=\"https:\/\/www.justiceinfo.net\/fr\/86173-rapport-final-trrc-gambie-entre-poursuites-et-amnisties.html\"><div class=\"articleLinkImageContainer \"><img loading=\"lazy\" decoding=\"async\" width=\"540\" height=\"360\" src=\"https:\/\/www.justiceinfo.net\/wp-content\/uploads\/Gambia_Yahya-Jammeh-police_@Marco-Longari-AFP-540x360.jpg\" class=\"articleLinkImage backgroundImageTag w-100 wp-post-image\" alt=\"Yahya Jammeh en Gambie\" srcset=\"https:\/\/www.justiceinfo.net\/wp-content\/uploads\/Gambia_Yahya-Jammeh-police_@Marco-Longari-AFP-540x360.jpg 540w, https:\/\/www.justiceinfo.net\/wp-content\/uploads\/Gambia_Yahya-Jammeh-police_@Marco-Longari-AFP-730x487.jpg 730w, https:\/\/www.justiceinfo.net\/wp-content\/uploads\/Gambia_Yahya-Jammeh-police_@Marco-Longari-AFP-1110x740.jpg 1110w, https:\/\/www.justiceinfo.net\/wp-content\/uploads\/Gambia_Yahya-Jammeh-police_@Marco-Longari-AFP.jpg 1200w\" sizes=\"auto, (max-width: 540px) 100vw, 540px\" \/><\/div><\/a>\r\n\t\t\t<a href=\"https:\/\/www.justiceinfo.net\/fr\/86173-rapport-final-trrc-gambie-entre-poursuites-et-amnisties.html\" class=\"articleLinkTitle articleLinkTitle--default\">\r\n\t\t\tRapport final de la TRRC : la Gambie entre poursuites et amnisties\r\n\t\t<\/a>\r\n\t\t\r\n\t\t\t\t<\/div>\n","protected":false},"excerpt":{"rendered":"<p>De retour d\u2019exil, neuf anciens soldats et membres des \u00ab&nbsp;junglers&nbsp;\u00bb les tristement c\u00e9l\u00e8bres commandos de l'ancien pr\u00e9sident Yahya Jammeh, sont toujours en libert\u00e9 en Gambie. Dans l'attente d'un livre blanc du gouvernement sur la mise en \u0153uvre des recommandations de la Commission v\u00e9rit\u00e9, qui doit \u00eatre publi\u00e9 d'ici le 24 mai, le minist\u00e8re de la [&hellip;]<\/p>\n","protected":false},"author":73,"featured_media":91999,"comment_status":"closed","ping_status":"closed","sticky":false,"template":"","format":"standard","meta":{"_acf_changed":false,"footnotes":""},"categories":[548,574],"tags":[3309,2754],"ji_location":[2508],"class_list":["post-92003","post","type-post","status-publish","format-standard","has-post-thumbnail","hentry","category-commissions-verite","category-tribunaux-nationaux","tag-junglers","tag-trrc","ji_location-gambie"],"acf":[],"yoast_head":"<!-- This site is optimized with the Yoast SEO Premium plugin v25.3.1 (Yoast SEO v25.3.1) - https:\/\/yoast.com\/wordpress\/plugins\/seo\/ -->\n<title>Gambie : le gouvernement va-t-il poursuivre les tueurs de Jammeh rentr\u00e9s au pays ? - JusticeInfo.net<\/title>\n<meta name=\"description\" content=\"De retour d\u2019exil, neuf anciens soldats et membres des \u00ab junglers \u00bb les tristement c\u00e9l\u00e8bres commandos de l&#039;ancien pr\u00e9sident Yahya Jammeh, sont toujours en libert\u00e9 en Gambie. Dans l&#039;attente d&#039;un livre blanc du gouvernement sur la mise en \u0153uvre des recommandations de la Commission v\u00e9rit\u00e9, qui doit \u00eatre publi\u00e9 d&#039;ici le 24 mai, le minist\u00e8re de la Justice n&#039;a pas d\u00e9cid\u00e9 s&#039;il fallait les poursuivre, malgr\u00e9 la demande des victimes.\" \/>\n<meta name=\"robots\" content=\"index, follow, max-snippet:-1, max-image-preview:large, max-video-preview:-1\" \/>\n<link rel=\"canonical\" href=\"https:\/\/www.justiceinfo.net\/fr\/92003-gambie-gouvernement-poursuivre-tueurs-jammeh-rentres-pays.html\" \/>\n<meta property=\"og:locale\" content=\"fr_FR\" \/>\n<meta property=\"og:type\" content=\"article\" \/>\n<meta property=\"og:title\" content=\"Gambie : le gouvernement va-t-il poursuivre les tueurs de Jammeh rentr\u00e9s au pays ?\" \/>\n<meta property=\"og:description\" content=\"De retour d\u2019exil, neuf anciens soldats et membres des \u00ab junglers \u00bb les tristement c\u00e9l\u00e8bres commandos de l&#039;ancien pr\u00e9sident Yahya Jammeh, sont toujours en libert\u00e9 en Gambie. Dans l&#039;attente d&#039;un livre blanc du gouvernement sur la mise en \u0153uvre des recommandations de la Commission v\u00e9rit\u00e9, qui doit \u00eatre publi\u00e9 d&#039;ici le 24 mai, le minist\u00e8re de la Justice n&#039;a pas d\u00e9cid\u00e9 s&#039;il fallait les poursuivre, malgr\u00e9 la demande des victimes.\" \/>\n<meta property=\"og:url\" content=\"https:\/\/www.justiceinfo.net\/fr\/92003-gambie-gouvernement-poursuivre-tueurs-jammeh-rentres-pays.html\" \/>\n<meta property=\"og:site_name\" content=\"JusticeInfo.net\" \/>\n<meta property=\"article:publisher\" content=\"https:\/\/www.facebook.com\/JusticeInfo\/\" \/>\n<meta property=\"article:published_time\" content=\"2022-05-12T09:33:07+00:00\" \/>\n<meta property=\"article:modified_time\" content=\"2022-05-12T09:50:11+00:00\" \/>\n<meta property=\"og:image\" content=\"https:\/\/www.justiceinfo.net\/wp-content\/uploads\/Gambia_Jammeh-jungler.jpg\" \/>\n\t<meta property=\"og:image:width\" content=\"910\" \/>\n\t<meta property=\"og:image:height\" content=\"607\" \/>\n\t<meta property=\"og:image:type\" content=\"image\/jpeg\" \/>\n<meta name=\"author\" content=\"Mustapha K. Darboe\" \/>\n<meta name=\"twitter:card\" content=\"summary_large_image\" \/>\n<meta name=\"twitter:creator\" content=\"@justiceinfonet\" \/>\n<meta name=\"twitter:site\" content=\"@justiceinfonet\" \/>\n<meta name=\"twitter:label1\" content=\"\u00c9crit par\" \/>\n\t<meta name=\"twitter:data1\" content=\"Mustapha K. Darboe\" \/>\n\t<meta name=\"twitter:label2\" content=\"Dur\u00e9e de lecture estim\u00e9e\" \/>\n\t<meta name=\"twitter:data2\" content=\"6 minutes\" \/>\n<script type=\"application\/ld+json\" class=\"yoast-schema-graph\">{\"@context\":\"https:\/\/schema.org\",\"@graph\":[{\"@type\":\"NewsArticle\",\"@id\":\"https:\/\/www.justiceinfo.net\/fr\/92003-gambie-gouvernement-poursuivre-tueurs-jammeh-rentres-pays.html#article\",\"isPartOf\":{\"@id\":\"https:\/\/www.justiceinfo.net\/fr\/92003-gambie-gouvernement-poursuivre-tueurs-jammeh-rentres-pays.html\"},\"author\":{\"name\":\"mdarboe\",\"@id\":\"https:\/\/www.justiceinfo.net\/fr#\/schema\/person\/87683ef8eb6db0f513bc2be3db6f3012\"},\"headline\":\"Gambie : le gouvernement va-t-il poursuivre les tueurs de Jammeh rentr\u00e9s au pays ?\",\"datePublished\":\"2022-05-12T09:33:07+00:00\",\"dateModified\":\"2022-05-12T09:50:11+00:00\",\"mainEntityOfPage\":{\"@id\":\"https:\/\/www.justiceinfo.net\/fr\/92003-gambie-gouvernement-poursuivre-tueurs-jammeh-rentres-pays.html\"},\"wordCount\":1362,\"publisher\":{\"@id\":\"https:\/\/www.justiceinfo.net\/fr#organization\"},\"image\":{\"@id\":\"https:\/\/www.justiceinfo.net\/fr\/92003-gambie-gouvernement-poursuivre-tueurs-jammeh-rentres-pays.html#primaryimage\"},\"thumbnailUrl\":\"https:\/\/www.justiceinfo.net\/wp-content\/uploads\/Gambia_Jammeh-jungler.jpg\",\"keywords\":[\"Junglers\",\"TRRC\"],\"articleSection\":[\"Commissions v\u00e9rit\u00e9\",\"Tribunaux nationaux\"],\"inLanguage\":\"fr-FR\"},{\"@type\":\"WebPage\",\"@id\":\"https:\/\/www.justiceinfo.net\/fr\/92003-gambie-gouvernement-poursuivre-tueurs-jammeh-rentres-pays.html\",\"url\":\"https:\/\/www.justiceinfo.net\/fr\/92003-gambie-gouvernement-poursuivre-tueurs-jammeh-rentres-pays.html\",\"name\":\"Gambie : le gouvernement va-t-il poursuivre les tueurs de Jammeh rentr\u00e9s au pays ? - JusticeInfo.net\",\"isPartOf\":{\"@id\":\"https:\/\/www.justiceinfo.net\/fr#website\"},\"primaryImageOfPage\":{\"@id\":\"https:\/\/www.justiceinfo.net\/fr\/92003-gambie-gouvernement-poursuivre-tueurs-jammeh-rentres-pays.html#primaryimage\"},\"image\":{\"@id\":\"https:\/\/www.justiceinfo.net\/fr\/92003-gambie-gouvernement-poursuivre-tueurs-jammeh-rentres-pays.html#primaryimage\"},\"thumbnailUrl\":\"https:\/\/www.justiceinfo.net\/wp-content\/uploads\/Gambia_Jammeh-jungler.jpg\",\"datePublished\":\"2022-05-12T09:33:07+00:00\",\"dateModified\":\"2022-05-12T09:50:11+00:00\",\"description\":\"De retour d\u2019exil, neuf anciens soldats et membres des \u00ab junglers \u00bb les tristement c\u00e9l\u00e8bres commandos de l'ancien pr\u00e9sident Yahya Jammeh, sont toujours en libert\u00e9 en Gambie. Dans l'attente d'un livre blanc du gouvernement sur la mise en \u0153uvre des recommandations de la Commission v\u00e9rit\u00e9, qui doit \u00eatre publi\u00e9 d'ici le 24 mai, le minist\u00e8re de la Justice n'a pas d\u00e9cid\u00e9 s'il fallait les poursuivre, malgr\u00e9 la demande des victimes.\",\"breadcrumb\":{\"@id\":\"https:\/\/www.justiceinfo.net\/fr\/92003-gambie-gouvernement-poursuivre-tueurs-jammeh-rentres-pays.html#breadcrumb\"},\"inLanguage\":\"fr-FR\",\"potentialAction\":[{\"@type\":\"ReadAction\",\"target\":[\"https:\/\/www.justiceinfo.net\/fr\/92003-gambie-gouvernement-poursuivre-tueurs-jammeh-rentres-pays.html\"]}]},{\"@type\":\"ImageObject\",\"inLanguage\":\"fr-FR\",\"@id\":\"https:\/\/www.justiceinfo.net\/fr\/92003-gambie-gouvernement-poursuivre-tueurs-jammeh-rentres-pays.html#primaryimage\",\"url\":\"https:\/\/www.justiceinfo.net\/wp-content\/uploads\/Gambia_Jammeh-jungler.jpg\",\"contentUrl\":\"https:\/\/www.justiceinfo.net\/wp-content\/uploads\/Gambia_Jammeh-jungler.jpg\",\"width\":910,\"height\":607,\"caption\":\"Le g\u00e9n\u00e9ral Sulayman Badgie (gauche), l'un des plus fid\u00e8les lieutenant de l'ancien pr\u00e9sident gambien Yahya Jammeh (droite), l'avait accompagn\u00e9 dans son exil en Guin\u00e9e \u00e9quatoriale. Rentr\u00e9 en Gambie, le militaire accus\u00e9 de plusieurs crimes, est aujourd'hui en libert\u00e9. \u00a9 DR\"},{\"@type\":\"BreadcrumbList\",\"@id\":\"https:\/\/www.justiceinfo.net\/fr\/92003-gambie-gouvernement-poursuivre-tueurs-jammeh-rentres-pays.html#breadcrumb\",\"itemListElement\":[{\"@type\":\"ListItem\",\"position\":1,\"name\":\"Home\",\"item\":\"https:\/\/www.justiceinfo.net\/fr\"},{\"@type\":\"ListItem\",\"position\":2,\"name\":\"Gambie : le gouvernement va-t-il poursuivre les tueurs de Jammeh rentr\u00e9s au pays ?\"}]},{\"@type\":\"WebSite\",\"@id\":\"https:\/\/www.justiceinfo.net\/fr#website\",\"url\":\"https:\/\/www.justiceinfo.net\/fr\",\"name\":\"JusticeInfo.net\",\"description\":\"La justice doit \u00eatre vue pour \u00eatre rendue\",\"publisher\":{\"@id\":\"https:\/\/www.justiceinfo.net\/fr#organization\"},\"potentialAction\":[{\"@type\":\"SearchAction\",\"target\":{\"@type\":\"EntryPoint\",\"urlTemplate\":\"https:\/\/www.justiceinfo.net\/fr?s={search_term_string}\"},\"query-input\":{\"@type\":\"PropertyValueSpecification\",\"valueRequired\":true,\"valueName\":\"search_term_string\"}}],\"inLanguage\":\"fr-FR\"},{\"@type\":\"Organization\",\"@id\":\"https:\/\/www.justiceinfo.net\/fr#organization\",\"name\":\"Justice Info\",\"url\":\"https:\/\/www.justiceinfo.net\/fr\",\"logo\":{\"@type\":\"ImageObject\",\"inLanguage\":\"fr-FR\",\"@id\":\"https:\/\/www.justiceinfo.net\/fr#\/schema\/logo\/image\/\",\"url\":\"https:\/\/www.justiceinfo.net\/wp-content\/uploads\/justiceinfo_logo-trans_1200x1200px.png\",\"contentUrl\":\"https:\/\/www.justiceinfo.net\/wp-content\/uploads\/justiceinfo_logo-trans_1200x1200px.png\",\"width\":1199,\"height\":1200,\"caption\":\"Justice Info\"},\"image\":{\"@id\":\"https:\/\/www.justiceinfo.net\/fr#\/schema\/logo\/image\/\"},\"sameAs\":[\"https:\/\/www.facebook.com\/JusticeInfo\/\",\"https:\/\/x.com\/justiceinfonet\",\"https:\/\/www.linkedin.com\/company\/justice-info\",\"https:\/\/www.youtube.com\/channel\/UCyCEsARodyuWtkWyhn-e7pA\"]},{\"@type\":\"Person\",\"name\":\"Mustapha K. Darboe\",\"url\":\"https:\/\/www.justiceinfo.net\/fr\/auteur\/mdarboe\"}]}<\/script>\n<!-- \/ Yoast SEO Premium plugin. -->","yoast_head_json":{"title":"Gambie : le gouvernement va-t-il poursuivre les tueurs de Jammeh rentr\u00e9s au pays ? - JusticeInfo.net","description":"De retour d\u2019exil, neuf anciens soldats et membres des \u00ab junglers \u00bb les tristement c\u00e9l\u00e8bres commandos de l'ancien pr\u00e9sident Yahya Jammeh, sont toujours en libert\u00e9 en Gambie. Dans l'attente d'un livre blanc du gouvernement sur la mise en \u0153uvre des recommandations de la Commission v\u00e9rit\u00e9, qui doit \u00eatre publi\u00e9 d'ici le 24 mai, le minist\u00e8re de la Justice n'a pas d\u00e9cid\u00e9 s'il fallait les poursuivre, malgr\u00e9 la demande des victimes.","robots":{"index":"index","follow":"follow","max-snippet":"max-snippet:-1","max-image-preview":"max-image-preview:large","max-video-preview":"max-video-preview:-1"},"canonical":"https:\/\/www.justiceinfo.net\/fr\/92003-gambie-gouvernement-poursuivre-tueurs-jammeh-rentres-pays.html","og_locale":"fr_FR","og_type":"article","og_title":"Gambie : le gouvernement va-t-il poursuivre les tueurs de Jammeh rentr\u00e9s au pays ?","og_description":"De retour d\u2019exil, neuf anciens soldats et membres des \u00ab junglers \u00bb les tristement c\u00e9l\u00e8bres commandos de l'ancien pr\u00e9sident Yahya Jammeh, sont toujours en libert\u00e9 en Gambie. Dans l'attente d'un livre blanc du gouvernement sur la mise en \u0153uvre des recommandations de la Commission v\u00e9rit\u00e9, qui doit \u00eatre publi\u00e9 d'ici le 24 mai, le minist\u00e8re de la Justice n'a pas d\u00e9cid\u00e9 s'il fallait les poursuivre, malgr\u00e9 la demande des victimes.","og_url":"https:\/\/www.justiceinfo.net\/fr\/92003-gambie-gouvernement-poursuivre-tueurs-jammeh-rentres-pays.html","og_site_name":"JusticeInfo.net","article_publisher":"https:\/\/www.facebook.com\/JusticeInfo\/","article_published_time":"2022-05-12T09:33:07+00:00","article_modified_time":"2022-05-12T09:50:11+00:00","og_image":[{"width":910,"height":607,"url":"https:\/\/www.justiceinfo.net\/wp-content\/uploads\/Gambia_Jammeh-jungler.jpg","type":"image\/jpeg"}],"author":"Mustapha K. Darboe","twitter_card":"summary_large_image","twitter_creator":"@justiceinfonet","twitter_site":"@justiceinfonet","twitter_misc":{"\u00c9crit par":"Mustapha K. Darboe","Dur\u00e9e de lecture estim\u00e9e":"6 minutes"},"schema":{"@context":"https:\/\/schema.org","@graph":[{"@type":"NewsArticle","@id":"https:\/\/www.justiceinfo.net\/fr\/92003-gambie-gouvernement-poursuivre-tueurs-jammeh-rentres-pays.html#article","isPartOf":{"@id":"https:\/\/www.justiceinfo.net\/fr\/92003-gambie-gouvernement-poursuivre-tueurs-jammeh-rentres-pays.html"},"author":{"name":"mdarboe","@id":"https:\/\/www.justiceinfo.net\/fr#\/schema\/person\/87683ef8eb6db0f513bc2be3db6f3012"},"headline":"Gambie : le gouvernement va-t-il poursuivre les tueurs de Jammeh rentr\u00e9s au pays ?","datePublished":"2022-05-12T09:33:07+00:00","dateModified":"2022-05-12T09:50:11+00:00","mainEntityOfPage":{"@id":"https:\/\/www.justiceinfo.net\/fr\/92003-gambie-gouvernement-poursuivre-tueurs-jammeh-rentres-pays.html"},"wordCount":1362,"publisher":{"@id":"https:\/\/www.justiceinfo.net\/fr#organization"},"image":{"@id":"https:\/\/www.justiceinfo.net\/fr\/92003-gambie-gouvernement-poursuivre-tueurs-jammeh-rentres-pays.html#primaryimage"},"thumbnailUrl":"https:\/\/www.justiceinfo.net\/wp-content\/uploads\/Gambia_Jammeh-jungler.jpg","keywords":["Junglers","TRRC"],"articleSection":["Commissions v\u00e9rit\u00e9","Tribunaux nationaux"],"inLanguage":"fr-FR"},{"@type":"WebPage","@id":"https:\/\/www.justiceinfo.net\/fr\/92003-gambie-gouvernement-poursuivre-tueurs-jammeh-rentres-pays.html","url":"https:\/\/www.justiceinfo.net\/fr\/92003-gambie-gouvernement-poursuivre-tueurs-jammeh-rentres-pays.html","name":"Gambie : le gouvernement va-t-il poursuivre les tueurs de Jammeh rentr\u00e9s au pays ? - JusticeInfo.net","isPartOf":{"@id":"https:\/\/www.justiceinfo.net\/fr#website"},"primaryImageOfPage":{"@id":"https:\/\/www.justiceinfo.net\/fr\/92003-gambie-gouvernement-poursuivre-tueurs-jammeh-rentres-pays.html#primaryimage"},"image":{"@id":"https:\/\/www.justiceinfo.net\/fr\/92003-gambie-gouvernement-poursuivre-tueurs-jammeh-rentres-pays.html#primaryimage"},"thumbnailUrl":"https:\/\/www.justiceinfo.net\/wp-content\/uploads\/Gambia_Jammeh-jungler.jpg","datePublished":"2022-05-12T09:33:07+00:00","dateModified":"2022-05-12T09:50:11+00:00","description":"De retour d\u2019exil, neuf anciens soldats et membres des \u00ab junglers \u00bb les tristement c\u00e9l\u00e8bres commandos de l'ancien pr\u00e9sident Yahya Jammeh, sont toujours en libert\u00e9 en Gambie. Dans l'attente d'un livre blanc du gouvernement sur la mise en \u0153uvre des recommandations de la Commission v\u00e9rit\u00e9, qui doit \u00eatre publi\u00e9 d'ici le 24 mai, le minist\u00e8re de la Justice n'a pas d\u00e9cid\u00e9 s'il fallait les poursuivre, malgr\u00e9 la demande des victimes.","breadcrumb":{"@id":"https:\/\/www.justiceinfo.net\/fr\/92003-gambie-gouvernement-poursuivre-tueurs-jammeh-rentres-pays.html#breadcrumb"},"inLanguage":"fr-FR","potentialAction":[{"@type":"ReadAction","target":["https:\/\/www.justiceinfo.net\/fr\/92003-gambie-gouvernement-poursuivre-tueurs-jammeh-rentres-pays.html"]}]},{"@type":"ImageObject","inLanguage":"fr-FR","@id":"https:\/\/www.justiceinfo.net\/fr\/92003-gambie-gouvernement-poursuivre-tueurs-jammeh-rentres-pays.html#primaryimage","url":"https:\/\/www.justiceinfo.net\/wp-content\/uploads\/Gambia_Jammeh-jungler.jpg","contentUrl":"https:\/\/www.justiceinfo.net\/wp-content\/uploads\/Gambia_Jammeh-jungler.jpg","width":910,"height":607,"caption":"Le g\u00e9n\u00e9ral Sulayman Badgie (gauche), l'un des plus fid\u00e8les lieutenant de l'ancien pr\u00e9sident gambien Yahya Jammeh (droite), l'avait accompagn\u00e9 dans son exil en Guin\u00e9e \u00e9quatoriale. Rentr\u00e9 en Gambie, le militaire accus\u00e9 de plusieurs crimes, est aujourd'hui en libert\u00e9. \u00a9 DR"},{"@type":"BreadcrumbList","@id":"https:\/\/www.justiceinfo.net\/fr\/92003-gambie-gouvernement-poursuivre-tueurs-jammeh-rentres-pays.html#breadcrumb","itemListElement":[{"@type":"ListItem","position":1,"name":"Home","item":"https:\/\/www.justiceinfo.net\/fr"},{"@type":"ListItem","position":2,"name":"Gambie : le gouvernement va-t-il poursuivre les tueurs de Jammeh rentr\u00e9s au pays ?"}]},{"@type":"WebSite","@id":"https:\/\/www.justiceinfo.net\/fr#website","url":"https:\/\/www.justiceinfo.net\/fr","name":"JusticeInfo.net","description":"La justice doit \u00eatre vue pour \u00eatre rendue","publisher":{"@id":"https:\/\/www.justiceinfo.net\/fr#organization"},"potentialAction":[{"@type":"SearchAction","target":{"@type":"EntryPoint","urlTemplate":"https:\/\/www.justiceinfo.net\/fr?s={search_term_string}"},"query-input":{"@type":"PropertyValueSpecification","valueRequired":true,"valueName":"search_term_string"}}],"inLanguage":"fr-FR"},{"@type":"Organization","@id":"https:\/\/www.justiceinfo.net\/fr#organization","name":"Justice Info","url":"https:\/\/www.justiceinfo.net\/fr","logo":{"@type":"ImageObject","inLanguage":"fr-FR","@id":"https:\/\/www.justiceinfo.net\/fr#\/schema\/logo\/image\/","url":"https:\/\/www.justiceinfo.net\/wp-content\/uploads\/justiceinfo_logo-trans_1200x1200px.png","contentUrl":"https:\/\/www.justiceinfo.net\/wp-content\/uploads\/justiceinfo_logo-trans_1200x1200px.png","width":1199,"height":1200,"caption":"Justice Info"},"image":{"@id":"https:\/\/www.justiceinfo.net\/fr#\/schema\/logo\/image\/"},"sameAs":["https:\/\/www.facebook.com\/JusticeInfo\/","https:\/\/x.com\/justiceinfonet","https:\/\/www.linkedin.com\/company\/justice-info","https:\/\/www.youtube.com\/channel\/UCyCEsARodyuWtkWyhn-e7pA"]},{"@type":"Person","name":"Mustapha K. Darboe","url":"https:\/\/www.justiceinfo.net\/fr\/auteur\/mdarboe"}]}},"_links":{"self":[{"href":"https:\/\/www.justiceinfo.net\/fr\/wp-json\/wp\/v2\/posts\/92003","targetHints":{"allow":["GET"]}}],"collection":[{"href":"https:\/\/www.justiceinfo.net\/fr\/wp-json\/wp\/v2\/posts"}],"about":[{"href":"https:\/\/www.justiceinfo.net\/fr\/wp-json\/wp\/v2\/types\/post"}],"author":[{"embeddable":true,"href":"https:\/\/www.justiceinfo.net\/fr\/wp-json\/wp\/v2\/users\/73"}],"replies":[{"embeddable":true,"href":"https:\/\/www.justiceinfo.net\/fr\/wp-json\/wp\/v2\/comments?post=92003"}],"version-history":[{"count":11,"href":"https:\/\/www.justiceinfo.net\/fr\/wp-json\/wp\/v2\/posts\/92003\/revisions"}],"predecessor-version":[{"id":92019,"href":"https:\/\/www.justiceinfo.net\/fr\/wp-json\/wp\/v2\/posts\/92003\/revisions\/92019"}],"wp:featuredmedia":[{"embeddable":true,"href":"https:\/\/www.justiceinfo.net\/fr\/wp-json\/wp\/v2\/media\/91999"}],"wp:attachment":[{"href":"https:\/\/www.justiceinfo.net\/fr\/wp-json\/wp\/v2\/media?parent=92003"}],"wp:term":[{"taxonomy":"category","embeddable":true,"href":"https:\/\/www.justiceinfo.net\/fr\/wp-json\/wp\/v2\/categories?post=92003"},{"taxonomy":"post_tag","embeddable":true,"href":"https:\/\/www.justiceinfo.net\/fr\/wp-json\/wp\/v2\/tags?post=92003"},{"taxonomy":"ji_location","embeddable":true,"href":"https:\/\/www.justiceinfo.net\/fr\/wp-json\/wp\/v2\/ji_location?post=92003"}],"curies":[{"name":"wp","href":"https:\/\/api.w.org\/{rel}","templated":true}]}}