{"id":9219,"date":"2008-04-23T00:00:00","date_gmt":"2008-04-22T22:00:00","guid":{"rendered":"https:\/\/www.justiceinfo.net\/9219-230408-pirrwanda-le-rwanda-intervient-pour-la-deuxieme-fois-devant-une-chambre-du-tpir6023.html"},"modified":"2008-04-23T00:00:00","modified_gmt":"2008-04-22T22:00:00","slug":"230408-pirrwanda-le-rwanda-intervient-pour-la-deuxieme-fois-devant-une-chambre-du-tpir6023","status":"publish","type":"post","link":"https:\/\/www.justiceinfo.net\/fr\/9219-230408-pirrwanda-le-rwanda-intervient-pour-la-deuxieme-fois-devant-une-chambre-du-tpir6023.html","title":{"rendered":"23.04.08 - PIR\/RWANDA - LE RWANDA INTERVIENT POUR LA DEUXIEME FOIS DEVANT UNE CHAMBRE DU TPIR"},"content":{"rendered":"<p>\nArusha, 23 avril 2008 (FH) - Kigali va appuyer jeudi, lors de sa deuxi&egrave;me intervention devant une chambre du Tribunal p&eacute;nal international pour le Rwanda (TPIR), la requ&ecirc;te du procureur visant &agrave; transf&eacute;rer vers les tribunaux rwandais l'ancien homme d'affaires Yussuf Munyakazi.\n<\/p>\n<p><!--more-->&nbsp;Accus&eacute; de g&eacute;nocide, de complicit&eacute; de g&eacute;nocide et d'extermination, Munyakazi, 73 ans, fait partie des cinq inculp&eacute;s pour lesquels le procureur Hassan Bubacar Jallow, a d&eacute;pos&eacute; des demandes de transferts vers les tribunaux rwandais. <\/p>\n<p>Toutes ces requ&ecirc;tes sont encore pendantes devant des chambres d&eacute;sign&eacute;es &agrave; cet effet par le pr&eacute;sident du TPIR, le juge Dennis Byron. Dans le cadre de sa strat&eacute;gie de fin de mandat, le TPIR qui doit, th&eacute;oriquement, terminer les proc&egrave;s en premi&egrave;re instance d'ici &agrave; la fin de l'ann&eacute;e, est oblig&eacute; de transf&eacute;rer certains dossiers vers des juridictions nationales. <\/p>\n<p>A l'audience de jeudi, Kigali sera repr&eacute;sent&eacute;, en tant qu'ami de la cour (amicus curiae), par une &eacute;quipe de juristes conduite par le Procureur g&eacute;n&eacute;ral Martin Ngoga. <\/p>\n<p>Trois autres &laquo; amis de la cour &raquo; parmi lesquels le barreau de Kigali, &eacute;galement favorable &agrave; la requ&ecirc;te, et l'organisation Human rights watch (HRW), oppos&eacute;e au projet comme l'association internationale des avocats de la d&eacute;fense (AAID), seront entendus. <\/p>\n<p>Chaque &quot;ami de la cour&quot; a &eacute;t&eacute; pr&eacute;venu lundi qu'il n'aurait que 15 minutes pour pr&eacute;senter ses arguments oraux. Ils ont d&eacute;ja d&eacute;pos&eacute; leurs arguments &eacute;crits. C'est entre l'&eacute;quipe du procureur au TPIR et les avocats de Munyakazi que la partie se jouera essentiellement. Les deux parties ayant la possibilit&eacute; de r&eacute;pliquer aux amicus curiae. Dans l'apr&egrave;s midi, la cour a pr&eacute;vu de pouvoir interroger tout le monde. Son jugement ne sera pas rendu avant plusieurs semaines. <\/p>\n<p>&laquo;C'est une audience historique dans le cadre de la mise en oeuvre de la strat&eacute;gie d'ach&egrave;vement. C'est un tournant capital ; c'est la premi&egrave;re fois dans l'histoire du tribunal qu'une telle audience va avoir lieu &raquo;, a d&eacute;clar&eacute; le porte-parole du TPIR, Roland Amoussouga. <\/p>\n<p>&laquo; C'est une exp&eacute;rience nouvelle ; la chambre donne aux parties l'occasion de plaider oralement et publiquement leurs points de vue. Ca va donner au public une sorte de lumi&egrave;re sur la proc&eacute;dure &raquo;, a estim&eacute;, pour sa part, Timothy Gallimore, porte-parole du bureau du procureur. <\/p>\n<p>La premi&egrave;re intervention du gouvernement devant une chambre du TPIR remonte &agrave; f&eacute;vrier 2000. Le procureur g&eacute;n&eacute;ral du Rwanda, &agrave; l'&eacute;poque, M. Gerald Gahima, &eacute;tait venu protester contre un arr&ecirc;t de la chambre d'appel remettant en libert&eacute; un accus&eacute;, M. Jean Bosco Barayagwiza, en raison de violations r&eacute;p&eacute;t&eacute;es de ses droits lors de sa d&eacute;tention initiale au Cameroun. <\/p>\n<p>Suite &agrave; cette d&eacute;cision, le gouvernement du Rwanda avait suspendu sa coop&eacute;ration avec le TPIR, paralysant l'activit&eacute; de l'institution plusieurs semaines durant. Carla Del Ponte, alors procureur du TPIR, avait alors fait valoir des faits nouveaux et la remise en libert&eacute; de Jean-Bosco Barayagwiza, avait &eacute;t&eacute; annul&eacute;e en mars 2000. Barayagwiza a depuis &eacute;t&eacute; condamn&eacute; d&eacute;finitivement &agrave; 32 ans de prison. <\/p>\n<p>ER\/PB\/GF <\/p>\n<p>&copy; Agence Hirondelle<\/p>\n","protected":false},"excerpt":{"rendered":"<p>Arusha, 23 avril 2008 (FH) - Kigali va appuyer jeudi, lors de sa deuxi&egrave;me intervention devant une chambre du Tribunal p&eacute;nal international pour le Rwanda (TPIR), la requ&ecirc;te du procureur visant &agrave; transf&eacute;rer vers les tribunaux rwandais l'ancien homme d'affaires Yussuf Munyakazi.<\/p>\n","protected":false},"author":64,"featured_media":0,"comment_status":"open","ping_status":"closed","sticky":false,"template":"","format":"standard","meta":{"_acf_changed":false,"footnotes":""},"categories":[554],"tags":[],"ji_location":[],"class_list":["post-9219","post","type-post","status-publish","format-standard","hentry","category-hirondellenews"],"acf":[],"yoast_head":"<!-- This site is optimized with the Yoast SEO Premium plugin v25.3.1 (Yoast SEO v25.3.1) - https:\/\/yoast.com\/wordpress\/plugins\/seo\/ -->\n<title>23.04.08 - PIR\/RWANDA - LE RWANDA INTERVIENT POUR LA DEUXIEME FOIS DEVANT UNE CHAMBRE DU TPIR - JusticeInfo.net<\/title>\n<meta name=\"robots\" content=\"index, follow, max-snippet:-1, max-image-preview:large, max-video-preview:-1\" \/>\n<link rel=\"canonical\" href=\"https:\/\/www.justiceinfo.net\/fr\/9219-230408-pirrwanda-le-rwanda-intervient-pour-la-deuxieme-fois-devant-une-chambre-du-tpir6023.html\" \/>\n<meta property=\"og:locale\" content=\"fr_FR\" \/>\n<meta property=\"og:type\" content=\"article\" \/>\n<meta property=\"og:title\" content=\"23.04.08 - PIR\/RWANDA - LE RWANDA INTERVIENT POUR LA DEUXIEME FOIS DEVANT UNE CHAMBRE DU TPIR\" \/>\n<meta property=\"og:description\" content=\"Arusha, 23 avril 2008 (FH) - Kigali va appuyer jeudi, lors de sa deuxi&egrave;me intervention devant une chambre du Tribunal p&eacute;nal international pour le Rwanda (TPIR), la requ&ecirc;te du procureur visant &agrave; transf&eacute;rer vers les tribunaux rwandais l&#039;ancien homme d&#039;affaires Yussuf Munyakazi.\" \/>\n<meta property=\"og:url\" content=\"https:\/\/www.justiceinfo.net\/fr\/9219-230408-pirrwanda-le-rwanda-intervient-pour-la-deuxieme-fois-devant-une-chambre-du-tpir6023.html\" \/>\n<meta property=\"og:site_name\" content=\"JusticeInfo.net\" \/>\n<meta property=\"article:publisher\" content=\"https:\/\/www.facebook.com\/JusticeInfo\/\" \/>\n<meta property=\"article:published_time\" content=\"2008-04-22T22:00:00+00:00\" \/>\n<meta property=\"og:image\" content=\"https:\/\/www.justiceinfo.net\/wp-content\/uploads\/JusticeInfoNet_logo_1200x630px.jpg\" \/>\n\t<meta property=\"og:image:width\" content=\"1200\" \/>\n\t<meta property=\"og:image:height\" content=\"630\" \/>\n\t<meta property=\"og:image:type\" content=\"image\/jpeg\" \/>\n<meta name=\"author\" content=\"solivri\" \/>\n<meta name=\"twitter:card\" content=\"summary_large_image\" \/>\n<meta name=\"twitter:creator\" content=\"@justiceinfonet\" \/>\n<meta name=\"twitter:site\" content=\"@justiceinfonet\" \/>\n<meta name=\"twitter:label1\" content=\"\u00c9crit par\" \/>\n\t<meta name=\"twitter:data1\" content=\"solivri\" \/>\n\t<meta name=\"twitter:label2\" content=\"Dur\u00e9e de lecture estim\u00e9e\" \/>\n\t<meta name=\"twitter:data2\" content=\"3 minutes\" \/>\n<script type=\"application\/ld+json\" class=\"yoast-schema-graph\">{\"@context\":\"https:\/\/schema.org\",\"@graph\":[{\"@type\":\"NewsArticle\",\"@id\":\"https:\/\/www.justiceinfo.net\/fr\/9219-230408-pirrwanda-le-rwanda-intervient-pour-la-deuxieme-fois-devant-une-chambre-du-tpir6023.html#article\",\"isPartOf\":{\"@id\":\"https:\/\/www.justiceinfo.net\/fr\/9219-230408-pirrwanda-le-rwanda-intervient-pour-la-deuxieme-fois-devant-une-chambre-du-tpir6023.html\"},\"author\":{\"name\":\"solivri\",\"@id\":\"https:\/\/www.justiceinfo.net\/fr#\/schema\/person\/6e53cba1629e2e66f3fc1821d3091865\"},\"headline\":\"23.04.08 - PIR\/RWANDA - LE RWANDA INTERVIENT POUR LA DEUXIEME FOIS DEVANT UNE CHAMBRE DU TPIR\",\"datePublished\":\"2008-04-22T22:00:00+00:00\",\"mainEntityOfPage\":{\"@id\":\"https:\/\/www.justiceinfo.net\/fr\/9219-230408-pirrwanda-le-rwanda-intervient-pour-la-deuxieme-fois-devant-une-chambre-du-tpir6023.html\"},\"wordCount\":658,\"commentCount\":0,\"publisher\":{\"@id\":\"https:\/\/www.justiceinfo.net\/fr#organization\"},\"articleSection\":[\"Hirondelle News\"],\"inLanguage\":\"fr-FR\",\"potentialAction\":[{\"@type\":\"CommentAction\",\"name\":\"Comment\",\"target\":[\"https:\/\/www.justiceinfo.net\/fr\/9219-230408-pirrwanda-le-rwanda-intervient-pour-la-deuxieme-fois-devant-une-chambre-du-tpir6023.html#respond\"]}]},{\"@type\":\"WebPage\",\"@id\":\"https:\/\/www.justiceinfo.net\/fr\/9219-230408-pirrwanda-le-rwanda-intervient-pour-la-deuxieme-fois-devant-une-chambre-du-tpir6023.html\",\"url\":\"https:\/\/www.justiceinfo.net\/fr\/9219-230408-pirrwanda-le-rwanda-intervient-pour-la-deuxieme-fois-devant-une-chambre-du-tpir6023.html\",\"name\":\"23.04.08 - PIR\/RWANDA - LE RWANDA INTERVIENT POUR LA DEUXIEME FOIS DEVANT UNE CHAMBRE DU TPIR - JusticeInfo.net\",\"isPartOf\":{\"@id\":\"https:\/\/www.justiceinfo.net\/fr#website\"},\"datePublished\":\"2008-04-22T22:00:00+00:00\",\"breadcrumb\":{\"@id\":\"https:\/\/www.justiceinfo.net\/fr\/9219-230408-pirrwanda-le-rwanda-intervient-pour-la-deuxieme-fois-devant-une-chambre-du-tpir6023.html#breadcrumb\"},\"inLanguage\":\"fr-FR\",\"potentialAction\":[{\"@type\":\"ReadAction\",\"target\":[\"https:\/\/www.justiceinfo.net\/fr\/9219-230408-pirrwanda-le-rwanda-intervient-pour-la-deuxieme-fois-devant-une-chambre-du-tpir6023.html\"]}]},{\"@type\":\"BreadcrumbList\",\"@id\":\"https:\/\/www.justiceinfo.net\/fr\/9219-230408-pirrwanda-le-rwanda-intervient-pour-la-deuxieme-fois-devant-une-chambre-du-tpir6023.html#breadcrumb\",\"itemListElement\":[{\"@type\":\"ListItem\",\"position\":1,\"name\":\"Home\",\"item\":\"https:\/\/www.justiceinfo.net\/fr\"},{\"@type\":\"ListItem\",\"position\":2,\"name\":\"23.04.08 - PIR\/RWANDA - LE RWANDA INTERVIENT POUR LA DEUXIEME FOIS DEVANT UNE CHAMBRE DU TPIR\"}]},{\"@type\":\"WebSite\",\"@id\":\"https:\/\/www.justiceinfo.net\/fr#website\",\"url\":\"https:\/\/www.justiceinfo.net\/fr\",\"name\":\"JusticeInfo.net\",\"description\":\"La justice doit \u00eatre vue pour \u00eatre rendue\",\"publisher\":{\"@id\":\"https:\/\/www.justiceinfo.net\/fr#organization\"},\"potentialAction\":[{\"@type\":\"SearchAction\",\"target\":{\"@type\":\"EntryPoint\",\"urlTemplate\":\"https:\/\/www.justiceinfo.net\/fr?s={search_term_string}\"},\"query-input\":{\"@type\":\"PropertyValueSpecification\",\"valueRequired\":true,\"valueName\":\"search_term_string\"}}],\"inLanguage\":\"fr-FR\"},{\"@type\":\"Organization\",\"@id\":\"https:\/\/www.justiceinfo.net\/fr#organization\",\"name\":\"Justice Info\",\"url\":\"https:\/\/www.justiceinfo.net\/fr\",\"logo\":{\"@type\":\"ImageObject\",\"inLanguage\":\"fr-FR\",\"@id\":\"https:\/\/www.justiceinfo.net\/fr#\/schema\/logo\/image\/\",\"url\":\"https:\/\/www.justiceinfo.net\/wp-content\/uploads\/justiceinfo_logo-trans_1200x1200px.png\",\"contentUrl\":\"https:\/\/www.justiceinfo.net\/wp-content\/uploads\/justiceinfo_logo-trans_1200x1200px.png\",\"width\":1199,\"height\":1200,\"caption\":\"Justice Info\"},\"image\":{\"@id\":\"https:\/\/www.justiceinfo.net\/fr#\/schema\/logo\/image\/\"},\"sameAs\":[\"https:\/\/www.facebook.com\/JusticeInfo\/\",\"https:\/\/x.com\/justiceinfonet\",\"https:\/\/www.linkedin.com\/company\/justice-info\",\"https:\/\/www.youtube.com\/channel\/UCyCEsARodyuWtkWyhn-e7pA\"]},{\"@type\":\"Person\",\"name\":\"solivri\",\"url\":\"\/fr\/?s=solivri\"}]}<\/script>\n<!-- \/ Yoast SEO Premium plugin. -->","yoast_head_json":{"title":"23.04.08 - PIR\/RWANDA - LE RWANDA INTERVIENT POUR LA DEUXIEME FOIS DEVANT UNE CHAMBRE DU TPIR - JusticeInfo.net","robots":{"index":"index","follow":"follow","max-snippet":"max-snippet:-1","max-image-preview":"max-image-preview:large","max-video-preview":"max-video-preview:-1"},"canonical":"https:\/\/www.justiceinfo.net\/fr\/9219-230408-pirrwanda-le-rwanda-intervient-pour-la-deuxieme-fois-devant-une-chambre-du-tpir6023.html","og_locale":"fr_FR","og_type":"article","og_title":"23.04.08 - PIR\/RWANDA - LE RWANDA INTERVIENT POUR LA DEUXIEME FOIS DEVANT UNE CHAMBRE DU TPIR","og_description":"Arusha, 23 avril 2008 (FH) - Kigali va appuyer jeudi, lors de sa deuxi&egrave;me intervention devant une chambre du Tribunal p&eacute;nal international pour le Rwanda (TPIR), la requ&ecirc;te du procureur visant &agrave; transf&eacute;rer vers les tribunaux rwandais l'ancien homme d'affaires Yussuf Munyakazi.","og_url":"https:\/\/www.justiceinfo.net\/fr\/9219-230408-pirrwanda-le-rwanda-intervient-pour-la-deuxieme-fois-devant-une-chambre-du-tpir6023.html","og_site_name":"JusticeInfo.net","article_publisher":"https:\/\/www.facebook.com\/JusticeInfo\/","article_published_time":"2008-04-22T22:00:00+00:00","og_image":[{"width":1200,"height":630,"url":"https:\/\/www.justiceinfo.net\/wp-content\/uploads\/JusticeInfoNet_logo_1200x630px.jpg","type":"image\/jpeg"}],"author":"solivri","twitter_card":"summary_large_image","twitter_creator":"@justiceinfonet","twitter_site":"@justiceinfonet","twitter_misc":{"\u00c9crit par":"solivri","Dur\u00e9e de lecture estim\u00e9e":"3 minutes"},"schema":{"@context":"https:\/\/schema.org","@graph":[{"@type":"NewsArticle","@id":"https:\/\/www.justiceinfo.net\/fr\/9219-230408-pirrwanda-le-rwanda-intervient-pour-la-deuxieme-fois-devant-une-chambre-du-tpir6023.html#article","isPartOf":{"@id":"https:\/\/www.justiceinfo.net\/fr\/9219-230408-pirrwanda-le-rwanda-intervient-pour-la-deuxieme-fois-devant-une-chambre-du-tpir6023.html"},"author":{"name":"solivri","@id":"https:\/\/www.justiceinfo.net\/fr#\/schema\/person\/6e53cba1629e2e66f3fc1821d3091865"},"headline":"23.04.08 - PIR\/RWANDA - LE RWANDA INTERVIENT POUR LA DEUXIEME FOIS DEVANT UNE CHAMBRE DU TPIR","datePublished":"2008-04-22T22:00:00+00:00","mainEntityOfPage":{"@id":"https:\/\/www.justiceinfo.net\/fr\/9219-230408-pirrwanda-le-rwanda-intervient-pour-la-deuxieme-fois-devant-une-chambre-du-tpir6023.html"},"wordCount":658,"commentCount":0,"publisher":{"@id":"https:\/\/www.justiceinfo.net\/fr#organization"},"articleSection":["Hirondelle News"],"inLanguage":"fr-FR","potentialAction":[{"@type":"CommentAction","name":"Comment","target":["https:\/\/www.justiceinfo.net\/fr\/9219-230408-pirrwanda-le-rwanda-intervient-pour-la-deuxieme-fois-devant-une-chambre-du-tpir6023.html#respond"]}]},{"@type":"WebPage","@id":"https:\/\/www.justiceinfo.net\/fr\/9219-230408-pirrwanda-le-rwanda-intervient-pour-la-deuxieme-fois-devant-une-chambre-du-tpir6023.html","url":"https:\/\/www.justiceinfo.net\/fr\/9219-230408-pirrwanda-le-rwanda-intervient-pour-la-deuxieme-fois-devant-une-chambre-du-tpir6023.html","name":"23.04.08 - PIR\/RWANDA - LE RWANDA INTERVIENT POUR LA DEUXIEME FOIS DEVANT UNE CHAMBRE DU TPIR - JusticeInfo.net","isPartOf":{"@id":"https:\/\/www.justiceinfo.net\/fr#website"},"datePublished":"2008-04-22T22:00:00+00:00","breadcrumb":{"@id":"https:\/\/www.justiceinfo.net\/fr\/9219-230408-pirrwanda-le-rwanda-intervient-pour-la-deuxieme-fois-devant-une-chambre-du-tpir6023.html#breadcrumb"},"inLanguage":"fr-FR","potentialAction":[{"@type":"ReadAction","target":["https:\/\/www.justiceinfo.net\/fr\/9219-230408-pirrwanda-le-rwanda-intervient-pour-la-deuxieme-fois-devant-une-chambre-du-tpir6023.html"]}]},{"@type":"BreadcrumbList","@id":"https:\/\/www.justiceinfo.net\/fr\/9219-230408-pirrwanda-le-rwanda-intervient-pour-la-deuxieme-fois-devant-une-chambre-du-tpir6023.html#breadcrumb","itemListElement":[{"@type":"ListItem","position":1,"name":"Home","item":"https:\/\/www.justiceinfo.net\/fr"},{"@type":"ListItem","position":2,"name":"23.04.08 - PIR\/RWANDA - LE RWANDA INTERVIENT POUR LA DEUXIEME FOIS DEVANT UNE CHAMBRE DU TPIR"}]},{"@type":"WebSite","@id":"https:\/\/www.justiceinfo.net\/fr#website","url":"https:\/\/www.justiceinfo.net\/fr","name":"JusticeInfo.net","description":"La justice doit \u00eatre vue pour \u00eatre rendue","publisher":{"@id":"https:\/\/www.justiceinfo.net\/fr#organization"},"potentialAction":[{"@type":"SearchAction","target":{"@type":"EntryPoint","urlTemplate":"https:\/\/www.justiceinfo.net\/fr?s={search_term_string}"},"query-input":{"@type":"PropertyValueSpecification","valueRequired":true,"valueName":"search_term_string"}}],"inLanguage":"fr-FR"},{"@type":"Organization","@id":"https:\/\/www.justiceinfo.net\/fr#organization","name":"Justice Info","url":"https:\/\/www.justiceinfo.net\/fr","logo":{"@type":"ImageObject","inLanguage":"fr-FR","@id":"https:\/\/www.justiceinfo.net\/fr#\/schema\/logo\/image\/","url":"https:\/\/www.justiceinfo.net\/wp-content\/uploads\/justiceinfo_logo-trans_1200x1200px.png","contentUrl":"https:\/\/www.justiceinfo.net\/wp-content\/uploads\/justiceinfo_logo-trans_1200x1200px.png","width":1199,"height":1200,"caption":"Justice Info"},"image":{"@id":"https:\/\/www.justiceinfo.net\/fr#\/schema\/logo\/image\/"},"sameAs":["https:\/\/www.facebook.com\/JusticeInfo\/","https:\/\/x.com\/justiceinfonet","https:\/\/www.linkedin.com\/company\/justice-info","https:\/\/www.youtube.com\/channel\/UCyCEsARodyuWtkWyhn-e7pA"]},{"@type":"Person","name":"solivri","url":"\/fr\/?s=solivri"}]}},"_links":{"self":[{"href":"https:\/\/www.justiceinfo.net\/fr\/wp-json\/wp\/v2\/posts\/9219","targetHints":{"allow":["GET"]}}],"collection":[{"href":"https:\/\/www.justiceinfo.net\/fr\/wp-json\/wp\/v2\/posts"}],"about":[{"href":"https:\/\/www.justiceinfo.net\/fr\/wp-json\/wp\/v2\/types\/post"}],"author":[{"embeddable":true,"href":"https:\/\/www.justiceinfo.net\/fr\/wp-json\/wp\/v2\/users\/64"}],"replies":[{"embeddable":true,"href":"https:\/\/www.justiceinfo.net\/fr\/wp-json\/wp\/v2\/comments?post=9219"}],"version-history":[{"count":0,"href":"https:\/\/www.justiceinfo.net\/fr\/wp-json\/wp\/v2\/posts\/9219\/revisions"}],"wp:attachment":[{"href":"https:\/\/www.justiceinfo.net\/fr\/wp-json\/wp\/v2\/media?parent=9219"}],"wp:term":[{"taxonomy":"category","embeddable":true,"href":"https:\/\/www.justiceinfo.net\/fr\/wp-json\/wp\/v2\/categories?post=9219"},{"taxonomy":"post_tag","embeddable":true,"href":"https:\/\/www.justiceinfo.net\/fr\/wp-json\/wp\/v2\/tags?post=9219"},{"taxonomy":"ji_location","embeddable":true,"href":"https:\/\/www.justiceinfo.net\/fr\/wp-json\/wp\/v2\/ji_location?post=9219"}],"curies":[{"name":"wp","href":"https:\/\/api.w.org\/{rel}","templated":true}]}}