{"id":9221,"date":"2008-04-22T00:00:00","date_gmt":"2008-04-21T22:00:00","guid":{"rendered":"https:\/\/www.justiceinfo.net\/9221-220408-tpirtransferts-debat-historique-jeudi-sur-les-projets-de-transfert-daccuses-du-tpir6025.html"},"modified":"2008-04-22T00:00:00","modified_gmt":"2008-04-21T22:00:00","slug":"220408-tpirtransferts-debat-historique-jeudi-sur-les-projets-de-transfert-daccuses-du-tpir6025","status":"publish","type":"post","link":"https:\/\/www.justiceinfo.net\/fr\/9221-220408-tpirtransferts-debat-historique-jeudi-sur-les-projets-de-transfert-daccuses-du-tpir6025.html","title":{"rendered":"22.04.08 - TPIR\/TRANSFERTS - DEBAT HISTORIQUE JEUDI SUR LES PROJETS DE TRANSFERT D'ACCUSES DU TPIR"},"content":{"rendered":"<p>\nArusha, 22 avril 2008 (FH) - La premi&egrave;re audience sur les projets de transfert vers la justice rwandaise d'accus&eacute;s du Tribunal p&eacute;nal international pour le Rwanda (TPIR) aura lieu jeudi, dans l'affaire Yussuf Munyakazi, un d&eacute;bat dont l'issue sera d&eacute;terminante pour la strat&eacute;gie de fin de mandat de cette juridiction des Nations Unies.\n<\/p>\n<p><!--more--><\/p>\n<p>\nAncien homme d'affaires dans la province de Cyangugu (sud), Munyakazi, 73 ans, est accus&eacute; de g&eacute;nocide, de complicit&eacute; de g&eacute;nocide et d'extermination. <\/p>\n<p>La requ&ecirc;te visant son transfert a &eacute;t&eacute; d&eacute;pos&eacute;e le 7 septembre 2007, dans la cadre de la strat&eacute;gie d'ach&egrave;vement du TPIR qui voudrait renvoyer certains dossiers devant des juridictions nationales afin de terminer d'ici &agrave; la fin de l'ann&eacute;e les proc&egrave;s en premi&egrave;re instance comme l'a demand&eacute; par le Conseil de s&eacute;curit&eacute;. <\/p>\n<p>Sept accus&eacute;s, d&eacute;tenus &agrave; Arusha, attendent actuellement leurs proc&egrave;s, auxquels s'ajoutent trois autres, encore d&eacute;tenus sur le continent europ&eacute;en dans l'attente de leur transfert au TPIR, sans oublier les 13 en fuite. <\/p>\n<p>Mais, &agrave; part la France qui a accept&eacute; d'en juger deux, les pays n'ayant pas de lien avec les accus&eacute;s ne semblent gu&egrave;re int&eacute;ress&eacute;s par ces affaires du TPIR, ce qui fait du Rwanda la principale destination potentielle. <\/p>\n<p>Ainsi, depuis juin 2007, le procureur en chef du TPIR, Hassan Bubacar Jallow, tenant compte de l'&eacute;volution du syst&egrave;me judiciaire rwandais depuis 1994 et, notamment, de l'abolition de la peine de mort, a d&eacute;pos&eacute; des requ&ecirc;tes visant &agrave; renvoyer devant la justice de leur pays cinq accus&eacute;s dont Munyakazi. <\/p>\n<p>D&egrave;s l'annonce de ces requ&ecirc;tes, des organisations de d&eacute;fense des droits de l'homme sont mont&eacute;es au cr&eacute;neau pour s'opposer &agrave; ces projets. Elles soutiennent que le Rwanda ne pr&eacute;sente pas encore les crit&egrave;res indispensables &agrave; un proc&egrave;s &eacute;quitable. <\/p>\n<p>Kigali a r&eacute;torqu&eacute; que ses tribunaux qui jugent des affaires de g&eacute;nocide depuis 1998 sont mieux outill&eacute;s, pour ce faire, que toute autre justice nationale. <\/p>\n<p>Au regard des m&eacute;moires &eacute;crits d&eacute;pos&eacute;s dans cette affaire, le d&eacute;bat de jeudi s'annonce comme une bataille entre deux camps &agrave; &eacute;gale force num&eacute;rique: d'un c&ocirc;t&eacute;, le procureur au TPIR, le gouvernement rwandais et le barreau de Kigali ; de l'autre, la d&eacute;fense de l'accus&eacute;, l'Association internationale des avocats de la d&eacute;fense (AIAD) et l'organisation Human rights watch (HRW). <\/p>\n<p>Les principaux debatteurs seront bien s&ucirc;r le procureur, &agrave; l'origine du d&eacute;bat, et les avocats de Munyakazi. Les quatre autres n'&eacute;tant que des &laquo; amis de la cour &raquo; (amicus curae) qui interviendront uniquement pour &eacute;clairer les juges sur un certain nombre de points sans ouvrir le moindre d&eacute;bat avec la d&eacute;fense ou le procureur. <\/p>\n<p>D&eacute;sign&eacute;e le 2 octobre dernier par le pr&eacute;sident du TPIR, Dennis Byron, la chambre devant laquelle va se d&eacute;rouler cette audience est compos&eacute;e des juges In&eacute;s Weinberg de Roca (pr&eacute;sident), Lee Muthoga et Robert Fremr. <\/p>\n<p>Quel qu'il soit, le jugement qui sera rendu par la chambre fera l'objet d'un recours de la part du procureur ou de la d&eacute;fense. La d&eacute;cision finale servira de jurisprudence pour les autres requ&ecirc;tes pr&eacute;sentes ou &agrave; venir, m&ecirc;me si les demandes doivent &ecirc;tre examin&eacute;es au cas par cas. <\/p>\n<p>Les autres accus&eacute;s vis&eacute;s par des requ&ecirc;tes similaires sont le lieutenant Ildephonse Hategekimana, l'homme d'affaires Gaspard Kanyarukiga, l'ancien maire Jean Baptiste Gatete et l'ex-inspecteur de police judiciaire, Fulgence Kaysihema. A la diff&eacute;rence des autres, ce dernier est toujours en fuite. <\/p>\n<p>Bas&eacute; &agrave; Arusha, dans le nord de la Tanzanie, le TPIR a prononc&eacute;, &agrave; ce jour, 30 condamnations et 5 acquittements. <\/p>\n<p>ER\/GF <\/p>\n<p>&copy; Agence Hirondelle<\/p>\n","protected":false},"excerpt":{"rendered":"<p>Arusha, 22 avril 2008 (FH) - La premi&egrave;re audience sur les projets de transfert vers la justice rwandaise d'accus&eacute;s du Tribunal p&eacute;nal international pour le Rwanda (TPIR) aura lieu jeudi, dans l'affaire Yussuf Munyakazi, un d&eacute;bat dont l'issue sera d&eacute;terminante pour la strat&eacute;gie de fin de mandat de cette juridiction des Nations Unies.<\/p>\n","protected":false},"author":64,"featured_media":0,"comment_status":"open","ping_status":"closed","sticky":false,"template":"","format":"standard","meta":{"_acf_changed":false,"footnotes":""},"categories":[554],"tags":[],"ji_location":[],"class_list":["post-9221","post","type-post","status-publish","format-standard","hentry","category-hirondellenews"],"acf":[],"yoast_head":"<!-- This site is optimized with the Yoast SEO Premium plugin v25.3.1 (Yoast SEO v25.3.1) - https:\/\/yoast.com\/wordpress\/plugins\/seo\/ -->\n<title>22.04.08 - TPIR\/TRANSFERTS - DEBAT HISTORIQUE JEUDI SUR LES PROJETS DE TRANSFERT D&#039;ACCUSES DU TPIR - JusticeInfo.net<\/title>\n<meta name=\"robots\" content=\"index, follow, max-snippet:-1, max-image-preview:large, max-video-preview:-1\" \/>\n<link rel=\"canonical\" href=\"https:\/\/www.justiceinfo.net\/fr\/9221-220408-tpirtransferts-debat-historique-jeudi-sur-les-projets-de-transfert-daccuses-du-tpir6025.html\" \/>\n<meta property=\"og:locale\" content=\"fr_FR\" \/>\n<meta property=\"og:type\" content=\"article\" \/>\n<meta property=\"og:title\" content=\"22.04.08 - TPIR\/TRANSFERTS - DEBAT HISTORIQUE JEUDI SUR LES PROJETS DE TRANSFERT D&#039;ACCUSES DU TPIR\" \/>\n<meta property=\"og:description\" content=\"Arusha, 22 avril 2008 (FH) - La premi&egrave;re audience sur les projets de transfert vers la justice rwandaise d&#039;accus&eacute;s du Tribunal p&eacute;nal international pour le Rwanda (TPIR) aura lieu jeudi, dans l&#039;affaire Yussuf Munyakazi, un d&eacute;bat dont l&#039;issue sera d&eacute;terminante pour la strat&eacute;gie de fin de mandat de cette juridiction des Nations Unies.\" \/>\n<meta property=\"og:url\" content=\"https:\/\/www.justiceinfo.net\/fr\/9221-220408-tpirtransferts-debat-historique-jeudi-sur-les-projets-de-transfert-daccuses-du-tpir6025.html\" \/>\n<meta property=\"og:site_name\" content=\"JusticeInfo.net\" \/>\n<meta property=\"article:publisher\" content=\"https:\/\/www.facebook.com\/JusticeInfo\/\" \/>\n<meta property=\"article:published_time\" content=\"2008-04-21T22:00:00+00:00\" \/>\n<meta property=\"og:image\" content=\"https:\/\/www.justiceinfo.net\/wp-content\/uploads\/JusticeInfoNet_logo_1200x630px.jpg\" \/>\n\t<meta property=\"og:image:width\" content=\"1200\" \/>\n\t<meta property=\"og:image:height\" content=\"630\" \/>\n\t<meta property=\"og:image:type\" content=\"image\/jpeg\" \/>\n<meta name=\"author\" content=\"solivri\" \/>\n<meta name=\"twitter:card\" content=\"summary_large_image\" \/>\n<meta name=\"twitter:creator\" content=\"@justiceinfonet\" \/>\n<meta name=\"twitter:site\" content=\"@justiceinfonet\" \/>\n<meta name=\"twitter:label1\" content=\"\u00c9crit par\" \/>\n\t<meta name=\"twitter:data1\" content=\"solivri\" \/>\n\t<meta name=\"twitter:label2\" content=\"Dur\u00e9e de lecture estim\u00e9e\" \/>\n\t<meta name=\"twitter:data2\" content=\"4 minutes\" \/>\n<script type=\"application\/ld+json\" class=\"yoast-schema-graph\">{\"@context\":\"https:\/\/schema.org\",\"@graph\":[{\"@type\":\"NewsArticle\",\"@id\":\"https:\/\/www.justiceinfo.net\/fr\/9221-220408-tpirtransferts-debat-historique-jeudi-sur-les-projets-de-transfert-daccuses-du-tpir6025.html#article\",\"isPartOf\":{\"@id\":\"https:\/\/www.justiceinfo.net\/fr\/9221-220408-tpirtransferts-debat-historique-jeudi-sur-les-projets-de-transfert-daccuses-du-tpir6025.html\"},\"author\":{\"name\":\"solivri\",\"@id\":\"https:\/\/www.justiceinfo.net\/fr#\/schema\/person\/6e53cba1629e2e66f3fc1821d3091865\"},\"headline\":\"22.04.08 - TPIR\/TRANSFERTS - DEBAT HISTORIQUE JEUDI SUR LES PROJETS DE TRANSFERT D'ACCUSES DU TPIR\",\"datePublished\":\"2008-04-21T22:00:00+00:00\",\"mainEntityOfPage\":{\"@id\":\"https:\/\/www.justiceinfo.net\/fr\/9221-220408-tpirtransferts-debat-historique-jeudi-sur-les-projets-de-transfert-daccuses-du-tpir6025.html\"},\"wordCount\":769,\"commentCount\":0,\"publisher\":{\"@id\":\"https:\/\/www.justiceinfo.net\/fr#organization\"},\"articleSection\":[\"Hirondelle News\"],\"inLanguage\":\"fr-FR\",\"potentialAction\":[{\"@type\":\"CommentAction\",\"name\":\"Comment\",\"target\":[\"https:\/\/www.justiceinfo.net\/fr\/9221-220408-tpirtransferts-debat-historique-jeudi-sur-les-projets-de-transfert-daccuses-du-tpir6025.html#respond\"]}]},{\"@type\":\"WebPage\",\"@id\":\"https:\/\/www.justiceinfo.net\/fr\/9221-220408-tpirtransferts-debat-historique-jeudi-sur-les-projets-de-transfert-daccuses-du-tpir6025.html\",\"url\":\"https:\/\/www.justiceinfo.net\/fr\/9221-220408-tpirtransferts-debat-historique-jeudi-sur-les-projets-de-transfert-daccuses-du-tpir6025.html\",\"name\":\"22.04.08 - TPIR\/TRANSFERTS - DEBAT HISTORIQUE JEUDI SUR LES PROJETS DE TRANSFERT D'ACCUSES DU TPIR - JusticeInfo.net\",\"isPartOf\":{\"@id\":\"https:\/\/www.justiceinfo.net\/fr#website\"},\"datePublished\":\"2008-04-21T22:00:00+00:00\",\"breadcrumb\":{\"@id\":\"https:\/\/www.justiceinfo.net\/fr\/9221-220408-tpirtransferts-debat-historique-jeudi-sur-les-projets-de-transfert-daccuses-du-tpir6025.html#breadcrumb\"},\"inLanguage\":\"fr-FR\",\"potentialAction\":[{\"@type\":\"ReadAction\",\"target\":[\"https:\/\/www.justiceinfo.net\/fr\/9221-220408-tpirtransferts-debat-historique-jeudi-sur-les-projets-de-transfert-daccuses-du-tpir6025.html\"]}]},{\"@type\":\"BreadcrumbList\",\"@id\":\"https:\/\/www.justiceinfo.net\/fr\/9221-220408-tpirtransferts-debat-historique-jeudi-sur-les-projets-de-transfert-daccuses-du-tpir6025.html#breadcrumb\",\"itemListElement\":[{\"@type\":\"ListItem\",\"position\":1,\"name\":\"Home\",\"item\":\"https:\/\/www.justiceinfo.net\/fr\"},{\"@type\":\"ListItem\",\"position\":2,\"name\":\"22.04.08 - TPIR\/TRANSFERTS - DEBAT HISTORIQUE JEUDI SUR LES PROJETS DE TRANSFERT D'ACCUSES DU TPIR\"}]},{\"@type\":\"WebSite\",\"@id\":\"https:\/\/www.justiceinfo.net\/fr#website\",\"url\":\"https:\/\/www.justiceinfo.net\/fr\",\"name\":\"JusticeInfo.net\",\"description\":\"La justice doit \u00eatre vue pour \u00eatre rendue\",\"publisher\":{\"@id\":\"https:\/\/www.justiceinfo.net\/fr#organization\"},\"potentialAction\":[{\"@type\":\"SearchAction\",\"target\":{\"@type\":\"EntryPoint\",\"urlTemplate\":\"https:\/\/www.justiceinfo.net\/fr?s={search_term_string}\"},\"query-input\":{\"@type\":\"PropertyValueSpecification\",\"valueRequired\":true,\"valueName\":\"search_term_string\"}}],\"inLanguage\":\"fr-FR\"},{\"@type\":\"Organization\",\"@id\":\"https:\/\/www.justiceinfo.net\/fr#organization\",\"name\":\"Justice Info\",\"url\":\"https:\/\/www.justiceinfo.net\/fr\",\"logo\":{\"@type\":\"ImageObject\",\"inLanguage\":\"fr-FR\",\"@id\":\"https:\/\/www.justiceinfo.net\/fr#\/schema\/logo\/image\/\",\"url\":\"https:\/\/www.justiceinfo.net\/wp-content\/uploads\/justiceinfo_logo-trans_1200x1200px.png\",\"contentUrl\":\"https:\/\/www.justiceinfo.net\/wp-content\/uploads\/justiceinfo_logo-trans_1200x1200px.png\",\"width\":1199,\"height\":1200,\"caption\":\"Justice Info\"},\"image\":{\"@id\":\"https:\/\/www.justiceinfo.net\/fr#\/schema\/logo\/image\/\"},\"sameAs\":[\"https:\/\/www.facebook.com\/JusticeInfo\/\",\"https:\/\/x.com\/justiceinfonet\",\"https:\/\/www.linkedin.com\/company\/justice-info\",\"https:\/\/www.youtube.com\/channel\/UCyCEsARodyuWtkWyhn-e7pA\"]},{\"@type\":\"Person\",\"name\":\"solivri\",\"url\":\"\/fr\/?s=solivri\"}]}<\/script>\n<!-- \/ Yoast SEO Premium plugin. -->","yoast_head_json":{"title":"22.04.08 - TPIR\/TRANSFERTS - DEBAT HISTORIQUE JEUDI SUR LES PROJETS DE TRANSFERT D'ACCUSES DU TPIR - JusticeInfo.net","robots":{"index":"index","follow":"follow","max-snippet":"max-snippet:-1","max-image-preview":"max-image-preview:large","max-video-preview":"max-video-preview:-1"},"canonical":"https:\/\/www.justiceinfo.net\/fr\/9221-220408-tpirtransferts-debat-historique-jeudi-sur-les-projets-de-transfert-daccuses-du-tpir6025.html","og_locale":"fr_FR","og_type":"article","og_title":"22.04.08 - TPIR\/TRANSFERTS - DEBAT HISTORIQUE JEUDI SUR LES PROJETS DE TRANSFERT D'ACCUSES DU TPIR","og_description":"Arusha, 22 avril 2008 (FH) - La premi&egrave;re audience sur les projets de transfert vers la justice rwandaise d'accus&eacute;s du Tribunal p&eacute;nal international pour le Rwanda (TPIR) aura lieu jeudi, dans l'affaire Yussuf Munyakazi, un d&eacute;bat dont l'issue sera d&eacute;terminante pour la strat&eacute;gie de fin de mandat de cette juridiction des Nations Unies.","og_url":"https:\/\/www.justiceinfo.net\/fr\/9221-220408-tpirtransferts-debat-historique-jeudi-sur-les-projets-de-transfert-daccuses-du-tpir6025.html","og_site_name":"JusticeInfo.net","article_publisher":"https:\/\/www.facebook.com\/JusticeInfo\/","article_published_time":"2008-04-21T22:00:00+00:00","og_image":[{"width":1200,"height":630,"url":"https:\/\/www.justiceinfo.net\/wp-content\/uploads\/JusticeInfoNet_logo_1200x630px.jpg","type":"image\/jpeg"}],"author":"solivri","twitter_card":"summary_large_image","twitter_creator":"@justiceinfonet","twitter_site":"@justiceinfonet","twitter_misc":{"\u00c9crit par":"solivri","Dur\u00e9e de lecture estim\u00e9e":"4 minutes"},"schema":{"@context":"https:\/\/schema.org","@graph":[{"@type":"NewsArticle","@id":"https:\/\/www.justiceinfo.net\/fr\/9221-220408-tpirtransferts-debat-historique-jeudi-sur-les-projets-de-transfert-daccuses-du-tpir6025.html#article","isPartOf":{"@id":"https:\/\/www.justiceinfo.net\/fr\/9221-220408-tpirtransferts-debat-historique-jeudi-sur-les-projets-de-transfert-daccuses-du-tpir6025.html"},"author":{"name":"solivri","@id":"https:\/\/www.justiceinfo.net\/fr#\/schema\/person\/6e53cba1629e2e66f3fc1821d3091865"},"headline":"22.04.08 - TPIR\/TRANSFERTS - DEBAT HISTORIQUE JEUDI SUR LES PROJETS DE TRANSFERT D'ACCUSES DU TPIR","datePublished":"2008-04-21T22:00:00+00:00","mainEntityOfPage":{"@id":"https:\/\/www.justiceinfo.net\/fr\/9221-220408-tpirtransferts-debat-historique-jeudi-sur-les-projets-de-transfert-daccuses-du-tpir6025.html"},"wordCount":769,"commentCount":0,"publisher":{"@id":"https:\/\/www.justiceinfo.net\/fr#organization"},"articleSection":["Hirondelle News"],"inLanguage":"fr-FR","potentialAction":[{"@type":"CommentAction","name":"Comment","target":["https:\/\/www.justiceinfo.net\/fr\/9221-220408-tpirtransferts-debat-historique-jeudi-sur-les-projets-de-transfert-daccuses-du-tpir6025.html#respond"]}]},{"@type":"WebPage","@id":"https:\/\/www.justiceinfo.net\/fr\/9221-220408-tpirtransferts-debat-historique-jeudi-sur-les-projets-de-transfert-daccuses-du-tpir6025.html","url":"https:\/\/www.justiceinfo.net\/fr\/9221-220408-tpirtransferts-debat-historique-jeudi-sur-les-projets-de-transfert-daccuses-du-tpir6025.html","name":"22.04.08 - TPIR\/TRANSFERTS - DEBAT HISTORIQUE JEUDI SUR LES PROJETS DE TRANSFERT D'ACCUSES DU TPIR - JusticeInfo.net","isPartOf":{"@id":"https:\/\/www.justiceinfo.net\/fr#website"},"datePublished":"2008-04-21T22:00:00+00:00","breadcrumb":{"@id":"https:\/\/www.justiceinfo.net\/fr\/9221-220408-tpirtransferts-debat-historique-jeudi-sur-les-projets-de-transfert-daccuses-du-tpir6025.html#breadcrumb"},"inLanguage":"fr-FR","potentialAction":[{"@type":"ReadAction","target":["https:\/\/www.justiceinfo.net\/fr\/9221-220408-tpirtransferts-debat-historique-jeudi-sur-les-projets-de-transfert-daccuses-du-tpir6025.html"]}]},{"@type":"BreadcrumbList","@id":"https:\/\/www.justiceinfo.net\/fr\/9221-220408-tpirtransferts-debat-historique-jeudi-sur-les-projets-de-transfert-daccuses-du-tpir6025.html#breadcrumb","itemListElement":[{"@type":"ListItem","position":1,"name":"Home","item":"https:\/\/www.justiceinfo.net\/fr"},{"@type":"ListItem","position":2,"name":"22.04.08 - TPIR\/TRANSFERTS - DEBAT HISTORIQUE JEUDI SUR LES PROJETS DE TRANSFERT D'ACCUSES DU TPIR"}]},{"@type":"WebSite","@id":"https:\/\/www.justiceinfo.net\/fr#website","url":"https:\/\/www.justiceinfo.net\/fr","name":"JusticeInfo.net","description":"La justice doit \u00eatre vue pour \u00eatre rendue","publisher":{"@id":"https:\/\/www.justiceinfo.net\/fr#organization"},"potentialAction":[{"@type":"SearchAction","target":{"@type":"EntryPoint","urlTemplate":"https:\/\/www.justiceinfo.net\/fr?s={search_term_string}"},"query-input":{"@type":"PropertyValueSpecification","valueRequired":true,"valueName":"search_term_string"}}],"inLanguage":"fr-FR"},{"@type":"Organization","@id":"https:\/\/www.justiceinfo.net\/fr#organization","name":"Justice Info","url":"https:\/\/www.justiceinfo.net\/fr","logo":{"@type":"ImageObject","inLanguage":"fr-FR","@id":"https:\/\/www.justiceinfo.net\/fr#\/schema\/logo\/image\/","url":"https:\/\/www.justiceinfo.net\/wp-content\/uploads\/justiceinfo_logo-trans_1200x1200px.png","contentUrl":"https:\/\/www.justiceinfo.net\/wp-content\/uploads\/justiceinfo_logo-trans_1200x1200px.png","width":1199,"height":1200,"caption":"Justice Info"},"image":{"@id":"https:\/\/www.justiceinfo.net\/fr#\/schema\/logo\/image\/"},"sameAs":["https:\/\/www.facebook.com\/JusticeInfo\/","https:\/\/x.com\/justiceinfonet","https:\/\/www.linkedin.com\/company\/justice-info","https:\/\/www.youtube.com\/channel\/UCyCEsARodyuWtkWyhn-e7pA"]},{"@type":"Person","name":"solivri","url":"\/fr\/?s=solivri"}]}},"_links":{"self":[{"href":"https:\/\/www.justiceinfo.net\/fr\/wp-json\/wp\/v2\/posts\/9221","targetHints":{"allow":["GET"]}}],"collection":[{"href":"https:\/\/www.justiceinfo.net\/fr\/wp-json\/wp\/v2\/posts"}],"about":[{"href":"https:\/\/www.justiceinfo.net\/fr\/wp-json\/wp\/v2\/types\/post"}],"author":[{"embeddable":true,"href":"https:\/\/www.justiceinfo.net\/fr\/wp-json\/wp\/v2\/users\/64"}],"replies":[{"embeddable":true,"href":"https:\/\/www.justiceinfo.net\/fr\/wp-json\/wp\/v2\/comments?post=9221"}],"version-history":[{"count":0,"href":"https:\/\/www.justiceinfo.net\/fr\/wp-json\/wp\/v2\/posts\/9221\/revisions"}],"wp:attachment":[{"href":"https:\/\/www.justiceinfo.net\/fr\/wp-json\/wp\/v2\/media?parent=9221"}],"wp:term":[{"taxonomy":"category","embeddable":true,"href":"https:\/\/www.justiceinfo.net\/fr\/wp-json\/wp\/v2\/categories?post=9221"},{"taxonomy":"post_tag","embeddable":true,"href":"https:\/\/www.justiceinfo.net\/fr\/wp-json\/wp\/v2\/tags?post=9221"},{"taxonomy":"ji_location","embeddable":true,"href":"https:\/\/www.justiceinfo.net\/fr\/wp-json\/wp\/v2\/ji_location?post=9221"}],"curies":[{"name":"wp","href":"https:\/\/api.w.org\/{rel}","templated":true}]}}