{"id":9229,"date":"2008-04-25T00:00:00","date_gmt":"2008-04-24T22:00:00","guid":{"rendered":"https:\/\/www.justiceinfo.net\/9229-250408-tpirkalimanzira-louverture-du-proces-dun-ex-haut-fonctionnaire-reportee-sine-die6033.html"},"modified":"2008-04-25T00:00:00","modified_gmt":"2008-04-24T22:00:00","slug":"250408-tpirkalimanzira-louverture-du-proces-dun-ex-haut-fonctionnaire-reportee-sine-die6033","status":"publish","type":"post","link":"https:\/\/www.justiceinfo.net\/fr\/9229-250408-tpirkalimanzira-louverture-du-proces-dun-ex-haut-fonctionnaire-reportee-sine-die6033.html","title":{"rendered":"25.04.08 - TPIR\/KALIMANZIRA - L\u2019OUVERTURE DU PROCES D\u2019UN EX-HAUT FONCTIONNAIRE REPORTEE SINE DIE"},"content":{"rendered":"<p>\nArusha, 25 avril 2008 (FH) - Initialement fix&eacute;e &agrave; lundi prochain, l'ouverture du proc&egrave;s de Callixte Kalimanzira, un ex-haut fonctionnaire rwandais poursuivi pour g&eacute;nocide devant le Tribunal p&eacute;nal international pour le Rwanda (TPIR), a &eacute;t&eacute; report&eacute;e &agrave; une date qui sera annonc&eacute;e ult&eacute;rieurement, selon le service de presse du tribunal.\n<\/p>\n<p><!--more--><\/p>\n<p>\nAucune explication n'a &eacute;t&eacute; donn&eacute;e de ce report. Selon des sources officieuses il serait du &agrave; des difficult&eacute;s dans la composition de la chambre.\n<\/p>\n<p>\nKalimanzira, 55 ans, un agronome de formation, a &eacute;t&eacute; notamment directeur de la section &laquo; d&eacute;veloppement rural &raquo; &agrave; la pr&eacute;sidence de la R&eacute;publique, secr&eacute;taire g&eacute;n&eacute;ral, puis directeur de cabinet au minist&egrave;re de l'Int&eacute;rieur. D'avril &agrave; mai 1994, il a dirig&eacute; le minist&egrave;re de l'int&eacute;rieur &agrave; titre int&eacute;rimaire.\n<\/p>\n<p>\nL'accus&eacute; s'est rendu le 8 novembre 2005 au TPIR qui l'avait inculp&eacute; quatre mois plus t&ocirc;t. Les conditions de sa reddition restent obscures.\n<\/p>\n<p>\nLe procureur affirme qu'il &eacute;tait &laquo; tr&egrave;s proche &raquo; du pr&eacute;sident int&eacute;rimaire Th&eacute;odore Sindikubwabo ainsi que du premier ministre Jean Kambanda, originaires comme lui, de la pr&eacute;fecture de Butare, dans le sud du Rwanda.\n<\/p>\n<p>\nSindikubwabo serait mort en 1996 dans les for&ecirc;ts de l'ex-Za&iuml;re (actuelle R&eacute;publique d&eacute;mocratique du Congo) tandis que Kambanda, condamn&eacute; par le TPIR &agrave; la prison &agrave; vie, purge sa peine dans une prison malienne.\n<\/p>\n<p>\nKalimanzira est notamment accus&eacute; d'avoir supervis&eacute; des attaques contre les Tutsis sur la colline de Kabuye vers le 23 avril 1994.\n<\/p>\n<p>\nSelon le procureur, l'accus&eacute; aurait, avant l'attaque, encourag&eacute; les victimes &eacute;valu&eacute;es &agrave; plus de 20.000 par l'accusation, &agrave; se r&eacute;fugier sur la colline, en leur promettant protection et nourriture.<\/p>\n<p>Autour du 5 juin 1994, Kalimanzira qui plaide non coupable, aurait appel&eacute; la population &agrave; &eacute;liminer les Tutsis, &laquo;y compris ceux qui sont encore dans l'ut&eacute;rus de leurs m&egrave;res&raquo;.\n<\/p>\n<p>\nDepuis sa cr&eacute;ation le TPIR a jug&eacute; 35 personnes, 27 sont en cours de jugement. Il doit th&eacute;oriquement avoir termin&eacute; ses proc&egrave;s en premi&egrave;re instance le 31 d&eacute;cembre 2008, dans 8 mois.\n<\/p>\n<p>\nLe dernier proc&egrave;s &agrave; avoir &eacute;t&eacute; ouvert date du 22 juin 2007.\n<\/p>\n<p>\nSept personnes, d&eacute;tenues &agrave; Arusha, attendent encore d'&ecirc;tre jug&eacute;es. Trois autres sont d&eacute;tenues en Europe et 13 sont encore en fuite.\n<\/p>\n<p>\nER\/PB\/GF\n<\/p>\n<p>\n&copy; Agence Hirondelle<\/p>\n","protected":false},"excerpt":{"rendered":"<p>Arusha, 25 avril 2008 (FH) - Initialement fix&eacute;e &agrave; lundi prochain, l'ouverture du proc&egrave;s de Callixte Kalimanzira, un ex-haut fonctionnaire rwandais poursuivi pour g&eacute;nocide devant le Tribunal p&eacute;nal international pour le Rwanda (TPIR), a &eacute;t&eacute; report&eacute;e &agrave; une date qui sera annonc&eacute;e ult&eacute;rieurement, selon le service de presse du tribunal.<\/p>\n","protected":false},"author":64,"featured_media":0,"comment_status":"open","ping_status":"closed","sticky":false,"template":"","format":"standard","meta":{"_acf_changed":false,"footnotes":""},"categories":[554],"tags":[],"ji_location":[],"class_list":["post-9229","post","type-post","status-publish","format-standard","hentry","category-hirondellenews"],"acf":[],"yoast_head":"<!-- This site is optimized with the Yoast SEO Premium plugin v25.3.1 (Yoast SEO v25.3.1) - https:\/\/yoast.com\/wordpress\/plugins\/seo\/ -->\n<title>25.04.08 - TPIR\/KALIMANZIRA - L\u2019OUVERTURE DU PROCES D\u2019UN EX-HAUT FONCTIONNAIRE REPORTEE SINE DIE - JusticeInfo.net<\/title>\n<meta name=\"robots\" content=\"index, follow, max-snippet:-1, max-image-preview:large, max-video-preview:-1\" \/>\n<link rel=\"canonical\" href=\"https:\/\/www.justiceinfo.net\/fr\/9229-250408-tpirkalimanzira-louverture-du-proces-dun-ex-haut-fonctionnaire-reportee-sine-die6033.html\" \/>\n<meta property=\"og:locale\" content=\"fr_FR\" \/>\n<meta property=\"og:type\" content=\"article\" \/>\n<meta property=\"og:title\" content=\"25.04.08 - TPIR\/KALIMANZIRA - L\u2019OUVERTURE DU PROCES D\u2019UN EX-HAUT FONCTIONNAIRE REPORTEE SINE DIE\" \/>\n<meta property=\"og:description\" content=\"Arusha, 25 avril 2008 (FH) - Initialement fix&eacute;e &agrave; lundi prochain, l&#039;ouverture du proc&egrave;s de Callixte Kalimanzira, un ex-haut fonctionnaire rwandais poursuivi pour g&eacute;nocide devant le Tribunal p&eacute;nal international pour le Rwanda (TPIR), a &eacute;t&eacute; report&eacute;e &agrave; une date qui sera annonc&eacute;e ult&eacute;rieurement, selon le service de presse du tribunal.\" \/>\n<meta property=\"og:url\" content=\"https:\/\/www.justiceinfo.net\/fr\/9229-250408-tpirkalimanzira-louverture-du-proces-dun-ex-haut-fonctionnaire-reportee-sine-die6033.html\" \/>\n<meta property=\"og:site_name\" content=\"JusticeInfo.net\" \/>\n<meta property=\"article:publisher\" content=\"https:\/\/www.facebook.com\/JusticeInfo\/\" \/>\n<meta property=\"article:published_time\" content=\"2008-04-24T22:00:00+00:00\" \/>\n<meta property=\"og:image\" content=\"https:\/\/www.justiceinfo.net\/wp-content\/uploads\/JusticeInfoNet_logo_1200x630px.jpg\" \/>\n\t<meta property=\"og:image:width\" content=\"1200\" \/>\n\t<meta property=\"og:image:height\" content=\"630\" \/>\n\t<meta property=\"og:image:type\" content=\"image\/jpeg\" \/>\n<meta name=\"author\" content=\"solivri\" \/>\n<meta name=\"twitter:card\" content=\"summary_large_image\" \/>\n<meta name=\"twitter:creator\" content=\"@justiceinfonet\" \/>\n<meta name=\"twitter:site\" content=\"@justiceinfonet\" \/>\n<meta name=\"twitter:label1\" content=\"\u00c9crit par\" \/>\n\t<meta name=\"twitter:data1\" content=\"solivri\" \/>\n\t<meta name=\"twitter:label2\" content=\"Dur\u00e9e de lecture estim\u00e9e\" \/>\n\t<meta name=\"twitter:data2\" content=\"2 minutes\" \/>\n<script type=\"application\/ld+json\" class=\"yoast-schema-graph\">{\"@context\":\"https:\/\/schema.org\",\"@graph\":[{\"@type\":\"NewsArticle\",\"@id\":\"https:\/\/www.justiceinfo.net\/fr\/9229-250408-tpirkalimanzira-louverture-du-proces-dun-ex-haut-fonctionnaire-reportee-sine-die6033.html#article\",\"isPartOf\":{\"@id\":\"https:\/\/www.justiceinfo.net\/fr\/9229-250408-tpirkalimanzira-louverture-du-proces-dun-ex-haut-fonctionnaire-reportee-sine-die6033.html\"},\"author\":{\"name\":\"solivri\",\"@id\":\"https:\/\/www.justiceinfo.net\/fr#\/schema\/person\/6e53cba1629e2e66f3fc1821d3091865\"},\"headline\":\"25.04.08 - TPIR\/KALIMANZIRA - L\u2019OUVERTURE DU PROCES D\u2019UN EX-HAUT FONCTIONNAIRE REPORTEE SINE DIE\",\"datePublished\":\"2008-04-24T22:00:00+00:00\",\"mainEntityOfPage\":{\"@id\":\"https:\/\/www.justiceinfo.net\/fr\/9229-250408-tpirkalimanzira-louverture-du-proces-dun-ex-haut-fonctionnaire-reportee-sine-die6033.html\"},\"wordCount\":485,\"commentCount\":0,\"publisher\":{\"@id\":\"https:\/\/www.justiceinfo.net\/fr#organization\"},\"articleSection\":[\"Hirondelle News\"],\"inLanguage\":\"fr-FR\",\"potentialAction\":[{\"@type\":\"CommentAction\",\"name\":\"Comment\",\"target\":[\"https:\/\/www.justiceinfo.net\/fr\/9229-250408-tpirkalimanzira-louverture-du-proces-dun-ex-haut-fonctionnaire-reportee-sine-die6033.html#respond\"]}]},{\"@type\":\"WebPage\",\"@id\":\"https:\/\/www.justiceinfo.net\/fr\/9229-250408-tpirkalimanzira-louverture-du-proces-dun-ex-haut-fonctionnaire-reportee-sine-die6033.html\",\"url\":\"https:\/\/www.justiceinfo.net\/fr\/9229-250408-tpirkalimanzira-louverture-du-proces-dun-ex-haut-fonctionnaire-reportee-sine-die6033.html\",\"name\":\"25.04.08 - TPIR\/KALIMANZIRA - L\u2019OUVERTURE DU PROCES D\u2019UN EX-HAUT FONCTIONNAIRE REPORTEE SINE DIE - JusticeInfo.net\",\"isPartOf\":{\"@id\":\"https:\/\/www.justiceinfo.net\/fr#website\"},\"datePublished\":\"2008-04-24T22:00:00+00:00\",\"breadcrumb\":{\"@id\":\"https:\/\/www.justiceinfo.net\/fr\/9229-250408-tpirkalimanzira-louverture-du-proces-dun-ex-haut-fonctionnaire-reportee-sine-die6033.html#breadcrumb\"},\"inLanguage\":\"fr-FR\",\"potentialAction\":[{\"@type\":\"ReadAction\",\"target\":[\"https:\/\/www.justiceinfo.net\/fr\/9229-250408-tpirkalimanzira-louverture-du-proces-dun-ex-haut-fonctionnaire-reportee-sine-die6033.html\"]}]},{\"@type\":\"BreadcrumbList\",\"@id\":\"https:\/\/www.justiceinfo.net\/fr\/9229-250408-tpirkalimanzira-louverture-du-proces-dun-ex-haut-fonctionnaire-reportee-sine-die6033.html#breadcrumb\",\"itemListElement\":[{\"@type\":\"ListItem\",\"position\":1,\"name\":\"Home\",\"item\":\"https:\/\/www.justiceinfo.net\/fr\"},{\"@type\":\"ListItem\",\"position\":2,\"name\":\"25.04.08 - TPIR\/KALIMANZIRA - L\u2019OUVERTURE DU PROCES D\u2019UN EX-HAUT FONCTIONNAIRE REPORTEE SINE DIE\"}]},{\"@type\":\"WebSite\",\"@id\":\"https:\/\/www.justiceinfo.net\/fr#website\",\"url\":\"https:\/\/www.justiceinfo.net\/fr\",\"name\":\"JusticeInfo.net\",\"description\":\"La justice doit \u00eatre vue pour \u00eatre rendue\",\"publisher\":{\"@id\":\"https:\/\/www.justiceinfo.net\/fr#organization\"},\"potentialAction\":[{\"@type\":\"SearchAction\",\"target\":{\"@type\":\"EntryPoint\",\"urlTemplate\":\"https:\/\/www.justiceinfo.net\/fr?s={search_term_string}\"},\"query-input\":{\"@type\":\"PropertyValueSpecification\",\"valueRequired\":true,\"valueName\":\"search_term_string\"}}],\"inLanguage\":\"fr-FR\"},{\"@type\":\"Organization\",\"@id\":\"https:\/\/www.justiceinfo.net\/fr#organization\",\"name\":\"Justice Info\",\"url\":\"https:\/\/www.justiceinfo.net\/fr\",\"logo\":{\"@type\":\"ImageObject\",\"inLanguage\":\"fr-FR\",\"@id\":\"https:\/\/www.justiceinfo.net\/fr#\/schema\/logo\/image\/\",\"url\":\"https:\/\/www.justiceinfo.net\/wp-content\/uploads\/justiceinfo_logo-trans_1200x1200px.png\",\"contentUrl\":\"https:\/\/www.justiceinfo.net\/wp-content\/uploads\/justiceinfo_logo-trans_1200x1200px.png\",\"width\":1199,\"height\":1200,\"caption\":\"Justice Info\"},\"image\":{\"@id\":\"https:\/\/www.justiceinfo.net\/fr#\/schema\/logo\/image\/\"},\"sameAs\":[\"https:\/\/www.facebook.com\/JusticeInfo\/\",\"https:\/\/x.com\/justiceinfonet\",\"https:\/\/www.linkedin.com\/company\/justice-info\",\"https:\/\/www.youtube.com\/channel\/UCyCEsARodyuWtkWyhn-e7pA\"]},{\"@type\":\"Person\",\"name\":\"solivri\",\"url\":\"\/fr\/?s=solivri\"}]}<\/script>\n<!-- \/ Yoast SEO Premium plugin. -->","yoast_head_json":{"title":"25.04.08 - TPIR\/KALIMANZIRA - L\u2019OUVERTURE DU PROCES D\u2019UN EX-HAUT FONCTIONNAIRE REPORTEE SINE DIE - JusticeInfo.net","robots":{"index":"index","follow":"follow","max-snippet":"max-snippet:-1","max-image-preview":"max-image-preview:large","max-video-preview":"max-video-preview:-1"},"canonical":"https:\/\/www.justiceinfo.net\/fr\/9229-250408-tpirkalimanzira-louverture-du-proces-dun-ex-haut-fonctionnaire-reportee-sine-die6033.html","og_locale":"fr_FR","og_type":"article","og_title":"25.04.08 - TPIR\/KALIMANZIRA - L\u2019OUVERTURE DU PROCES D\u2019UN EX-HAUT FONCTIONNAIRE REPORTEE SINE DIE","og_description":"Arusha, 25 avril 2008 (FH) - Initialement fix&eacute;e &agrave; lundi prochain, l'ouverture du proc&egrave;s de Callixte Kalimanzira, un ex-haut fonctionnaire rwandais poursuivi pour g&eacute;nocide devant le Tribunal p&eacute;nal international pour le Rwanda (TPIR), a &eacute;t&eacute; report&eacute;e &agrave; une date qui sera annonc&eacute;e ult&eacute;rieurement, selon le service de presse du tribunal.","og_url":"https:\/\/www.justiceinfo.net\/fr\/9229-250408-tpirkalimanzira-louverture-du-proces-dun-ex-haut-fonctionnaire-reportee-sine-die6033.html","og_site_name":"JusticeInfo.net","article_publisher":"https:\/\/www.facebook.com\/JusticeInfo\/","article_published_time":"2008-04-24T22:00:00+00:00","og_image":[{"width":1200,"height":630,"url":"https:\/\/www.justiceinfo.net\/wp-content\/uploads\/JusticeInfoNet_logo_1200x630px.jpg","type":"image\/jpeg"}],"author":"solivri","twitter_card":"summary_large_image","twitter_creator":"@justiceinfonet","twitter_site":"@justiceinfonet","twitter_misc":{"\u00c9crit par":"solivri","Dur\u00e9e de lecture estim\u00e9e":"2 minutes"},"schema":{"@context":"https:\/\/schema.org","@graph":[{"@type":"NewsArticle","@id":"https:\/\/www.justiceinfo.net\/fr\/9229-250408-tpirkalimanzira-louverture-du-proces-dun-ex-haut-fonctionnaire-reportee-sine-die6033.html#article","isPartOf":{"@id":"https:\/\/www.justiceinfo.net\/fr\/9229-250408-tpirkalimanzira-louverture-du-proces-dun-ex-haut-fonctionnaire-reportee-sine-die6033.html"},"author":{"name":"solivri","@id":"https:\/\/www.justiceinfo.net\/fr#\/schema\/person\/6e53cba1629e2e66f3fc1821d3091865"},"headline":"25.04.08 - TPIR\/KALIMANZIRA - L\u2019OUVERTURE DU PROCES D\u2019UN EX-HAUT FONCTIONNAIRE REPORTEE SINE DIE","datePublished":"2008-04-24T22:00:00+00:00","mainEntityOfPage":{"@id":"https:\/\/www.justiceinfo.net\/fr\/9229-250408-tpirkalimanzira-louverture-du-proces-dun-ex-haut-fonctionnaire-reportee-sine-die6033.html"},"wordCount":485,"commentCount":0,"publisher":{"@id":"https:\/\/www.justiceinfo.net\/fr#organization"},"articleSection":["Hirondelle News"],"inLanguage":"fr-FR","potentialAction":[{"@type":"CommentAction","name":"Comment","target":["https:\/\/www.justiceinfo.net\/fr\/9229-250408-tpirkalimanzira-louverture-du-proces-dun-ex-haut-fonctionnaire-reportee-sine-die6033.html#respond"]}]},{"@type":"WebPage","@id":"https:\/\/www.justiceinfo.net\/fr\/9229-250408-tpirkalimanzira-louverture-du-proces-dun-ex-haut-fonctionnaire-reportee-sine-die6033.html","url":"https:\/\/www.justiceinfo.net\/fr\/9229-250408-tpirkalimanzira-louverture-du-proces-dun-ex-haut-fonctionnaire-reportee-sine-die6033.html","name":"25.04.08 - TPIR\/KALIMANZIRA - L\u2019OUVERTURE DU PROCES D\u2019UN EX-HAUT FONCTIONNAIRE REPORTEE SINE DIE - JusticeInfo.net","isPartOf":{"@id":"https:\/\/www.justiceinfo.net\/fr#website"},"datePublished":"2008-04-24T22:00:00+00:00","breadcrumb":{"@id":"https:\/\/www.justiceinfo.net\/fr\/9229-250408-tpirkalimanzira-louverture-du-proces-dun-ex-haut-fonctionnaire-reportee-sine-die6033.html#breadcrumb"},"inLanguage":"fr-FR","potentialAction":[{"@type":"ReadAction","target":["https:\/\/www.justiceinfo.net\/fr\/9229-250408-tpirkalimanzira-louverture-du-proces-dun-ex-haut-fonctionnaire-reportee-sine-die6033.html"]}]},{"@type":"BreadcrumbList","@id":"https:\/\/www.justiceinfo.net\/fr\/9229-250408-tpirkalimanzira-louverture-du-proces-dun-ex-haut-fonctionnaire-reportee-sine-die6033.html#breadcrumb","itemListElement":[{"@type":"ListItem","position":1,"name":"Home","item":"https:\/\/www.justiceinfo.net\/fr"},{"@type":"ListItem","position":2,"name":"25.04.08 - TPIR\/KALIMANZIRA - L\u2019OUVERTURE DU PROCES D\u2019UN EX-HAUT FONCTIONNAIRE REPORTEE SINE DIE"}]},{"@type":"WebSite","@id":"https:\/\/www.justiceinfo.net\/fr#website","url":"https:\/\/www.justiceinfo.net\/fr","name":"JusticeInfo.net","description":"La justice doit \u00eatre vue pour \u00eatre rendue","publisher":{"@id":"https:\/\/www.justiceinfo.net\/fr#organization"},"potentialAction":[{"@type":"SearchAction","target":{"@type":"EntryPoint","urlTemplate":"https:\/\/www.justiceinfo.net\/fr?s={search_term_string}"},"query-input":{"@type":"PropertyValueSpecification","valueRequired":true,"valueName":"search_term_string"}}],"inLanguage":"fr-FR"},{"@type":"Organization","@id":"https:\/\/www.justiceinfo.net\/fr#organization","name":"Justice Info","url":"https:\/\/www.justiceinfo.net\/fr","logo":{"@type":"ImageObject","inLanguage":"fr-FR","@id":"https:\/\/www.justiceinfo.net\/fr#\/schema\/logo\/image\/","url":"https:\/\/www.justiceinfo.net\/wp-content\/uploads\/justiceinfo_logo-trans_1200x1200px.png","contentUrl":"https:\/\/www.justiceinfo.net\/wp-content\/uploads\/justiceinfo_logo-trans_1200x1200px.png","width":1199,"height":1200,"caption":"Justice Info"},"image":{"@id":"https:\/\/www.justiceinfo.net\/fr#\/schema\/logo\/image\/"},"sameAs":["https:\/\/www.facebook.com\/JusticeInfo\/","https:\/\/x.com\/justiceinfonet","https:\/\/www.linkedin.com\/company\/justice-info","https:\/\/www.youtube.com\/channel\/UCyCEsARodyuWtkWyhn-e7pA"]},{"@type":"Person","name":"solivri","url":"\/fr\/?s=solivri"}]}},"_links":{"self":[{"href":"https:\/\/www.justiceinfo.net\/fr\/wp-json\/wp\/v2\/posts\/9229","targetHints":{"allow":["GET"]}}],"collection":[{"href":"https:\/\/www.justiceinfo.net\/fr\/wp-json\/wp\/v2\/posts"}],"about":[{"href":"https:\/\/www.justiceinfo.net\/fr\/wp-json\/wp\/v2\/types\/post"}],"author":[{"embeddable":true,"href":"https:\/\/www.justiceinfo.net\/fr\/wp-json\/wp\/v2\/users\/64"}],"replies":[{"embeddable":true,"href":"https:\/\/www.justiceinfo.net\/fr\/wp-json\/wp\/v2\/comments?post=9229"}],"version-history":[{"count":0,"href":"https:\/\/www.justiceinfo.net\/fr\/wp-json\/wp\/v2\/posts\/9229\/revisions"}],"wp:attachment":[{"href":"https:\/\/www.justiceinfo.net\/fr\/wp-json\/wp\/v2\/media?parent=9229"}],"wp:term":[{"taxonomy":"category","embeddable":true,"href":"https:\/\/www.justiceinfo.net\/fr\/wp-json\/wp\/v2\/categories?post=9229"},{"taxonomy":"post_tag","embeddable":true,"href":"https:\/\/www.justiceinfo.net\/fr\/wp-json\/wp\/v2\/tags?post=9229"},{"taxonomy":"ji_location","embeddable":true,"href":"https:\/\/www.justiceinfo.net\/fr\/wp-json\/wp\/v2\/ji_location?post=9229"}],"curies":[{"name":"wp","href":"https:\/\/api.w.org\/{rel}","templated":true}]}}