{"id":9231,"date":"2008-04-25T00:00:00","date_gmt":"2008-04-24T22:00:00","guid":{"rendered":"https:\/\/www.justiceinfo.net\/9231-250408-tpirsynthese-hebdomadaire-premier-debat-sur-le-transfert-dun-accuse-vers-le-rwanda6035.html"},"modified":"2008-04-25T00:00:00","modified_gmt":"2008-04-24T22:00:00","slug":"250408-tpirsynthese-hebdomadaire-premier-debat-sur-le-transfert-dun-accuse-vers-le-rwanda6035","status":"publish","type":"post","link":"https:\/\/www.justiceinfo.net\/fr\/9231-250408-tpirsynthese-hebdomadaire-premier-debat-sur-le-transfert-dun-accuse-vers-le-rwanda6035.html","title":{"rendered":"25.04.08 - TPIR\/SYNTHESE HEBDOMADAIRE - PREMIER DEBAT SUR LE TRANSFERT D'UN ACCUSE VERS LE RWANDA"},"content":{"rendered":"<p>\nArusha, 25 avril 2008 (FH) - L'actualit&eacute; de la semaine au Tribunal p&eacute;nal international pour le Rwanda (TPIR) a &eacute;t&eacute; domin&eacute;e par le premier d&eacute;bat public sur le transfert d'un accus&eacute; vers le Rwanda.\n<\/p>\n<\/p>\n<p><!--more--><\/p>\n<p>\nOrganis&eacute; jeudi devant une chambre pr&eacute;sid&eacute;e par la juge argentine In&eacute;s Weinberg de Roca, ce d&eacute;bat tr&egrave;s attendu a concern&eacute; Yussuf Munyakazi, 73 ans, accus&eacute; de g&eacute;nocide dans le sud-ouest du Rwanda. Il plaide non coupable.\n<\/p>\n<p>\nLe procureur du TPIR a demand&eacute; que Munyakazi soit transf&eacute;r&eacute; devant la justice rwandaise dans le cadre de la strat&eacute;gie de fin de mandat de cette juridiction en d&eacute;cembre 2008.\n<\/p>\n<p>\nEn plus du procureur et de la d&eacute;fense, les juges ont entendu quatre &laquo; amis de la cour &raquo; qui ont donn&eacute; des opinions diverses susceptibles de les &eacute;clairer lors du d&eacute;lib&eacute;r&eacute;.\n<\/p>\n<p>\n&laquo; Les amis de la cour &raquo; &eacute;taient, d'un c&ocirc;t&eacute;, le gouvernement rwandais et le barreau de Kigali, qui ont soutenu &eacute;nergiquement la requ&ecirc;te du procureur, et de l'autre, Human Rights Watch et l'organisation internationale des avocats p&eacute;nalistes qui ont &eacute;mis de s&eacute;rieuses r&eacute;serves &agrave; ce sujet.\n<\/p>\n<p>\nDu point de vue du procureur du TPIR, le Rwanda garantira un proc&egrave;s &eacute;quitable &agrave; Munyakazi, tandis que la th&egrave;se de la d&eacute;fense est toute autre.\n<\/p>\n<p>\nSelon Me Jwani Thomothy Mwaikusa, l'avocat tanzanien qui repr&eacute;sente Munyakazi, une chose est d'avoir de bonnes lois, une autre est de les appliquer correctement. D'apr&egrave;s lui, ce qui s'observe sur le terrain est pardois &laquo;horrible&raquo;.\n<\/p>\n<p>\nC'est le premier d&eacute;bat public au TPIR concernant une demande de transfert d'un accus&eacute; vers le Rwanda. Quatre autres personnes sont &eacute;galement sur la liste du procureur. Les chambres saisies n'ont pas encore annonc&eacute; les dates auxquelles ils entendront les parties dans ces affaires. L&agrave; aussi des &laquo; amis de la cour &raquo; sont attendus. M&ecirc;me si la premi&egrave;re d&eacute;cision devrait faire jurisprudence, les chambres ne sont pas oblig&eacute;es de suivre la premi&egrave;re d&eacute;cision.\n<\/p>\n<p>\nLes autres accus&eacute;s sous le coup d'une demande de transfert vers le Rwanda sont le lieutenant Ildephonse Hategekimana,qui commandait le camp militaire de Ngoma &agrave; Butare (sud), Jean-Baptiste Gatete, ancien maire de Murambi &agrave; l'est, Gaspard Kanyarukiga, ex-homme d'affaires &agrave; Kigali et &agrave; Kivumu dans l'ouest ainsi que Fulgence Kayishema, un ancien inspecteur de police judiciaire &agrave; Kivumu. Ce dernier n'a pas &eacute;t&eacute; encore arr&ecirc;t&eacute;.\n<\/p>\n<p>\nMis &agrave; part ce d&eacute;bat qualifi&eacute; d'historique par le porte-parole du TPIR, Roland Amoussouga, les chambres de premi&egrave;re instance ont poursuivi cette semaine les audiences dans diverses affaires.\n<\/p>\n<p>\nL'un des proc&egrave;s au r&ocirc;le &eacute;tait &laquo; Gouvernement II &raquo; qui concerne quatre anciens ministres. Dans cette affaire en cours depuis novembre 2003, c'est l'ancien ministre de la fonction publique, Prosper Mugiraneza, qui pr&eacute;sente sa d&eacute;fense.\n<\/p>\n<p>\nCette semaine, il a &eacute;t&eacute; notamment d&eacute;fendu par un magistrat rwandais qui a si&eacute;g&eacute; dans des proc&egrave;s qui se sont tenus au lieu-dit Kigarama dans l'est du Rwanda, la localit&eacute; d'origine de Mugiraneza.\n<\/p>\n<p>\nL'ancien ministre est accus&eacute; d'y avoir organis&eacute; des massacres de Tutsis en 1994. Le dit magistrat, Jean Mukwaya Rusatira, a affirm&eacute; que parmi les affaires dont il a &eacute;t&eacute; saisi, aucun t&eacute;moin n'a incrimin&eacute; Mugiraneza.\n<\/p>\n<p>\nAu TPIR, Mugiraneza est jug&eacute; avec trois anciens coll&egrave;gues membres du gouvernement int&eacute;rimaire en place pendant le g&eacute;nocide des Tutsis en 1994 qui, comme lui, plaident non coupable.\n<\/p>\n<p>\nIl s'agit de Casimir Bizimungu, qui &eacute;tait en charge de la sant&eacute;, Justin Mugenzi, ex-ministre du commerce et J&eacute;r&ocirc;me Bicamumpaka, ancien ministre des affaires &eacute;trang&egrave;res.\n<\/p>\n<p>\nLe tribunal avait &eacute;galement &agrave; son r&ocirc;le le proc&egrave;s des six de Butare, une r&eacute;gion du sud du Rwanda, et celui dit Karemera et autres qui concerne trois anciens politiciens.\n<\/p>\n<p>\nButare a tourn&eacute; au ralenti suite &agrave; l'indisponibilit&eacute; des t&eacute;moins. Dans Karemera, l'&eacute;v&eacute;nement le plus attendu est le d&eacute;but officiel de la pr&eacute;sentation des t&eacute;moins &agrave; d&eacute;charge. Fix&eacute; cette fois-ci la semaine prochaine, Il a &eacute;t&eacute; report&eacute; &agrave; plusieurs reprises. Dans l'intervalle, le tribunal entend des t&eacute;moins du procureur rappel&eacute;s pour compl&eacute;ter leurs d&eacute;positions ant&eacute;rieures.\n<\/p>\n<p>\nAT\/PB\/GF\n<\/p>\n<p>\n&copy; Agence Hirondelle<\/p>\n","protected":false},"excerpt":{"rendered":"<p>Arusha, 25 avril 2008 (FH) - L'actualit&eacute; de la semaine au Tribunal p&eacute;nal international pour le Rwanda (TPIR) a &eacute;t&eacute; domin&eacute;e par le premier d&eacute;bat public sur le transfert d'un accus&eacute; vers le Rwanda.<\/p>\n","protected":false},"author":64,"featured_media":0,"comment_status":"open","ping_status":"closed","sticky":false,"template":"","format":"standard","meta":{"_acf_changed":false,"footnotes":""},"categories":[554],"tags":[],"ji_location":[],"class_list":["post-9231","post","type-post","status-publish","format-standard","hentry","category-hirondellenews"],"acf":[],"yoast_head":"<!-- This site is optimized with the Yoast SEO Premium plugin v25.3.1 (Yoast SEO v25.3.1) - https:\/\/yoast.com\/wordpress\/plugins\/seo\/ -->\n<title>25.04.08 - TPIR\/SYNTHESE HEBDOMADAIRE - PREMIER DEBAT SUR LE TRANSFERT D&#039;UN ACCUSE VERS LE RWANDA - JusticeInfo.net<\/title>\n<meta name=\"robots\" content=\"index, follow, max-snippet:-1, max-image-preview:large, max-video-preview:-1\" \/>\n<link rel=\"canonical\" href=\"https:\/\/www.justiceinfo.net\/fr\/9231-250408-tpirsynthese-hebdomadaire-premier-debat-sur-le-transfert-dun-accuse-vers-le-rwanda6035.html\" \/>\n<meta property=\"og:locale\" content=\"fr_FR\" \/>\n<meta property=\"og:type\" content=\"article\" \/>\n<meta property=\"og:title\" content=\"25.04.08 - TPIR\/SYNTHESE HEBDOMADAIRE - PREMIER DEBAT SUR LE TRANSFERT D&#039;UN ACCUSE VERS LE RWANDA\" \/>\n<meta property=\"og:description\" content=\"Arusha, 25 avril 2008 (FH) - L&#039;actualit&eacute; de la semaine au Tribunal p&eacute;nal international pour le Rwanda (TPIR) a &eacute;t&eacute; domin&eacute;e par le premier d&eacute;bat public sur le transfert d&#039;un accus&eacute; vers le Rwanda.\" \/>\n<meta property=\"og:url\" content=\"https:\/\/www.justiceinfo.net\/fr\/9231-250408-tpirsynthese-hebdomadaire-premier-debat-sur-le-transfert-dun-accuse-vers-le-rwanda6035.html\" \/>\n<meta property=\"og:site_name\" content=\"JusticeInfo.net\" \/>\n<meta property=\"article:publisher\" content=\"https:\/\/www.facebook.com\/JusticeInfo\/\" \/>\n<meta property=\"article:published_time\" content=\"2008-04-24T22:00:00+00:00\" \/>\n<meta property=\"og:image\" content=\"https:\/\/www.justiceinfo.net\/wp-content\/uploads\/JusticeInfoNet_logo_1200x630px.jpg\" \/>\n\t<meta property=\"og:image:width\" content=\"1200\" \/>\n\t<meta property=\"og:image:height\" content=\"630\" \/>\n\t<meta property=\"og:image:type\" content=\"image\/jpeg\" \/>\n<meta name=\"author\" content=\"solivri\" \/>\n<meta name=\"twitter:card\" content=\"summary_large_image\" \/>\n<meta name=\"twitter:creator\" content=\"@justiceinfonet\" \/>\n<meta name=\"twitter:site\" content=\"@justiceinfonet\" \/>\n<meta name=\"twitter:label1\" content=\"\u00c9crit par\" \/>\n\t<meta name=\"twitter:data1\" content=\"solivri\" \/>\n\t<meta name=\"twitter:label2\" content=\"Dur\u00e9e de lecture estim\u00e9e\" \/>\n\t<meta name=\"twitter:data2\" content=\"4 minutes\" \/>\n<script type=\"application\/ld+json\" class=\"yoast-schema-graph\">{\"@context\":\"https:\/\/schema.org\",\"@graph\":[{\"@type\":\"NewsArticle\",\"@id\":\"https:\/\/www.justiceinfo.net\/fr\/9231-250408-tpirsynthese-hebdomadaire-premier-debat-sur-le-transfert-dun-accuse-vers-le-rwanda6035.html#article\",\"isPartOf\":{\"@id\":\"https:\/\/www.justiceinfo.net\/fr\/9231-250408-tpirsynthese-hebdomadaire-premier-debat-sur-le-transfert-dun-accuse-vers-le-rwanda6035.html\"},\"author\":{\"name\":\"solivri\",\"@id\":\"https:\/\/www.justiceinfo.net\/fr#\/schema\/person\/6e53cba1629e2e66f3fc1821d3091865\"},\"headline\":\"25.04.08 - TPIR\/SYNTHESE HEBDOMADAIRE - PREMIER DEBAT SUR LE TRANSFERT D'UN ACCUSE VERS LE RWANDA\",\"datePublished\":\"2008-04-24T22:00:00+00:00\",\"mainEntityOfPage\":{\"@id\":\"https:\/\/www.justiceinfo.net\/fr\/9231-250408-tpirsynthese-hebdomadaire-premier-debat-sur-le-transfert-dun-accuse-vers-le-rwanda6035.html\"},\"wordCount\":873,\"commentCount\":0,\"publisher\":{\"@id\":\"https:\/\/www.justiceinfo.net\/fr#organization\"},\"articleSection\":[\"Hirondelle News\"],\"inLanguage\":\"fr-FR\",\"potentialAction\":[{\"@type\":\"CommentAction\",\"name\":\"Comment\",\"target\":[\"https:\/\/www.justiceinfo.net\/fr\/9231-250408-tpirsynthese-hebdomadaire-premier-debat-sur-le-transfert-dun-accuse-vers-le-rwanda6035.html#respond\"]}]},{\"@type\":\"WebPage\",\"@id\":\"https:\/\/www.justiceinfo.net\/fr\/9231-250408-tpirsynthese-hebdomadaire-premier-debat-sur-le-transfert-dun-accuse-vers-le-rwanda6035.html\",\"url\":\"https:\/\/www.justiceinfo.net\/fr\/9231-250408-tpirsynthese-hebdomadaire-premier-debat-sur-le-transfert-dun-accuse-vers-le-rwanda6035.html\",\"name\":\"25.04.08 - TPIR\/SYNTHESE HEBDOMADAIRE - PREMIER DEBAT SUR LE TRANSFERT D'UN ACCUSE VERS LE RWANDA - JusticeInfo.net\",\"isPartOf\":{\"@id\":\"https:\/\/www.justiceinfo.net\/fr#website\"},\"datePublished\":\"2008-04-24T22:00:00+00:00\",\"breadcrumb\":{\"@id\":\"https:\/\/www.justiceinfo.net\/fr\/9231-250408-tpirsynthese-hebdomadaire-premier-debat-sur-le-transfert-dun-accuse-vers-le-rwanda6035.html#breadcrumb\"},\"inLanguage\":\"fr-FR\",\"potentialAction\":[{\"@type\":\"ReadAction\",\"target\":[\"https:\/\/www.justiceinfo.net\/fr\/9231-250408-tpirsynthese-hebdomadaire-premier-debat-sur-le-transfert-dun-accuse-vers-le-rwanda6035.html\"]}]},{\"@type\":\"BreadcrumbList\",\"@id\":\"https:\/\/www.justiceinfo.net\/fr\/9231-250408-tpirsynthese-hebdomadaire-premier-debat-sur-le-transfert-dun-accuse-vers-le-rwanda6035.html#breadcrumb\",\"itemListElement\":[{\"@type\":\"ListItem\",\"position\":1,\"name\":\"Home\",\"item\":\"https:\/\/www.justiceinfo.net\/fr\"},{\"@type\":\"ListItem\",\"position\":2,\"name\":\"25.04.08 - TPIR\/SYNTHESE HEBDOMADAIRE - PREMIER DEBAT SUR LE TRANSFERT D'UN ACCUSE VERS LE RWANDA\"}]},{\"@type\":\"WebSite\",\"@id\":\"https:\/\/www.justiceinfo.net\/fr#website\",\"url\":\"https:\/\/www.justiceinfo.net\/fr\",\"name\":\"JusticeInfo.net\",\"description\":\"La justice doit \u00eatre vue pour \u00eatre rendue\",\"publisher\":{\"@id\":\"https:\/\/www.justiceinfo.net\/fr#organization\"},\"potentialAction\":[{\"@type\":\"SearchAction\",\"target\":{\"@type\":\"EntryPoint\",\"urlTemplate\":\"https:\/\/www.justiceinfo.net\/fr?s={search_term_string}\"},\"query-input\":{\"@type\":\"PropertyValueSpecification\",\"valueRequired\":true,\"valueName\":\"search_term_string\"}}],\"inLanguage\":\"fr-FR\"},{\"@type\":\"Organization\",\"@id\":\"https:\/\/www.justiceinfo.net\/fr#organization\",\"name\":\"Justice Info\",\"url\":\"https:\/\/www.justiceinfo.net\/fr\",\"logo\":{\"@type\":\"ImageObject\",\"inLanguage\":\"fr-FR\",\"@id\":\"https:\/\/www.justiceinfo.net\/fr#\/schema\/logo\/image\/\",\"url\":\"https:\/\/www.justiceinfo.net\/wp-content\/uploads\/justiceinfo_logo-trans_1200x1200px.png\",\"contentUrl\":\"https:\/\/www.justiceinfo.net\/wp-content\/uploads\/justiceinfo_logo-trans_1200x1200px.png\",\"width\":1199,\"height\":1200,\"caption\":\"Justice Info\"},\"image\":{\"@id\":\"https:\/\/www.justiceinfo.net\/fr#\/schema\/logo\/image\/\"},\"sameAs\":[\"https:\/\/www.facebook.com\/JusticeInfo\/\",\"https:\/\/x.com\/justiceinfonet\",\"https:\/\/www.linkedin.com\/company\/justice-info\",\"https:\/\/www.youtube.com\/channel\/UCyCEsARodyuWtkWyhn-e7pA\"]},{\"@type\":\"Person\",\"name\":\"solivri\",\"url\":\"\/fr\/?s=solivri\"}]}<\/script>\n<!-- \/ Yoast SEO Premium plugin. -->","yoast_head_json":{"title":"25.04.08 - TPIR\/SYNTHESE HEBDOMADAIRE - PREMIER DEBAT SUR LE TRANSFERT D'UN ACCUSE VERS LE RWANDA - JusticeInfo.net","robots":{"index":"index","follow":"follow","max-snippet":"max-snippet:-1","max-image-preview":"max-image-preview:large","max-video-preview":"max-video-preview:-1"},"canonical":"https:\/\/www.justiceinfo.net\/fr\/9231-250408-tpirsynthese-hebdomadaire-premier-debat-sur-le-transfert-dun-accuse-vers-le-rwanda6035.html","og_locale":"fr_FR","og_type":"article","og_title":"25.04.08 - TPIR\/SYNTHESE HEBDOMADAIRE - PREMIER DEBAT SUR LE TRANSFERT D'UN ACCUSE VERS LE RWANDA","og_description":"Arusha, 25 avril 2008 (FH) - L'actualit&eacute; de la semaine au Tribunal p&eacute;nal international pour le Rwanda (TPIR) a &eacute;t&eacute; domin&eacute;e par le premier d&eacute;bat public sur le transfert d'un accus&eacute; vers le Rwanda.","og_url":"https:\/\/www.justiceinfo.net\/fr\/9231-250408-tpirsynthese-hebdomadaire-premier-debat-sur-le-transfert-dun-accuse-vers-le-rwanda6035.html","og_site_name":"JusticeInfo.net","article_publisher":"https:\/\/www.facebook.com\/JusticeInfo\/","article_published_time":"2008-04-24T22:00:00+00:00","og_image":[{"width":1200,"height":630,"url":"https:\/\/www.justiceinfo.net\/wp-content\/uploads\/JusticeInfoNet_logo_1200x630px.jpg","type":"image\/jpeg"}],"author":"solivri","twitter_card":"summary_large_image","twitter_creator":"@justiceinfonet","twitter_site":"@justiceinfonet","twitter_misc":{"\u00c9crit par":"solivri","Dur\u00e9e de lecture estim\u00e9e":"4 minutes"},"schema":{"@context":"https:\/\/schema.org","@graph":[{"@type":"NewsArticle","@id":"https:\/\/www.justiceinfo.net\/fr\/9231-250408-tpirsynthese-hebdomadaire-premier-debat-sur-le-transfert-dun-accuse-vers-le-rwanda6035.html#article","isPartOf":{"@id":"https:\/\/www.justiceinfo.net\/fr\/9231-250408-tpirsynthese-hebdomadaire-premier-debat-sur-le-transfert-dun-accuse-vers-le-rwanda6035.html"},"author":{"name":"solivri","@id":"https:\/\/www.justiceinfo.net\/fr#\/schema\/person\/6e53cba1629e2e66f3fc1821d3091865"},"headline":"25.04.08 - TPIR\/SYNTHESE HEBDOMADAIRE - PREMIER DEBAT SUR LE TRANSFERT D'UN ACCUSE VERS LE RWANDA","datePublished":"2008-04-24T22:00:00+00:00","mainEntityOfPage":{"@id":"https:\/\/www.justiceinfo.net\/fr\/9231-250408-tpirsynthese-hebdomadaire-premier-debat-sur-le-transfert-dun-accuse-vers-le-rwanda6035.html"},"wordCount":873,"commentCount":0,"publisher":{"@id":"https:\/\/www.justiceinfo.net\/fr#organization"},"articleSection":["Hirondelle News"],"inLanguage":"fr-FR","potentialAction":[{"@type":"CommentAction","name":"Comment","target":["https:\/\/www.justiceinfo.net\/fr\/9231-250408-tpirsynthese-hebdomadaire-premier-debat-sur-le-transfert-dun-accuse-vers-le-rwanda6035.html#respond"]}]},{"@type":"WebPage","@id":"https:\/\/www.justiceinfo.net\/fr\/9231-250408-tpirsynthese-hebdomadaire-premier-debat-sur-le-transfert-dun-accuse-vers-le-rwanda6035.html","url":"https:\/\/www.justiceinfo.net\/fr\/9231-250408-tpirsynthese-hebdomadaire-premier-debat-sur-le-transfert-dun-accuse-vers-le-rwanda6035.html","name":"25.04.08 - TPIR\/SYNTHESE HEBDOMADAIRE - PREMIER DEBAT SUR LE TRANSFERT D'UN ACCUSE VERS LE RWANDA - JusticeInfo.net","isPartOf":{"@id":"https:\/\/www.justiceinfo.net\/fr#website"},"datePublished":"2008-04-24T22:00:00+00:00","breadcrumb":{"@id":"https:\/\/www.justiceinfo.net\/fr\/9231-250408-tpirsynthese-hebdomadaire-premier-debat-sur-le-transfert-dun-accuse-vers-le-rwanda6035.html#breadcrumb"},"inLanguage":"fr-FR","potentialAction":[{"@type":"ReadAction","target":["https:\/\/www.justiceinfo.net\/fr\/9231-250408-tpirsynthese-hebdomadaire-premier-debat-sur-le-transfert-dun-accuse-vers-le-rwanda6035.html"]}]},{"@type":"BreadcrumbList","@id":"https:\/\/www.justiceinfo.net\/fr\/9231-250408-tpirsynthese-hebdomadaire-premier-debat-sur-le-transfert-dun-accuse-vers-le-rwanda6035.html#breadcrumb","itemListElement":[{"@type":"ListItem","position":1,"name":"Home","item":"https:\/\/www.justiceinfo.net\/fr"},{"@type":"ListItem","position":2,"name":"25.04.08 - TPIR\/SYNTHESE HEBDOMADAIRE - PREMIER DEBAT SUR LE TRANSFERT D'UN ACCUSE VERS LE RWANDA"}]},{"@type":"WebSite","@id":"https:\/\/www.justiceinfo.net\/fr#website","url":"https:\/\/www.justiceinfo.net\/fr","name":"JusticeInfo.net","description":"La justice doit \u00eatre vue pour \u00eatre rendue","publisher":{"@id":"https:\/\/www.justiceinfo.net\/fr#organization"},"potentialAction":[{"@type":"SearchAction","target":{"@type":"EntryPoint","urlTemplate":"https:\/\/www.justiceinfo.net\/fr?s={search_term_string}"},"query-input":{"@type":"PropertyValueSpecification","valueRequired":true,"valueName":"search_term_string"}}],"inLanguage":"fr-FR"},{"@type":"Organization","@id":"https:\/\/www.justiceinfo.net\/fr#organization","name":"Justice Info","url":"https:\/\/www.justiceinfo.net\/fr","logo":{"@type":"ImageObject","inLanguage":"fr-FR","@id":"https:\/\/www.justiceinfo.net\/fr#\/schema\/logo\/image\/","url":"https:\/\/www.justiceinfo.net\/wp-content\/uploads\/justiceinfo_logo-trans_1200x1200px.png","contentUrl":"https:\/\/www.justiceinfo.net\/wp-content\/uploads\/justiceinfo_logo-trans_1200x1200px.png","width":1199,"height":1200,"caption":"Justice Info"},"image":{"@id":"https:\/\/www.justiceinfo.net\/fr#\/schema\/logo\/image\/"},"sameAs":["https:\/\/www.facebook.com\/JusticeInfo\/","https:\/\/x.com\/justiceinfonet","https:\/\/www.linkedin.com\/company\/justice-info","https:\/\/www.youtube.com\/channel\/UCyCEsARodyuWtkWyhn-e7pA"]},{"@type":"Person","name":"solivri","url":"\/fr\/?s=solivri"}]}},"_links":{"self":[{"href":"https:\/\/www.justiceinfo.net\/fr\/wp-json\/wp\/v2\/posts\/9231","targetHints":{"allow":["GET"]}}],"collection":[{"href":"https:\/\/www.justiceinfo.net\/fr\/wp-json\/wp\/v2\/posts"}],"about":[{"href":"https:\/\/www.justiceinfo.net\/fr\/wp-json\/wp\/v2\/types\/post"}],"author":[{"embeddable":true,"href":"https:\/\/www.justiceinfo.net\/fr\/wp-json\/wp\/v2\/users\/64"}],"replies":[{"embeddable":true,"href":"https:\/\/www.justiceinfo.net\/fr\/wp-json\/wp\/v2\/comments?post=9231"}],"version-history":[{"count":0,"href":"https:\/\/www.justiceinfo.net\/fr\/wp-json\/wp\/v2\/posts\/9231\/revisions"}],"wp:attachment":[{"href":"https:\/\/www.justiceinfo.net\/fr\/wp-json\/wp\/v2\/media?parent=9231"}],"wp:term":[{"taxonomy":"category","embeddable":true,"href":"https:\/\/www.justiceinfo.net\/fr\/wp-json\/wp\/v2\/categories?post=9231"},{"taxonomy":"post_tag","embeddable":true,"href":"https:\/\/www.justiceinfo.net\/fr\/wp-json\/wp\/v2\/tags?post=9231"},{"taxonomy":"ji_location","embeddable":true,"href":"https:\/\/www.justiceinfo.net\/fr\/wp-json\/wp\/v2\/ji_location?post=9231"}],"curies":[{"name":"wp","href":"https:\/\/api.w.org\/{rel}","templated":true}]}}