{"id":9241,"date":"2008-04-29T00:00:00","date_gmt":"2008-04-28T22:00:00","guid":{"rendered":"https:\/\/www.justiceinfo.net\/9241-290408-tpirkaremera-karemera-un-homme-douverture-selon-un-politicien-belge6046.html"},"modified":"2008-04-29T00:00:00","modified_gmt":"2008-04-28T22:00:00","slug":"290408-tpirkaremera-karemera-un-homme-douverture-selon-un-politicien-belge6046","status":"publish","type":"post","link":"https:\/\/www.justiceinfo.net\/fr\/9241-290408-tpirkaremera-karemera-un-homme-douverture-selon-un-politicien-belge6046.html","title":{"rendered":"29.04.08 - TPIR\/KAREMERA - KAREMERA, UN HOMME D\u2019OUVERTURE, SELON UN POLITICIEN BELGE"},"content":{"rendered":"<p>Arusha, 29 avril 2008 (FH) - Un politicien belge a d&eacute;clar&eacute; qu&rsquo;un responsable de l&rsquo;ex-parti pr&eacute;sidentiel rwandais accus&eacute; de g&eacute;nocide &eacute;tait plut&ocirc;t un homme d&rsquo;ouverture, dans une d&eacute;position devant le Tribunal p&eacute;nal international pour le Rwanda (TPIR).<br \/>\n<!--more--><\/p>\n<p>Ancien conseiller politique charg&eacute; de l&rsquo;Afrique au sein de l&rsquo;Internationale d&eacute;mocrate chr&eacute;tienne (IDC), une coalition de partis politiques europ&eacute;ens, Alain de Brouwer, 69 ans, a t&eacute;moign&eacute; &agrave; la demande de la d&eacute;fense de l&rsquo;ancien vice-pr&eacute;sident de l&rsquo;ex-parti au Rwanda, Edouard Karemera, jug&eacute; avec deux de ses coll&egrave;gues. <\/p>\n<p>\nLe politicien belge a indiqu&eacute; qu&rsquo;il avait des contacts r&eacute;guliers avec des dirigeants de l&rsquo;ex-parti au pouvoir au Rwanda dans les ann&eacute;es 1990. Dans ce cadre il a rencontr&eacute; &agrave; plusieurs reprises Edouard Karemera et ses coaccus&eacute;s.\n<\/p>\n<p>\nIl a d&eacute;crit Karemera comme quelqu&rsquo;un qui a apport&eacute; &laquo; une nouvelle culture politique &raquo; au Rwanda en sa qualit&eacute; de pr&eacute;sident de la &laquo; Commission nationale de synth&egrave;se &raquo;, qui a propos&eacute; de profondes r&eacute;formes politiques dont l&rsquo;introduction du multipartisme et des libert&eacute;s fondamentales en 1991.\n<\/p>\n<p>\n&laquo; C&rsquo;&eacute;tait un homme d&rsquo;une tr&egrave;s grande ouverture &raquo; politique, a soulign&eacute; Alain de Brouwer, donnant notamment comme preuve une interview que l&rsquo;accus&eacute; avait accord&eacute;e &agrave; un journal panafricaniste de Bruxelles en 1991. &laquo; Nous Rwandais, nous avons la m&ecirc;me culture, la m&ecirc;me langue (qui est tr&egrave;s complexe d&rsquo;ailleurs), les m&ecirc;mes traditions, nous devons absolument sauvegarder cette unit&eacute; nationale &raquo;, y disait Karemera.\n<\/p>\n<p>\nAlain de Brouwer a ajout&eacute; que Karemera avait appel&eacute; au dialogue politique au Rwanda et &agrave; la renonciation &agrave; la guerre. Le gouvernement &eacute;tait alors en guerre avec les rebelles du Front patriotique rwandais (FPR) actuellement au pouvoir &agrave; Kigali. Karemera disait que &laquo; le FPR peut trouver dans le multipartisme enti&egrave;rement sa place &raquo;, a indiqu&eacute; le t&eacute;moin.\n<\/p>\n<p>\nLes coaccus&eacute;s de Karemera sont Mathieu Ngirumpatse et Joseph Nziororera, respectivement pr&eacute;sident et secr&eacute;taire g&eacute;n&eacute;ral de l&rsquo;ex-parti au pouvoir au Rwanda, le Mouvement r&eacute;publicain national pour la d&eacute;mocratie et le d&eacute;veloppement (MRND).\n<\/p>\n<p>\nAlain de Brouwer a dit de Ngirumpatse qu&rsquo;il avait &agrave; son actif l&rsquo;introduction des lois d&rsquo;amnistie alors qu&rsquo;il &eacute;tait ministre de la justice en 1991. En ce qui concerne Nzirorera, il a salu&eacute; sa d&eacute;termination &laquo; de continuer &agrave; soutenir les accords d&rsquo;Arusha et leur application envers et contre tout &raquo;.\n<\/p>\n<p>\nLes accords de paix d&rsquo;Arusha ont &eacute;t&eacute; sign&eacute;s en ao&ucirc;t 1993 entre le gouvernement rwandais et le FPR. Ils n&rsquo;ont jamais &eacute;t&eacute; mis en &oelig;uvre en raison du d&eacute;clenchement du g&eacute;nocide en avril 1994.\n<\/p>\n<p>\nLe procureur affirme que Nzirorera faisait partie des politiciens extr&eacute;mistes, oppos&eacute;s &agrave; ces accords qui pr&eacute;voyaient notamment le partage du pouvoir entre les principales forces politiques du pays.\n<\/p>\n<p>\nAppel&eacute;e &quot;Karemera et autres&quot;, cette affaire qui a du &ecirc;tre rejug&eacute;e, a commenc&eacute; en septembre 2005. Elle devrait se poursuivre au-del&agrave; du 31 d&eacute;cembre, date pr&eacute;vue pour la fin de tous les proc&egrave;s en premi&egrave;re instance.\n<\/p>\n<p>\nPoursuivis pour g&eacute;nocide et crimes contre l&rsquo;humanit&eacute;, les accus&eacute;s plaident non coupable. Ils sont d&eacute;tenus depuis une dizaine d'ann&eacute;es.\n<\/p>\n<p>\nAlain de Brouwer a commenc&eacute; sa d&eacute;position lundi. Il la poursuivait mardi apr&egrave;s-midi. Son dernier t&eacute;moignage au TPIR remonte &agrave; f&eacute;vrier dernier. Il avait &eacute;t&eacute; cit&eacute; par les avocats de l&rsquo;ancien chef d&rsquo;&eacute;tat-major de la gendarmerie rwandaise, le g&eacute;n&eacute;ral Augustin Ndindiliyimana.\n<\/p>\n<p>\nAT\/PB\/GF\n<\/p>\n<p>\n&copy; Agence Hirondelle<\/p>\n","protected":false},"excerpt":{"rendered":"<p>Arusha, 29 avril 2008 (FH) - Un politicien belge a d&eacute;clar&eacute; qu&rsquo;un responsable de l&rsquo;ex-parti pr&eacute;sidentiel rwandais accus&eacute; de g&eacute;nocide &eacute;tait plut&ocirc;t un homme d&rsquo;ouverture, dans une d&eacute;position devant le Tribunal p&eacute;nal international pour le Rwanda (TPIR).<\/p>\n","protected":false},"author":64,"featured_media":0,"comment_status":"open","ping_status":"closed","sticky":false,"template":"","format":"standard","meta":{"_acf_changed":false,"footnotes":""},"categories":[554],"tags":[],"ji_location":[],"class_list":["post-9241","post","type-post","status-publish","format-standard","hentry","category-hirondellenews"],"acf":[],"yoast_head":"<!-- This site is optimized with the Yoast SEO Premium plugin v25.3.1 (Yoast SEO v25.3.1) - https:\/\/yoast.com\/wordpress\/plugins\/seo\/ -->\n<title>29.04.08 - TPIR\/KAREMERA - KAREMERA, UN HOMME D\u2019OUVERTURE, SELON UN POLITICIEN BELGE - JusticeInfo.net<\/title>\n<meta name=\"robots\" content=\"index, follow, max-snippet:-1, max-image-preview:large, max-video-preview:-1\" \/>\n<link rel=\"canonical\" href=\"https:\/\/www.justiceinfo.net\/fr\/9241-290408-tpirkaremera-karemera-un-homme-douverture-selon-un-politicien-belge6046.html\" \/>\n<meta property=\"og:locale\" content=\"fr_FR\" \/>\n<meta property=\"og:type\" content=\"article\" \/>\n<meta property=\"og:title\" content=\"29.04.08 - TPIR\/KAREMERA - KAREMERA, UN HOMME D\u2019OUVERTURE, SELON UN POLITICIEN BELGE\" \/>\n<meta property=\"og:description\" content=\"Arusha, 29 avril 2008 (FH) - Un politicien belge a d&eacute;clar&eacute; qu&rsquo;un responsable de l&rsquo;ex-parti pr&eacute;sidentiel rwandais accus&eacute; de g&eacute;nocide &eacute;tait plut&ocirc;t un homme d&rsquo;ouverture, dans une d&eacute;position devant le Tribunal p&eacute;nal international pour le Rwanda (TPIR).\" \/>\n<meta property=\"og:url\" content=\"https:\/\/www.justiceinfo.net\/fr\/9241-290408-tpirkaremera-karemera-un-homme-douverture-selon-un-politicien-belge6046.html\" \/>\n<meta property=\"og:site_name\" content=\"JusticeInfo.net\" \/>\n<meta property=\"article:publisher\" content=\"https:\/\/www.facebook.com\/JusticeInfo\/\" \/>\n<meta property=\"article:published_time\" content=\"2008-04-28T22:00:00+00:00\" \/>\n<meta property=\"og:image\" content=\"https:\/\/www.justiceinfo.net\/wp-content\/uploads\/JusticeInfoNet_logo_1200x630px.jpg\" \/>\n\t<meta property=\"og:image:width\" content=\"1200\" \/>\n\t<meta property=\"og:image:height\" content=\"630\" \/>\n\t<meta property=\"og:image:type\" content=\"image\/jpeg\" \/>\n<meta name=\"author\" content=\"solivri\" \/>\n<meta name=\"twitter:card\" content=\"summary_large_image\" \/>\n<meta name=\"twitter:creator\" content=\"@justiceinfonet\" \/>\n<meta name=\"twitter:site\" content=\"@justiceinfonet\" \/>\n<meta name=\"twitter:label1\" content=\"\u00c9crit par\" \/>\n\t<meta name=\"twitter:data1\" content=\"solivri\" \/>\n\t<meta name=\"twitter:label2\" content=\"Dur\u00e9e de lecture estim\u00e9e\" \/>\n\t<meta name=\"twitter:data2\" content=\"4 minutes\" \/>\n<script type=\"application\/ld+json\" class=\"yoast-schema-graph\">{\"@context\":\"https:\/\/schema.org\",\"@graph\":[{\"@type\":\"NewsArticle\",\"@id\":\"https:\/\/www.justiceinfo.net\/fr\/9241-290408-tpirkaremera-karemera-un-homme-douverture-selon-un-politicien-belge6046.html#article\",\"isPartOf\":{\"@id\":\"https:\/\/www.justiceinfo.net\/fr\/9241-290408-tpirkaremera-karemera-un-homme-douverture-selon-un-politicien-belge6046.html\"},\"author\":{\"name\":\"solivri\",\"@id\":\"https:\/\/www.justiceinfo.net\/fr#\/schema\/person\/6e53cba1629e2e66f3fc1821d3091865\"},\"headline\":\"29.04.08 - TPIR\/KAREMERA - KAREMERA, UN HOMME D\u2019OUVERTURE, SELON UN POLITICIEN BELGE\",\"datePublished\":\"2008-04-28T22:00:00+00:00\",\"mainEntityOfPage\":{\"@id\":\"https:\/\/www.justiceinfo.net\/fr\/9241-290408-tpirkaremera-karemera-un-homme-douverture-selon-un-politicien-belge6046.html\"},\"wordCount\":751,\"commentCount\":0,\"publisher\":{\"@id\":\"https:\/\/www.justiceinfo.net\/fr#organization\"},\"articleSection\":[\"Hirondelle News\"],\"inLanguage\":\"fr-FR\",\"potentialAction\":[{\"@type\":\"CommentAction\",\"name\":\"Comment\",\"target\":[\"https:\/\/www.justiceinfo.net\/fr\/9241-290408-tpirkaremera-karemera-un-homme-douverture-selon-un-politicien-belge6046.html#respond\"]}]},{\"@type\":\"WebPage\",\"@id\":\"https:\/\/www.justiceinfo.net\/fr\/9241-290408-tpirkaremera-karemera-un-homme-douverture-selon-un-politicien-belge6046.html\",\"url\":\"https:\/\/www.justiceinfo.net\/fr\/9241-290408-tpirkaremera-karemera-un-homme-douverture-selon-un-politicien-belge6046.html\",\"name\":\"29.04.08 - TPIR\/KAREMERA - KAREMERA, UN HOMME D\u2019OUVERTURE, SELON UN POLITICIEN BELGE - JusticeInfo.net\",\"isPartOf\":{\"@id\":\"https:\/\/www.justiceinfo.net\/fr#website\"},\"datePublished\":\"2008-04-28T22:00:00+00:00\",\"breadcrumb\":{\"@id\":\"https:\/\/www.justiceinfo.net\/fr\/9241-290408-tpirkaremera-karemera-un-homme-douverture-selon-un-politicien-belge6046.html#breadcrumb\"},\"inLanguage\":\"fr-FR\",\"potentialAction\":[{\"@type\":\"ReadAction\",\"target\":[\"https:\/\/www.justiceinfo.net\/fr\/9241-290408-tpirkaremera-karemera-un-homme-douverture-selon-un-politicien-belge6046.html\"]}]},{\"@type\":\"BreadcrumbList\",\"@id\":\"https:\/\/www.justiceinfo.net\/fr\/9241-290408-tpirkaremera-karemera-un-homme-douverture-selon-un-politicien-belge6046.html#breadcrumb\",\"itemListElement\":[{\"@type\":\"ListItem\",\"position\":1,\"name\":\"Home\",\"item\":\"https:\/\/www.justiceinfo.net\/fr\"},{\"@type\":\"ListItem\",\"position\":2,\"name\":\"29.04.08 - TPIR\/KAREMERA - KAREMERA, UN HOMME D\u2019OUVERTURE, SELON UN POLITICIEN BELGE\"}]},{\"@type\":\"WebSite\",\"@id\":\"https:\/\/www.justiceinfo.net\/fr#website\",\"url\":\"https:\/\/www.justiceinfo.net\/fr\",\"name\":\"JusticeInfo.net\",\"description\":\"La justice doit \u00eatre vue pour \u00eatre rendue\",\"publisher\":{\"@id\":\"https:\/\/www.justiceinfo.net\/fr#organization\"},\"potentialAction\":[{\"@type\":\"SearchAction\",\"target\":{\"@type\":\"EntryPoint\",\"urlTemplate\":\"https:\/\/www.justiceinfo.net\/fr?s={search_term_string}\"},\"query-input\":{\"@type\":\"PropertyValueSpecification\",\"valueRequired\":true,\"valueName\":\"search_term_string\"}}],\"inLanguage\":\"fr-FR\"},{\"@type\":\"Organization\",\"@id\":\"https:\/\/www.justiceinfo.net\/fr#organization\",\"name\":\"Justice Info\",\"url\":\"https:\/\/www.justiceinfo.net\/fr\",\"logo\":{\"@type\":\"ImageObject\",\"inLanguage\":\"fr-FR\",\"@id\":\"https:\/\/www.justiceinfo.net\/fr#\/schema\/logo\/image\/\",\"url\":\"https:\/\/www.justiceinfo.net\/wp-content\/uploads\/justiceinfo_logo-trans_1200x1200px.png\",\"contentUrl\":\"https:\/\/www.justiceinfo.net\/wp-content\/uploads\/justiceinfo_logo-trans_1200x1200px.png\",\"width\":1199,\"height\":1200,\"caption\":\"Justice Info\"},\"image\":{\"@id\":\"https:\/\/www.justiceinfo.net\/fr#\/schema\/logo\/image\/\"},\"sameAs\":[\"https:\/\/www.facebook.com\/JusticeInfo\/\",\"https:\/\/x.com\/justiceinfonet\",\"https:\/\/www.linkedin.com\/company\/justice-info\",\"https:\/\/www.youtube.com\/channel\/UCyCEsARodyuWtkWyhn-e7pA\"]},{\"@type\":\"Person\",\"name\":\"solivri\",\"url\":\"\/fr\/?s=solivri\"}]}<\/script>\n<!-- \/ Yoast SEO Premium plugin. -->","yoast_head_json":{"title":"29.04.08 - TPIR\/KAREMERA - KAREMERA, UN HOMME D\u2019OUVERTURE, SELON UN POLITICIEN BELGE - JusticeInfo.net","robots":{"index":"index","follow":"follow","max-snippet":"max-snippet:-1","max-image-preview":"max-image-preview:large","max-video-preview":"max-video-preview:-1"},"canonical":"https:\/\/www.justiceinfo.net\/fr\/9241-290408-tpirkaremera-karemera-un-homme-douverture-selon-un-politicien-belge6046.html","og_locale":"fr_FR","og_type":"article","og_title":"29.04.08 - TPIR\/KAREMERA - KAREMERA, UN HOMME D\u2019OUVERTURE, SELON UN POLITICIEN BELGE","og_description":"Arusha, 29 avril 2008 (FH) - Un politicien belge a d&eacute;clar&eacute; qu&rsquo;un responsable de l&rsquo;ex-parti pr&eacute;sidentiel rwandais accus&eacute; de g&eacute;nocide &eacute;tait plut&ocirc;t un homme d&rsquo;ouverture, dans une d&eacute;position devant le Tribunal p&eacute;nal international pour le Rwanda (TPIR).","og_url":"https:\/\/www.justiceinfo.net\/fr\/9241-290408-tpirkaremera-karemera-un-homme-douverture-selon-un-politicien-belge6046.html","og_site_name":"JusticeInfo.net","article_publisher":"https:\/\/www.facebook.com\/JusticeInfo\/","article_published_time":"2008-04-28T22:00:00+00:00","og_image":[{"width":1200,"height":630,"url":"https:\/\/www.justiceinfo.net\/wp-content\/uploads\/JusticeInfoNet_logo_1200x630px.jpg","type":"image\/jpeg"}],"author":"solivri","twitter_card":"summary_large_image","twitter_creator":"@justiceinfonet","twitter_site":"@justiceinfonet","twitter_misc":{"\u00c9crit par":"solivri","Dur\u00e9e de lecture estim\u00e9e":"4 minutes"},"schema":{"@context":"https:\/\/schema.org","@graph":[{"@type":"NewsArticle","@id":"https:\/\/www.justiceinfo.net\/fr\/9241-290408-tpirkaremera-karemera-un-homme-douverture-selon-un-politicien-belge6046.html#article","isPartOf":{"@id":"https:\/\/www.justiceinfo.net\/fr\/9241-290408-tpirkaremera-karemera-un-homme-douverture-selon-un-politicien-belge6046.html"},"author":{"name":"solivri","@id":"https:\/\/www.justiceinfo.net\/fr#\/schema\/person\/6e53cba1629e2e66f3fc1821d3091865"},"headline":"29.04.08 - TPIR\/KAREMERA - KAREMERA, UN HOMME D\u2019OUVERTURE, SELON UN POLITICIEN BELGE","datePublished":"2008-04-28T22:00:00+00:00","mainEntityOfPage":{"@id":"https:\/\/www.justiceinfo.net\/fr\/9241-290408-tpirkaremera-karemera-un-homme-douverture-selon-un-politicien-belge6046.html"},"wordCount":751,"commentCount":0,"publisher":{"@id":"https:\/\/www.justiceinfo.net\/fr#organization"},"articleSection":["Hirondelle News"],"inLanguage":"fr-FR","potentialAction":[{"@type":"CommentAction","name":"Comment","target":["https:\/\/www.justiceinfo.net\/fr\/9241-290408-tpirkaremera-karemera-un-homme-douverture-selon-un-politicien-belge6046.html#respond"]}]},{"@type":"WebPage","@id":"https:\/\/www.justiceinfo.net\/fr\/9241-290408-tpirkaremera-karemera-un-homme-douverture-selon-un-politicien-belge6046.html","url":"https:\/\/www.justiceinfo.net\/fr\/9241-290408-tpirkaremera-karemera-un-homme-douverture-selon-un-politicien-belge6046.html","name":"29.04.08 - TPIR\/KAREMERA - KAREMERA, UN HOMME D\u2019OUVERTURE, SELON UN POLITICIEN BELGE - JusticeInfo.net","isPartOf":{"@id":"https:\/\/www.justiceinfo.net\/fr#website"},"datePublished":"2008-04-28T22:00:00+00:00","breadcrumb":{"@id":"https:\/\/www.justiceinfo.net\/fr\/9241-290408-tpirkaremera-karemera-un-homme-douverture-selon-un-politicien-belge6046.html#breadcrumb"},"inLanguage":"fr-FR","potentialAction":[{"@type":"ReadAction","target":["https:\/\/www.justiceinfo.net\/fr\/9241-290408-tpirkaremera-karemera-un-homme-douverture-selon-un-politicien-belge6046.html"]}]},{"@type":"BreadcrumbList","@id":"https:\/\/www.justiceinfo.net\/fr\/9241-290408-tpirkaremera-karemera-un-homme-douverture-selon-un-politicien-belge6046.html#breadcrumb","itemListElement":[{"@type":"ListItem","position":1,"name":"Home","item":"https:\/\/www.justiceinfo.net\/fr"},{"@type":"ListItem","position":2,"name":"29.04.08 - TPIR\/KAREMERA - KAREMERA, UN HOMME D\u2019OUVERTURE, SELON UN POLITICIEN BELGE"}]},{"@type":"WebSite","@id":"https:\/\/www.justiceinfo.net\/fr#website","url":"https:\/\/www.justiceinfo.net\/fr","name":"JusticeInfo.net","description":"La justice doit \u00eatre vue pour \u00eatre rendue","publisher":{"@id":"https:\/\/www.justiceinfo.net\/fr#organization"},"potentialAction":[{"@type":"SearchAction","target":{"@type":"EntryPoint","urlTemplate":"https:\/\/www.justiceinfo.net\/fr?s={search_term_string}"},"query-input":{"@type":"PropertyValueSpecification","valueRequired":true,"valueName":"search_term_string"}}],"inLanguage":"fr-FR"},{"@type":"Organization","@id":"https:\/\/www.justiceinfo.net\/fr#organization","name":"Justice Info","url":"https:\/\/www.justiceinfo.net\/fr","logo":{"@type":"ImageObject","inLanguage":"fr-FR","@id":"https:\/\/www.justiceinfo.net\/fr#\/schema\/logo\/image\/","url":"https:\/\/www.justiceinfo.net\/wp-content\/uploads\/justiceinfo_logo-trans_1200x1200px.png","contentUrl":"https:\/\/www.justiceinfo.net\/wp-content\/uploads\/justiceinfo_logo-trans_1200x1200px.png","width":1199,"height":1200,"caption":"Justice Info"},"image":{"@id":"https:\/\/www.justiceinfo.net\/fr#\/schema\/logo\/image\/"},"sameAs":["https:\/\/www.facebook.com\/JusticeInfo\/","https:\/\/x.com\/justiceinfonet","https:\/\/www.linkedin.com\/company\/justice-info","https:\/\/www.youtube.com\/channel\/UCyCEsARodyuWtkWyhn-e7pA"]},{"@type":"Person","name":"solivri","url":"\/fr\/?s=solivri"}]}},"_links":{"self":[{"href":"https:\/\/www.justiceinfo.net\/fr\/wp-json\/wp\/v2\/posts\/9241","targetHints":{"allow":["GET"]}}],"collection":[{"href":"https:\/\/www.justiceinfo.net\/fr\/wp-json\/wp\/v2\/posts"}],"about":[{"href":"https:\/\/www.justiceinfo.net\/fr\/wp-json\/wp\/v2\/types\/post"}],"author":[{"embeddable":true,"href":"https:\/\/www.justiceinfo.net\/fr\/wp-json\/wp\/v2\/users\/64"}],"replies":[{"embeddable":true,"href":"https:\/\/www.justiceinfo.net\/fr\/wp-json\/wp\/v2\/comments?post=9241"}],"version-history":[{"count":0,"href":"https:\/\/www.justiceinfo.net\/fr\/wp-json\/wp\/v2\/posts\/9241\/revisions"}],"wp:attachment":[{"href":"https:\/\/www.justiceinfo.net\/fr\/wp-json\/wp\/v2\/media?parent=9241"}],"wp:term":[{"taxonomy":"category","embeddable":true,"href":"https:\/\/www.justiceinfo.net\/fr\/wp-json\/wp\/v2\/categories?post=9241"},{"taxonomy":"post_tag","embeddable":true,"href":"https:\/\/www.justiceinfo.net\/fr\/wp-json\/wp\/v2\/tags?post=9241"},{"taxonomy":"ji_location","embeddable":true,"href":"https:\/\/www.justiceinfo.net\/fr\/wp-json\/wp\/v2\/ji_location?post=9241"}],"curies":[{"name":"wp","href":"https:\/\/api.w.org\/{rel}","templated":true}]}}