{"id":9243,"date":"2008-04-30T00:00:00","date_gmt":"2008-04-29T22:00:00","guid":{"rendered":"https:\/\/www.justiceinfo.net\/9243-300408-cpirdc-publication-dun-nouvel-acte-daccusation-devant-la-cour-penale-internationale6048.html"},"modified":"2008-04-30T00:00:00","modified_gmt":"2008-04-29T22:00:00","slug":"300408-cpirdc-publication-dun-nouvel-acte-daccusation-devant-la-cour-penale-internationale6048","status":"publish","type":"post","link":"https:\/\/www.justiceinfo.net\/fr\/9243-300408-cpirdc-publication-dun-nouvel-acte-daccusation-devant-la-cour-penale-internationale6048.html","title":{"rendered":"30.04.08 - CPI\/RDC - PUBLICATION D'UN NOUVEL ACTE D'ACCUSATION DEVANT LA COUR PENALE INTERNATIONALE"},"content":{"rendered":"<p>La Haye, 30 avril 2008 (FH) - La Cour p&eacute;nale internationale (CPI) a lev&eacute; les scell&eacute;s sur un mandat d&rsquo;arr&ecirc;t d&eacute;livr&eacute; en ao&ucirc;t 2006 contre Bosco Ntaganda, ancien chef d&rsquo;&eacute;tat-major adjoint de l&rsquo;Union des patriotes congolais (UPC), une milice de l&rsquo;Ituri, dans l&rsquo;est de la r&eacute;publique d&eacute;mocratique du Congo (RDC).<br \/>\n<!--more-->Le procureur, Luis Moreno Ocampo a, dans un communiqu&eacute;, appel&eacute; &laquo; les autorit&eacute;s nationales et acteurs concern&eacute;s &raquo; &agrave; coop&eacute;rer en vue de son arrestation et de sa remise &agrave; la Cour. Il ne cite pas explicitement la Mission des Nations unies au Congo (Monuc), mais cet acte d'accusation a &eacute;t&eacute; communiqu&eacute;, selon l'AFP le 22 aout 2006 aux responsables de l&rsquo;ONU &agrave; Kinshasa. Bosco Ntaganda, de son nom de guerre &laquo; Terminator &raquo;, est suspect&eacute; d&rsquo;avoir enr&ocirc;l&eacute; et entra&icirc;n&eacute; des enfants soldats en 2002 et 2003 en Ituri. <\/p>\n<p>Depuis, le suspect, qui serait d&rsquo;origine rwandaise, aurait rejoint les troupes de Laurent Nkunda dans le Kivu. Le chef du Congr&egrave;s national pour la d&eacute;fense du peuple congolais (CNDP), signataire de l&rsquo;accord de paix de Goma en janvier dernier, est lui aussi vis&eacute; par la Cour. <\/p>\n<p>Sept des mandats rendus publics &agrave; ce jour, qui concernent des responsables soudanais, ougandais et congolais, n&rsquo;ont toujours pas &eacute;t&eacute; ex&eacute;cut&eacute;s. Le nombre &eacute;lev&eacute; de fugitifs s&rsquo;explique par l&rsquo;absence de coop&eacute;ration des &eacute;tats dans l&rsquo;arrestation des suspects, car comme les tribunaux ad hoc, la CPI ne dispose pas de sa propre force de police, mais aussi par les choix arr&ecirc;t&eacute;s par le procureur. <\/p>\n<p>Selon plusieurs sources, ce dernier refuse de mettre sur pied une &laquo;tracking team &raquo;, comme l&rsquo;ont fait les tribunaux pour l&rsquo;ex-Yougoslavie et le Rwanda, et qui visait &agrave; localiser les accus&eacute;s pour emp&ecirc;cher les &eacute;tats r&eacute;calcitrants de se cacher derri&egrave;re l&rsquo;absence d&rsquo;informations sur les fugitifs. <\/p>\n<p>Pour la Cour, financ&eacute;e par les 108 &eacute;tats parties &agrave; son statut, la protection de ses t&eacute;moins repr&eacute;sente un co&ucirc;t important. Selon l&rsquo;un de ses rapports, en l'absence de proc&egrave;s, la protection des t&eacute;moins des crimes commis au Darfour, dont beaucoup sont r&eacute;fugi&eacute;s au Tchad, aurait d&eacute;ja co&ucirc;t&eacute; plus de 400 000 euros. <\/p>\n<p>Trois suspects, accus&eacute;s devant la CPI ont jusqu'&agrave; pr&eacute;sent &eacute;t&eacute; transf&eacute;r&eacute;s &agrave; La Haye &ndash; Thomas Lubanga, Germain Katanga et Mathieu Ngundjolo - mais ils ne sont vis&eacute;s que pour leur r&ocirc;le dans la conscription d&rsquo;enfants de moins de quinze ans dans leurs troupes. Le procureur ne les poursuit pas pour les massacres commis dans la r&eacute;gion. <\/p>\n<p>Un seul proc&egrave;s est sur le point de d&eacute;marrer : celui de l&rsquo;ex chef de l&rsquo;UPC, Thomas Lubanga, devrait s&rsquo;ouvrir le 23 juin, quatre ans apr&egrave;s l&rsquo;ouverture de l&rsquo;enqu&ecirc;te, mais selon des sources officieuses &agrave; La Haye le procureur n&rsquo;est pas pr&ecirc;t &agrave; pr&eacute;senter ses preuves. <\/p>\n<p>Les proc&eacute;dures devant la CPI sont notamment ralenties en raison du r&ocirc;le attribu&eacute; aux victimes, qui peuvent se porter parties civiles. <\/p>\n<p>En juillet prochain, le trait&eacute; de Rome, qui a abouti &agrave; la cr&eacute;ation de la Cour, f&ecirc;tera ses dix ans. <\/p>\n<p>SM\/PB\/GF<br \/>\n&copy; Agence Hirondelle<\/p>\n","protected":false},"excerpt":{"rendered":"<p>La Haye, 30 avril 2008 (FH) - La Cour p&eacute;nale internationale (CPI) a lev&eacute; les scell&eacute;s sur un mandat d&rsquo;arr&ecirc;t d&eacute;livr&eacute; en ao&ucirc;t 2006 contre Bosco Ntaganda, ancien chef d&rsquo;&eacute;tat-major adjoint de l&rsquo;Union des patriotes congolais (UPC), une milice de l&rsquo;Ituri, dans l&rsquo;est de la r&eacute;publique d&eacute;mocratique du Congo (RDC).<\/p>\n","protected":false},"author":64,"featured_media":0,"comment_status":"open","ping_status":"closed","sticky":false,"template":"","format":"standard","meta":{"_acf_changed":false,"footnotes":""},"categories":[554],"tags":[],"ji_location":[],"class_list":["post-9243","post","type-post","status-publish","format-standard","hentry","category-hirondellenews"],"acf":[],"yoast_head":"<!-- This site is optimized with the Yoast SEO Premium plugin v25.3.1 (Yoast SEO v25.3.1) - https:\/\/yoast.com\/wordpress\/plugins\/seo\/ -->\n<title>30.04.08 - CPI\/RDC - PUBLICATION D&#039;UN NOUVEL ACTE D&#039;ACCUSATION DEVANT LA COUR PENALE INTERNATIONALE - JusticeInfo.net<\/title>\n<meta name=\"robots\" content=\"index, follow, max-snippet:-1, max-image-preview:large, max-video-preview:-1\" \/>\n<link rel=\"canonical\" href=\"https:\/\/www.justiceinfo.net\/fr\/9243-300408-cpirdc-publication-dun-nouvel-acte-daccusation-devant-la-cour-penale-internationale6048.html\" \/>\n<meta property=\"og:locale\" content=\"fr_FR\" \/>\n<meta property=\"og:type\" content=\"article\" \/>\n<meta property=\"og:title\" content=\"30.04.08 - CPI\/RDC - PUBLICATION D&#039;UN NOUVEL ACTE D&#039;ACCUSATION DEVANT LA COUR PENALE INTERNATIONALE\" \/>\n<meta property=\"og:description\" content=\"La Haye, 30 avril 2008 (FH) - La Cour p&eacute;nale internationale (CPI) a lev&eacute; les scell&eacute;s sur un mandat d&rsquo;arr&ecirc;t d&eacute;livr&eacute; en ao&ucirc;t 2006 contre Bosco Ntaganda, ancien chef d&rsquo;&eacute;tat-major adjoint de l&rsquo;Union des patriotes congolais (UPC), une milice de l&rsquo;Ituri, dans l&rsquo;est de la r&eacute;publique d&eacute;mocratique du Congo (RDC).\" \/>\n<meta property=\"og:url\" content=\"https:\/\/www.justiceinfo.net\/fr\/9243-300408-cpirdc-publication-dun-nouvel-acte-daccusation-devant-la-cour-penale-internationale6048.html\" \/>\n<meta property=\"og:site_name\" content=\"JusticeInfo.net\" \/>\n<meta property=\"article:publisher\" content=\"https:\/\/www.facebook.com\/JusticeInfo\/\" \/>\n<meta property=\"article:published_time\" content=\"2008-04-29T22:00:00+00:00\" \/>\n<meta property=\"og:image\" content=\"https:\/\/www.justiceinfo.net\/wp-content\/uploads\/JusticeInfoNet_logo_1200x630px.jpg\" \/>\n\t<meta property=\"og:image:width\" content=\"1200\" \/>\n\t<meta property=\"og:image:height\" content=\"630\" \/>\n\t<meta property=\"og:image:type\" content=\"image\/jpeg\" \/>\n<meta name=\"author\" content=\"solivri\" \/>\n<meta name=\"twitter:card\" content=\"summary_large_image\" \/>\n<meta name=\"twitter:creator\" content=\"@justiceinfonet\" \/>\n<meta name=\"twitter:site\" content=\"@justiceinfonet\" \/>\n<meta name=\"twitter:label1\" content=\"\u00c9crit par\" \/>\n\t<meta name=\"twitter:data1\" content=\"solivri\" \/>\n\t<meta name=\"twitter:label2\" content=\"Dur\u00e9e de lecture estim\u00e9e\" \/>\n\t<meta name=\"twitter:data2\" content=\"3 minutes\" \/>\n<script type=\"application\/ld+json\" class=\"yoast-schema-graph\">{\"@context\":\"https:\/\/schema.org\",\"@graph\":[{\"@type\":\"NewsArticle\",\"@id\":\"https:\/\/www.justiceinfo.net\/fr\/9243-300408-cpirdc-publication-dun-nouvel-acte-daccusation-devant-la-cour-penale-internationale6048.html#article\",\"isPartOf\":{\"@id\":\"https:\/\/www.justiceinfo.net\/fr\/9243-300408-cpirdc-publication-dun-nouvel-acte-daccusation-devant-la-cour-penale-internationale6048.html\"},\"author\":{\"name\":\"solivri\",\"@id\":\"https:\/\/www.justiceinfo.net\/fr#\/schema\/person\/6e53cba1629e2e66f3fc1821d3091865\"},\"headline\":\"30.04.08 - CPI\/RDC - PUBLICATION D'UN NOUVEL ACTE D'ACCUSATION DEVANT LA COUR PENALE INTERNATIONALE\",\"datePublished\":\"2008-04-29T22:00:00+00:00\",\"mainEntityOfPage\":{\"@id\":\"https:\/\/www.justiceinfo.net\/fr\/9243-300408-cpirdc-publication-dun-nouvel-acte-daccusation-devant-la-cour-penale-internationale6048.html\"},\"wordCount\":679,\"commentCount\":0,\"publisher\":{\"@id\":\"https:\/\/www.justiceinfo.net\/fr#organization\"},\"articleSection\":[\"Hirondelle News\"],\"inLanguage\":\"fr-FR\",\"potentialAction\":[{\"@type\":\"CommentAction\",\"name\":\"Comment\",\"target\":[\"https:\/\/www.justiceinfo.net\/fr\/9243-300408-cpirdc-publication-dun-nouvel-acte-daccusation-devant-la-cour-penale-internationale6048.html#respond\"]}]},{\"@type\":\"WebPage\",\"@id\":\"https:\/\/www.justiceinfo.net\/fr\/9243-300408-cpirdc-publication-dun-nouvel-acte-daccusation-devant-la-cour-penale-internationale6048.html\",\"url\":\"https:\/\/www.justiceinfo.net\/fr\/9243-300408-cpirdc-publication-dun-nouvel-acte-daccusation-devant-la-cour-penale-internationale6048.html\",\"name\":\"30.04.08 - CPI\/RDC - PUBLICATION D'UN NOUVEL ACTE D'ACCUSATION DEVANT LA COUR PENALE INTERNATIONALE - JusticeInfo.net\",\"isPartOf\":{\"@id\":\"https:\/\/www.justiceinfo.net\/fr#website\"},\"datePublished\":\"2008-04-29T22:00:00+00:00\",\"breadcrumb\":{\"@id\":\"https:\/\/www.justiceinfo.net\/fr\/9243-300408-cpirdc-publication-dun-nouvel-acte-daccusation-devant-la-cour-penale-internationale6048.html#breadcrumb\"},\"inLanguage\":\"fr-FR\",\"potentialAction\":[{\"@type\":\"ReadAction\",\"target\":[\"https:\/\/www.justiceinfo.net\/fr\/9243-300408-cpirdc-publication-dun-nouvel-acte-daccusation-devant-la-cour-penale-internationale6048.html\"]}]},{\"@type\":\"BreadcrumbList\",\"@id\":\"https:\/\/www.justiceinfo.net\/fr\/9243-300408-cpirdc-publication-dun-nouvel-acte-daccusation-devant-la-cour-penale-internationale6048.html#breadcrumb\",\"itemListElement\":[{\"@type\":\"ListItem\",\"position\":1,\"name\":\"Home\",\"item\":\"https:\/\/www.justiceinfo.net\/fr\"},{\"@type\":\"ListItem\",\"position\":2,\"name\":\"30.04.08 - CPI\/RDC - PUBLICATION D'UN NOUVEL ACTE D'ACCUSATION DEVANT LA COUR PENALE INTERNATIONALE\"}]},{\"@type\":\"WebSite\",\"@id\":\"https:\/\/www.justiceinfo.net\/fr#website\",\"url\":\"https:\/\/www.justiceinfo.net\/fr\",\"name\":\"JusticeInfo.net\",\"description\":\"La justice doit \u00eatre vue pour \u00eatre rendue\",\"publisher\":{\"@id\":\"https:\/\/www.justiceinfo.net\/fr#organization\"},\"potentialAction\":[{\"@type\":\"SearchAction\",\"target\":{\"@type\":\"EntryPoint\",\"urlTemplate\":\"https:\/\/www.justiceinfo.net\/fr?s={search_term_string}\"},\"query-input\":{\"@type\":\"PropertyValueSpecification\",\"valueRequired\":true,\"valueName\":\"search_term_string\"}}],\"inLanguage\":\"fr-FR\"},{\"@type\":\"Organization\",\"@id\":\"https:\/\/www.justiceinfo.net\/fr#organization\",\"name\":\"Justice Info\",\"url\":\"https:\/\/www.justiceinfo.net\/fr\",\"logo\":{\"@type\":\"ImageObject\",\"inLanguage\":\"fr-FR\",\"@id\":\"https:\/\/www.justiceinfo.net\/fr#\/schema\/logo\/image\/\",\"url\":\"https:\/\/www.justiceinfo.net\/wp-content\/uploads\/justiceinfo_logo-trans_1200x1200px.png\",\"contentUrl\":\"https:\/\/www.justiceinfo.net\/wp-content\/uploads\/justiceinfo_logo-trans_1200x1200px.png\",\"width\":1199,\"height\":1200,\"caption\":\"Justice Info\"},\"image\":{\"@id\":\"https:\/\/www.justiceinfo.net\/fr#\/schema\/logo\/image\/\"},\"sameAs\":[\"https:\/\/www.facebook.com\/JusticeInfo\/\",\"https:\/\/x.com\/justiceinfonet\",\"https:\/\/www.linkedin.com\/company\/justice-info\",\"https:\/\/www.youtube.com\/channel\/UCyCEsARodyuWtkWyhn-e7pA\"]},{\"@type\":\"Person\",\"name\":\"solivri\",\"url\":\"\/fr\/?s=solivri\"}]}<\/script>\n<!-- \/ Yoast SEO Premium plugin. -->","yoast_head_json":{"title":"30.04.08 - CPI\/RDC - PUBLICATION D'UN NOUVEL ACTE D'ACCUSATION DEVANT LA COUR PENALE INTERNATIONALE - JusticeInfo.net","robots":{"index":"index","follow":"follow","max-snippet":"max-snippet:-1","max-image-preview":"max-image-preview:large","max-video-preview":"max-video-preview:-1"},"canonical":"https:\/\/www.justiceinfo.net\/fr\/9243-300408-cpirdc-publication-dun-nouvel-acte-daccusation-devant-la-cour-penale-internationale6048.html","og_locale":"fr_FR","og_type":"article","og_title":"30.04.08 - CPI\/RDC - PUBLICATION D'UN NOUVEL ACTE D'ACCUSATION DEVANT LA COUR PENALE INTERNATIONALE","og_description":"La Haye, 30 avril 2008 (FH) - La Cour p&eacute;nale internationale (CPI) a lev&eacute; les scell&eacute;s sur un mandat d&rsquo;arr&ecirc;t d&eacute;livr&eacute; en ao&ucirc;t 2006 contre Bosco Ntaganda, ancien chef d&rsquo;&eacute;tat-major adjoint de l&rsquo;Union des patriotes congolais (UPC), une milice de l&rsquo;Ituri, dans l&rsquo;est de la r&eacute;publique d&eacute;mocratique du Congo (RDC).","og_url":"https:\/\/www.justiceinfo.net\/fr\/9243-300408-cpirdc-publication-dun-nouvel-acte-daccusation-devant-la-cour-penale-internationale6048.html","og_site_name":"JusticeInfo.net","article_publisher":"https:\/\/www.facebook.com\/JusticeInfo\/","article_published_time":"2008-04-29T22:00:00+00:00","og_image":[{"width":1200,"height":630,"url":"https:\/\/www.justiceinfo.net\/wp-content\/uploads\/JusticeInfoNet_logo_1200x630px.jpg","type":"image\/jpeg"}],"author":"solivri","twitter_card":"summary_large_image","twitter_creator":"@justiceinfonet","twitter_site":"@justiceinfonet","twitter_misc":{"\u00c9crit par":"solivri","Dur\u00e9e de lecture estim\u00e9e":"3 minutes"},"schema":{"@context":"https:\/\/schema.org","@graph":[{"@type":"NewsArticle","@id":"https:\/\/www.justiceinfo.net\/fr\/9243-300408-cpirdc-publication-dun-nouvel-acte-daccusation-devant-la-cour-penale-internationale6048.html#article","isPartOf":{"@id":"https:\/\/www.justiceinfo.net\/fr\/9243-300408-cpirdc-publication-dun-nouvel-acte-daccusation-devant-la-cour-penale-internationale6048.html"},"author":{"name":"solivri","@id":"https:\/\/www.justiceinfo.net\/fr#\/schema\/person\/6e53cba1629e2e66f3fc1821d3091865"},"headline":"30.04.08 - CPI\/RDC - PUBLICATION D'UN NOUVEL ACTE D'ACCUSATION DEVANT LA COUR PENALE INTERNATIONALE","datePublished":"2008-04-29T22:00:00+00:00","mainEntityOfPage":{"@id":"https:\/\/www.justiceinfo.net\/fr\/9243-300408-cpirdc-publication-dun-nouvel-acte-daccusation-devant-la-cour-penale-internationale6048.html"},"wordCount":679,"commentCount":0,"publisher":{"@id":"https:\/\/www.justiceinfo.net\/fr#organization"},"articleSection":["Hirondelle News"],"inLanguage":"fr-FR","potentialAction":[{"@type":"CommentAction","name":"Comment","target":["https:\/\/www.justiceinfo.net\/fr\/9243-300408-cpirdc-publication-dun-nouvel-acte-daccusation-devant-la-cour-penale-internationale6048.html#respond"]}]},{"@type":"WebPage","@id":"https:\/\/www.justiceinfo.net\/fr\/9243-300408-cpirdc-publication-dun-nouvel-acte-daccusation-devant-la-cour-penale-internationale6048.html","url":"https:\/\/www.justiceinfo.net\/fr\/9243-300408-cpirdc-publication-dun-nouvel-acte-daccusation-devant-la-cour-penale-internationale6048.html","name":"30.04.08 - CPI\/RDC - PUBLICATION D'UN NOUVEL ACTE D'ACCUSATION DEVANT LA COUR PENALE INTERNATIONALE - JusticeInfo.net","isPartOf":{"@id":"https:\/\/www.justiceinfo.net\/fr#website"},"datePublished":"2008-04-29T22:00:00+00:00","breadcrumb":{"@id":"https:\/\/www.justiceinfo.net\/fr\/9243-300408-cpirdc-publication-dun-nouvel-acte-daccusation-devant-la-cour-penale-internationale6048.html#breadcrumb"},"inLanguage":"fr-FR","potentialAction":[{"@type":"ReadAction","target":["https:\/\/www.justiceinfo.net\/fr\/9243-300408-cpirdc-publication-dun-nouvel-acte-daccusation-devant-la-cour-penale-internationale6048.html"]}]},{"@type":"BreadcrumbList","@id":"https:\/\/www.justiceinfo.net\/fr\/9243-300408-cpirdc-publication-dun-nouvel-acte-daccusation-devant-la-cour-penale-internationale6048.html#breadcrumb","itemListElement":[{"@type":"ListItem","position":1,"name":"Home","item":"https:\/\/www.justiceinfo.net\/fr"},{"@type":"ListItem","position":2,"name":"30.04.08 - CPI\/RDC - PUBLICATION D'UN NOUVEL ACTE D'ACCUSATION DEVANT LA COUR PENALE INTERNATIONALE"}]},{"@type":"WebSite","@id":"https:\/\/www.justiceinfo.net\/fr#website","url":"https:\/\/www.justiceinfo.net\/fr","name":"JusticeInfo.net","description":"La justice doit \u00eatre vue pour \u00eatre rendue","publisher":{"@id":"https:\/\/www.justiceinfo.net\/fr#organization"},"potentialAction":[{"@type":"SearchAction","target":{"@type":"EntryPoint","urlTemplate":"https:\/\/www.justiceinfo.net\/fr?s={search_term_string}"},"query-input":{"@type":"PropertyValueSpecification","valueRequired":true,"valueName":"search_term_string"}}],"inLanguage":"fr-FR"},{"@type":"Organization","@id":"https:\/\/www.justiceinfo.net\/fr#organization","name":"Justice Info","url":"https:\/\/www.justiceinfo.net\/fr","logo":{"@type":"ImageObject","inLanguage":"fr-FR","@id":"https:\/\/www.justiceinfo.net\/fr#\/schema\/logo\/image\/","url":"https:\/\/www.justiceinfo.net\/wp-content\/uploads\/justiceinfo_logo-trans_1200x1200px.png","contentUrl":"https:\/\/www.justiceinfo.net\/wp-content\/uploads\/justiceinfo_logo-trans_1200x1200px.png","width":1199,"height":1200,"caption":"Justice Info"},"image":{"@id":"https:\/\/www.justiceinfo.net\/fr#\/schema\/logo\/image\/"},"sameAs":["https:\/\/www.facebook.com\/JusticeInfo\/","https:\/\/x.com\/justiceinfonet","https:\/\/www.linkedin.com\/company\/justice-info","https:\/\/www.youtube.com\/channel\/UCyCEsARodyuWtkWyhn-e7pA"]},{"@type":"Person","name":"solivri","url":"\/fr\/?s=solivri"}]}},"_links":{"self":[{"href":"https:\/\/www.justiceinfo.net\/fr\/wp-json\/wp\/v2\/posts\/9243","targetHints":{"allow":["GET"]}}],"collection":[{"href":"https:\/\/www.justiceinfo.net\/fr\/wp-json\/wp\/v2\/posts"}],"about":[{"href":"https:\/\/www.justiceinfo.net\/fr\/wp-json\/wp\/v2\/types\/post"}],"author":[{"embeddable":true,"href":"https:\/\/www.justiceinfo.net\/fr\/wp-json\/wp\/v2\/users\/64"}],"replies":[{"embeddable":true,"href":"https:\/\/www.justiceinfo.net\/fr\/wp-json\/wp\/v2\/comments?post=9243"}],"version-history":[{"count":0,"href":"https:\/\/www.justiceinfo.net\/fr\/wp-json\/wp\/v2\/posts\/9243\/revisions"}],"wp:attachment":[{"href":"https:\/\/www.justiceinfo.net\/fr\/wp-json\/wp\/v2\/media?parent=9243"}],"wp:term":[{"taxonomy":"category","embeddable":true,"href":"https:\/\/www.justiceinfo.net\/fr\/wp-json\/wp\/v2\/categories?post=9243"},{"taxonomy":"post_tag","embeddable":true,"href":"https:\/\/www.justiceinfo.net\/fr\/wp-json\/wp\/v2\/tags?post=9243"},{"taxonomy":"ji_location","embeddable":true,"href":"https:\/\/www.justiceinfo.net\/fr\/wp-json\/wp\/v2\/ji_location?post=9243"}],"curies":[{"name":"wp","href":"https:\/\/api.w.org\/{rel}","templated":true}]}}