{"id":9248,"date":"2008-04-30T00:00:00","date_gmt":"2008-04-29T22:00:00","guid":{"rendered":"https:\/\/www.justiceinfo.net\/9248-300408-burundijustice-le-burundi-tente-de-rompre-avec-lamnesie-generale-lors-dun-colloque6053.html"},"modified":"2008-04-30T00:00:00","modified_gmt":"2008-04-29T22:00:00","slug":"300408-burundijustice-le-burundi-tente-de-rompre-avec-lamnesie-generale-lors-dun-colloque6053","status":"publish","type":"post","link":"https:\/\/www.justiceinfo.net\/fr\/9248-300408-burundijustice-le-burundi-tente-de-rompre-avec-lamnesie-generale-lors-dun-colloque6053.html","title":{"rendered":"30.04.08 - BURUNDI\/JUSTICE - LE BURUNDI TENTE DE ROMPRE AVEC L'AMNESIE GENERALE LORS D'UN COLLOQUE"},"content":{"rendered":"<p>Bujumbura 30 avril 2008 (FH) - A l'initiative de l'organisation non gouvernementale Global Rights, les trois principales radios priv&eacute;es du Burundi ont d&eacute;cid&eacute; de revenir sur les &eacute;v&eacute;nements de 1972 et de mobiliser la soci&eacute;t&eacute; civile, les m&eacute;dias et les hommes politiques pour presser la mise en place des m&eacute;canismes de justice transitionnelle.<br \/>\n<!--more-->En ouvrant ce forum mardi soir, Jeannine Nahigombeye (Global Rights) a expliqu&eacute; : &quot;Le temps de la v&eacute;rit&eacute; &eacute;touff&eacute;e par le silence est r&eacute;volu (...) nous devons rompre avec la politique de l&rsquo;amn&eacute;sie g&eacute;n&eacute;rale&quot;. Les trois radios priv&eacute;es de la capitale RSF Bonesha, Isanganiro et Radio publique africaine retransmettent ces d&eacute;bats. <\/p>\n<p>Une vingtaine de personnes invit&eacute;e au forum ont discut&eacute; sur le th&egrave;me, &laquo; Comm&eacute;morer pour reconstruire &raquo;. Tous &agrave; l&rsquo;unanimit&eacute;, y compris les deux ex Chefs d&rsquo;Etat Pierre Buyoya et Domitien Ndayizeye ont reconnu que le Burundi conna&icirc;t des massacres persistants parce que la crise de 1972 reste taboue. &laquo; Personne ne peut le nier, si la situation de 1972 &eacute;tait r&eacute;gl&eacute;e, on aurait jamais connu les massacres de 1988, 1993, jusqu&rsquo;aujourd&rsquo;hui &raquo; a dit l'un d'entre eux . <\/p>\n<p>Selon des repr&eacute;sentants de la soci&eacute;t&eacute; civile, l&rsquo;absence d&rsquo;un pouvoir responsable et incapable de r&eacute;habiliter les victimes des massacres doit &ecirc;tre mis en cause. &quot;Nous avons un probl&egrave;me de volont&eacute; politique parce que parmi tous ceux qui nous ont gouvern&eacute; beaucoup ont &agrave; r&eacute;pondre de ces massacres &raquo;, a d&eacute;clar&eacute; Christophe Sebudandi de l&rsquo;OAG (Observatoire de l&rsquo;Action Gouvernementale). &laquo; Le Burundi a besoin d&rsquo;un leadership politique visionnaire, courageux et d&eacute;cid&eacute; &raquo; a rench&eacute;rit le professeur Joseph Ndayisaba, psychop&eacute;dagogue burundais. <\/p>\n<p>Chercher la v&eacute;rit&eacute; s&rsquo;impose en menant des investigations selon certaines personnes interrog&eacute;es par Hirondelle &agrave; Bujumbura. &laquo; La justice est indispensable pour &eacute;tablir les responsabilit&eacute;s et punir les coupables, afin de sortir de cette escalade de la violence &raquo; a martel&eacute; Dr Pie Masumbuko, membre du premier gouvernement du Burundi ind&eacute;pendant. <\/p>\n<p>Le Pr&eacute;sident Buyoya a fait savoir que des signes pr&eacute;sagent un mauvais avenir du pays si la situation ne s&rsquo;am&eacute;liore pas, &laquo; Il y a grand risque qu&rsquo;on replonge dans les massacres de 72 si la situation s&eacute;curitaire reste confuse &raquo;, a-t-il soulign&eacute;. <\/p>\n<p>L&rsquo;OAG a indiqu&eacute; que des enseignements &agrave; base ethnique sont propag&eacute;s dans le pays aujourd&rsquo;hui, lesquels enseignements ont &eacute;t&eacute; toujours l&rsquo;origine de violences au Burundi. <\/p>\n<p>Ce 29 avril, les burundais se sont rappel&eacute;s des massacres terribles du 29 avril 1972, commis par le r&eacute;gime Micombero et qui ont co&ucirc;t&eacute; la vie du dernier roi du Burundi, Charles Ndizeye, connu sous le nom dynastique de Ntare V. Plus de 300.000 personnes avaient alors &eacute;t&eacute; tu&eacute;es. <\/p>\n<p>EM\/PB\/GF<br \/>\n&copy; Agence Hirondelle<\/p>\n","protected":false},"excerpt":{"rendered":"<p>Bujumbura 30 avril 2008 (FH) - A l'initiative de l'organisation non gouvernementale Global Rights, les trois principales radios priv&eacute;es du Burundi ont d&eacute;cid&eacute; de revenir sur les &eacute;v&eacute;nements de 1972 et de mobiliser la soci&eacute;t&eacute; civile, les m&eacute;dias et les hommes politiques pour presser la mise en place des m&eacute;canismes de justice transitionnelle.<\/p>\n","protected":false},"author":64,"featured_media":0,"comment_status":"open","ping_status":"closed","sticky":false,"template":"","format":"standard","meta":{"_acf_changed":false,"footnotes":""},"categories":[554],"tags":[],"ji_location":[],"class_list":["post-9248","post","type-post","status-publish","format-standard","hentry","category-hirondellenews"],"acf":[],"yoast_head":"<!-- This site is optimized with the Yoast SEO Premium plugin v25.3.1 (Yoast SEO v25.3.1) - https:\/\/yoast.com\/wordpress\/plugins\/seo\/ -->\n<title>30.04.08 - BURUNDI\/JUSTICE - LE BURUNDI TENTE DE ROMPRE AVEC L&#039;AMNESIE GENERALE LORS D&#039;UN COLLOQUE - JusticeInfo.net<\/title>\n<meta name=\"robots\" content=\"index, follow, max-snippet:-1, max-image-preview:large, max-video-preview:-1\" \/>\n<link rel=\"canonical\" href=\"https:\/\/www.justiceinfo.net\/fr\/9248-300408-burundijustice-le-burundi-tente-de-rompre-avec-lamnesie-generale-lors-dun-colloque6053.html\" \/>\n<meta property=\"og:locale\" content=\"fr_FR\" \/>\n<meta property=\"og:type\" content=\"article\" \/>\n<meta property=\"og:title\" content=\"30.04.08 - BURUNDI\/JUSTICE - LE BURUNDI TENTE DE ROMPRE AVEC L&#039;AMNESIE GENERALE LORS D&#039;UN COLLOQUE\" \/>\n<meta property=\"og:description\" content=\"Bujumbura 30 avril 2008 (FH) - A l&#039;initiative de l&#039;organisation non gouvernementale Global Rights, les trois principales radios priv&eacute;es du Burundi ont d&eacute;cid&eacute; de revenir sur les &eacute;v&eacute;nements de 1972 et de mobiliser la soci&eacute;t&eacute; civile, les m&eacute;dias et les hommes politiques pour presser la mise en place des m&eacute;canismes de justice transitionnelle.\" \/>\n<meta property=\"og:url\" content=\"https:\/\/www.justiceinfo.net\/fr\/9248-300408-burundijustice-le-burundi-tente-de-rompre-avec-lamnesie-generale-lors-dun-colloque6053.html\" \/>\n<meta property=\"og:site_name\" content=\"JusticeInfo.net\" \/>\n<meta property=\"article:publisher\" content=\"https:\/\/www.facebook.com\/JusticeInfo\/\" \/>\n<meta property=\"article:published_time\" content=\"2008-04-29T22:00:00+00:00\" \/>\n<meta property=\"og:image\" content=\"https:\/\/www.justiceinfo.net\/wp-content\/uploads\/JusticeInfoNet_logo_1200x630px.jpg\" \/>\n\t<meta property=\"og:image:width\" content=\"1200\" \/>\n\t<meta property=\"og:image:height\" content=\"630\" \/>\n\t<meta property=\"og:image:type\" content=\"image\/jpeg\" \/>\n<meta name=\"author\" content=\"solivri\" \/>\n<meta name=\"twitter:card\" content=\"summary_large_image\" \/>\n<meta name=\"twitter:creator\" content=\"@justiceinfonet\" \/>\n<meta name=\"twitter:site\" content=\"@justiceinfonet\" \/>\n<meta name=\"twitter:label1\" content=\"\u00c9crit par\" \/>\n\t<meta name=\"twitter:data1\" content=\"solivri\" \/>\n\t<meta name=\"twitter:label2\" content=\"Dur\u00e9e de lecture estim\u00e9e\" \/>\n\t<meta name=\"twitter:data2\" content=\"3 minutes\" \/>\n<script type=\"application\/ld+json\" class=\"yoast-schema-graph\">{\"@context\":\"https:\/\/schema.org\",\"@graph\":[{\"@type\":\"NewsArticle\",\"@id\":\"https:\/\/www.justiceinfo.net\/fr\/9248-300408-burundijustice-le-burundi-tente-de-rompre-avec-lamnesie-generale-lors-dun-colloque6053.html#article\",\"isPartOf\":{\"@id\":\"https:\/\/www.justiceinfo.net\/fr\/9248-300408-burundijustice-le-burundi-tente-de-rompre-avec-lamnesie-generale-lors-dun-colloque6053.html\"},\"author\":{\"name\":\"solivri\",\"@id\":\"https:\/\/www.justiceinfo.net\/fr#\/schema\/person\/6e53cba1629e2e66f3fc1821d3091865\"},\"headline\":\"30.04.08 - BURUNDI\/JUSTICE - LE BURUNDI TENTE DE ROMPRE AVEC L'AMNESIE GENERALE LORS D'UN COLLOQUE\",\"datePublished\":\"2008-04-29T22:00:00+00:00\",\"mainEntityOfPage\":{\"@id\":\"https:\/\/www.justiceinfo.net\/fr\/9248-300408-burundijustice-le-burundi-tente-de-rompre-avec-lamnesie-generale-lors-dun-colloque6053.html\"},\"wordCount\":586,\"commentCount\":0,\"publisher\":{\"@id\":\"https:\/\/www.justiceinfo.net\/fr#organization\"},\"articleSection\":[\"Hirondelle News\"],\"inLanguage\":\"fr-FR\",\"potentialAction\":[{\"@type\":\"CommentAction\",\"name\":\"Comment\",\"target\":[\"https:\/\/www.justiceinfo.net\/fr\/9248-300408-burundijustice-le-burundi-tente-de-rompre-avec-lamnesie-generale-lors-dun-colloque6053.html#respond\"]}]},{\"@type\":\"WebPage\",\"@id\":\"https:\/\/www.justiceinfo.net\/fr\/9248-300408-burundijustice-le-burundi-tente-de-rompre-avec-lamnesie-generale-lors-dun-colloque6053.html\",\"url\":\"https:\/\/www.justiceinfo.net\/fr\/9248-300408-burundijustice-le-burundi-tente-de-rompre-avec-lamnesie-generale-lors-dun-colloque6053.html\",\"name\":\"30.04.08 - BURUNDI\/JUSTICE - LE BURUNDI TENTE DE ROMPRE AVEC L'AMNESIE GENERALE LORS D'UN COLLOQUE - JusticeInfo.net\",\"isPartOf\":{\"@id\":\"https:\/\/www.justiceinfo.net\/fr#website\"},\"datePublished\":\"2008-04-29T22:00:00+00:00\",\"breadcrumb\":{\"@id\":\"https:\/\/www.justiceinfo.net\/fr\/9248-300408-burundijustice-le-burundi-tente-de-rompre-avec-lamnesie-generale-lors-dun-colloque6053.html#breadcrumb\"},\"inLanguage\":\"fr-FR\",\"potentialAction\":[{\"@type\":\"ReadAction\",\"target\":[\"https:\/\/www.justiceinfo.net\/fr\/9248-300408-burundijustice-le-burundi-tente-de-rompre-avec-lamnesie-generale-lors-dun-colloque6053.html\"]}]},{\"@type\":\"BreadcrumbList\",\"@id\":\"https:\/\/www.justiceinfo.net\/fr\/9248-300408-burundijustice-le-burundi-tente-de-rompre-avec-lamnesie-generale-lors-dun-colloque6053.html#breadcrumb\",\"itemListElement\":[{\"@type\":\"ListItem\",\"position\":1,\"name\":\"Home\",\"item\":\"https:\/\/www.justiceinfo.net\/fr\"},{\"@type\":\"ListItem\",\"position\":2,\"name\":\"30.04.08 - BURUNDI\/JUSTICE - LE BURUNDI TENTE DE ROMPRE AVEC L'AMNESIE GENERALE LORS D'UN COLLOQUE\"}]},{\"@type\":\"WebSite\",\"@id\":\"https:\/\/www.justiceinfo.net\/fr#website\",\"url\":\"https:\/\/www.justiceinfo.net\/fr\",\"name\":\"JusticeInfo.net\",\"description\":\"La justice doit \u00eatre vue pour \u00eatre rendue\",\"publisher\":{\"@id\":\"https:\/\/www.justiceinfo.net\/fr#organization\"},\"potentialAction\":[{\"@type\":\"SearchAction\",\"target\":{\"@type\":\"EntryPoint\",\"urlTemplate\":\"https:\/\/www.justiceinfo.net\/fr?s={search_term_string}\"},\"query-input\":{\"@type\":\"PropertyValueSpecification\",\"valueRequired\":true,\"valueName\":\"search_term_string\"}}],\"inLanguage\":\"fr-FR\"},{\"@type\":\"Organization\",\"@id\":\"https:\/\/www.justiceinfo.net\/fr#organization\",\"name\":\"Justice Info\",\"url\":\"https:\/\/www.justiceinfo.net\/fr\",\"logo\":{\"@type\":\"ImageObject\",\"inLanguage\":\"fr-FR\",\"@id\":\"https:\/\/www.justiceinfo.net\/fr#\/schema\/logo\/image\/\",\"url\":\"https:\/\/www.justiceinfo.net\/wp-content\/uploads\/justiceinfo_logo-trans_1200x1200px.png\",\"contentUrl\":\"https:\/\/www.justiceinfo.net\/wp-content\/uploads\/justiceinfo_logo-trans_1200x1200px.png\",\"width\":1199,\"height\":1200,\"caption\":\"Justice Info\"},\"image\":{\"@id\":\"https:\/\/www.justiceinfo.net\/fr#\/schema\/logo\/image\/\"},\"sameAs\":[\"https:\/\/www.facebook.com\/JusticeInfo\/\",\"https:\/\/x.com\/justiceinfonet\",\"https:\/\/www.linkedin.com\/company\/justice-info\",\"https:\/\/www.youtube.com\/channel\/UCyCEsARodyuWtkWyhn-e7pA\"]},{\"@type\":\"Person\",\"name\":\"solivri\",\"url\":\"\/fr\/?s=solivri\"}]}<\/script>\n<!-- \/ Yoast SEO Premium plugin. -->","yoast_head_json":{"title":"30.04.08 - BURUNDI\/JUSTICE - LE BURUNDI TENTE DE ROMPRE AVEC L'AMNESIE GENERALE LORS D'UN COLLOQUE - JusticeInfo.net","robots":{"index":"index","follow":"follow","max-snippet":"max-snippet:-1","max-image-preview":"max-image-preview:large","max-video-preview":"max-video-preview:-1"},"canonical":"https:\/\/www.justiceinfo.net\/fr\/9248-300408-burundijustice-le-burundi-tente-de-rompre-avec-lamnesie-generale-lors-dun-colloque6053.html","og_locale":"fr_FR","og_type":"article","og_title":"30.04.08 - BURUNDI\/JUSTICE - LE BURUNDI TENTE DE ROMPRE AVEC L'AMNESIE GENERALE LORS D'UN COLLOQUE","og_description":"Bujumbura 30 avril 2008 (FH) - A l'initiative de l'organisation non gouvernementale Global Rights, les trois principales radios priv&eacute;es du Burundi ont d&eacute;cid&eacute; de revenir sur les &eacute;v&eacute;nements de 1972 et de mobiliser la soci&eacute;t&eacute; civile, les m&eacute;dias et les hommes politiques pour presser la mise en place des m&eacute;canismes de justice transitionnelle.","og_url":"https:\/\/www.justiceinfo.net\/fr\/9248-300408-burundijustice-le-burundi-tente-de-rompre-avec-lamnesie-generale-lors-dun-colloque6053.html","og_site_name":"JusticeInfo.net","article_publisher":"https:\/\/www.facebook.com\/JusticeInfo\/","article_published_time":"2008-04-29T22:00:00+00:00","og_image":[{"width":1200,"height":630,"url":"https:\/\/www.justiceinfo.net\/wp-content\/uploads\/JusticeInfoNet_logo_1200x630px.jpg","type":"image\/jpeg"}],"author":"solivri","twitter_card":"summary_large_image","twitter_creator":"@justiceinfonet","twitter_site":"@justiceinfonet","twitter_misc":{"\u00c9crit par":"solivri","Dur\u00e9e de lecture estim\u00e9e":"3 minutes"},"schema":{"@context":"https:\/\/schema.org","@graph":[{"@type":"NewsArticle","@id":"https:\/\/www.justiceinfo.net\/fr\/9248-300408-burundijustice-le-burundi-tente-de-rompre-avec-lamnesie-generale-lors-dun-colloque6053.html#article","isPartOf":{"@id":"https:\/\/www.justiceinfo.net\/fr\/9248-300408-burundijustice-le-burundi-tente-de-rompre-avec-lamnesie-generale-lors-dun-colloque6053.html"},"author":{"name":"solivri","@id":"https:\/\/www.justiceinfo.net\/fr#\/schema\/person\/6e53cba1629e2e66f3fc1821d3091865"},"headline":"30.04.08 - BURUNDI\/JUSTICE - LE BURUNDI TENTE DE ROMPRE AVEC L'AMNESIE GENERALE LORS D'UN COLLOQUE","datePublished":"2008-04-29T22:00:00+00:00","mainEntityOfPage":{"@id":"https:\/\/www.justiceinfo.net\/fr\/9248-300408-burundijustice-le-burundi-tente-de-rompre-avec-lamnesie-generale-lors-dun-colloque6053.html"},"wordCount":586,"commentCount":0,"publisher":{"@id":"https:\/\/www.justiceinfo.net\/fr#organization"},"articleSection":["Hirondelle News"],"inLanguage":"fr-FR","potentialAction":[{"@type":"CommentAction","name":"Comment","target":["https:\/\/www.justiceinfo.net\/fr\/9248-300408-burundijustice-le-burundi-tente-de-rompre-avec-lamnesie-generale-lors-dun-colloque6053.html#respond"]}]},{"@type":"WebPage","@id":"https:\/\/www.justiceinfo.net\/fr\/9248-300408-burundijustice-le-burundi-tente-de-rompre-avec-lamnesie-generale-lors-dun-colloque6053.html","url":"https:\/\/www.justiceinfo.net\/fr\/9248-300408-burundijustice-le-burundi-tente-de-rompre-avec-lamnesie-generale-lors-dun-colloque6053.html","name":"30.04.08 - BURUNDI\/JUSTICE - LE BURUNDI TENTE DE ROMPRE AVEC L'AMNESIE GENERALE LORS D'UN COLLOQUE - JusticeInfo.net","isPartOf":{"@id":"https:\/\/www.justiceinfo.net\/fr#website"},"datePublished":"2008-04-29T22:00:00+00:00","breadcrumb":{"@id":"https:\/\/www.justiceinfo.net\/fr\/9248-300408-burundijustice-le-burundi-tente-de-rompre-avec-lamnesie-generale-lors-dun-colloque6053.html#breadcrumb"},"inLanguage":"fr-FR","potentialAction":[{"@type":"ReadAction","target":["https:\/\/www.justiceinfo.net\/fr\/9248-300408-burundijustice-le-burundi-tente-de-rompre-avec-lamnesie-generale-lors-dun-colloque6053.html"]}]},{"@type":"BreadcrumbList","@id":"https:\/\/www.justiceinfo.net\/fr\/9248-300408-burundijustice-le-burundi-tente-de-rompre-avec-lamnesie-generale-lors-dun-colloque6053.html#breadcrumb","itemListElement":[{"@type":"ListItem","position":1,"name":"Home","item":"https:\/\/www.justiceinfo.net\/fr"},{"@type":"ListItem","position":2,"name":"30.04.08 - BURUNDI\/JUSTICE - LE BURUNDI TENTE DE ROMPRE AVEC L'AMNESIE GENERALE LORS D'UN COLLOQUE"}]},{"@type":"WebSite","@id":"https:\/\/www.justiceinfo.net\/fr#website","url":"https:\/\/www.justiceinfo.net\/fr","name":"JusticeInfo.net","description":"La justice doit \u00eatre vue pour \u00eatre rendue","publisher":{"@id":"https:\/\/www.justiceinfo.net\/fr#organization"},"potentialAction":[{"@type":"SearchAction","target":{"@type":"EntryPoint","urlTemplate":"https:\/\/www.justiceinfo.net\/fr?s={search_term_string}"},"query-input":{"@type":"PropertyValueSpecification","valueRequired":true,"valueName":"search_term_string"}}],"inLanguage":"fr-FR"},{"@type":"Organization","@id":"https:\/\/www.justiceinfo.net\/fr#organization","name":"Justice Info","url":"https:\/\/www.justiceinfo.net\/fr","logo":{"@type":"ImageObject","inLanguage":"fr-FR","@id":"https:\/\/www.justiceinfo.net\/fr#\/schema\/logo\/image\/","url":"https:\/\/www.justiceinfo.net\/wp-content\/uploads\/justiceinfo_logo-trans_1200x1200px.png","contentUrl":"https:\/\/www.justiceinfo.net\/wp-content\/uploads\/justiceinfo_logo-trans_1200x1200px.png","width":1199,"height":1200,"caption":"Justice Info"},"image":{"@id":"https:\/\/www.justiceinfo.net\/fr#\/schema\/logo\/image\/"},"sameAs":["https:\/\/www.facebook.com\/JusticeInfo\/","https:\/\/x.com\/justiceinfonet","https:\/\/www.linkedin.com\/company\/justice-info","https:\/\/www.youtube.com\/channel\/UCyCEsARodyuWtkWyhn-e7pA"]},{"@type":"Person","name":"solivri","url":"\/fr\/?s=solivri"}]}},"_links":{"self":[{"href":"https:\/\/www.justiceinfo.net\/fr\/wp-json\/wp\/v2\/posts\/9248","targetHints":{"allow":["GET"]}}],"collection":[{"href":"https:\/\/www.justiceinfo.net\/fr\/wp-json\/wp\/v2\/posts"}],"about":[{"href":"https:\/\/www.justiceinfo.net\/fr\/wp-json\/wp\/v2\/types\/post"}],"author":[{"embeddable":true,"href":"https:\/\/www.justiceinfo.net\/fr\/wp-json\/wp\/v2\/users\/64"}],"replies":[{"embeddable":true,"href":"https:\/\/www.justiceinfo.net\/fr\/wp-json\/wp\/v2\/comments?post=9248"}],"version-history":[{"count":0,"href":"https:\/\/www.justiceinfo.net\/fr\/wp-json\/wp\/v2\/posts\/9248\/revisions"}],"wp:attachment":[{"href":"https:\/\/www.justiceinfo.net\/fr\/wp-json\/wp\/v2\/media?parent=9248"}],"wp:term":[{"taxonomy":"category","embeddable":true,"href":"https:\/\/www.justiceinfo.net\/fr\/wp-json\/wp\/v2\/categories?post=9248"},{"taxonomy":"post_tag","embeddable":true,"href":"https:\/\/www.justiceinfo.net\/fr\/wp-json\/wp\/v2\/tags?post=9248"},{"taxonomy":"ji_location","embeddable":true,"href":"https:\/\/www.justiceinfo.net\/fr\/wp-json\/wp\/v2\/ji_location?post=9248"}],"curies":[{"name":"wp","href":"https:\/\/api.w.org\/{rel}","templated":true}]}}