{"id":9256,"date":"2008-05-02T00:00:00","date_gmt":"2008-05-01T22:00:00","guid":{"rendered":"https:\/\/www.justiceinfo.net\/9256-020508-tpirsynthese-un-proces-qui-va-enfin-demarrer-et-les-larmes-dune-epouse6062.html"},"modified":"2008-05-02T00:00:00","modified_gmt":"2008-05-01T22:00:00","slug":"020508-tpirsynthese-un-proces-qui-va-enfin-demarrer-et-les-larmes-dune-epouse6062","status":"publish","type":"post","link":"https:\/\/www.justiceinfo.net\/fr\/9256-020508-tpirsynthese-un-proces-qui-va-enfin-demarrer-et-les-larmes-dune-epouse6062.html","title":{"rendered":"02.05.08 - TPIR\/SYNTHESE - UN PROCES QUI VA ENFIN DEMARRER ET LES LARMES D\u2019UNE EPOUSE"},"content":{"rendered":"<p>Arusha, 2 mai 2008 (FH) - La semaine &eacute;coul&eacute;e au TPIR a vu notamment un nouveau report du Proc&egrave;s de Callixte Kalimanzira et le t&eacute;moignage &eacute;mouvant de la femme de Prosper Mugiraneza, l&rsquo;ancien ministre de la fonction publique.<br \/>\n<!--more-->Celui-ci pr&eacute;sente, depuis le 15 f&eacute;vrier, les arguments de sa d&eacute;fense et il a demand&eacute; &agrave; son &eacute;pouse de venir t&eacute;moigner. Incapable de contenir son &eacute;motion elle a fini son t&eacute;moignage en pleurs. Le procureur a pr&eacute;f&eacute;r&eacute; ne pas la contre-interroger. Selon la cour, pr&eacute;sid&eacute;e par Mme Khalida Rachid Khan, les arguments de la d&eacute;fense devront tous avoir &eacute;t&eacute; pr&eacute;sent&eacute;s d&rsquo;ici le 20 juin. <\/p>\n<p>\nPlusieurs fois report&eacute;, le proc&egrave;s de Callixte Kalimanzira, un ancien haut fonctionnaire rwandais accus&eacute; de g&eacute;nocide, commencera lundi prochain dans l&rsquo;apr&egrave;s midi et devrait se tenir en alternance avec celui dit &laquo;Karemera&raquo;, pr&eacute;sid&eacute; par le m&ecirc;me juge : Dennis Byron, pr&eacute;sident du tribunal. Ses assesseurs n&rsquo;ont pas encore &eacute;t&eacute; d&eacute;sign&eacute;s. Ce proc&egrave;s sera le premier &agrave; s&rsquo;ouvrir depuis juin 2007.\n<\/p>\n<p>\nDeux autres proc&egrave;s sont actuellement en cours. Karemera qui regroupe les responsables de l&rsquo;ancien parti unique. Le d&eacute;but de la pr&eacute;sentation des preuves de la d&eacute;fense d&eacute;marre lentement. Un belge, Alain de Brouwer ancien responsable de l&rsquo;internationale d&eacute;mocrate chretienne, intarissable sur les contacts entre son mouvement et le parti au pouvoir avant le g&eacute;nocide, est venu t&eacute;moigner pour Edouard Karemera, l&rsquo;ancien vice pr&eacute;sident du MRND.\n<\/p>\n<p>\nDans le proc&egrave;s Butare, qui a commenc&eacute; en juin 2001, Joseph Kanyabashi pr&eacute;sente sa d&eacute;fense essentuellement &agrave; huis clos. Sur une trentaine de t&eacute;moins annonc&eacute;s, une vingtaine sont d&eacute;j&agrave; venus. Le prochain accus&eacute; &agrave; pr&eacute;senter sa d&eacute;fense sera Elie Ndayambaje.\n<\/p>\n<p>\nPB\/ER\/GF\n<\/p>\n<p>\n&copy; Agence Hirondelle<\/p>\n","protected":false},"excerpt":{"rendered":"<p>Arusha, 2 mai 2008 (FH) - La semaine &eacute;coul&eacute;e au TPIR a vu notamment un nouveau report du Proc&egrave;s de Callixte Kalimanzira et le t&eacute;moignage &eacute;mouvant de la femme de Prosper Mugiraneza, l&rsquo;ancien ministre de la fonction publique.<\/p>\n","protected":false},"author":64,"featured_media":0,"comment_status":"open","ping_status":"closed","sticky":false,"template":"","format":"standard","meta":{"_acf_changed":false,"footnotes":""},"categories":[554],"tags":[],"ji_location":[],"class_list":["post-9256","post","type-post","status-publish","format-standard","hentry","category-hirondellenews"],"acf":[],"yoast_head":"<!-- This site is optimized with the Yoast SEO Premium plugin v25.3.1 (Yoast SEO v25.3.1) - https:\/\/yoast.com\/wordpress\/plugins\/seo\/ -->\n<title>02.05.08 - TPIR\/SYNTHESE - UN PROCES QUI VA ENFIN DEMARRER ET LES LARMES D\u2019UNE EPOUSE - JusticeInfo.net<\/title>\n<meta name=\"robots\" content=\"index, follow, max-snippet:-1, max-image-preview:large, max-video-preview:-1\" \/>\n<link rel=\"canonical\" href=\"https:\/\/www.justiceinfo.net\/fr\/9256-020508-tpirsynthese-un-proces-qui-va-enfin-demarrer-et-les-larmes-dune-epouse6062.html\" \/>\n<meta property=\"og:locale\" content=\"fr_FR\" \/>\n<meta property=\"og:type\" content=\"article\" \/>\n<meta property=\"og:title\" content=\"02.05.08 - TPIR\/SYNTHESE - UN PROCES QUI VA ENFIN DEMARRER ET LES LARMES D\u2019UNE EPOUSE\" \/>\n<meta property=\"og:description\" content=\"Arusha, 2 mai 2008 (FH) - La semaine &eacute;coul&eacute;e au TPIR a vu notamment un nouveau report du Proc&egrave;s de Callixte Kalimanzira et le t&eacute;moignage &eacute;mouvant de la femme de Prosper Mugiraneza, l&rsquo;ancien ministre de la fonction publique.\" \/>\n<meta property=\"og:url\" content=\"https:\/\/www.justiceinfo.net\/fr\/9256-020508-tpirsynthese-un-proces-qui-va-enfin-demarrer-et-les-larmes-dune-epouse6062.html\" \/>\n<meta property=\"og:site_name\" content=\"JusticeInfo.net\" \/>\n<meta property=\"article:publisher\" content=\"https:\/\/www.facebook.com\/JusticeInfo\/\" \/>\n<meta property=\"article:published_time\" content=\"2008-05-01T22:00:00+00:00\" \/>\n<meta property=\"og:image\" content=\"https:\/\/www.justiceinfo.net\/wp-content\/uploads\/JusticeInfoNet_logo_1200x630px.jpg\" \/>\n\t<meta property=\"og:image:width\" content=\"1200\" \/>\n\t<meta property=\"og:image:height\" content=\"630\" \/>\n\t<meta property=\"og:image:type\" content=\"image\/jpeg\" \/>\n<meta name=\"author\" content=\"solivri\" \/>\n<meta name=\"twitter:card\" content=\"summary_large_image\" \/>\n<meta name=\"twitter:creator\" content=\"@justiceinfonet\" \/>\n<meta name=\"twitter:site\" content=\"@justiceinfonet\" \/>\n<meta name=\"twitter:label1\" content=\"\u00c9crit par\" \/>\n\t<meta name=\"twitter:data1\" content=\"solivri\" \/>\n\t<meta name=\"twitter:label2\" content=\"Dur\u00e9e de lecture estim\u00e9e\" \/>\n\t<meta name=\"twitter:data2\" content=\"2 minutes\" \/>\n<script type=\"application\/ld+json\" class=\"yoast-schema-graph\">{\"@context\":\"https:\/\/schema.org\",\"@graph\":[{\"@type\":\"NewsArticle\",\"@id\":\"https:\/\/www.justiceinfo.net\/fr\/9256-020508-tpirsynthese-un-proces-qui-va-enfin-demarrer-et-les-larmes-dune-epouse6062.html#article\",\"isPartOf\":{\"@id\":\"https:\/\/www.justiceinfo.net\/fr\/9256-020508-tpirsynthese-un-proces-qui-va-enfin-demarrer-et-les-larmes-dune-epouse6062.html\"},\"author\":{\"name\":\"solivri\",\"@id\":\"https:\/\/www.justiceinfo.net\/fr#\/schema\/person\/6e53cba1629e2e66f3fc1821d3091865\"},\"headline\":\"02.05.08 - TPIR\/SYNTHESE - UN PROCES QUI VA ENFIN DEMARRER ET LES LARMES D\u2019UNE EPOUSE\",\"datePublished\":\"2008-05-01T22:00:00+00:00\",\"mainEntityOfPage\":{\"@id\":\"https:\/\/www.justiceinfo.net\/fr\/9256-020508-tpirsynthese-un-proces-qui-va-enfin-demarrer-et-les-larmes-dune-epouse6062.html\"},\"wordCount\":398,\"commentCount\":0,\"publisher\":{\"@id\":\"https:\/\/www.justiceinfo.net\/fr#organization\"},\"articleSection\":[\"Hirondelle News\"],\"inLanguage\":\"fr-FR\",\"potentialAction\":[{\"@type\":\"CommentAction\",\"name\":\"Comment\",\"target\":[\"https:\/\/www.justiceinfo.net\/fr\/9256-020508-tpirsynthese-un-proces-qui-va-enfin-demarrer-et-les-larmes-dune-epouse6062.html#respond\"]}]},{\"@type\":\"WebPage\",\"@id\":\"https:\/\/www.justiceinfo.net\/fr\/9256-020508-tpirsynthese-un-proces-qui-va-enfin-demarrer-et-les-larmes-dune-epouse6062.html\",\"url\":\"https:\/\/www.justiceinfo.net\/fr\/9256-020508-tpirsynthese-un-proces-qui-va-enfin-demarrer-et-les-larmes-dune-epouse6062.html\",\"name\":\"02.05.08 - TPIR\/SYNTHESE - UN PROCES QUI VA ENFIN DEMARRER ET LES LARMES D\u2019UNE EPOUSE - JusticeInfo.net\",\"isPartOf\":{\"@id\":\"https:\/\/www.justiceinfo.net\/fr#website\"},\"datePublished\":\"2008-05-01T22:00:00+00:00\",\"breadcrumb\":{\"@id\":\"https:\/\/www.justiceinfo.net\/fr\/9256-020508-tpirsynthese-un-proces-qui-va-enfin-demarrer-et-les-larmes-dune-epouse6062.html#breadcrumb\"},\"inLanguage\":\"fr-FR\",\"potentialAction\":[{\"@type\":\"ReadAction\",\"target\":[\"https:\/\/www.justiceinfo.net\/fr\/9256-020508-tpirsynthese-un-proces-qui-va-enfin-demarrer-et-les-larmes-dune-epouse6062.html\"]}]},{\"@type\":\"BreadcrumbList\",\"@id\":\"https:\/\/www.justiceinfo.net\/fr\/9256-020508-tpirsynthese-un-proces-qui-va-enfin-demarrer-et-les-larmes-dune-epouse6062.html#breadcrumb\",\"itemListElement\":[{\"@type\":\"ListItem\",\"position\":1,\"name\":\"Home\",\"item\":\"https:\/\/www.justiceinfo.net\/fr\"},{\"@type\":\"ListItem\",\"position\":2,\"name\":\"02.05.08 - TPIR\/SYNTHESE - UN PROCES QUI VA ENFIN DEMARRER ET LES LARMES D\u2019UNE EPOUSE\"}]},{\"@type\":\"WebSite\",\"@id\":\"https:\/\/www.justiceinfo.net\/fr#website\",\"url\":\"https:\/\/www.justiceinfo.net\/fr\",\"name\":\"JusticeInfo.net\",\"description\":\"La justice doit \u00eatre vue pour \u00eatre rendue\",\"publisher\":{\"@id\":\"https:\/\/www.justiceinfo.net\/fr#organization\"},\"potentialAction\":[{\"@type\":\"SearchAction\",\"target\":{\"@type\":\"EntryPoint\",\"urlTemplate\":\"https:\/\/www.justiceinfo.net\/fr?s={search_term_string}\"},\"query-input\":{\"@type\":\"PropertyValueSpecification\",\"valueRequired\":true,\"valueName\":\"search_term_string\"}}],\"inLanguage\":\"fr-FR\"},{\"@type\":\"Organization\",\"@id\":\"https:\/\/www.justiceinfo.net\/fr#organization\",\"name\":\"Justice Info\",\"url\":\"https:\/\/www.justiceinfo.net\/fr\",\"logo\":{\"@type\":\"ImageObject\",\"inLanguage\":\"fr-FR\",\"@id\":\"https:\/\/www.justiceinfo.net\/fr#\/schema\/logo\/image\/\",\"url\":\"https:\/\/www.justiceinfo.net\/wp-content\/uploads\/justiceinfo_logo-trans_1200x1200px.png\",\"contentUrl\":\"https:\/\/www.justiceinfo.net\/wp-content\/uploads\/justiceinfo_logo-trans_1200x1200px.png\",\"width\":1199,\"height\":1200,\"caption\":\"Justice Info\"},\"image\":{\"@id\":\"https:\/\/www.justiceinfo.net\/fr#\/schema\/logo\/image\/\"},\"sameAs\":[\"https:\/\/www.facebook.com\/JusticeInfo\/\",\"https:\/\/x.com\/justiceinfonet\",\"https:\/\/www.linkedin.com\/company\/justice-info\",\"https:\/\/www.youtube.com\/channel\/UCyCEsARodyuWtkWyhn-e7pA\"]},{\"@type\":\"Person\",\"name\":\"solivri\",\"url\":\"\/fr\/?s=solivri\"}]}<\/script>\n<!-- \/ Yoast SEO Premium plugin. -->","yoast_head_json":{"title":"02.05.08 - TPIR\/SYNTHESE - UN PROCES QUI VA ENFIN DEMARRER ET LES LARMES D\u2019UNE EPOUSE - JusticeInfo.net","robots":{"index":"index","follow":"follow","max-snippet":"max-snippet:-1","max-image-preview":"max-image-preview:large","max-video-preview":"max-video-preview:-1"},"canonical":"https:\/\/www.justiceinfo.net\/fr\/9256-020508-tpirsynthese-un-proces-qui-va-enfin-demarrer-et-les-larmes-dune-epouse6062.html","og_locale":"fr_FR","og_type":"article","og_title":"02.05.08 - TPIR\/SYNTHESE - UN PROCES QUI VA ENFIN DEMARRER ET LES LARMES D\u2019UNE EPOUSE","og_description":"Arusha, 2 mai 2008 (FH) - La semaine &eacute;coul&eacute;e au TPIR a vu notamment un nouveau report du Proc&egrave;s de Callixte Kalimanzira et le t&eacute;moignage &eacute;mouvant de la femme de Prosper Mugiraneza, l&rsquo;ancien ministre de la fonction publique.","og_url":"https:\/\/www.justiceinfo.net\/fr\/9256-020508-tpirsynthese-un-proces-qui-va-enfin-demarrer-et-les-larmes-dune-epouse6062.html","og_site_name":"JusticeInfo.net","article_publisher":"https:\/\/www.facebook.com\/JusticeInfo\/","article_published_time":"2008-05-01T22:00:00+00:00","og_image":[{"width":1200,"height":630,"url":"https:\/\/www.justiceinfo.net\/wp-content\/uploads\/JusticeInfoNet_logo_1200x630px.jpg","type":"image\/jpeg"}],"author":"solivri","twitter_card":"summary_large_image","twitter_creator":"@justiceinfonet","twitter_site":"@justiceinfonet","twitter_misc":{"\u00c9crit par":"solivri","Dur\u00e9e de lecture estim\u00e9e":"2 minutes"},"schema":{"@context":"https:\/\/schema.org","@graph":[{"@type":"NewsArticle","@id":"https:\/\/www.justiceinfo.net\/fr\/9256-020508-tpirsynthese-un-proces-qui-va-enfin-demarrer-et-les-larmes-dune-epouse6062.html#article","isPartOf":{"@id":"https:\/\/www.justiceinfo.net\/fr\/9256-020508-tpirsynthese-un-proces-qui-va-enfin-demarrer-et-les-larmes-dune-epouse6062.html"},"author":{"name":"solivri","@id":"https:\/\/www.justiceinfo.net\/fr#\/schema\/person\/6e53cba1629e2e66f3fc1821d3091865"},"headline":"02.05.08 - TPIR\/SYNTHESE - UN PROCES QUI VA ENFIN DEMARRER ET LES LARMES D\u2019UNE EPOUSE","datePublished":"2008-05-01T22:00:00+00:00","mainEntityOfPage":{"@id":"https:\/\/www.justiceinfo.net\/fr\/9256-020508-tpirsynthese-un-proces-qui-va-enfin-demarrer-et-les-larmes-dune-epouse6062.html"},"wordCount":398,"commentCount":0,"publisher":{"@id":"https:\/\/www.justiceinfo.net\/fr#organization"},"articleSection":["Hirondelle News"],"inLanguage":"fr-FR","potentialAction":[{"@type":"CommentAction","name":"Comment","target":["https:\/\/www.justiceinfo.net\/fr\/9256-020508-tpirsynthese-un-proces-qui-va-enfin-demarrer-et-les-larmes-dune-epouse6062.html#respond"]}]},{"@type":"WebPage","@id":"https:\/\/www.justiceinfo.net\/fr\/9256-020508-tpirsynthese-un-proces-qui-va-enfin-demarrer-et-les-larmes-dune-epouse6062.html","url":"https:\/\/www.justiceinfo.net\/fr\/9256-020508-tpirsynthese-un-proces-qui-va-enfin-demarrer-et-les-larmes-dune-epouse6062.html","name":"02.05.08 - TPIR\/SYNTHESE - UN PROCES QUI VA ENFIN DEMARRER ET LES LARMES D\u2019UNE EPOUSE - JusticeInfo.net","isPartOf":{"@id":"https:\/\/www.justiceinfo.net\/fr#website"},"datePublished":"2008-05-01T22:00:00+00:00","breadcrumb":{"@id":"https:\/\/www.justiceinfo.net\/fr\/9256-020508-tpirsynthese-un-proces-qui-va-enfin-demarrer-et-les-larmes-dune-epouse6062.html#breadcrumb"},"inLanguage":"fr-FR","potentialAction":[{"@type":"ReadAction","target":["https:\/\/www.justiceinfo.net\/fr\/9256-020508-tpirsynthese-un-proces-qui-va-enfin-demarrer-et-les-larmes-dune-epouse6062.html"]}]},{"@type":"BreadcrumbList","@id":"https:\/\/www.justiceinfo.net\/fr\/9256-020508-tpirsynthese-un-proces-qui-va-enfin-demarrer-et-les-larmes-dune-epouse6062.html#breadcrumb","itemListElement":[{"@type":"ListItem","position":1,"name":"Home","item":"https:\/\/www.justiceinfo.net\/fr"},{"@type":"ListItem","position":2,"name":"02.05.08 - TPIR\/SYNTHESE - UN PROCES QUI VA ENFIN DEMARRER ET LES LARMES D\u2019UNE EPOUSE"}]},{"@type":"WebSite","@id":"https:\/\/www.justiceinfo.net\/fr#website","url":"https:\/\/www.justiceinfo.net\/fr","name":"JusticeInfo.net","description":"La justice doit \u00eatre vue pour \u00eatre rendue","publisher":{"@id":"https:\/\/www.justiceinfo.net\/fr#organization"},"potentialAction":[{"@type":"SearchAction","target":{"@type":"EntryPoint","urlTemplate":"https:\/\/www.justiceinfo.net\/fr?s={search_term_string}"},"query-input":{"@type":"PropertyValueSpecification","valueRequired":true,"valueName":"search_term_string"}}],"inLanguage":"fr-FR"},{"@type":"Organization","@id":"https:\/\/www.justiceinfo.net\/fr#organization","name":"Justice Info","url":"https:\/\/www.justiceinfo.net\/fr","logo":{"@type":"ImageObject","inLanguage":"fr-FR","@id":"https:\/\/www.justiceinfo.net\/fr#\/schema\/logo\/image\/","url":"https:\/\/www.justiceinfo.net\/wp-content\/uploads\/justiceinfo_logo-trans_1200x1200px.png","contentUrl":"https:\/\/www.justiceinfo.net\/wp-content\/uploads\/justiceinfo_logo-trans_1200x1200px.png","width":1199,"height":1200,"caption":"Justice Info"},"image":{"@id":"https:\/\/www.justiceinfo.net\/fr#\/schema\/logo\/image\/"},"sameAs":["https:\/\/www.facebook.com\/JusticeInfo\/","https:\/\/x.com\/justiceinfonet","https:\/\/www.linkedin.com\/company\/justice-info","https:\/\/www.youtube.com\/channel\/UCyCEsARodyuWtkWyhn-e7pA"]},{"@type":"Person","name":"solivri","url":"\/fr\/?s=solivri"}]}},"_links":{"self":[{"href":"https:\/\/www.justiceinfo.net\/fr\/wp-json\/wp\/v2\/posts\/9256","targetHints":{"allow":["GET"]}}],"collection":[{"href":"https:\/\/www.justiceinfo.net\/fr\/wp-json\/wp\/v2\/posts"}],"about":[{"href":"https:\/\/www.justiceinfo.net\/fr\/wp-json\/wp\/v2\/types\/post"}],"author":[{"embeddable":true,"href":"https:\/\/www.justiceinfo.net\/fr\/wp-json\/wp\/v2\/users\/64"}],"replies":[{"embeddable":true,"href":"https:\/\/www.justiceinfo.net\/fr\/wp-json\/wp\/v2\/comments?post=9256"}],"version-history":[{"count":0,"href":"https:\/\/www.justiceinfo.net\/fr\/wp-json\/wp\/v2\/posts\/9256\/revisions"}],"wp:attachment":[{"href":"https:\/\/www.justiceinfo.net\/fr\/wp-json\/wp\/v2\/media?parent=9256"}],"wp:term":[{"taxonomy":"category","embeddable":true,"href":"https:\/\/www.justiceinfo.net\/fr\/wp-json\/wp\/v2\/categories?post=9256"},{"taxonomy":"post_tag","embeddable":true,"href":"https:\/\/www.justiceinfo.net\/fr\/wp-json\/wp\/v2\/tags?post=9256"},{"taxonomy":"ji_location","embeddable":true,"href":"https:\/\/www.justiceinfo.net\/fr\/wp-json\/wp\/v2\/ji_location?post=9256"}],"curies":[{"name":"wp","href":"https:\/\/api.w.org\/{rel}","templated":true}]}}