{"id":9258,"date":"2008-05-05T00:00:00","date_gmt":"2008-05-04T22:00:00","guid":{"rendered":"https:\/\/www.justiceinfo.net\/9258-050508-burundijustice-le-petit-seminaire-de-buta-voudrait-la-justice-pour-ses-martyrs6064.html"},"modified":"2008-05-05T00:00:00","modified_gmt":"2008-05-04T22:00:00","slug":"050508-burundijustice-le-petit-seminaire-de-buta-voudrait-la-justice-pour-ses-martyrs6064","status":"publish","type":"post","link":"https:\/\/www.justiceinfo.net\/fr\/9258-050508-burundijustice-le-petit-seminaire-de-buta-voudrait-la-justice-pour-ses-martyrs6064.html","title":{"rendered":"05.05.08 - BURUNDI\/JUSTICE - LE PETIT SEMINAIRE DE BUTA VOUDRAIT LA JUSTICE POUR SES MARTYRS"},"content":{"rendered":"<p>Bujumbura, 5 mai 2008 (FH) - Le petit s&eacute;minaire de Buta, au sud du Burundi, a comm&eacute;mor&eacute; dimanche le 11&egrave;me anniversaire du massacre des &eacute;l&egrave;ves de cette &eacute;cole, qui avaient refus&eacute; de se s&eacute;parer sur une base ethnique.<br \/>\n<!--more-->Le 30 avril 1997, des rebelles du CNDD-FDD, aujourdhui au pouvoir &agrave; Bujumbura, avaient fait irruption dans ce s&eacute;minaire et tu&eacute; 41 &eacute;l&egrave;ves qui se trouvaient dans leurs dortoirs. Ils avaient demand&eacute; aux s&eacute;minaristes de se s&eacute;parer sur base ethnique voulant tuer les seuls tutsi mais devant leur refus ils avaient fusill&eacute; tout le monde. Les corps de ces &quot;martyrs de la fraternit&eacute;&quot; avaient &eacute;t&eacute; enterr&eacute;s dans l'enceinte de l'&eacute;cole. Depuis, les s&eacute;minaristes, les amis et les familles des victimes se rappellent de cette date en se recueillant devant les tombes des disparus dans les enceintes de l&rsquo;&eacute;cole. <\/p>\n<p>A l&rsquo;occasion de la comm&eacute;moration de ce 11&egrave;me anniversaire, l&rsquo;ancien Recteur du petit s&eacute;minaire de Buta lui m&ecirc;me rescap&eacute;, l'abb&eacute; Zacharie Bukuru, a regrett&eacute; l&rsquo;indiff&eacute;rence de la justice burundaise malgr&eacute; la plainte de l&rsquo;&eacute;cole. &laquo; On a port&eacute; plainte depuis longtemps, mais la justice ne bouge pas, il n&rsquo;y a pas eu de suite &raquo; a-t-il dit. &laquo; Il est important que les auteurs de ce crime soient jug&eacute;s et punis. Il faut qu&rsquo;ils reconnaissent leur sale besogne (&hellip;) &raquo;, a ajout&eacute; l&rsquo;ex Recteur de l&rsquo;&eacute;cole. &laquo; Si il n&rsquo;y a pas de justice, il n&rsquo;y aura pas la paix, c&rsquo;est clair. (...) Sans la paix, la pauvret&eacute; va nous enfoncer davantage, et le Burundi ne sortira jamais de l&rsquo;auberge sans la vraie justice &raquo; a-t-il ajout&eacute;. Enfin, l'abb&eacute; Bukuru a appel&eacute; les burundais &agrave; exiger la justice en leur qualit&eacute; de parents et d&rsquo;&eacute;ducateurs. &laquo; En tant que parent, &eacute;ducateur, les burundais devraient se remettre &agrave; la raison pour chercher la paix en exigeant la justice. La justice n&rsquo;a pas encore fonctionn&eacute; dans notre pays &raquo; a-t-il conclu. <\/p>\n<p>A l&rsquo;&eacute;poque des faits, le porte-parole de ce mouvement arm&eacute; aujourd&rsquo;hui au pouvoir, J&eacute;r&ocirc;me Ndiho, avait revendiqu&eacute; cette attaque sur une station internationale, mais avait affirm&eacute; qu'ils avaient tu&eacute; des &eacute;tudiants qui effectuaient leur service militaire obligatoire. <\/p>\n<p>EM\/PB\/GF<br \/>\n&copy; Agence Hirondelle<\/p>\n","protected":false},"excerpt":{"rendered":"<p>Bujumbura, 5 mai 2008 (FH) - Le petit s&eacute;minaire de Buta, au sud du Burundi, a comm&eacute;mor&eacute; dimanche le 11&egrave;me anniversaire du massacre des &eacute;l&egrave;ves de cette &eacute;cole, qui avaient refus&eacute; de se s&eacute;parer sur une base ethnique.<\/p>\n","protected":false},"author":64,"featured_media":0,"comment_status":"open","ping_status":"closed","sticky":false,"template":"","format":"standard","meta":{"_acf_changed":false,"footnotes":""},"categories":[554],"tags":[],"ji_location":[],"class_list":["post-9258","post","type-post","status-publish","format-standard","hentry","category-hirondellenews"],"acf":[],"yoast_head":"<!-- This site is optimized with the Yoast SEO Premium plugin v25.3.1 (Yoast SEO v25.3.1) - https:\/\/yoast.com\/wordpress\/plugins\/seo\/ -->\n<title>05.05.08 - BURUNDI\/JUSTICE - LE PETIT SEMINAIRE DE BUTA VOUDRAIT LA JUSTICE POUR SES MARTYRS - JusticeInfo.net<\/title>\n<meta name=\"robots\" content=\"index, follow, max-snippet:-1, max-image-preview:large, max-video-preview:-1\" \/>\n<link rel=\"canonical\" href=\"https:\/\/www.justiceinfo.net\/fr\/9258-050508-burundijustice-le-petit-seminaire-de-buta-voudrait-la-justice-pour-ses-martyrs6064.html\" \/>\n<meta property=\"og:locale\" content=\"fr_FR\" \/>\n<meta property=\"og:type\" content=\"article\" \/>\n<meta property=\"og:title\" content=\"05.05.08 - BURUNDI\/JUSTICE - LE PETIT SEMINAIRE DE BUTA VOUDRAIT LA JUSTICE POUR SES MARTYRS\" \/>\n<meta property=\"og:description\" content=\"Bujumbura, 5 mai 2008 (FH) - Le petit s&eacute;minaire de Buta, au sud du Burundi, a comm&eacute;mor&eacute; dimanche le 11&egrave;me anniversaire du massacre des &eacute;l&egrave;ves de cette &eacute;cole, qui avaient refus&eacute; de se s&eacute;parer sur une base ethnique.\" \/>\n<meta property=\"og:url\" content=\"https:\/\/www.justiceinfo.net\/fr\/9258-050508-burundijustice-le-petit-seminaire-de-buta-voudrait-la-justice-pour-ses-martyrs6064.html\" \/>\n<meta property=\"og:site_name\" content=\"JusticeInfo.net\" \/>\n<meta property=\"article:publisher\" content=\"https:\/\/www.facebook.com\/JusticeInfo\/\" \/>\n<meta property=\"article:published_time\" content=\"2008-05-04T22:00:00+00:00\" \/>\n<meta property=\"og:image\" content=\"https:\/\/www.justiceinfo.net\/wp-content\/uploads\/JusticeInfoNet_logo_1200x630px.jpg\" \/>\n\t<meta property=\"og:image:width\" content=\"1200\" \/>\n\t<meta property=\"og:image:height\" content=\"630\" \/>\n\t<meta property=\"og:image:type\" content=\"image\/jpeg\" \/>\n<meta name=\"author\" content=\"solivri\" \/>\n<meta name=\"twitter:card\" content=\"summary_large_image\" \/>\n<meta name=\"twitter:creator\" content=\"@justiceinfonet\" \/>\n<meta name=\"twitter:site\" content=\"@justiceinfonet\" \/>\n<meta name=\"twitter:label1\" content=\"\u00c9crit par\" \/>\n\t<meta name=\"twitter:data1\" content=\"solivri\" \/>\n\t<meta name=\"twitter:label2\" content=\"Dur\u00e9e de lecture estim\u00e9e\" \/>\n\t<meta name=\"twitter:data2\" content=\"2 minutes\" \/>\n<script type=\"application\/ld+json\" class=\"yoast-schema-graph\">{\"@context\":\"https:\/\/schema.org\",\"@graph\":[{\"@type\":\"NewsArticle\",\"@id\":\"https:\/\/www.justiceinfo.net\/fr\/9258-050508-burundijustice-le-petit-seminaire-de-buta-voudrait-la-justice-pour-ses-martyrs6064.html#article\",\"isPartOf\":{\"@id\":\"https:\/\/www.justiceinfo.net\/fr\/9258-050508-burundijustice-le-petit-seminaire-de-buta-voudrait-la-justice-pour-ses-martyrs6064.html\"},\"author\":{\"name\":\"solivri\",\"@id\":\"https:\/\/www.justiceinfo.net\/fr#\/schema\/person\/6e53cba1629e2e66f3fc1821d3091865\"},\"headline\":\"05.05.08 - BURUNDI\/JUSTICE - LE PETIT SEMINAIRE DE BUTA VOUDRAIT LA JUSTICE POUR SES MARTYRS\",\"datePublished\":\"2008-05-04T22:00:00+00:00\",\"mainEntityOfPage\":{\"@id\":\"https:\/\/www.justiceinfo.net\/fr\/9258-050508-burundijustice-le-petit-seminaire-de-buta-voudrait-la-justice-pour-ses-martyrs6064.html\"},\"wordCount\":479,\"commentCount\":0,\"publisher\":{\"@id\":\"https:\/\/www.justiceinfo.net\/fr#organization\"},\"articleSection\":[\"Hirondelle News\"],\"inLanguage\":\"fr-FR\",\"potentialAction\":[{\"@type\":\"CommentAction\",\"name\":\"Comment\",\"target\":[\"https:\/\/www.justiceinfo.net\/fr\/9258-050508-burundijustice-le-petit-seminaire-de-buta-voudrait-la-justice-pour-ses-martyrs6064.html#respond\"]}]},{\"@type\":\"WebPage\",\"@id\":\"https:\/\/www.justiceinfo.net\/fr\/9258-050508-burundijustice-le-petit-seminaire-de-buta-voudrait-la-justice-pour-ses-martyrs6064.html\",\"url\":\"https:\/\/www.justiceinfo.net\/fr\/9258-050508-burundijustice-le-petit-seminaire-de-buta-voudrait-la-justice-pour-ses-martyrs6064.html\",\"name\":\"05.05.08 - BURUNDI\/JUSTICE - LE PETIT SEMINAIRE DE BUTA VOUDRAIT LA JUSTICE POUR SES MARTYRS - JusticeInfo.net\",\"isPartOf\":{\"@id\":\"https:\/\/www.justiceinfo.net\/fr#website\"},\"datePublished\":\"2008-05-04T22:00:00+00:00\",\"breadcrumb\":{\"@id\":\"https:\/\/www.justiceinfo.net\/fr\/9258-050508-burundijustice-le-petit-seminaire-de-buta-voudrait-la-justice-pour-ses-martyrs6064.html#breadcrumb\"},\"inLanguage\":\"fr-FR\",\"potentialAction\":[{\"@type\":\"ReadAction\",\"target\":[\"https:\/\/www.justiceinfo.net\/fr\/9258-050508-burundijustice-le-petit-seminaire-de-buta-voudrait-la-justice-pour-ses-martyrs6064.html\"]}]},{\"@type\":\"BreadcrumbList\",\"@id\":\"https:\/\/www.justiceinfo.net\/fr\/9258-050508-burundijustice-le-petit-seminaire-de-buta-voudrait-la-justice-pour-ses-martyrs6064.html#breadcrumb\",\"itemListElement\":[{\"@type\":\"ListItem\",\"position\":1,\"name\":\"Home\",\"item\":\"https:\/\/www.justiceinfo.net\/fr\"},{\"@type\":\"ListItem\",\"position\":2,\"name\":\"05.05.08 - BURUNDI\/JUSTICE - LE PETIT SEMINAIRE DE BUTA VOUDRAIT LA JUSTICE POUR SES MARTYRS\"}]},{\"@type\":\"WebSite\",\"@id\":\"https:\/\/www.justiceinfo.net\/fr#website\",\"url\":\"https:\/\/www.justiceinfo.net\/fr\",\"name\":\"JusticeInfo.net\",\"description\":\"La justice doit \u00eatre vue pour \u00eatre rendue\",\"publisher\":{\"@id\":\"https:\/\/www.justiceinfo.net\/fr#organization\"},\"potentialAction\":[{\"@type\":\"SearchAction\",\"target\":{\"@type\":\"EntryPoint\",\"urlTemplate\":\"https:\/\/www.justiceinfo.net\/fr?s={search_term_string}\"},\"query-input\":{\"@type\":\"PropertyValueSpecification\",\"valueRequired\":true,\"valueName\":\"search_term_string\"}}],\"inLanguage\":\"fr-FR\"},{\"@type\":\"Organization\",\"@id\":\"https:\/\/www.justiceinfo.net\/fr#organization\",\"name\":\"Justice Info\",\"url\":\"https:\/\/www.justiceinfo.net\/fr\",\"logo\":{\"@type\":\"ImageObject\",\"inLanguage\":\"fr-FR\",\"@id\":\"https:\/\/www.justiceinfo.net\/fr#\/schema\/logo\/image\/\",\"url\":\"https:\/\/www.justiceinfo.net\/wp-content\/uploads\/justiceinfo_logo-trans_1200x1200px.png\",\"contentUrl\":\"https:\/\/www.justiceinfo.net\/wp-content\/uploads\/justiceinfo_logo-trans_1200x1200px.png\",\"width\":1199,\"height\":1200,\"caption\":\"Justice Info\"},\"image\":{\"@id\":\"https:\/\/www.justiceinfo.net\/fr#\/schema\/logo\/image\/\"},\"sameAs\":[\"https:\/\/www.facebook.com\/JusticeInfo\/\",\"https:\/\/x.com\/justiceinfonet\",\"https:\/\/www.linkedin.com\/company\/justice-info\",\"https:\/\/www.youtube.com\/channel\/UCyCEsARodyuWtkWyhn-e7pA\"]},{\"@type\":\"Person\",\"name\":\"solivri\",\"url\":\"\/fr\/?s=solivri\"}]}<\/script>\n<!-- \/ Yoast SEO Premium plugin. -->","yoast_head_json":{"title":"05.05.08 - BURUNDI\/JUSTICE - LE PETIT SEMINAIRE DE BUTA VOUDRAIT LA JUSTICE POUR SES MARTYRS - JusticeInfo.net","robots":{"index":"index","follow":"follow","max-snippet":"max-snippet:-1","max-image-preview":"max-image-preview:large","max-video-preview":"max-video-preview:-1"},"canonical":"https:\/\/www.justiceinfo.net\/fr\/9258-050508-burundijustice-le-petit-seminaire-de-buta-voudrait-la-justice-pour-ses-martyrs6064.html","og_locale":"fr_FR","og_type":"article","og_title":"05.05.08 - BURUNDI\/JUSTICE - LE PETIT SEMINAIRE DE BUTA VOUDRAIT LA JUSTICE POUR SES MARTYRS","og_description":"Bujumbura, 5 mai 2008 (FH) - Le petit s&eacute;minaire de Buta, au sud du Burundi, a comm&eacute;mor&eacute; dimanche le 11&egrave;me anniversaire du massacre des &eacute;l&egrave;ves de cette &eacute;cole, qui avaient refus&eacute; de se s&eacute;parer sur une base ethnique.","og_url":"https:\/\/www.justiceinfo.net\/fr\/9258-050508-burundijustice-le-petit-seminaire-de-buta-voudrait-la-justice-pour-ses-martyrs6064.html","og_site_name":"JusticeInfo.net","article_publisher":"https:\/\/www.facebook.com\/JusticeInfo\/","article_published_time":"2008-05-04T22:00:00+00:00","og_image":[{"width":1200,"height":630,"url":"https:\/\/www.justiceinfo.net\/wp-content\/uploads\/JusticeInfoNet_logo_1200x630px.jpg","type":"image\/jpeg"}],"author":"solivri","twitter_card":"summary_large_image","twitter_creator":"@justiceinfonet","twitter_site":"@justiceinfonet","twitter_misc":{"\u00c9crit par":"solivri","Dur\u00e9e de lecture estim\u00e9e":"2 minutes"},"schema":{"@context":"https:\/\/schema.org","@graph":[{"@type":"NewsArticle","@id":"https:\/\/www.justiceinfo.net\/fr\/9258-050508-burundijustice-le-petit-seminaire-de-buta-voudrait-la-justice-pour-ses-martyrs6064.html#article","isPartOf":{"@id":"https:\/\/www.justiceinfo.net\/fr\/9258-050508-burundijustice-le-petit-seminaire-de-buta-voudrait-la-justice-pour-ses-martyrs6064.html"},"author":{"name":"solivri","@id":"https:\/\/www.justiceinfo.net\/fr#\/schema\/person\/6e53cba1629e2e66f3fc1821d3091865"},"headline":"05.05.08 - BURUNDI\/JUSTICE - LE PETIT SEMINAIRE DE BUTA VOUDRAIT LA JUSTICE POUR SES MARTYRS","datePublished":"2008-05-04T22:00:00+00:00","mainEntityOfPage":{"@id":"https:\/\/www.justiceinfo.net\/fr\/9258-050508-burundijustice-le-petit-seminaire-de-buta-voudrait-la-justice-pour-ses-martyrs6064.html"},"wordCount":479,"commentCount":0,"publisher":{"@id":"https:\/\/www.justiceinfo.net\/fr#organization"},"articleSection":["Hirondelle News"],"inLanguage":"fr-FR","potentialAction":[{"@type":"CommentAction","name":"Comment","target":["https:\/\/www.justiceinfo.net\/fr\/9258-050508-burundijustice-le-petit-seminaire-de-buta-voudrait-la-justice-pour-ses-martyrs6064.html#respond"]}]},{"@type":"WebPage","@id":"https:\/\/www.justiceinfo.net\/fr\/9258-050508-burundijustice-le-petit-seminaire-de-buta-voudrait-la-justice-pour-ses-martyrs6064.html","url":"https:\/\/www.justiceinfo.net\/fr\/9258-050508-burundijustice-le-petit-seminaire-de-buta-voudrait-la-justice-pour-ses-martyrs6064.html","name":"05.05.08 - BURUNDI\/JUSTICE - LE PETIT SEMINAIRE DE BUTA VOUDRAIT LA JUSTICE POUR SES MARTYRS - JusticeInfo.net","isPartOf":{"@id":"https:\/\/www.justiceinfo.net\/fr#website"},"datePublished":"2008-05-04T22:00:00+00:00","breadcrumb":{"@id":"https:\/\/www.justiceinfo.net\/fr\/9258-050508-burundijustice-le-petit-seminaire-de-buta-voudrait-la-justice-pour-ses-martyrs6064.html#breadcrumb"},"inLanguage":"fr-FR","potentialAction":[{"@type":"ReadAction","target":["https:\/\/www.justiceinfo.net\/fr\/9258-050508-burundijustice-le-petit-seminaire-de-buta-voudrait-la-justice-pour-ses-martyrs6064.html"]}]},{"@type":"BreadcrumbList","@id":"https:\/\/www.justiceinfo.net\/fr\/9258-050508-burundijustice-le-petit-seminaire-de-buta-voudrait-la-justice-pour-ses-martyrs6064.html#breadcrumb","itemListElement":[{"@type":"ListItem","position":1,"name":"Home","item":"https:\/\/www.justiceinfo.net\/fr"},{"@type":"ListItem","position":2,"name":"05.05.08 - BURUNDI\/JUSTICE - LE PETIT SEMINAIRE DE BUTA VOUDRAIT LA JUSTICE POUR SES MARTYRS"}]},{"@type":"WebSite","@id":"https:\/\/www.justiceinfo.net\/fr#website","url":"https:\/\/www.justiceinfo.net\/fr","name":"JusticeInfo.net","description":"La justice doit \u00eatre vue pour \u00eatre rendue","publisher":{"@id":"https:\/\/www.justiceinfo.net\/fr#organization"},"potentialAction":[{"@type":"SearchAction","target":{"@type":"EntryPoint","urlTemplate":"https:\/\/www.justiceinfo.net\/fr?s={search_term_string}"},"query-input":{"@type":"PropertyValueSpecification","valueRequired":true,"valueName":"search_term_string"}}],"inLanguage":"fr-FR"},{"@type":"Organization","@id":"https:\/\/www.justiceinfo.net\/fr#organization","name":"Justice Info","url":"https:\/\/www.justiceinfo.net\/fr","logo":{"@type":"ImageObject","inLanguage":"fr-FR","@id":"https:\/\/www.justiceinfo.net\/fr#\/schema\/logo\/image\/","url":"https:\/\/www.justiceinfo.net\/wp-content\/uploads\/justiceinfo_logo-trans_1200x1200px.png","contentUrl":"https:\/\/www.justiceinfo.net\/wp-content\/uploads\/justiceinfo_logo-trans_1200x1200px.png","width":1199,"height":1200,"caption":"Justice Info"},"image":{"@id":"https:\/\/www.justiceinfo.net\/fr#\/schema\/logo\/image\/"},"sameAs":["https:\/\/www.facebook.com\/JusticeInfo\/","https:\/\/x.com\/justiceinfonet","https:\/\/www.linkedin.com\/company\/justice-info","https:\/\/www.youtube.com\/channel\/UCyCEsARodyuWtkWyhn-e7pA"]},{"@type":"Person","name":"solivri","url":"\/fr\/?s=solivri"}]}},"_links":{"self":[{"href":"https:\/\/www.justiceinfo.net\/fr\/wp-json\/wp\/v2\/posts\/9258","targetHints":{"allow":["GET"]}}],"collection":[{"href":"https:\/\/www.justiceinfo.net\/fr\/wp-json\/wp\/v2\/posts"}],"about":[{"href":"https:\/\/www.justiceinfo.net\/fr\/wp-json\/wp\/v2\/types\/post"}],"author":[{"embeddable":true,"href":"https:\/\/www.justiceinfo.net\/fr\/wp-json\/wp\/v2\/users\/64"}],"replies":[{"embeddable":true,"href":"https:\/\/www.justiceinfo.net\/fr\/wp-json\/wp\/v2\/comments?post=9258"}],"version-history":[{"count":0,"href":"https:\/\/www.justiceinfo.net\/fr\/wp-json\/wp\/v2\/posts\/9258\/revisions"}],"wp:attachment":[{"href":"https:\/\/www.justiceinfo.net\/fr\/wp-json\/wp\/v2\/media?parent=9258"}],"wp:term":[{"taxonomy":"category","embeddable":true,"href":"https:\/\/www.justiceinfo.net\/fr\/wp-json\/wp\/v2\/categories?post=9258"},{"taxonomy":"post_tag","embeddable":true,"href":"https:\/\/www.justiceinfo.net\/fr\/wp-json\/wp\/v2\/tags?post=9258"},{"taxonomy":"ji_location","embeddable":true,"href":"https:\/\/www.justiceinfo.net\/fr\/wp-json\/wp\/v2\/ji_location?post=9258"}],"curies":[{"name":"wp","href":"https:\/\/api.w.org\/{rel}","templated":true}]}}