{"id":9260,"date":"2008-05-05T00:00:00","date_gmt":"2008-05-04T22:00:00","guid":{"rendered":"https:\/\/www.justiceinfo.net\/9260-050508-tpirkaremera-le-mrnd-un-parti-rassembleur-selon-un-temoin6066.html"},"modified":"2008-05-05T00:00:00","modified_gmt":"2008-05-04T22:00:00","slug":"050508-tpirkaremera-le-mrnd-un-parti-rassembleur-selon-un-temoin6066","status":"publish","type":"post","link":"https:\/\/www.justiceinfo.net\/fr\/9260-050508-tpirkaremera-le-mrnd-un-parti-rassembleur-selon-un-temoin6066.html","title":{"rendered":"05.05.08 - TPIR\/KAREMERA - LE MRND, UN PARTI RASSEMBLEUR, SELON UN TEMOIN"},"content":{"rendered":"<p>Arusha, 5 mai 2008 (FH) - Le Mouvement r&eacute;publicain national pour la d&eacute;mocratie et le d&eacute;veloppement (MRND), l&rsquo;ex-parti pr&eacute;sidentiel rwandais &eacute;tait &quot;rassembleur&quot;, a d&eacute;clar&eacute; un t&eacute;moin lundi devant le Tribunal p&eacute;nal international pour le Rwanda (TPIR).<br \/>\n<!--more--><\/p>\n<p>Le t&eacute;moin prot&eacute;g&eacute; &laquo; XQL &raquo; comparaissait pour la d&eacute;fense d&rsquo;Edouard Karemera, ancien vice-pr&eacute;sident du MRND, jug&eacute; avec deux autres responsable de ce mouvement, qui avait &eacute;t&eacute; le parti unique jusqu'en 1991. <\/p>\n<p>\nMme XQL a &eacute;t&eacute; pendant longtemps membre de la direction politique de ce parti cr&eacute;&eacute; en 1975 par l&rsquo;ancien pr&eacute;sident Juv&eacute;nal Habyarimana pour &laquo; rassembler toutes les forces vives de la nation &raquo;.\n<\/p>\n<p>\nLe t&eacute;moin a expliqu&eacute; qu&rsquo;&agrave; cette &eacute;poque, le pays sortait d&rsquo;une crise politique caract&eacute;ris&eacute;e par les clivages ethniques et r&eacute;gionaux et que le parti unique, qui &eacute;tait &agrave; la mode en Afrique, semblait une voie appropri&eacute;e pour faire face &agrave; la situation.\n<\/p>\n<p>\nLe MRND s&rsquo;est restructur&eacute; quand, en 1991, le multipartisme a &eacute;t&eacute; introduit, a rappel&eacute; le t&eacute;moin. Il a, &agrave; cette occasion, abandonn&eacute; son premier nom, Mouvement r&eacute;volutionnaire national pour la d&eacute;mocratie, mais sa devise, comme son sigle, sont rest&eacute;s les m&ecirc;mes, a d&eacute;clar&eacute; le t&eacute;moin.\n<\/p>\n<p>\nC'&eacute;tait &laquo; un parti de paix et d&rsquo;unit&eacute; &raquo;, a expliqu&eacute; le t&eacute;moin. XQL a affirm&eacute; que toutes les ethnies du Rwanda &eacute;taient repr&eacute;sent&eacute;es au sein du MRND aussi bien avant qu&rsquo;apr&egrave;s la restructuration.\n<\/p>\n<p>\n&laquo; Tous les fils et toutes les filles de ce pays &eacute;taient appel&eacute;s &agrave; adh&eacute;rer &agrave; ce mouvement. Il n&rsquo;y avait pas de discrimination possible &raquo;, a-t-elle tent&eacute; d'expliquer.\n<\/p>\n<p>\nLe co-conseil de Karemera, Me F&eacute;lix Sow, qui interrogeait le t&eacute;moin, entendait, par le biais de sa d&eacute;position, d&eacute;monter les all&eacute;gations du procureur.\n<\/p>\n<p>\nLe t&eacute;moin a par ailleurs &eacute;voqu&eacute; le r&ocirc;le cl&eacute; jou&eacute; par Karemera dans la d&eacute;mocratisation du Rwanda en tant que pr&eacute;sident de la Commission nationale de synth&egrave;se qui a propos&eacute; le retour du multipartisme malgr&eacute; un contexte de guerre.\n<\/p>\n<p>\n&laquo; Il a dirig&eacute; cette commission avec beaucoup de d&eacute;termination et de courage&raquo; ainsi qu&rsquo;avec professionnalisme, a soulign&eacute; le t&eacute;moin. Selon elle, &laquo;Karemera &eacute;tait &agrave; l&rsquo;avant-garde de l&rsquo;aile r&eacute;formiste au sein du MRND&raquo;.\n<\/p>\n<p>\nCe proc&egrave;s, dit Karemera et autres, a commenc&eacute; en septembre 2005. Karemera est jug&eacute; avec Mathieu Ngirumpatse et Joseph Nzirorera, respectivement pr&eacute;sident et secr&eacute;taire g&eacute;n&eacute;ral du MRND en 1994. Tous plaident non coupable de g&eacute;nocide et crimes contre l&rsquo;humanit&eacute;.\n<\/p>\n<p>\nAT\/PB\/GF\n<\/p>\n<p>\n&copy; Agence Hirondelle<\/p>\n","protected":false},"excerpt":{"rendered":"<p>Arusha, 5 mai 2008 (FH) - Le Mouvement r&eacute;publicain national pour la d&eacute;mocratie et le d&eacute;veloppement (MRND), l&rsquo;ex-parti pr&eacute;sidentiel rwandais &eacute;tait &quot;rassembleur&quot;, a d&eacute;clar&eacute; un t&eacute;moin lundi devant le Tribunal p&eacute;nal international pour le Rwanda (TPIR).<\/p>\n","protected":false},"author":64,"featured_media":0,"comment_status":"open","ping_status":"closed","sticky":false,"template":"","format":"standard","meta":{"_acf_changed":false,"footnotes":""},"categories":[554],"tags":[],"ji_location":[],"class_list":["post-9260","post","type-post","status-publish","format-standard","hentry","category-hirondellenews"],"acf":[],"yoast_head":"<!-- This site is optimized with the Yoast SEO Premium plugin v25.3.1 (Yoast SEO v25.3.1) - https:\/\/yoast.com\/wordpress\/plugins\/seo\/ -->\n<title>05.05.08 - TPIR\/KAREMERA - LE MRND, UN PARTI RASSEMBLEUR, SELON UN TEMOIN - JusticeInfo.net<\/title>\n<meta name=\"robots\" content=\"index, follow, max-snippet:-1, max-image-preview:large, max-video-preview:-1\" \/>\n<link rel=\"canonical\" href=\"https:\/\/www.justiceinfo.net\/fr\/9260-050508-tpirkaremera-le-mrnd-un-parti-rassembleur-selon-un-temoin6066.html\" \/>\n<meta property=\"og:locale\" content=\"fr_FR\" \/>\n<meta property=\"og:type\" content=\"article\" \/>\n<meta property=\"og:title\" content=\"05.05.08 - TPIR\/KAREMERA - LE MRND, UN PARTI RASSEMBLEUR, SELON UN TEMOIN\" \/>\n<meta property=\"og:description\" content=\"Arusha, 5 mai 2008 (FH) - Le Mouvement r&eacute;publicain national pour la d&eacute;mocratie et le d&eacute;veloppement (MRND), l&rsquo;ex-parti pr&eacute;sidentiel rwandais &eacute;tait &quot;rassembleur&quot;, a d&eacute;clar&eacute; un t&eacute;moin lundi devant le Tribunal p&eacute;nal international pour le Rwanda (TPIR).\" \/>\n<meta property=\"og:url\" content=\"https:\/\/www.justiceinfo.net\/fr\/9260-050508-tpirkaremera-le-mrnd-un-parti-rassembleur-selon-un-temoin6066.html\" \/>\n<meta property=\"og:site_name\" content=\"JusticeInfo.net\" \/>\n<meta property=\"article:publisher\" content=\"https:\/\/www.facebook.com\/JusticeInfo\/\" \/>\n<meta property=\"article:published_time\" content=\"2008-05-04T22:00:00+00:00\" \/>\n<meta property=\"og:image\" content=\"https:\/\/www.justiceinfo.net\/wp-content\/uploads\/JusticeInfoNet_logo_1200x630px.jpg\" \/>\n\t<meta property=\"og:image:width\" content=\"1200\" \/>\n\t<meta property=\"og:image:height\" content=\"630\" \/>\n\t<meta property=\"og:image:type\" content=\"image\/jpeg\" \/>\n<meta name=\"author\" content=\"solivri\" \/>\n<meta name=\"twitter:card\" content=\"summary_large_image\" \/>\n<meta name=\"twitter:creator\" content=\"@justiceinfonet\" \/>\n<meta name=\"twitter:site\" content=\"@justiceinfonet\" \/>\n<meta name=\"twitter:label1\" content=\"\u00c9crit par\" \/>\n\t<meta name=\"twitter:data1\" content=\"solivri\" \/>\n\t<meta name=\"twitter:label2\" content=\"Dur\u00e9e de lecture estim\u00e9e\" \/>\n\t<meta name=\"twitter:data2\" content=\"3 minutes\" \/>\n<script type=\"application\/ld+json\" class=\"yoast-schema-graph\">{\"@context\":\"https:\/\/schema.org\",\"@graph\":[{\"@type\":\"NewsArticle\",\"@id\":\"https:\/\/www.justiceinfo.net\/fr\/9260-050508-tpirkaremera-le-mrnd-un-parti-rassembleur-selon-un-temoin6066.html#article\",\"isPartOf\":{\"@id\":\"https:\/\/www.justiceinfo.net\/fr\/9260-050508-tpirkaremera-le-mrnd-un-parti-rassembleur-selon-un-temoin6066.html\"},\"author\":{\"name\":\"solivri\",\"@id\":\"https:\/\/www.justiceinfo.net\/fr#\/schema\/person\/6e53cba1629e2e66f3fc1821d3091865\"},\"headline\":\"05.05.08 - TPIR\/KAREMERA - LE MRND, UN PARTI RASSEMBLEUR, SELON UN TEMOIN\",\"datePublished\":\"2008-05-04T22:00:00+00:00\",\"mainEntityOfPage\":{\"@id\":\"https:\/\/www.justiceinfo.net\/fr\/9260-050508-tpirkaremera-le-mrnd-un-parti-rassembleur-selon-un-temoin6066.html\"},\"wordCount\":568,\"commentCount\":0,\"publisher\":{\"@id\":\"https:\/\/www.justiceinfo.net\/fr#organization\"},\"articleSection\":[\"Hirondelle News\"],\"inLanguage\":\"fr-FR\",\"potentialAction\":[{\"@type\":\"CommentAction\",\"name\":\"Comment\",\"target\":[\"https:\/\/www.justiceinfo.net\/fr\/9260-050508-tpirkaremera-le-mrnd-un-parti-rassembleur-selon-un-temoin6066.html#respond\"]}]},{\"@type\":\"WebPage\",\"@id\":\"https:\/\/www.justiceinfo.net\/fr\/9260-050508-tpirkaremera-le-mrnd-un-parti-rassembleur-selon-un-temoin6066.html\",\"url\":\"https:\/\/www.justiceinfo.net\/fr\/9260-050508-tpirkaremera-le-mrnd-un-parti-rassembleur-selon-un-temoin6066.html\",\"name\":\"05.05.08 - TPIR\/KAREMERA - LE MRND, UN PARTI RASSEMBLEUR, SELON UN TEMOIN - JusticeInfo.net\",\"isPartOf\":{\"@id\":\"https:\/\/www.justiceinfo.net\/fr#website\"},\"datePublished\":\"2008-05-04T22:00:00+00:00\",\"breadcrumb\":{\"@id\":\"https:\/\/www.justiceinfo.net\/fr\/9260-050508-tpirkaremera-le-mrnd-un-parti-rassembleur-selon-un-temoin6066.html#breadcrumb\"},\"inLanguage\":\"fr-FR\",\"potentialAction\":[{\"@type\":\"ReadAction\",\"target\":[\"https:\/\/www.justiceinfo.net\/fr\/9260-050508-tpirkaremera-le-mrnd-un-parti-rassembleur-selon-un-temoin6066.html\"]}]},{\"@type\":\"BreadcrumbList\",\"@id\":\"https:\/\/www.justiceinfo.net\/fr\/9260-050508-tpirkaremera-le-mrnd-un-parti-rassembleur-selon-un-temoin6066.html#breadcrumb\",\"itemListElement\":[{\"@type\":\"ListItem\",\"position\":1,\"name\":\"Home\",\"item\":\"https:\/\/www.justiceinfo.net\/fr\"},{\"@type\":\"ListItem\",\"position\":2,\"name\":\"05.05.08 - TPIR\/KAREMERA - LE MRND, UN PARTI RASSEMBLEUR, SELON UN TEMOIN\"}]},{\"@type\":\"WebSite\",\"@id\":\"https:\/\/www.justiceinfo.net\/fr#website\",\"url\":\"https:\/\/www.justiceinfo.net\/fr\",\"name\":\"JusticeInfo.net\",\"description\":\"La justice doit \u00eatre vue pour \u00eatre rendue\",\"publisher\":{\"@id\":\"https:\/\/www.justiceinfo.net\/fr#organization\"},\"potentialAction\":[{\"@type\":\"SearchAction\",\"target\":{\"@type\":\"EntryPoint\",\"urlTemplate\":\"https:\/\/www.justiceinfo.net\/fr?s={search_term_string}\"},\"query-input\":{\"@type\":\"PropertyValueSpecification\",\"valueRequired\":true,\"valueName\":\"search_term_string\"}}],\"inLanguage\":\"fr-FR\"},{\"@type\":\"Organization\",\"@id\":\"https:\/\/www.justiceinfo.net\/fr#organization\",\"name\":\"Justice Info\",\"url\":\"https:\/\/www.justiceinfo.net\/fr\",\"logo\":{\"@type\":\"ImageObject\",\"inLanguage\":\"fr-FR\",\"@id\":\"https:\/\/www.justiceinfo.net\/fr#\/schema\/logo\/image\/\",\"url\":\"https:\/\/www.justiceinfo.net\/wp-content\/uploads\/justiceinfo_logo-trans_1200x1200px.png\",\"contentUrl\":\"https:\/\/www.justiceinfo.net\/wp-content\/uploads\/justiceinfo_logo-trans_1200x1200px.png\",\"width\":1199,\"height\":1200,\"caption\":\"Justice Info\"},\"image\":{\"@id\":\"https:\/\/www.justiceinfo.net\/fr#\/schema\/logo\/image\/\"},\"sameAs\":[\"https:\/\/www.facebook.com\/JusticeInfo\/\",\"https:\/\/x.com\/justiceinfonet\",\"https:\/\/www.linkedin.com\/company\/justice-info\",\"https:\/\/www.youtube.com\/channel\/UCyCEsARodyuWtkWyhn-e7pA\"]},{\"@type\":\"Person\",\"name\":\"solivri\",\"url\":\"\/fr\/?s=solivri\"}]}<\/script>\n<!-- \/ Yoast SEO Premium plugin. -->","yoast_head_json":{"title":"05.05.08 - TPIR\/KAREMERA - LE MRND, UN PARTI RASSEMBLEUR, SELON UN TEMOIN - JusticeInfo.net","robots":{"index":"index","follow":"follow","max-snippet":"max-snippet:-1","max-image-preview":"max-image-preview:large","max-video-preview":"max-video-preview:-1"},"canonical":"https:\/\/www.justiceinfo.net\/fr\/9260-050508-tpirkaremera-le-mrnd-un-parti-rassembleur-selon-un-temoin6066.html","og_locale":"fr_FR","og_type":"article","og_title":"05.05.08 - TPIR\/KAREMERA - LE MRND, UN PARTI RASSEMBLEUR, SELON UN TEMOIN","og_description":"Arusha, 5 mai 2008 (FH) - Le Mouvement r&eacute;publicain national pour la d&eacute;mocratie et le d&eacute;veloppement (MRND), l&rsquo;ex-parti pr&eacute;sidentiel rwandais &eacute;tait &quot;rassembleur&quot;, a d&eacute;clar&eacute; un t&eacute;moin lundi devant le Tribunal p&eacute;nal international pour le Rwanda (TPIR).","og_url":"https:\/\/www.justiceinfo.net\/fr\/9260-050508-tpirkaremera-le-mrnd-un-parti-rassembleur-selon-un-temoin6066.html","og_site_name":"JusticeInfo.net","article_publisher":"https:\/\/www.facebook.com\/JusticeInfo\/","article_published_time":"2008-05-04T22:00:00+00:00","og_image":[{"width":1200,"height":630,"url":"https:\/\/www.justiceinfo.net\/wp-content\/uploads\/JusticeInfoNet_logo_1200x630px.jpg","type":"image\/jpeg"}],"author":"solivri","twitter_card":"summary_large_image","twitter_creator":"@justiceinfonet","twitter_site":"@justiceinfonet","twitter_misc":{"\u00c9crit par":"solivri","Dur\u00e9e de lecture estim\u00e9e":"3 minutes"},"schema":{"@context":"https:\/\/schema.org","@graph":[{"@type":"NewsArticle","@id":"https:\/\/www.justiceinfo.net\/fr\/9260-050508-tpirkaremera-le-mrnd-un-parti-rassembleur-selon-un-temoin6066.html#article","isPartOf":{"@id":"https:\/\/www.justiceinfo.net\/fr\/9260-050508-tpirkaremera-le-mrnd-un-parti-rassembleur-selon-un-temoin6066.html"},"author":{"name":"solivri","@id":"https:\/\/www.justiceinfo.net\/fr#\/schema\/person\/6e53cba1629e2e66f3fc1821d3091865"},"headline":"05.05.08 - TPIR\/KAREMERA - LE MRND, UN PARTI RASSEMBLEUR, SELON UN TEMOIN","datePublished":"2008-05-04T22:00:00+00:00","mainEntityOfPage":{"@id":"https:\/\/www.justiceinfo.net\/fr\/9260-050508-tpirkaremera-le-mrnd-un-parti-rassembleur-selon-un-temoin6066.html"},"wordCount":568,"commentCount":0,"publisher":{"@id":"https:\/\/www.justiceinfo.net\/fr#organization"},"articleSection":["Hirondelle News"],"inLanguage":"fr-FR","potentialAction":[{"@type":"CommentAction","name":"Comment","target":["https:\/\/www.justiceinfo.net\/fr\/9260-050508-tpirkaremera-le-mrnd-un-parti-rassembleur-selon-un-temoin6066.html#respond"]}]},{"@type":"WebPage","@id":"https:\/\/www.justiceinfo.net\/fr\/9260-050508-tpirkaremera-le-mrnd-un-parti-rassembleur-selon-un-temoin6066.html","url":"https:\/\/www.justiceinfo.net\/fr\/9260-050508-tpirkaremera-le-mrnd-un-parti-rassembleur-selon-un-temoin6066.html","name":"05.05.08 - TPIR\/KAREMERA - LE MRND, UN PARTI RASSEMBLEUR, SELON UN TEMOIN - JusticeInfo.net","isPartOf":{"@id":"https:\/\/www.justiceinfo.net\/fr#website"},"datePublished":"2008-05-04T22:00:00+00:00","breadcrumb":{"@id":"https:\/\/www.justiceinfo.net\/fr\/9260-050508-tpirkaremera-le-mrnd-un-parti-rassembleur-selon-un-temoin6066.html#breadcrumb"},"inLanguage":"fr-FR","potentialAction":[{"@type":"ReadAction","target":["https:\/\/www.justiceinfo.net\/fr\/9260-050508-tpirkaremera-le-mrnd-un-parti-rassembleur-selon-un-temoin6066.html"]}]},{"@type":"BreadcrumbList","@id":"https:\/\/www.justiceinfo.net\/fr\/9260-050508-tpirkaremera-le-mrnd-un-parti-rassembleur-selon-un-temoin6066.html#breadcrumb","itemListElement":[{"@type":"ListItem","position":1,"name":"Home","item":"https:\/\/www.justiceinfo.net\/fr"},{"@type":"ListItem","position":2,"name":"05.05.08 - TPIR\/KAREMERA - LE MRND, UN PARTI RASSEMBLEUR, SELON UN TEMOIN"}]},{"@type":"WebSite","@id":"https:\/\/www.justiceinfo.net\/fr#website","url":"https:\/\/www.justiceinfo.net\/fr","name":"JusticeInfo.net","description":"La justice doit \u00eatre vue pour \u00eatre rendue","publisher":{"@id":"https:\/\/www.justiceinfo.net\/fr#organization"},"potentialAction":[{"@type":"SearchAction","target":{"@type":"EntryPoint","urlTemplate":"https:\/\/www.justiceinfo.net\/fr?s={search_term_string}"},"query-input":{"@type":"PropertyValueSpecification","valueRequired":true,"valueName":"search_term_string"}}],"inLanguage":"fr-FR"},{"@type":"Organization","@id":"https:\/\/www.justiceinfo.net\/fr#organization","name":"Justice Info","url":"https:\/\/www.justiceinfo.net\/fr","logo":{"@type":"ImageObject","inLanguage":"fr-FR","@id":"https:\/\/www.justiceinfo.net\/fr#\/schema\/logo\/image\/","url":"https:\/\/www.justiceinfo.net\/wp-content\/uploads\/justiceinfo_logo-trans_1200x1200px.png","contentUrl":"https:\/\/www.justiceinfo.net\/wp-content\/uploads\/justiceinfo_logo-trans_1200x1200px.png","width":1199,"height":1200,"caption":"Justice Info"},"image":{"@id":"https:\/\/www.justiceinfo.net\/fr#\/schema\/logo\/image\/"},"sameAs":["https:\/\/www.facebook.com\/JusticeInfo\/","https:\/\/x.com\/justiceinfonet","https:\/\/www.linkedin.com\/company\/justice-info","https:\/\/www.youtube.com\/channel\/UCyCEsARodyuWtkWyhn-e7pA"]},{"@type":"Person","name":"solivri","url":"\/fr\/?s=solivri"}]}},"_links":{"self":[{"href":"https:\/\/www.justiceinfo.net\/fr\/wp-json\/wp\/v2\/posts\/9260","targetHints":{"allow":["GET"]}}],"collection":[{"href":"https:\/\/www.justiceinfo.net\/fr\/wp-json\/wp\/v2\/posts"}],"about":[{"href":"https:\/\/www.justiceinfo.net\/fr\/wp-json\/wp\/v2\/types\/post"}],"author":[{"embeddable":true,"href":"https:\/\/www.justiceinfo.net\/fr\/wp-json\/wp\/v2\/users\/64"}],"replies":[{"embeddable":true,"href":"https:\/\/www.justiceinfo.net\/fr\/wp-json\/wp\/v2\/comments?post=9260"}],"version-history":[{"count":0,"href":"https:\/\/www.justiceinfo.net\/fr\/wp-json\/wp\/v2\/posts\/9260\/revisions"}],"wp:attachment":[{"href":"https:\/\/www.justiceinfo.net\/fr\/wp-json\/wp\/v2\/media?parent=9260"}],"wp:term":[{"taxonomy":"category","embeddable":true,"href":"https:\/\/www.justiceinfo.net\/fr\/wp-json\/wp\/v2\/categories?post=9260"},{"taxonomy":"post_tag","embeddable":true,"href":"https:\/\/www.justiceinfo.net\/fr\/wp-json\/wp\/v2\/tags?post=9260"},{"taxonomy":"ji_location","embeddable":true,"href":"https:\/\/www.justiceinfo.net\/fr\/wp-json\/wp\/v2\/ji_location?post=9260"}],"curies":[{"name":"wp","href":"https:\/\/api.w.org\/{rel}","templated":true}]}}