{"id":9274,"date":"2008-05-07T00:00:00","date_gmt":"2008-05-06T22:00:00","guid":{"rendered":"https:\/\/www.justiceinfo.net\/9274-070508-tpirfrance-dominique-ntawukuriryayo-sera-transfere-au-tpir6080.html"},"modified":"2008-05-07T00:00:00","modified_gmt":"2008-05-06T22:00:00","slug":"070508-tpirfrance-dominique-ntawukuriryayo-sera-transfere-au-tpir6080","status":"publish","type":"post","link":"https:\/\/www.justiceinfo.net\/fr\/9274-070508-tpirfrance-dominique-ntawukuriryayo-sera-transfere-au-tpir6080.html","title":{"rendered":"07.05.08 - TPIR\/FRANCE - DOMINIQUE NTAWUKURIRYAYO SERA TRANSFERE AU TPIR"},"content":{"rendered":"<p>Paris, 7 mai 2008 (FH) - La plus haute juridiction fran&ccedil;aise, la cour de Cassation, a rejet&eacute; mercredi le pourvoi d&#39;un rwandais, M.Dominique Ntawukuriryayo, contre l&#39;arr&ecirc;t de la cour d&#39;appel de Paris qui a autoris&eacute; sa remise au Tribunal p&eacute;nal international pour le Rwanda (TPIR), o&ugrave; il est accus&eacute; d&#39;avoir particip&eacute; au g&eacute;nocide de 1994.<br \/>\n<!--more--><\/p>\n<p>M. Ntawukuriryayo, qui &eacute;tait sous prefet de Gisagara, au sud du Rwanda, lors du g&eacute;nocide de 1994, a &eacute;t&eacute; arr&ecirc;t&eacute; le 16 octobre &agrave; Carcassonne en vertu d&#39;un mandat d&#39;arr&ecirc;t et de remise du TPIR en date du 21 septembre 2007. Cet homme, n&eacute; en 1942, est arriv&eacute; en France en 1999, et b&eacute;n&eacute;ficiait d&#39;un titre de s&eacute;jour r&eacute;gulier. <\/p>\n<p>L&#39;acte d&#39;accusation du TPIR pr&eacute;cise qu&#39;&quot;en raison des actes de Dominique Ntawukuriryayo et de ceux de ses subordonn&eacute;s, pas moins de 25.000 r&eacute;fugi&eacute;s tutsis ont &eacute;t&eacute; tu&eacute;s sur la colline de Kabuye du 21 au 25 avril 1994&quot;. <\/p>\n<p>EN novembre 2007, la chambre de l&#39;instruction de la cour d&#39;appel de Paris avait donn&eacute; accept&eacute; de remettre M. Ntawukuriryayo au TPIR mais cette d&eacute;cision avait &eacute;t&eacute; annul&eacute;e pour vice de forme par la chambre criminelle de la Cour de cassation. Le dossier avait &agrave; nouveau &eacute;t&eacute; examin&eacute; par la chambre de l&#39;instruction mais autrement compos&eacute;e qui a ordonn&eacute; sa remise &agrave; la juridiction internationale d&#39;Arusha le 14 f&eacute;vrier. <\/p>\n<p>Par ailleurs, le 13 mars dernier, une information judiciaire pour &quot;g&eacute;nocide&quot;, &quot;crime contre l&#39;humanit&eacute;&quot; et &quot;complicit&eacute;&quot; a &eacute;t&eacute; ouverte contre Ntawukuriryayo. <\/p>\n<p>Deux autres rwandais accus&eacute;s par le TPIR sont actuellement d&eacute;tenus sous &eacute;crou extraditionnel en Europe &agrave; la demande du TPIR. Il s&#39;agit de l&#39;ancien ministre du plan Augustin Ngirabztware d&eacute;tenu en Allemage depuis septembre 2007 et de Michel Bagaragaza, d&eacute;tenu aux Pays Bas apr&eacute;s l&#39;annulation de de son transfert vers la justice neerlandaise. <\/p>\n<p>PA\/PB\/GF &copy; Agence Hirondelle<\/p>\n","protected":false},"excerpt":{"rendered":"<p>Paris, 7 mai 2008 (FH) - La plus haute juridiction fran&ccedil;aise, la cour de Cassation, a rejet&eacute; mercredi le pourvoi d&#39;un rwandais, M.Dominique Ntawukuriryayo, contre l&#39;arr&ecirc;t de la cour d&#39;appel de Paris qui a autoris&eacute; sa remise au Tribunal p&eacute;nal international pour le Rwanda (TPIR), o&ugrave; il est accus&eacute; d&#39;avoir particip&eacute; au g&eacute;nocide de 1994.<\/p>\n","protected":false},"author":64,"featured_media":0,"comment_status":"open","ping_status":"closed","sticky":false,"template":"","format":"standard","meta":{"_acf_changed":false,"footnotes":""},"categories":[554],"tags":[],"ji_location":[],"class_list":["post-9274","post","type-post","status-publish","format-standard","hentry","category-hirondellenews"],"acf":[],"yoast_head":"<!-- This site is optimized with the Yoast SEO Premium plugin v25.3.1 (Yoast SEO v25.3.1) - https:\/\/yoast.com\/wordpress\/plugins\/seo\/ -->\n<title>07.05.08 - TPIR\/FRANCE - DOMINIQUE NTAWUKURIRYAYO SERA TRANSFERE AU TPIR - JusticeInfo.net<\/title>\n<meta name=\"robots\" content=\"index, follow, max-snippet:-1, max-image-preview:large, max-video-preview:-1\" \/>\n<link rel=\"canonical\" href=\"https:\/\/www.justiceinfo.net\/fr\/9274-070508-tpirfrance-dominique-ntawukuriryayo-sera-transfere-au-tpir6080.html\" \/>\n<meta property=\"og:locale\" content=\"fr_FR\" \/>\n<meta property=\"og:type\" content=\"article\" \/>\n<meta property=\"og:title\" content=\"07.05.08 - TPIR\/FRANCE - DOMINIQUE NTAWUKURIRYAYO SERA TRANSFERE AU TPIR\" \/>\n<meta property=\"og:description\" content=\"Paris, 7 mai 2008 (FH) - La plus haute juridiction fran&ccedil;aise, la cour de Cassation, a rejet&eacute; mercredi le pourvoi d&#039;un rwandais, M.Dominique Ntawukuriryayo, contre l&#039;arr&ecirc;t de la cour d&#039;appel de Paris qui a autoris&eacute; sa remise au Tribunal p&eacute;nal international pour le Rwanda (TPIR), o&ugrave; il est accus&eacute; d&#039;avoir particip&eacute; au g&eacute;nocide de 1994.\" \/>\n<meta property=\"og:url\" content=\"https:\/\/www.justiceinfo.net\/fr\/9274-070508-tpirfrance-dominique-ntawukuriryayo-sera-transfere-au-tpir6080.html\" \/>\n<meta property=\"og:site_name\" content=\"JusticeInfo.net\" \/>\n<meta property=\"article:publisher\" content=\"https:\/\/www.facebook.com\/JusticeInfo\/\" \/>\n<meta property=\"article:published_time\" content=\"2008-05-06T22:00:00+00:00\" \/>\n<meta property=\"og:image\" content=\"https:\/\/www.justiceinfo.net\/wp-content\/uploads\/JusticeInfoNet_logo_1200x630px.jpg\" \/>\n\t<meta property=\"og:image:width\" content=\"1200\" \/>\n\t<meta property=\"og:image:height\" content=\"630\" \/>\n\t<meta property=\"og:image:type\" content=\"image\/jpeg\" \/>\n<meta name=\"author\" content=\"solivri\" \/>\n<meta name=\"twitter:card\" content=\"summary_large_image\" \/>\n<meta name=\"twitter:creator\" content=\"@justiceinfonet\" \/>\n<meta name=\"twitter:site\" content=\"@justiceinfonet\" \/>\n<meta name=\"twitter:label1\" content=\"\u00c9crit par\" \/>\n\t<meta name=\"twitter:data1\" content=\"solivri\" \/>\n\t<meta name=\"twitter:label2\" content=\"Dur\u00e9e de lecture estim\u00e9e\" \/>\n\t<meta name=\"twitter:data2\" content=\"2 minutes\" \/>\n<script type=\"application\/ld+json\" class=\"yoast-schema-graph\">{\"@context\":\"https:\/\/schema.org\",\"@graph\":[{\"@type\":\"NewsArticle\",\"@id\":\"https:\/\/www.justiceinfo.net\/fr\/9274-070508-tpirfrance-dominique-ntawukuriryayo-sera-transfere-au-tpir6080.html#article\",\"isPartOf\":{\"@id\":\"https:\/\/www.justiceinfo.net\/fr\/9274-070508-tpirfrance-dominique-ntawukuriryayo-sera-transfere-au-tpir6080.html\"},\"author\":{\"name\":\"solivri\",\"@id\":\"https:\/\/www.justiceinfo.net\/fr#\/schema\/person\/6e53cba1629e2e66f3fc1821d3091865\"},\"headline\":\"07.05.08 - TPIR\/FRANCE - DOMINIQUE NTAWUKURIRYAYO SERA TRANSFERE AU TPIR\",\"datePublished\":\"2008-05-06T22:00:00+00:00\",\"mainEntityOfPage\":{\"@id\":\"https:\/\/www.justiceinfo.net\/fr\/9274-070508-tpirfrance-dominique-ntawukuriryayo-sera-transfere-au-tpir6080.html\"},\"wordCount\":399,\"commentCount\":0,\"publisher\":{\"@id\":\"https:\/\/www.justiceinfo.net\/fr#organization\"},\"articleSection\":[\"Hirondelle News\"],\"inLanguage\":\"fr-FR\",\"potentialAction\":[{\"@type\":\"CommentAction\",\"name\":\"Comment\",\"target\":[\"https:\/\/www.justiceinfo.net\/fr\/9274-070508-tpirfrance-dominique-ntawukuriryayo-sera-transfere-au-tpir6080.html#respond\"]}]},{\"@type\":\"WebPage\",\"@id\":\"https:\/\/www.justiceinfo.net\/fr\/9274-070508-tpirfrance-dominique-ntawukuriryayo-sera-transfere-au-tpir6080.html\",\"url\":\"https:\/\/www.justiceinfo.net\/fr\/9274-070508-tpirfrance-dominique-ntawukuriryayo-sera-transfere-au-tpir6080.html\",\"name\":\"07.05.08 - TPIR\/FRANCE - DOMINIQUE NTAWUKURIRYAYO SERA TRANSFERE AU TPIR - JusticeInfo.net\",\"isPartOf\":{\"@id\":\"https:\/\/www.justiceinfo.net\/fr#website\"},\"datePublished\":\"2008-05-06T22:00:00+00:00\",\"breadcrumb\":{\"@id\":\"https:\/\/www.justiceinfo.net\/fr\/9274-070508-tpirfrance-dominique-ntawukuriryayo-sera-transfere-au-tpir6080.html#breadcrumb\"},\"inLanguage\":\"fr-FR\",\"potentialAction\":[{\"@type\":\"ReadAction\",\"target\":[\"https:\/\/www.justiceinfo.net\/fr\/9274-070508-tpirfrance-dominique-ntawukuriryayo-sera-transfere-au-tpir6080.html\"]}]},{\"@type\":\"BreadcrumbList\",\"@id\":\"https:\/\/www.justiceinfo.net\/fr\/9274-070508-tpirfrance-dominique-ntawukuriryayo-sera-transfere-au-tpir6080.html#breadcrumb\",\"itemListElement\":[{\"@type\":\"ListItem\",\"position\":1,\"name\":\"Home\",\"item\":\"https:\/\/www.justiceinfo.net\/fr\"},{\"@type\":\"ListItem\",\"position\":2,\"name\":\"07.05.08 - TPIR\/FRANCE - DOMINIQUE NTAWUKURIRYAYO SERA TRANSFERE AU TPIR\"}]},{\"@type\":\"WebSite\",\"@id\":\"https:\/\/www.justiceinfo.net\/fr#website\",\"url\":\"https:\/\/www.justiceinfo.net\/fr\",\"name\":\"JusticeInfo.net\",\"description\":\"La justice doit \u00eatre vue pour \u00eatre rendue\",\"publisher\":{\"@id\":\"https:\/\/www.justiceinfo.net\/fr#organization\"},\"potentialAction\":[{\"@type\":\"SearchAction\",\"target\":{\"@type\":\"EntryPoint\",\"urlTemplate\":\"https:\/\/www.justiceinfo.net\/fr?s={search_term_string}\"},\"query-input\":{\"@type\":\"PropertyValueSpecification\",\"valueRequired\":true,\"valueName\":\"search_term_string\"}}],\"inLanguage\":\"fr-FR\"},{\"@type\":\"Organization\",\"@id\":\"https:\/\/www.justiceinfo.net\/fr#organization\",\"name\":\"Justice Info\",\"url\":\"https:\/\/www.justiceinfo.net\/fr\",\"logo\":{\"@type\":\"ImageObject\",\"inLanguage\":\"fr-FR\",\"@id\":\"https:\/\/www.justiceinfo.net\/fr#\/schema\/logo\/image\/\",\"url\":\"https:\/\/www.justiceinfo.net\/wp-content\/uploads\/justiceinfo_logo-trans_1200x1200px.png\",\"contentUrl\":\"https:\/\/www.justiceinfo.net\/wp-content\/uploads\/justiceinfo_logo-trans_1200x1200px.png\",\"width\":1199,\"height\":1200,\"caption\":\"Justice Info\"},\"image\":{\"@id\":\"https:\/\/www.justiceinfo.net\/fr#\/schema\/logo\/image\/\"},\"sameAs\":[\"https:\/\/www.facebook.com\/JusticeInfo\/\",\"https:\/\/x.com\/justiceinfonet\",\"https:\/\/www.linkedin.com\/company\/justice-info\",\"https:\/\/www.youtube.com\/channel\/UCyCEsARodyuWtkWyhn-e7pA\"]},{\"@type\":\"Person\",\"name\":\"solivri\",\"url\":\"\/fr\/?s=solivri\"}]}<\/script>\n<!-- \/ Yoast SEO Premium plugin. -->","yoast_head_json":{"title":"07.05.08 - TPIR\/FRANCE - DOMINIQUE NTAWUKURIRYAYO SERA TRANSFERE AU TPIR - JusticeInfo.net","robots":{"index":"index","follow":"follow","max-snippet":"max-snippet:-1","max-image-preview":"max-image-preview:large","max-video-preview":"max-video-preview:-1"},"canonical":"https:\/\/www.justiceinfo.net\/fr\/9274-070508-tpirfrance-dominique-ntawukuriryayo-sera-transfere-au-tpir6080.html","og_locale":"fr_FR","og_type":"article","og_title":"07.05.08 - TPIR\/FRANCE - DOMINIQUE NTAWUKURIRYAYO SERA TRANSFERE AU TPIR","og_description":"Paris, 7 mai 2008 (FH) - La plus haute juridiction fran&ccedil;aise, la cour de Cassation, a rejet&eacute; mercredi le pourvoi d&#39;un rwandais, M.Dominique Ntawukuriryayo, contre l&#39;arr&ecirc;t de la cour d&#39;appel de Paris qui a autoris&eacute; sa remise au Tribunal p&eacute;nal international pour le Rwanda (TPIR), o&ugrave; il est accus&eacute; d&#39;avoir particip&eacute; au g&eacute;nocide de 1994.","og_url":"https:\/\/www.justiceinfo.net\/fr\/9274-070508-tpirfrance-dominique-ntawukuriryayo-sera-transfere-au-tpir6080.html","og_site_name":"JusticeInfo.net","article_publisher":"https:\/\/www.facebook.com\/JusticeInfo\/","article_published_time":"2008-05-06T22:00:00+00:00","og_image":[{"width":1200,"height":630,"url":"https:\/\/www.justiceinfo.net\/wp-content\/uploads\/JusticeInfoNet_logo_1200x630px.jpg","type":"image\/jpeg"}],"author":"solivri","twitter_card":"summary_large_image","twitter_creator":"@justiceinfonet","twitter_site":"@justiceinfonet","twitter_misc":{"\u00c9crit par":"solivri","Dur\u00e9e de lecture estim\u00e9e":"2 minutes"},"schema":{"@context":"https:\/\/schema.org","@graph":[{"@type":"NewsArticle","@id":"https:\/\/www.justiceinfo.net\/fr\/9274-070508-tpirfrance-dominique-ntawukuriryayo-sera-transfere-au-tpir6080.html#article","isPartOf":{"@id":"https:\/\/www.justiceinfo.net\/fr\/9274-070508-tpirfrance-dominique-ntawukuriryayo-sera-transfere-au-tpir6080.html"},"author":{"name":"solivri","@id":"https:\/\/www.justiceinfo.net\/fr#\/schema\/person\/6e53cba1629e2e66f3fc1821d3091865"},"headline":"07.05.08 - TPIR\/FRANCE - DOMINIQUE NTAWUKURIRYAYO SERA TRANSFERE AU TPIR","datePublished":"2008-05-06T22:00:00+00:00","mainEntityOfPage":{"@id":"https:\/\/www.justiceinfo.net\/fr\/9274-070508-tpirfrance-dominique-ntawukuriryayo-sera-transfere-au-tpir6080.html"},"wordCount":399,"commentCount":0,"publisher":{"@id":"https:\/\/www.justiceinfo.net\/fr#organization"},"articleSection":["Hirondelle News"],"inLanguage":"fr-FR","potentialAction":[{"@type":"CommentAction","name":"Comment","target":["https:\/\/www.justiceinfo.net\/fr\/9274-070508-tpirfrance-dominique-ntawukuriryayo-sera-transfere-au-tpir6080.html#respond"]}]},{"@type":"WebPage","@id":"https:\/\/www.justiceinfo.net\/fr\/9274-070508-tpirfrance-dominique-ntawukuriryayo-sera-transfere-au-tpir6080.html","url":"https:\/\/www.justiceinfo.net\/fr\/9274-070508-tpirfrance-dominique-ntawukuriryayo-sera-transfere-au-tpir6080.html","name":"07.05.08 - TPIR\/FRANCE - DOMINIQUE NTAWUKURIRYAYO SERA TRANSFERE AU TPIR - JusticeInfo.net","isPartOf":{"@id":"https:\/\/www.justiceinfo.net\/fr#website"},"datePublished":"2008-05-06T22:00:00+00:00","breadcrumb":{"@id":"https:\/\/www.justiceinfo.net\/fr\/9274-070508-tpirfrance-dominique-ntawukuriryayo-sera-transfere-au-tpir6080.html#breadcrumb"},"inLanguage":"fr-FR","potentialAction":[{"@type":"ReadAction","target":["https:\/\/www.justiceinfo.net\/fr\/9274-070508-tpirfrance-dominique-ntawukuriryayo-sera-transfere-au-tpir6080.html"]}]},{"@type":"BreadcrumbList","@id":"https:\/\/www.justiceinfo.net\/fr\/9274-070508-tpirfrance-dominique-ntawukuriryayo-sera-transfere-au-tpir6080.html#breadcrumb","itemListElement":[{"@type":"ListItem","position":1,"name":"Home","item":"https:\/\/www.justiceinfo.net\/fr"},{"@type":"ListItem","position":2,"name":"07.05.08 - TPIR\/FRANCE - DOMINIQUE NTAWUKURIRYAYO SERA TRANSFERE AU TPIR"}]},{"@type":"WebSite","@id":"https:\/\/www.justiceinfo.net\/fr#website","url":"https:\/\/www.justiceinfo.net\/fr","name":"JusticeInfo.net","description":"La justice doit \u00eatre vue pour \u00eatre rendue","publisher":{"@id":"https:\/\/www.justiceinfo.net\/fr#organization"},"potentialAction":[{"@type":"SearchAction","target":{"@type":"EntryPoint","urlTemplate":"https:\/\/www.justiceinfo.net\/fr?s={search_term_string}"},"query-input":{"@type":"PropertyValueSpecification","valueRequired":true,"valueName":"search_term_string"}}],"inLanguage":"fr-FR"},{"@type":"Organization","@id":"https:\/\/www.justiceinfo.net\/fr#organization","name":"Justice Info","url":"https:\/\/www.justiceinfo.net\/fr","logo":{"@type":"ImageObject","inLanguage":"fr-FR","@id":"https:\/\/www.justiceinfo.net\/fr#\/schema\/logo\/image\/","url":"https:\/\/www.justiceinfo.net\/wp-content\/uploads\/justiceinfo_logo-trans_1200x1200px.png","contentUrl":"https:\/\/www.justiceinfo.net\/wp-content\/uploads\/justiceinfo_logo-trans_1200x1200px.png","width":1199,"height":1200,"caption":"Justice Info"},"image":{"@id":"https:\/\/www.justiceinfo.net\/fr#\/schema\/logo\/image\/"},"sameAs":["https:\/\/www.facebook.com\/JusticeInfo\/","https:\/\/x.com\/justiceinfonet","https:\/\/www.linkedin.com\/company\/justice-info","https:\/\/www.youtube.com\/channel\/UCyCEsARodyuWtkWyhn-e7pA"]},{"@type":"Person","name":"solivri","url":"\/fr\/?s=solivri"}]}},"_links":{"self":[{"href":"https:\/\/www.justiceinfo.net\/fr\/wp-json\/wp\/v2\/posts\/9274","targetHints":{"allow":["GET"]}}],"collection":[{"href":"https:\/\/www.justiceinfo.net\/fr\/wp-json\/wp\/v2\/posts"}],"about":[{"href":"https:\/\/www.justiceinfo.net\/fr\/wp-json\/wp\/v2\/types\/post"}],"author":[{"embeddable":true,"href":"https:\/\/www.justiceinfo.net\/fr\/wp-json\/wp\/v2\/users\/64"}],"replies":[{"embeddable":true,"href":"https:\/\/www.justiceinfo.net\/fr\/wp-json\/wp\/v2\/comments?post=9274"}],"version-history":[{"count":0,"href":"https:\/\/www.justiceinfo.net\/fr\/wp-json\/wp\/v2\/posts\/9274\/revisions"}],"wp:attachment":[{"href":"https:\/\/www.justiceinfo.net\/fr\/wp-json\/wp\/v2\/media?parent=9274"}],"wp:term":[{"taxonomy":"category","embeddable":true,"href":"https:\/\/www.justiceinfo.net\/fr\/wp-json\/wp\/v2\/categories?post=9274"},{"taxonomy":"post_tag","embeddable":true,"href":"https:\/\/www.justiceinfo.net\/fr\/wp-json\/wp\/v2\/tags?post=9274"},{"taxonomy":"ji_location","embeddable":true,"href":"https:\/\/www.justiceinfo.net\/fr\/wp-json\/wp\/v2\/ji_location?post=9274"}],"curies":[{"name":"wp","href":"https:\/\/api.w.org\/{rel}","templated":true}]}}