{"id":9302,"date":"2008-05-14T00:00:00","date_gmt":"2008-05-13T22:00:00","guid":{"rendered":"https:\/\/www.justiceinfo.net\/9302-140508-tpirkaremera-le-premier-condamne-du-tpir-defend-les-leaders-du-mrnd6108.html"},"modified":"2008-05-14T00:00:00","modified_gmt":"2008-05-13T22:00:00","slug":"140508-tpirkaremera-le-premier-condamne-du-tpir-defend-les-leaders-du-mrnd6108","status":"publish","type":"post","link":"https:\/\/www.justiceinfo.net\/fr\/9302-140508-tpirkaremera-le-premier-condamne-du-tpir-defend-les-leaders-du-mrnd6108.html","title":{"rendered":"14.05.08 - TPIR\/KAREMERA - LE PREMIER CONDAMNE DU TPIR DEFEND LES LEADERS DU MRND"},"content":{"rendered":"<p>\nArusha, 14 mai 2008 (FH) - Jean-Paul Akayesu, premier condamn&eacute; du Tribunal international pour le Rwanda (TPIR), a t&eacute;moign&eacute; mercredi pour la d&eacute;fense de trois dirigeants de l'ex-parti pr&eacute;sidentiel, niant l'existence d'une entreprise criminelle &agrave; laquelle ces accus&eacute;s l'auraient associ&eacute;.\n<\/p>\n<p><!--more--><\/p>\n<p>\nCondamn&eacute; en premi&egrave;re instance le 2 octobre 1998 puis en appel le 1er juin 2001, Akayesu dirigeait la commune de Taba, dans l'ancienne pr&eacute;fecture de Gitarama (centre du Rwanda). Il a &eacute;t&eacute; appel&eacute; pour la d&eacute;fense d'Edouard Karemera, vice pr&eacute;sident du Mouvement r&eacute;publicain national pour la d&eacute;mocratie et le d&eacute;veloppement (MRND). Deux autres responsables du MRND sont accus&eacute;s &agrave; ses cot&eacute;s : Mathieu Ngirumpatse, le pr&eacute;sident, et Joseph Nzirorera, le secr&eacute;taire g&eacute;n&eacute;ral. <\/p>\n<p>&laquo;Cela n'&eacute;tait pas possible&quot; a-t-il dit &agrave; propos d'une &quot;entreprise criminelle commune&quot; que reproche le procureur aux trois accus&eacute;s et au t&eacute;moin. &quot;Ils avaient leur ligne, nous avions la n&ocirc;tre &raquo;, a affirm&eacute; avec force Akayesu, soulignant qu'il ne pouvait y avoir d'entente criminelle entre des membres du MRND et lui qui venait du Mouvement d&eacute;mocratique r&eacute;publicain (MDR). <\/p>\n<p>&laquo; Le MRND et le MDR s'opposaient, se battaient &agrave; tous les niveaux&quot; a-t-il dit. &quot;Il s'&eacute;tait cr&eacute;&eacute;e une haine, une m&eacute;fiance totale &raquo; (entre les deux partis), a d&eacute;clar&eacute; le prisonnier venu, pour sa d&eacute;position, de Bamako (Mali) o&ugrave; il est incarc&eacute;r&eacute; depuis d&eacute;cembre 2001. <\/p>\n<p>Le t&eacute;moin, v&eacute;tu d'un magnifique boubou brod&eacute; typique de l'Afrique de l'Ouest, s'est par ailleurs d&eacute;clar&eacute; &laquo; &eacute;tonn&eacute; &raquo; d'entendre les all&eacute;gations selon lesquelles Karemera aurait particip&eacute; &agrave; une r&eacute;union pr&eacute;sid&eacute;e le 18 avril 1995 &agrave; Murambi (Gitarama) par le Premier ministre Jean Kambanda, &eacute;galement en prison au Mali. <\/p>\n<p>L'ancien pr&eacute;fet de Gitarama, Fid&egrave;le Uwizeye, a d&eacute;clar&eacute;, lors de son t&eacute;moignage dans l'affaire, que Karemera avait tenu un discours incitant &agrave; l'extermination des Tutsis lors de cette r&eacute;union. <\/p>\n<p>&laquo;S'il (Uwizeye) a dit cela, il n'est pas du tout honn&ecirc;te. Il est venu mentir. Je vous le jure au nom de Dieu, Karemera n'y &eacute;tait pas. S'il avait &eacute;t&eacute; l&agrave;, je l'aurais vu. Je le connaissais &raquo;, a affirm&eacute; Akayesu. <\/p>\n<p>&laquo; Cela me rappelle des t&eacute;moins venus dans mon proc&egrave;s parachuter des choses qui n'ont jamais exist&eacute;. J'ai &eacute;t&eacute; victime de mensonges de ce genre &raquo;, a-t-il poursuivi. <\/p>\n<p>&laquo; Tr&egrave;s honn&ecirc;tement vous qui n'&ecirc;tes pas Rwandais, il y a des choses (concernant le Rwanda) que vous ne comprendrez jamais &raquo;, a ajout&eacute; le condamn&eacute; qui r&eacute;pondait aux questions de Me Dior Diagne, l'avocate s&eacute;n&eacute;galaise de Karemera. <\/p>\n<p>Accus&eacute;s de crimes de g&eacute;nocide et de crimes contre l'humanit&eacute;, Karemera, Nzirorera et Ngirumpatse plaident non coupables. <\/p>\n<p>Leur proc&egrave;s se d&eacute;roule devant une chambre pr&eacute;sid&eacute;e par le juge Dennis Byron originaire des &icirc;les de Saint-Kitts-et-Nevis. <\/p>\n<p>ER\/PB\/GF <\/p>\n<p>&copy; Agence Hirondelle<\/p>\n","protected":false},"excerpt":{"rendered":"<p>Arusha, 14 mai 2008 (FH) - Jean-Paul Akayesu, premier condamn&eacute; du Tribunal international pour le Rwanda (TPIR), a t&eacute;moign&eacute; mercredi pour la d&eacute;fense de trois dirigeants de l'ex-parti pr&eacute;sidentiel, niant l'existence d'une entreprise criminelle &agrave; laquelle ces accus&eacute;s l'auraient associ&eacute;.<\/p>\n","protected":false},"author":64,"featured_media":0,"comment_status":"open","ping_status":"closed","sticky":false,"template":"","format":"standard","meta":{"_acf_changed":false,"footnotes":""},"categories":[554],"tags":[],"ji_location":[],"class_list":["post-9302","post","type-post","status-publish","format-standard","hentry","category-hirondellenews"],"acf":[],"yoast_head":"<!-- This site is optimized with the Yoast SEO Premium plugin v25.3.1 (Yoast SEO v25.3.1) - https:\/\/yoast.com\/wordpress\/plugins\/seo\/ -->\n<title>14.05.08 - TPIR\/KAREMERA - LE PREMIER CONDAMNE DU TPIR DEFEND LES LEADERS DU MRND - JusticeInfo.net<\/title>\n<meta name=\"robots\" content=\"index, follow, max-snippet:-1, max-image-preview:large, max-video-preview:-1\" \/>\n<link rel=\"canonical\" href=\"https:\/\/www.justiceinfo.net\/fr\/9302-140508-tpirkaremera-le-premier-condamne-du-tpir-defend-les-leaders-du-mrnd6108.html\" \/>\n<meta property=\"og:locale\" content=\"fr_FR\" \/>\n<meta property=\"og:type\" content=\"article\" \/>\n<meta property=\"og:title\" content=\"14.05.08 - TPIR\/KAREMERA - LE PREMIER CONDAMNE DU TPIR DEFEND LES LEADERS DU MRND\" \/>\n<meta property=\"og:description\" content=\"Arusha, 14 mai 2008 (FH) - Jean-Paul Akayesu, premier condamn&eacute; du Tribunal international pour le Rwanda (TPIR), a t&eacute;moign&eacute; mercredi pour la d&eacute;fense de trois dirigeants de l&#039;ex-parti pr&eacute;sidentiel, niant l&#039;existence d&#039;une entreprise criminelle &agrave; laquelle ces accus&eacute;s l&#039;auraient associ&eacute;.\" \/>\n<meta property=\"og:url\" content=\"https:\/\/www.justiceinfo.net\/fr\/9302-140508-tpirkaremera-le-premier-condamne-du-tpir-defend-les-leaders-du-mrnd6108.html\" \/>\n<meta property=\"og:site_name\" content=\"JusticeInfo.net\" \/>\n<meta property=\"article:publisher\" content=\"https:\/\/www.facebook.com\/JusticeInfo\/\" \/>\n<meta property=\"article:published_time\" content=\"2008-05-13T22:00:00+00:00\" \/>\n<meta property=\"og:image\" content=\"https:\/\/www.justiceinfo.net\/wp-content\/uploads\/JusticeInfoNet_logo_1200x630px.jpg\" \/>\n\t<meta property=\"og:image:width\" content=\"1200\" \/>\n\t<meta property=\"og:image:height\" content=\"630\" \/>\n\t<meta property=\"og:image:type\" content=\"image\/jpeg\" \/>\n<meta name=\"author\" content=\"solivri\" \/>\n<meta name=\"twitter:card\" content=\"summary_large_image\" \/>\n<meta name=\"twitter:creator\" content=\"@justiceinfonet\" \/>\n<meta name=\"twitter:site\" content=\"@justiceinfonet\" \/>\n<meta name=\"twitter:label1\" content=\"\u00c9crit par\" \/>\n\t<meta name=\"twitter:data1\" content=\"solivri\" \/>\n\t<meta name=\"twitter:label2\" content=\"Dur\u00e9e de lecture estim\u00e9e\" \/>\n\t<meta name=\"twitter:data2\" content=\"3 minutes\" \/>\n<script type=\"application\/ld+json\" class=\"yoast-schema-graph\">{\"@context\":\"https:\/\/schema.org\",\"@graph\":[{\"@type\":\"NewsArticle\",\"@id\":\"https:\/\/www.justiceinfo.net\/fr\/9302-140508-tpirkaremera-le-premier-condamne-du-tpir-defend-les-leaders-du-mrnd6108.html#article\",\"isPartOf\":{\"@id\":\"https:\/\/www.justiceinfo.net\/fr\/9302-140508-tpirkaremera-le-premier-condamne-du-tpir-defend-les-leaders-du-mrnd6108.html\"},\"author\":{\"name\":\"solivri\",\"@id\":\"https:\/\/www.justiceinfo.net\/fr#\/schema\/person\/6e53cba1629e2e66f3fc1821d3091865\"},\"headline\":\"14.05.08 - TPIR\/KAREMERA - LE PREMIER CONDAMNE DU TPIR DEFEND LES LEADERS DU MRND\",\"datePublished\":\"2008-05-13T22:00:00+00:00\",\"mainEntityOfPage\":{\"@id\":\"https:\/\/www.justiceinfo.net\/fr\/9302-140508-tpirkaremera-le-premier-condamne-du-tpir-defend-les-leaders-du-mrnd6108.html\"},\"wordCount\":627,\"commentCount\":0,\"publisher\":{\"@id\":\"https:\/\/www.justiceinfo.net\/fr#organization\"},\"articleSection\":[\"Hirondelle News\"],\"inLanguage\":\"fr-FR\",\"potentialAction\":[{\"@type\":\"CommentAction\",\"name\":\"Comment\",\"target\":[\"https:\/\/www.justiceinfo.net\/fr\/9302-140508-tpirkaremera-le-premier-condamne-du-tpir-defend-les-leaders-du-mrnd6108.html#respond\"]}]},{\"@type\":\"WebPage\",\"@id\":\"https:\/\/www.justiceinfo.net\/fr\/9302-140508-tpirkaremera-le-premier-condamne-du-tpir-defend-les-leaders-du-mrnd6108.html\",\"url\":\"https:\/\/www.justiceinfo.net\/fr\/9302-140508-tpirkaremera-le-premier-condamne-du-tpir-defend-les-leaders-du-mrnd6108.html\",\"name\":\"14.05.08 - TPIR\/KAREMERA - LE PREMIER CONDAMNE DU TPIR DEFEND LES LEADERS DU MRND - JusticeInfo.net\",\"isPartOf\":{\"@id\":\"https:\/\/www.justiceinfo.net\/fr#website\"},\"datePublished\":\"2008-05-13T22:00:00+00:00\",\"breadcrumb\":{\"@id\":\"https:\/\/www.justiceinfo.net\/fr\/9302-140508-tpirkaremera-le-premier-condamne-du-tpir-defend-les-leaders-du-mrnd6108.html#breadcrumb\"},\"inLanguage\":\"fr-FR\",\"potentialAction\":[{\"@type\":\"ReadAction\",\"target\":[\"https:\/\/www.justiceinfo.net\/fr\/9302-140508-tpirkaremera-le-premier-condamne-du-tpir-defend-les-leaders-du-mrnd6108.html\"]}]},{\"@type\":\"BreadcrumbList\",\"@id\":\"https:\/\/www.justiceinfo.net\/fr\/9302-140508-tpirkaremera-le-premier-condamne-du-tpir-defend-les-leaders-du-mrnd6108.html#breadcrumb\",\"itemListElement\":[{\"@type\":\"ListItem\",\"position\":1,\"name\":\"Home\",\"item\":\"https:\/\/www.justiceinfo.net\/fr\"},{\"@type\":\"ListItem\",\"position\":2,\"name\":\"14.05.08 - TPIR\/KAREMERA - LE PREMIER CONDAMNE DU TPIR DEFEND LES LEADERS DU MRND\"}]},{\"@type\":\"WebSite\",\"@id\":\"https:\/\/www.justiceinfo.net\/fr#website\",\"url\":\"https:\/\/www.justiceinfo.net\/fr\",\"name\":\"JusticeInfo.net\",\"description\":\"La justice doit \u00eatre vue pour \u00eatre rendue\",\"publisher\":{\"@id\":\"https:\/\/www.justiceinfo.net\/fr#organization\"},\"potentialAction\":[{\"@type\":\"SearchAction\",\"target\":{\"@type\":\"EntryPoint\",\"urlTemplate\":\"https:\/\/www.justiceinfo.net\/fr?s={search_term_string}\"},\"query-input\":{\"@type\":\"PropertyValueSpecification\",\"valueRequired\":true,\"valueName\":\"search_term_string\"}}],\"inLanguage\":\"fr-FR\"},{\"@type\":\"Organization\",\"@id\":\"https:\/\/www.justiceinfo.net\/fr#organization\",\"name\":\"Justice Info\",\"url\":\"https:\/\/www.justiceinfo.net\/fr\",\"logo\":{\"@type\":\"ImageObject\",\"inLanguage\":\"fr-FR\",\"@id\":\"https:\/\/www.justiceinfo.net\/fr#\/schema\/logo\/image\/\",\"url\":\"https:\/\/www.justiceinfo.net\/wp-content\/uploads\/justiceinfo_logo-trans_1200x1200px.png\",\"contentUrl\":\"https:\/\/www.justiceinfo.net\/wp-content\/uploads\/justiceinfo_logo-trans_1200x1200px.png\",\"width\":1199,\"height\":1200,\"caption\":\"Justice Info\"},\"image\":{\"@id\":\"https:\/\/www.justiceinfo.net\/fr#\/schema\/logo\/image\/\"},\"sameAs\":[\"https:\/\/www.facebook.com\/JusticeInfo\/\",\"https:\/\/x.com\/justiceinfonet\",\"https:\/\/www.linkedin.com\/company\/justice-info\",\"https:\/\/www.youtube.com\/channel\/UCyCEsARodyuWtkWyhn-e7pA\"]},{\"@type\":\"Person\",\"name\":\"solivri\",\"url\":\"\/fr\/?s=solivri\"}]}<\/script>\n<!-- \/ Yoast SEO Premium plugin. -->","yoast_head_json":{"title":"14.05.08 - TPIR\/KAREMERA - LE PREMIER CONDAMNE DU TPIR DEFEND LES LEADERS DU MRND - JusticeInfo.net","robots":{"index":"index","follow":"follow","max-snippet":"max-snippet:-1","max-image-preview":"max-image-preview:large","max-video-preview":"max-video-preview:-1"},"canonical":"https:\/\/www.justiceinfo.net\/fr\/9302-140508-tpirkaremera-le-premier-condamne-du-tpir-defend-les-leaders-du-mrnd6108.html","og_locale":"fr_FR","og_type":"article","og_title":"14.05.08 - TPIR\/KAREMERA - LE PREMIER CONDAMNE DU TPIR DEFEND LES LEADERS DU MRND","og_description":"Arusha, 14 mai 2008 (FH) - Jean-Paul Akayesu, premier condamn&eacute; du Tribunal international pour le Rwanda (TPIR), a t&eacute;moign&eacute; mercredi pour la d&eacute;fense de trois dirigeants de l'ex-parti pr&eacute;sidentiel, niant l'existence d'une entreprise criminelle &agrave; laquelle ces accus&eacute;s l'auraient associ&eacute;.","og_url":"https:\/\/www.justiceinfo.net\/fr\/9302-140508-tpirkaremera-le-premier-condamne-du-tpir-defend-les-leaders-du-mrnd6108.html","og_site_name":"JusticeInfo.net","article_publisher":"https:\/\/www.facebook.com\/JusticeInfo\/","article_published_time":"2008-05-13T22:00:00+00:00","og_image":[{"width":1200,"height":630,"url":"https:\/\/www.justiceinfo.net\/wp-content\/uploads\/JusticeInfoNet_logo_1200x630px.jpg","type":"image\/jpeg"}],"author":"solivri","twitter_card":"summary_large_image","twitter_creator":"@justiceinfonet","twitter_site":"@justiceinfonet","twitter_misc":{"\u00c9crit par":"solivri","Dur\u00e9e de lecture estim\u00e9e":"3 minutes"},"schema":{"@context":"https:\/\/schema.org","@graph":[{"@type":"NewsArticle","@id":"https:\/\/www.justiceinfo.net\/fr\/9302-140508-tpirkaremera-le-premier-condamne-du-tpir-defend-les-leaders-du-mrnd6108.html#article","isPartOf":{"@id":"https:\/\/www.justiceinfo.net\/fr\/9302-140508-tpirkaremera-le-premier-condamne-du-tpir-defend-les-leaders-du-mrnd6108.html"},"author":{"name":"solivri","@id":"https:\/\/www.justiceinfo.net\/fr#\/schema\/person\/6e53cba1629e2e66f3fc1821d3091865"},"headline":"14.05.08 - TPIR\/KAREMERA - LE PREMIER CONDAMNE DU TPIR DEFEND LES LEADERS DU MRND","datePublished":"2008-05-13T22:00:00+00:00","mainEntityOfPage":{"@id":"https:\/\/www.justiceinfo.net\/fr\/9302-140508-tpirkaremera-le-premier-condamne-du-tpir-defend-les-leaders-du-mrnd6108.html"},"wordCount":627,"commentCount":0,"publisher":{"@id":"https:\/\/www.justiceinfo.net\/fr#organization"},"articleSection":["Hirondelle News"],"inLanguage":"fr-FR","potentialAction":[{"@type":"CommentAction","name":"Comment","target":["https:\/\/www.justiceinfo.net\/fr\/9302-140508-tpirkaremera-le-premier-condamne-du-tpir-defend-les-leaders-du-mrnd6108.html#respond"]}]},{"@type":"WebPage","@id":"https:\/\/www.justiceinfo.net\/fr\/9302-140508-tpirkaremera-le-premier-condamne-du-tpir-defend-les-leaders-du-mrnd6108.html","url":"https:\/\/www.justiceinfo.net\/fr\/9302-140508-tpirkaremera-le-premier-condamne-du-tpir-defend-les-leaders-du-mrnd6108.html","name":"14.05.08 - TPIR\/KAREMERA - LE PREMIER CONDAMNE DU TPIR DEFEND LES LEADERS DU MRND - JusticeInfo.net","isPartOf":{"@id":"https:\/\/www.justiceinfo.net\/fr#website"},"datePublished":"2008-05-13T22:00:00+00:00","breadcrumb":{"@id":"https:\/\/www.justiceinfo.net\/fr\/9302-140508-tpirkaremera-le-premier-condamne-du-tpir-defend-les-leaders-du-mrnd6108.html#breadcrumb"},"inLanguage":"fr-FR","potentialAction":[{"@type":"ReadAction","target":["https:\/\/www.justiceinfo.net\/fr\/9302-140508-tpirkaremera-le-premier-condamne-du-tpir-defend-les-leaders-du-mrnd6108.html"]}]},{"@type":"BreadcrumbList","@id":"https:\/\/www.justiceinfo.net\/fr\/9302-140508-tpirkaremera-le-premier-condamne-du-tpir-defend-les-leaders-du-mrnd6108.html#breadcrumb","itemListElement":[{"@type":"ListItem","position":1,"name":"Home","item":"https:\/\/www.justiceinfo.net\/fr"},{"@type":"ListItem","position":2,"name":"14.05.08 - TPIR\/KAREMERA - LE PREMIER CONDAMNE DU TPIR DEFEND LES LEADERS DU MRND"}]},{"@type":"WebSite","@id":"https:\/\/www.justiceinfo.net\/fr#website","url":"https:\/\/www.justiceinfo.net\/fr","name":"JusticeInfo.net","description":"La justice doit \u00eatre vue pour \u00eatre rendue","publisher":{"@id":"https:\/\/www.justiceinfo.net\/fr#organization"},"potentialAction":[{"@type":"SearchAction","target":{"@type":"EntryPoint","urlTemplate":"https:\/\/www.justiceinfo.net\/fr?s={search_term_string}"},"query-input":{"@type":"PropertyValueSpecification","valueRequired":true,"valueName":"search_term_string"}}],"inLanguage":"fr-FR"},{"@type":"Organization","@id":"https:\/\/www.justiceinfo.net\/fr#organization","name":"Justice Info","url":"https:\/\/www.justiceinfo.net\/fr","logo":{"@type":"ImageObject","inLanguage":"fr-FR","@id":"https:\/\/www.justiceinfo.net\/fr#\/schema\/logo\/image\/","url":"https:\/\/www.justiceinfo.net\/wp-content\/uploads\/justiceinfo_logo-trans_1200x1200px.png","contentUrl":"https:\/\/www.justiceinfo.net\/wp-content\/uploads\/justiceinfo_logo-trans_1200x1200px.png","width":1199,"height":1200,"caption":"Justice Info"},"image":{"@id":"https:\/\/www.justiceinfo.net\/fr#\/schema\/logo\/image\/"},"sameAs":["https:\/\/www.facebook.com\/JusticeInfo\/","https:\/\/x.com\/justiceinfonet","https:\/\/www.linkedin.com\/company\/justice-info","https:\/\/www.youtube.com\/channel\/UCyCEsARodyuWtkWyhn-e7pA"]},{"@type":"Person","name":"solivri","url":"\/fr\/?s=solivri"}]}},"_links":{"self":[{"href":"https:\/\/www.justiceinfo.net\/fr\/wp-json\/wp\/v2\/posts\/9302","targetHints":{"allow":["GET"]}}],"collection":[{"href":"https:\/\/www.justiceinfo.net\/fr\/wp-json\/wp\/v2\/posts"}],"about":[{"href":"https:\/\/www.justiceinfo.net\/fr\/wp-json\/wp\/v2\/types\/post"}],"author":[{"embeddable":true,"href":"https:\/\/www.justiceinfo.net\/fr\/wp-json\/wp\/v2\/users\/64"}],"replies":[{"embeddable":true,"href":"https:\/\/www.justiceinfo.net\/fr\/wp-json\/wp\/v2\/comments?post=9302"}],"version-history":[{"count":0,"href":"https:\/\/www.justiceinfo.net\/fr\/wp-json\/wp\/v2\/posts\/9302\/revisions"}],"wp:attachment":[{"href":"https:\/\/www.justiceinfo.net\/fr\/wp-json\/wp\/v2\/media?parent=9302"}],"wp:term":[{"taxonomy":"category","embeddable":true,"href":"https:\/\/www.justiceinfo.net\/fr\/wp-json\/wp\/v2\/categories?post=9302"},{"taxonomy":"post_tag","embeddable":true,"href":"https:\/\/www.justiceinfo.net\/fr\/wp-json\/wp\/v2\/tags?post=9302"},{"taxonomy":"ji_location","embeddable":true,"href":"https:\/\/www.justiceinfo.net\/fr\/wp-json\/wp\/v2\/ji_location?post=9302"}],"curies":[{"name":"wp","href":"https:\/\/api.w.org\/{rel}","templated":true}]}}