{"id":9336,"date":"2008-05-21T00:00:00","date_gmt":"2008-05-20T22:00:00","guid":{"rendered":"https:\/\/www.justiceinfo.net\/9336-210508-tpirchambres-net-ralentissement-de-lactivite-des-chambres-du-tpir6142.html"},"modified":"2008-05-21T00:00:00","modified_gmt":"2008-05-20T22:00:00","slug":"210508-tpirchambres-net-ralentissement-de-lactivite-des-chambres-du-tpir6142","status":"publish","type":"post","link":"https:\/\/www.justiceinfo.net\/fr\/9336-210508-tpirchambres-net-ralentissement-de-lactivite-des-chambres-du-tpir6142.html","title":{"rendered":"21.05.08 - TPIR\/CHAMBRES - NET RALENTISSEMENT DE L'ACTIVITE DES CHAMBRES DU TPIR"},"content":{"rendered":"<p>\nArusha, 21 mai 2008 (FH) - L'activit&eacute; des trois chambres du Tribunal p&eacute;nal international pour le Rwanda (TPIR) a s&eacute;rieusement ralenti au cours de l'ann&eacute;e &eacute;coul&eacute;e, alors que le pr&eacute;sident du tribunal s'appr&ecirc;te &agrave; pr&eacute;senter en juin son bilan devant le Conseil de s&eacute;curit&eacute; des Nations Unies. <\/p>\n<p><!--more--><\/p>\n<p>\nAu cours de l'ann&eacute;e &eacute;coul&eacute;e jusqu'au 30 avril dernier, selon un d&eacute;compte en possession de l'agence Hirondelle, les trois chambres du TPIR avaient si&eacute;g&eacute; pr&eacute;s de 4000 heures alors qu'au cours de la m&ecirc;me p&eacute;riode de l'ann&eacute;e pr&eacute;c&eacute;dente elles avaient si&eacute;g&eacute; environ 4500 heures. Pour les quatre premiers mois de cette ann&eacute;e par rapport &agrave; ceux de 2007 la r&eacute;duction d'activit&eacute; est d'environ 25%. <\/p>\n<p>Cette baisse d'activit&eacute; alors que le TPIR aborde th&eacute;oriquement la derni&egrave;re ann&eacute;e de ses proc&egrave;s en premi&egrave;re instance est due notamment au fait que de nombreux proc&egrave;s en sont &agrave; une phase d'&eacute;criture de jugement. D'importants proc&egrave;s sont par ailleurs arriv&eacute;s &agrave; la phase de pr&eacute;sentation des preuves de la d&eacute;fense, et cet exercice s'av&egrave;re difficile. <\/p>\n<p>En effet, contrairement &agrave; l'accusation qui pouvait trouver des t&eacute;moins facilement au Rwanda et particuli&egrave;rement dans les prisons, o&ugrave; les autorit&eacute;s facilitaient le travail du bureau du procureur, les avocats doivent parcourir le monde pour trouver quelqu'un qui accepte de venir s'exposer en prenant la d&eacute;fense d'un ancien responsable accus&eacute; de g&eacute;nocide. <\/p>\n<p>Cette baisse d'activit&eacute; vient &eacute;galement des difficult&eacute;s que rencontre le TPIR pour mobiliser ses mille employ&eacute;s, dont la seule perspective est la fermeture &agrave; terme. Par crainte d'une aggravation de ce laissez-aller, les responsables du tribunal, &agrave; qui les Nations Unies ont refus&eacute; la mise en place d'une prime incitative, ont r&eacute;duit de six &agrave; trois mois le d&eacute;lai de pr&eacute;avis pour mettre un terme aux contrats. <\/p>\n<p>De sa cr&eacute;ation en 1994 &agrave; la fin de l'ann&eacute;e 2007, le TPIR a co&ucirc;t&eacute; plus d'un milliard de dollars et a jug&eacute; 35 personnes. Une trentaine sont en cours de jugement mais six attendent encore d'&ecirc;tre jug&eacute;s alors que 13 sont en fuite. Le Conseil de S&eacute;curit&eacute; a ordonn&eacute; que les proc&egrave;s en premi&egrave;re instance soient finis &agrave; la fin de cette ann&eacute;e et en 2010 pour les proc&eacute;dures d'appel. D&eacute;j&agrave; deux proc&egrave;s sont annonc&eacute;s pour se poursuivre au del&agrave; de cette ann&eacute;e sans qu'aucune d&eacute;cision n'ait &eacute;t&eacute; prise pour les accus&eacute;s en attente. <\/p>\n<p>PB\/GF <\/p>\n<p>&copy; Agence Hirondelle<\/p>\n","protected":false},"excerpt":{"rendered":"<p>Arusha, 21 mai 2008 (FH) - L'activit&eacute; des trois chambres du Tribunal p&eacute;nal international pour le Rwanda (TPIR) a s&eacute;rieusement ralenti au cours de l'ann&eacute;e &eacute;coul&eacute;e, alors que le pr&eacute;sident du tribunal s'appr&ecirc;te &agrave; pr&eacute;senter en juin son bilan devant le Conseil de s&eacute;curit&eacute; des Nations Unies.<\/p>\n","protected":false},"author":64,"featured_media":0,"comment_status":"open","ping_status":"closed","sticky":false,"template":"","format":"standard","meta":{"_acf_changed":false,"footnotes":""},"categories":[554],"tags":[],"ji_location":[],"class_list":["post-9336","post","type-post","status-publish","format-standard","hentry","category-hirondellenews"],"acf":[],"yoast_head":"<!-- This site is optimized with the Yoast SEO Premium plugin v25.3.1 (Yoast SEO v25.3.1) - https:\/\/yoast.com\/wordpress\/plugins\/seo\/ -->\n<title>21.05.08 - TPIR\/CHAMBRES - NET RALENTISSEMENT DE L&#039;ACTIVITE DES CHAMBRES DU TPIR - JusticeInfo.net<\/title>\n<meta name=\"robots\" content=\"index, follow, max-snippet:-1, max-image-preview:large, max-video-preview:-1\" \/>\n<link rel=\"canonical\" href=\"https:\/\/www.justiceinfo.net\/fr\/9336-210508-tpirchambres-net-ralentissement-de-lactivite-des-chambres-du-tpir6142.html\" \/>\n<meta property=\"og:locale\" content=\"fr_FR\" \/>\n<meta property=\"og:type\" content=\"article\" \/>\n<meta property=\"og:title\" content=\"21.05.08 - TPIR\/CHAMBRES - NET RALENTISSEMENT DE L&#039;ACTIVITE DES CHAMBRES DU TPIR\" \/>\n<meta property=\"og:description\" content=\"Arusha, 21 mai 2008 (FH) - L&#039;activit&eacute; des trois chambres du Tribunal p&eacute;nal international pour le Rwanda (TPIR) a s&eacute;rieusement ralenti au cours de l&#039;ann&eacute;e &eacute;coul&eacute;e, alors que le pr&eacute;sident du tribunal s&#039;appr&ecirc;te &agrave; pr&eacute;senter en juin son bilan devant le Conseil de s&eacute;curit&eacute; des Nations Unies.\" \/>\n<meta property=\"og:url\" content=\"https:\/\/www.justiceinfo.net\/fr\/9336-210508-tpirchambres-net-ralentissement-de-lactivite-des-chambres-du-tpir6142.html\" \/>\n<meta property=\"og:site_name\" content=\"JusticeInfo.net\" \/>\n<meta property=\"article:publisher\" content=\"https:\/\/www.facebook.com\/JusticeInfo\/\" \/>\n<meta property=\"article:published_time\" content=\"2008-05-20T22:00:00+00:00\" \/>\n<meta property=\"og:image\" content=\"https:\/\/www.justiceinfo.net\/wp-content\/uploads\/JusticeInfoNet_logo_1200x630px.jpg\" \/>\n\t<meta property=\"og:image:width\" content=\"1200\" \/>\n\t<meta property=\"og:image:height\" content=\"630\" \/>\n\t<meta property=\"og:image:type\" content=\"image\/jpeg\" \/>\n<meta name=\"author\" content=\"solivri\" \/>\n<meta name=\"twitter:card\" content=\"summary_large_image\" \/>\n<meta name=\"twitter:creator\" content=\"@justiceinfonet\" \/>\n<meta name=\"twitter:site\" content=\"@justiceinfonet\" \/>\n<meta name=\"twitter:label1\" content=\"\u00c9crit par\" \/>\n\t<meta name=\"twitter:data1\" content=\"solivri\" \/>\n\t<meta name=\"twitter:label2\" content=\"Dur\u00e9e de lecture estim\u00e9e\" \/>\n\t<meta name=\"twitter:data2\" content=\"3 minutes\" \/>\n<script type=\"application\/ld+json\" class=\"yoast-schema-graph\">{\"@context\":\"https:\/\/schema.org\",\"@graph\":[{\"@type\":\"NewsArticle\",\"@id\":\"https:\/\/www.justiceinfo.net\/fr\/9336-210508-tpirchambres-net-ralentissement-de-lactivite-des-chambres-du-tpir6142.html#article\",\"isPartOf\":{\"@id\":\"https:\/\/www.justiceinfo.net\/fr\/9336-210508-tpirchambres-net-ralentissement-de-lactivite-des-chambres-du-tpir6142.html\"},\"author\":{\"name\":\"solivri\",\"@id\":\"https:\/\/www.justiceinfo.net\/fr#\/schema\/person\/6e53cba1629e2e66f3fc1821d3091865\"},\"headline\":\"21.05.08 - TPIR\/CHAMBRES - NET RALENTISSEMENT DE L'ACTIVITE DES CHAMBRES DU TPIR\",\"datePublished\":\"2008-05-20T22:00:00+00:00\",\"mainEntityOfPage\":{\"@id\":\"https:\/\/www.justiceinfo.net\/fr\/9336-210508-tpirchambres-net-ralentissement-de-lactivite-des-chambres-du-tpir6142.html\"},\"wordCount\":551,\"commentCount\":0,\"publisher\":{\"@id\":\"https:\/\/www.justiceinfo.net\/fr#organization\"},\"articleSection\":[\"Hirondelle News\"],\"inLanguage\":\"fr-FR\",\"potentialAction\":[{\"@type\":\"CommentAction\",\"name\":\"Comment\",\"target\":[\"https:\/\/www.justiceinfo.net\/fr\/9336-210508-tpirchambres-net-ralentissement-de-lactivite-des-chambres-du-tpir6142.html#respond\"]}]},{\"@type\":\"WebPage\",\"@id\":\"https:\/\/www.justiceinfo.net\/fr\/9336-210508-tpirchambres-net-ralentissement-de-lactivite-des-chambres-du-tpir6142.html\",\"url\":\"https:\/\/www.justiceinfo.net\/fr\/9336-210508-tpirchambres-net-ralentissement-de-lactivite-des-chambres-du-tpir6142.html\",\"name\":\"21.05.08 - TPIR\/CHAMBRES - NET RALENTISSEMENT DE L'ACTIVITE DES CHAMBRES DU TPIR - JusticeInfo.net\",\"isPartOf\":{\"@id\":\"https:\/\/www.justiceinfo.net\/fr#website\"},\"datePublished\":\"2008-05-20T22:00:00+00:00\",\"breadcrumb\":{\"@id\":\"https:\/\/www.justiceinfo.net\/fr\/9336-210508-tpirchambres-net-ralentissement-de-lactivite-des-chambres-du-tpir6142.html#breadcrumb\"},\"inLanguage\":\"fr-FR\",\"potentialAction\":[{\"@type\":\"ReadAction\",\"target\":[\"https:\/\/www.justiceinfo.net\/fr\/9336-210508-tpirchambres-net-ralentissement-de-lactivite-des-chambres-du-tpir6142.html\"]}]},{\"@type\":\"BreadcrumbList\",\"@id\":\"https:\/\/www.justiceinfo.net\/fr\/9336-210508-tpirchambres-net-ralentissement-de-lactivite-des-chambres-du-tpir6142.html#breadcrumb\",\"itemListElement\":[{\"@type\":\"ListItem\",\"position\":1,\"name\":\"Home\",\"item\":\"https:\/\/www.justiceinfo.net\/fr\"},{\"@type\":\"ListItem\",\"position\":2,\"name\":\"21.05.08 - TPIR\/CHAMBRES - NET RALENTISSEMENT DE L'ACTIVITE DES CHAMBRES DU TPIR\"}]},{\"@type\":\"WebSite\",\"@id\":\"https:\/\/www.justiceinfo.net\/fr#website\",\"url\":\"https:\/\/www.justiceinfo.net\/fr\",\"name\":\"JusticeInfo.net\",\"description\":\"La justice doit \u00eatre vue pour \u00eatre rendue\",\"publisher\":{\"@id\":\"https:\/\/www.justiceinfo.net\/fr#organization\"},\"potentialAction\":[{\"@type\":\"SearchAction\",\"target\":{\"@type\":\"EntryPoint\",\"urlTemplate\":\"https:\/\/www.justiceinfo.net\/fr?s={search_term_string}\"},\"query-input\":{\"@type\":\"PropertyValueSpecification\",\"valueRequired\":true,\"valueName\":\"search_term_string\"}}],\"inLanguage\":\"fr-FR\"},{\"@type\":\"Organization\",\"@id\":\"https:\/\/www.justiceinfo.net\/fr#organization\",\"name\":\"Justice Info\",\"url\":\"https:\/\/www.justiceinfo.net\/fr\",\"logo\":{\"@type\":\"ImageObject\",\"inLanguage\":\"fr-FR\",\"@id\":\"https:\/\/www.justiceinfo.net\/fr#\/schema\/logo\/image\/\",\"url\":\"https:\/\/www.justiceinfo.net\/wp-content\/uploads\/justiceinfo_logo-trans_1200x1200px.png\",\"contentUrl\":\"https:\/\/www.justiceinfo.net\/wp-content\/uploads\/justiceinfo_logo-trans_1200x1200px.png\",\"width\":1199,\"height\":1200,\"caption\":\"Justice Info\"},\"image\":{\"@id\":\"https:\/\/www.justiceinfo.net\/fr#\/schema\/logo\/image\/\"},\"sameAs\":[\"https:\/\/www.facebook.com\/JusticeInfo\/\",\"https:\/\/x.com\/justiceinfonet\",\"https:\/\/www.linkedin.com\/company\/justice-info\",\"https:\/\/www.youtube.com\/channel\/UCyCEsARodyuWtkWyhn-e7pA\"]},{\"@type\":\"Person\",\"name\":\"solivri\",\"url\":\"\/fr\/?s=solivri\"}]}<\/script>\n<!-- \/ Yoast SEO Premium plugin. -->","yoast_head_json":{"title":"21.05.08 - TPIR\/CHAMBRES - NET RALENTISSEMENT DE L'ACTIVITE DES CHAMBRES DU TPIR - JusticeInfo.net","robots":{"index":"index","follow":"follow","max-snippet":"max-snippet:-1","max-image-preview":"max-image-preview:large","max-video-preview":"max-video-preview:-1"},"canonical":"https:\/\/www.justiceinfo.net\/fr\/9336-210508-tpirchambres-net-ralentissement-de-lactivite-des-chambres-du-tpir6142.html","og_locale":"fr_FR","og_type":"article","og_title":"21.05.08 - TPIR\/CHAMBRES - NET RALENTISSEMENT DE L'ACTIVITE DES CHAMBRES DU TPIR","og_description":"Arusha, 21 mai 2008 (FH) - L'activit&eacute; des trois chambres du Tribunal p&eacute;nal international pour le Rwanda (TPIR) a s&eacute;rieusement ralenti au cours de l'ann&eacute;e &eacute;coul&eacute;e, alors que le pr&eacute;sident du tribunal s'appr&ecirc;te &agrave; pr&eacute;senter en juin son bilan devant le Conseil de s&eacute;curit&eacute; des Nations Unies.","og_url":"https:\/\/www.justiceinfo.net\/fr\/9336-210508-tpirchambres-net-ralentissement-de-lactivite-des-chambres-du-tpir6142.html","og_site_name":"JusticeInfo.net","article_publisher":"https:\/\/www.facebook.com\/JusticeInfo\/","article_published_time":"2008-05-20T22:00:00+00:00","og_image":[{"width":1200,"height":630,"url":"https:\/\/www.justiceinfo.net\/wp-content\/uploads\/JusticeInfoNet_logo_1200x630px.jpg","type":"image\/jpeg"}],"author":"solivri","twitter_card":"summary_large_image","twitter_creator":"@justiceinfonet","twitter_site":"@justiceinfonet","twitter_misc":{"\u00c9crit par":"solivri","Dur\u00e9e de lecture estim\u00e9e":"3 minutes"},"schema":{"@context":"https:\/\/schema.org","@graph":[{"@type":"NewsArticle","@id":"https:\/\/www.justiceinfo.net\/fr\/9336-210508-tpirchambres-net-ralentissement-de-lactivite-des-chambres-du-tpir6142.html#article","isPartOf":{"@id":"https:\/\/www.justiceinfo.net\/fr\/9336-210508-tpirchambres-net-ralentissement-de-lactivite-des-chambres-du-tpir6142.html"},"author":{"name":"solivri","@id":"https:\/\/www.justiceinfo.net\/fr#\/schema\/person\/6e53cba1629e2e66f3fc1821d3091865"},"headline":"21.05.08 - TPIR\/CHAMBRES - NET RALENTISSEMENT DE L'ACTIVITE DES CHAMBRES DU TPIR","datePublished":"2008-05-20T22:00:00+00:00","mainEntityOfPage":{"@id":"https:\/\/www.justiceinfo.net\/fr\/9336-210508-tpirchambres-net-ralentissement-de-lactivite-des-chambres-du-tpir6142.html"},"wordCount":551,"commentCount":0,"publisher":{"@id":"https:\/\/www.justiceinfo.net\/fr#organization"},"articleSection":["Hirondelle News"],"inLanguage":"fr-FR","potentialAction":[{"@type":"CommentAction","name":"Comment","target":["https:\/\/www.justiceinfo.net\/fr\/9336-210508-tpirchambres-net-ralentissement-de-lactivite-des-chambres-du-tpir6142.html#respond"]}]},{"@type":"WebPage","@id":"https:\/\/www.justiceinfo.net\/fr\/9336-210508-tpirchambres-net-ralentissement-de-lactivite-des-chambres-du-tpir6142.html","url":"https:\/\/www.justiceinfo.net\/fr\/9336-210508-tpirchambres-net-ralentissement-de-lactivite-des-chambres-du-tpir6142.html","name":"21.05.08 - TPIR\/CHAMBRES - NET RALENTISSEMENT DE L'ACTIVITE DES CHAMBRES DU TPIR - JusticeInfo.net","isPartOf":{"@id":"https:\/\/www.justiceinfo.net\/fr#website"},"datePublished":"2008-05-20T22:00:00+00:00","breadcrumb":{"@id":"https:\/\/www.justiceinfo.net\/fr\/9336-210508-tpirchambres-net-ralentissement-de-lactivite-des-chambres-du-tpir6142.html#breadcrumb"},"inLanguage":"fr-FR","potentialAction":[{"@type":"ReadAction","target":["https:\/\/www.justiceinfo.net\/fr\/9336-210508-tpirchambres-net-ralentissement-de-lactivite-des-chambres-du-tpir6142.html"]}]},{"@type":"BreadcrumbList","@id":"https:\/\/www.justiceinfo.net\/fr\/9336-210508-tpirchambres-net-ralentissement-de-lactivite-des-chambres-du-tpir6142.html#breadcrumb","itemListElement":[{"@type":"ListItem","position":1,"name":"Home","item":"https:\/\/www.justiceinfo.net\/fr"},{"@type":"ListItem","position":2,"name":"21.05.08 - TPIR\/CHAMBRES - NET RALENTISSEMENT DE L'ACTIVITE DES CHAMBRES DU TPIR"}]},{"@type":"WebSite","@id":"https:\/\/www.justiceinfo.net\/fr#website","url":"https:\/\/www.justiceinfo.net\/fr","name":"JusticeInfo.net","description":"La justice doit \u00eatre vue pour \u00eatre rendue","publisher":{"@id":"https:\/\/www.justiceinfo.net\/fr#organization"},"potentialAction":[{"@type":"SearchAction","target":{"@type":"EntryPoint","urlTemplate":"https:\/\/www.justiceinfo.net\/fr?s={search_term_string}"},"query-input":{"@type":"PropertyValueSpecification","valueRequired":true,"valueName":"search_term_string"}}],"inLanguage":"fr-FR"},{"@type":"Organization","@id":"https:\/\/www.justiceinfo.net\/fr#organization","name":"Justice Info","url":"https:\/\/www.justiceinfo.net\/fr","logo":{"@type":"ImageObject","inLanguage":"fr-FR","@id":"https:\/\/www.justiceinfo.net\/fr#\/schema\/logo\/image\/","url":"https:\/\/www.justiceinfo.net\/wp-content\/uploads\/justiceinfo_logo-trans_1200x1200px.png","contentUrl":"https:\/\/www.justiceinfo.net\/wp-content\/uploads\/justiceinfo_logo-trans_1200x1200px.png","width":1199,"height":1200,"caption":"Justice Info"},"image":{"@id":"https:\/\/www.justiceinfo.net\/fr#\/schema\/logo\/image\/"},"sameAs":["https:\/\/www.facebook.com\/JusticeInfo\/","https:\/\/x.com\/justiceinfonet","https:\/\/www.linkedin.com\/company\/justice-info","https:\/\/www.youtube.com\/channel\/UCyCEsARodyuWtkWyhn-e7pA"]},{"@type":"Person","name":"solivri","url":"\/fr\/?s=solivri"}]}},"_links":{"self":[{"href":"https:\/\/www.justiceinfo.net\/fr\/wp-json\/wp\/v2\/posts\/9336","targetHints":{"allow":["GET"]}}],"collection":[{"href":"https:\/\/www.justiceinfo.net\/fr\/wp-json\/wp\/v2\/posts"}],"about":[{"href":"https:\/\/www.justiceinfo.net\/fr\/wp-json\/wp\/v2\/types\/post"}],"author":[{"embeddable":true,"href":"https:\/\/www.justiceinfo.net\/fr\/wp-json\/wp\/v2\/users\/64"}],"replies":[{"embeddable":true,"href":"https:\/\/www.justiceinfo.net\/fr\/wp-json\/wp\/v2\/comments?post=9336"}],"version-history":[{"count":0,"href":"https:\/\/www.justiceinfo.net\/fr\/wp-json\/wp\/v2\/posts\/9336\/revisions"}],"wp:attachment":[{"href":"https:\/\/www.justiceinfo.net\/fr\/wp-json\/wp\/v2\/media?parent=9336"}],"wp:term":[{"taxonomy":"category","embeddable":true,"href":"https:\/\/www.justiceinfo.net\/fr\/wp-json\/wp\/v2\/categories?post=9336"},{"taxonomy":"post_tag","embeddable":true,"href":"https:\/\/www.justiceinfo.net\/fr\/wp-json\/wp\/v2\/tags?post=9336"},{"taxonomy":"ji_location","embeddable":true,"href":"https:\/\/www.justiceinfo.net\/fr\/wp-json\/wp\/v2\/ji_location?post=9336"}],"curies":[{"name":"wp","href":"https:\/\/api.w.org\/{rel}","templated":true}]}}