{"id":9340,"date":"2008-05-22T00:00:00","date_gmt":"2008-05-21T22:00:00","guid":{"rendered":"https:\/\/www.justiceinfo.net\/9340-220508-rwandabelgique-nkezabera-sera-juge-devant-les-assises-mais-pas-pour-genocide6146.html"},"modified":"2008-05-22T00:00:00","modified_gmt":"2008-05-21T22:00:00","slug":"220508-rwandabelgique-nkezabera-sera-juge-devant-les-assises-mais-pas-pour-genocide6146","status":"publish","type":"post","link":"https:\/\/www.justiceinfo.net\/fr\/9340-220508-rwandabelgique-nkezabera-sera-juge-devant-les-assises-mais-pas-pour-genocide6146.html","title":{"rendered":"22.05.08 - RWANDA\/BELGIQUE - NKEZABERA SERA JUGE DEVANT LES ASSISES MAIS PAS POUR GENOCIDE"},"content":{"rendered":"<p>\nBruxelles, 22 mai 2008 (FH) &shy;- La chambre des mises en accusation de Bruxelles, dans un arr&ecirc;t rendu mercredi a renvoy&eacute; devant la cour d'assises Ephrem Nkezabera, un ancien membre dirigeant des milices Interamhamwe, mais n'a pas retenu contre lui la pr&eacute;vention de g&eacute;nocide ainsi que le parquet f&eacute;d&eacute;ral l'avait requis.\n<\/p>\n<p><!--more--><\/p>\n<p>\nC'&eacute;tait la premi&egrave;re fois que le parquet f&eacute;d&eacute;ral inculpait un pr&eacute;venu rwandais de crimes de g&eacute;nocide. Dans les trois pr&eacute;cedents proc&egrave;s &quot;rwandais&quot; en 2001, 2005 et 2007 qui se sont d&eacute;roul&eacute;s en Belgique, les accus&eacute;s ont &eacute;t&eacute; condamn&eacute;s pour crimes et guerre et atteinte au droit international humanitaire. Nkezabera r&eacute;pondra de crimes de guerre (meurtres, tentatives de meurtre et viols). <\/p>\n<p>A moins d'un recours en cassation dans les 15 jours : Lieve Pellens, porte-parole du parquet f&eacute;d&eacute;ral, a d&eacute;clar&eacute; que celui-ci allait &eacute;tudier les possibilit&eacute;s de contester cet arr&ecirc;t. A ce stade, juste avant les assises, la loi pr&eacute;voit en effet quelques rares cas, tr&egrave;s sp&eacute;cifiques, de recours portant sur des points de proc&eacute;dure. <\/p>\n<p>La juridiction de renvoi justifie sa d&eacute;cision non par l'appr&eacute;ciation au fond des crimes qu'aurait commis Nkezabera, mais pour des motifs juridiques. <\/p>\n<p>Elle a suivi ainsi les arguments de Me Gilles Vanderbeck, conseil de Nkezabera, qui contestait l'inculpation demand&eacute;e par le parquet et s'est dit &laquo; satisfait &raquo; sur ce point. Prenant soin de pr&eacute;ciser qu'il ne remettait pas en cause l'existence d'un g&eacute;nocide au Rwanda en 1994, il avait rappel&eacute; que ce crime n'avait &eacute;t&eacute; introduit en droit belge qu'en 1999. Or les faits ont &eacute;t&eacute; commis en 1994 et la loi ne peut &ecirc;tre r&eacute;troactive, avait-il soutenu. <\/p>\n<p>De leur c&ocirc;t&eacute;, les parties civiles et le procureur f&eacute;d&eacute;ral Michel Yernaux avaient rappel&eacute; que la Belgique avait ratifi&eacute; la Convention pour la r&eacute;pression du crime de g&eacute;nocide (1948) en 1951. Bien que n'&eacute;tant pas explicite dans la loi avant 1999, ce crime faisait donc partie, selon eux, de l'ordre juridique belge avant cette date. <\/p>\n<p>La chambre des mises en accusation n'a pas r&eacute;pondu directement &agrave; ces derniers arguments, se contentant de rappeler le principe g&eacute;n&eacute;ral de non-r&eacute;troactivit&eacute; de la loi p&eacute;nale. Ce faisant, les juges retoquent &eacute;galement la d&eacute;cision de la chambre du conseil du 20 f&eacute;vrier dernier qui avait retenu la pr&eacute;vention de g&eacute;nocide. <\/p>\n<p>Il s'agit d'une d&eacute;ception pour les parties civiles : &laquo; Les clients ne comprennent pas que l'on ne parle pas de g&eacute;nocide. Nkezabera est un g&eacute;nocidaire et c'est sans doute le plus gros poisson qu'aura jug&eacute; jusqu'&agrave; pr&eacute;sent la Belgique. Il n'est pas facile de faire comprendre que c'est seulement pour des raisons de technique juridique - d'ailleurs discutables &raquo;, explique un de leurs avocats, Me Philippe Lardinois. <\/p>\n<p>Par ailleurs, Me Lardinois ajoute craindre que cette d&eacute;cision ne soit &laquo; intrumentalis&eacute;e par les milieux r&eacute;visionnistes rwandais, sur le mode &quot;vous voyez, on ne retient m&ecirc;me pas le g&eacute;nocide...&quot; &raquo; <\/p>\n<p>De son c&ocirc;t&eacute;, Me Vanderbeck regrette qu'en plus des crimes identifi&eacute;s et reconnus, les juges aient retenus contre son client &laquo; des incriminations &quot;fourre-tout&quot; de &quot;meurtres ou de viols d'un nombre ind&eacute;termin&eacute; de personnes en des lieux ind&eacute;termin&eacute;s &agrave; des dates ind&eacute;termin&eacute;es entre le 6 avril et le 2 juillet 1994&quot; &raquo;. Selon lui, cela &laquo; consacre un principe de responsabilit&eacute; collective et pas individuelle &raquo;. Il rappelle les &laquo; d&eacute;rives &raquo; provoqu&eacute;es selon lui lors des pr&eacute;c&eacute;dents &laquo; proc&egrave;s Rwanda &raquo; par ces m&ecirc;mes incriminations qui avaient permis la constitution de nombreuses parties civiles tr&egrave;s &eacute;loign&eacute;es, voire &eacute;trang&egrave;res &agrave; la cause. <\/p>\n<p>Ephrem Nkezabera a admis sa culpabilit&eacute; sur la plupart des faits qui lui sont reproch&eacute;s. Il avoue ainsi avoir arm&eacute; et financ&eacute; les Interahamwe afin de proc&eacute;der &agrave; l'extermination des tutsi et des hutus mod&eacute;r&eacute;s. Il ajoute avoir publiquement &laquo; encourag&eacute; au massacre &raquo; de nombreux Interahamwe lors d'une r&eacute;union publique en 1993. Enfin, il reconna&icirc;t avoir particip&eacute; au financement de la Radio Mille Collines, cr&eacute;&eacute;e la m&ecirc;me ann&eacute;e, qui a ouvertement soutenu sur ses ondes l'accomplissement du g&eacute;nocide. <\/p>\n<p>La chambre des mises en accusation a &eacute;galement retenu les accusations de viols consid&eacute;r&eacute;s comme crimes de guerre - viols que conteste en revanche l'ancien banquier de la Banque commerciale du Rwanda. <\/p>\n<p>En 1994, Nkezabera, aujourd'hui &acirc;g&eacute; de 55 ans, &eacute;tait pr&eacute;sident de la commission des affaires &eacute;conomiques et des finances au sein du comit&eacute; national des Interamhamwe, la principale milice ayant particip&eacute; aux tueries qui ont fait plus de 800 000 morts selon l'Onu, en majorit&eacute; parmi l'ethnie tutsi. Il &eacute;tait aussi membre du parti du pr&eacute;sident Juv&eacute;nal Habyarimana, le Mouvement r&eacute;publicain national pour la d&eacute;mocratie et le d&eacute;veloppement (MRND). <\/p>\n<p>Arr&ecirc;t&eacute; en Belgique en 2004 &agrave; la suite d'un accord conclu avec le procureur du Tribunal p&eacute;nal international pour le Rwanda (TPIR), il &eacute;tait r&eacute;put&eacute; &ecirc;tre depuis plusieurs ann&eacute;es, avec d'autres anciens dirigeants des Interahamwe, un informateur du tribunal onusien. <\/p>\n<p>Si aucun recours n'&eacute;tait form&eacute;, la date du proc&egrave;s serait fix&eacute;e dans les semaines &agrave; venir. Il pourrait se tenir dans ce cas avant la fin de l'ann&eacute;e.<br \/>\n&nbsp;\n<\/p>\n<p>\nBF\/PB <\/p>\n<p>&copy; Agence Hirondelle<\/p>\n","protected":false},"excerpt":{"rendered":"<p>Bruxelles, 22 mai 2008 (FH) &shy;- La chambre des mises en accusation de Bruxelles, dans un arr&ecirc;t rendu mercredi a renvoy&eacute; devant la cour d'assises Ephrem Nkezabera, un ancien membre dirigeant des milices Interamhamwe, mais n'a pas retenu contre lui la pr&eacute;vention de g&eacute;nocide ainsi que le parquet f&eacute;d&eacute;ral l'avait requis.<\/p>\n","protected":false},"author":64,"featured_media":0,"comment_status":"open","ping_status":"closed","sticky":false,"template":"","format":"standard","meta":{"_acf_changed":false,"footnotes":""},"categories":[554],"tags":[],"ji_location":[],"class_list":["post-9340","post","type-post","status-publish","format-standard","hentry","category-hirondellenews"],"acf":[],"yoast_head":"<!-- This site is optimized with the Yoast SEO Premium plugin v25.3.1 (Yoast SEO v25.3.1) - https:\/\/yoast.com\/wordpress\/plugins\/seo\/ -->\n<title>22.05.08 - RWANDA\/BELGIQUE - NKEZABERA SERA JUGE DEVANT LES ASSISES MAIS PAS POUR GENOCIDE - JusticeInfo.net<\/title>\n<meta name=\"robots\" content=\"index, follow, max-snippet:-1, max-image-preview:large, max-video-preview:-1\" \/>\n<link rel=\"canonical\" href=\"https:\/\/www.justiceinfo.net\/fr\/9340-220508-rwandabelgique-nkezabera-sera-juge-devant-les-assises-mais-pas-pour-genocide6146.html\" \/>\n<meta property=\"og:locale\" content=\"fr_FR\" \/>\n<meta property=\"og:type\" content=\"article\" \/>\n<meta property=\"og:title\" content=\"22.05.08 - RWANDA\/BELGIQUE - NKEZABERA SERA JUGE DEVANT LES ASSISES MAIS PAS POUR GENOCIDE\" \/>\n<meta property=\"og:description\" content=\"Bruxelles, 22 mai 2008 (FH) &shy;- La chambre des mises en accusation de Bruxelles, dans un arr&ecirc;t rendu mercredi a renvoy&eacute; devant la cour d&#039;assises Ephrem Nkezabera, un ancien membre dirigeant des milices Interamhamwe, mais n&#039;a pas retenu contre lui la pr&eacute;vention de g&eacute;nocide ainsi que le parquet f&eacute;d&eacute;ral l&#039;avait requis.\" \/>\n<meta property=\"og:url\" content=\"https:\/\/www.justiceinfo.net\/fr\/9340-220508-rwandabelgique-nkezabera-sera-juge-devant-les-assises-mais-pas-pour-genocide6146.html\" \/>\n<meta property=\"og:site_name\" content=\"JusticeInfo.net\" \/>\n<meta property=\"article:publisher\" content=\"https:\/\/www.facebook.com\/JusticeInfo\/\" \/>\n<meta property=\"article:published_time\" content=\"2008-05-21T22:00:00+00:00\" \/>\n<meta property=\"og:image\" content=\"https:\/\/www.justiceinfo.net\/wp-content\/uploads\/JusticeInfoNet_logo_1200x630px.jpg\" \/>\n\t<meta property=\"og:image:width\" content=\"1200\" \/>\n\t<meta property=\"og:image:height\" content=\"630\" \/>\n\t<meta property=\"og:image:type\" content=\"image\/jpeg\" \/>\n<meta name=\"author\" content=\"solivri\" \/>\n<meta name=\"twitter:card\" content=\"summary_large_image\" \/>\n<meta name=\"twitter:creator\" content=\"@justiceinfonet\" \/>\n<meta name=\"twitter:site\" content=\"@justiceinfonet\" \/>\n<meta name=\"twitter:label1\" content=\"\u00c9crit par\" \/>\n\t<meta name=\"twitter:data1\" content=\"solivri\" \/>\n\t<meta name=\"twitter:label2\" content=\"Dur\u00e9e de lecture estim\u00e9e\" \/>\n\t<meta name=\"twitter:data2\" content=\"5 minutes\" \/>\n<script type=\"application\/ld+json\" class=\"yoast-schema-graph\">{\"@context\":\"https:\/\/schema.org\",\"@graph\":[{\"@type\":\"NewsArticle\",\"@id\":\"https:\/\/www.justiceinfo.net\/fr\/9340-220508-rwandabelgique-nkezabera-sera-juge-devant-les-assises-mais-pas-pour-genocide6146.html#article\",\"isPartOf\":{\"@id\":\"https:\/\/www.justiceinfo.net\/fr\/9340-220508-rwandabelgique-nkezabera-sera-juge-devant-les-assises-mais-pas-pour-genocide6146.html\"},\"author\":{\"name\":\"solivri\",\"@id\":\"https:\/\/www.justiceinfo.net\/fr#\/schema\/person\/6e53cba1629e2e66f3fc1821d3091865\"},\"headline\":\"22.05.08 - RWANDA\/BELGIQUE - NKEZABERA SERA JUGE DEVANT LES ASSISES MAIS PAS POUR GENOCIDE\",\"datePublished\":\"2008-05-21T22:00:00+00:00\",\"mainEntityOfPage\":{\"@id\":\"https:\/\/www.justiceinfo.net\/fr\/9340-220508-rwandabelgique-nkezabera-sera-juge-devant-les-assises-mais-pas-pour-genocide6146.html\"},\"wordCount\":1100,\"commentCount\":0,\"publisher\":{\"@id\":\"https:\/\/www.justiceinfo.net\/fr#organization\"},\"articleSection\":[\"Hirondelle News\"],\"inLanguage\":\"fr-FR\",\"potentialAction\":[{\"@type\":\"CommentAction\",\"name\":\"Comment\",\"target\":[\"https:\/\/www.justiceinfo.net\/fr\/9340-220508-rwandabelgique-nkezabera-sera-juge-devant-les-assises-mais-pas-pour-genocide6146.html#respond\"]}]},{\"@type\":\"WebPage\",\"@id\":\"https:\/\/www.justiceinfo.net\/fr\/9340-220508-rwandabelgique-nkezabera-sera-juge-devant-les-assises-mais-pas-pour-genocide6146.html\",\"url\":\"https:\/\/www.justiceinfo.net\/fr\/9340-220508-rwandabelgique-nkezabera-sera-juge-devant-les-assises-mais-pas-pour-genocide6146.html\",\"name\":\"22.05.08 - RWANDA\/BELGIQUE - NKEZABERA SERA JUGE DEVANT LES ASSISES MAIS PAS POUR GENOCIDE - JusticeInfo.net\",\"isPartOf\":{\"@id\":\"https:\/\/www.justiceinfo.net\/fr#website\"},\"datePublished\":\"2008-05-21T22:00:00+00:00\",\"breadcrumb\":{\"@id\":\"https:\/\/www.justiceinfo.net\/fr\/9340-220508-rwandabelgique-nkezabera-sera-juge-devant-les-assises-mais-pas-pour-genocide6146.html#breadcrumb\"},\"inLanguage\":\"fr-FR\",\"potentialAction\":[{\"@type\":\"ReadAction\",\"target\":[\"https:\/\/www.justiceinfo.net\/fr\/9340-220508-rwandabelgique-nkezabera-sera-juge-devant-les-assises-mais-pas-pour-genocide6146.html\"]}]},{\"@type\":\"BreadcrumbList\",\"@id\":\"https:\/\/www.justiceinfo.net\/fr\/9340-220508-rwandabelgique-nkezabera-sera-juge-devant-les-assises-mais-pas-pour-genocide6146.html#breadcrumb\",\"itemListElement\":[{\"@type\":\"ListItem\",\"position\":1,\"name\":\"Home\",\"item\":\"https:\/\/www.justiceinfo.net\/fr\"},{\"@type\":\"ListItem\",\"position\":2,\"name\":\"22.05.08 - RWANDA\/BELGIQUE - NKEZABERA SERA JUGE DEVANT LES ASSISES MAIS PAS POUR GENOCIDE\"}]},{\"@type\":\"WebSite\",\"@id\":\"https:\/\/www.justiceinfo.net\/fr#website\",\"url\":\"https:\/\/www.justiceinfo.net\/fr\",\"name\":\"JusticeInfo.net\",\"description\":\"La justice doit \u00eatre vue pour \u00eatre rendue\",\"publisher\":{\"@id\":\"https:\/\/www.justiceinfo.net\/fr#organization\"},\"potentialAction\":[{\"@type\":\"SearchAction\",\"target\":{\"@type\":\"EntryPoint\",\"urlTemplate\":\"https:\/\/www.justiceinfo.net\/fr?s={search_term_string}\"},\"query-input\":{\"@type\":\"PropertyValueSpecification\",\"valueRequired\":true,\"valueName\":\"search_term_string\"}}],\"inLanguage\":\"fr-FR\"},{\"@type\":\"Organization\",\"@id\":\"https:\/\/www.justiceinfo.net\/fr#organization\",\"name\":\"Justice Info\",\"url\":\"https:\/\/www.justiceinfo.net\/fr\",\"logo\":{\"@type\":\"ImageObject\",\"inLanguage\":\"fr-FR\",\"@id\":\"https:\/\/www.justiceinfo.net\/fr#\/schema\/logo\/image\/\",\"url\":\"https:\/\/www.justiceinfo.net\/wp-content\/uploads\/justiceinfo_logo-trans_1200x1200px.png\",\"contentUrl\":\"https:\/\/www.justiceinfo.net\/wp-content\/uploads\/justiceinfo_logo-trans_1200x1200px.png\",\"width\":1199,\"height\":1200,\"caption\":\"Justice Info\"},\"image\":{\"@id\":\"https:\/\/www.justiceinfo.net\/fr#\/schema\/logo\/image\/\"},\"sameAs\":[\"https:\/\/www.facebook.com\/JusticeInfo\/\",\"https:\/\/x.com\/justiceinfonet\",\"https:\/\/www.linkedin.com\/company\/justice-info\",\"https:\/\/www.youtube.com\/channel\/UCyCEsARodyuWtkWyhn-e7pA\"]},{\"@type\":\"Person\",\"name\":\"solivri\",\"url\":\"\/fr\/?s=solivri\"}]}<\/script>\n<!-- \/ Yoast SEO Premium plugin. -->","yoast_head_json":{"title":"22.05.08 - RWANDA\/BELGIQUE - NKEZABERA SERA JUGE DEVANT LES ASSISES MAIS PAS POUR GENOCIDE - JusticeInfo.net","robots":{"index":"index","follow":"follow","max-snippet":"max-snippet:-1","max-image-preview":"max-image-preview:large","max-video-preview":"max-video-preview:-1"},"canonical":"https:\/\/www.justiceinfo.net\/fr\/9340-220508-rwandabelgique-nkezabera-sera-juge-devant-les-assises-mais-pas-pour-genocide6146.html","og_locale":"fr_FR","og_type":"article","og_title":"22.05.08 - RWANDA\/BELGIQUE - NKEZABERA SERA JUGE DEVANT LES ASSISES MAIS PAS POUR GENOCIDE","og_description":"Bruxelles, 22 mai 2008 (FH) &shy;- La chambre des mises en accusation de Bruxelles, dans un arr&ecirc;t rendu mercredi a renvoy&eacute; devant la cour d'assises Ephrem Nkezabera, un ancien membre dirigeant des milices Interamhamwe, mais n'a pas retenu contre lui la pr&eacute;vention de g&eacute;nocide ainsi que le parquet f&eacute;d&eacute;ral l'avait requis.","og_url":"https:\/\/www.justiceinfo.net\/fr\/9340-220508-rwandabelgique-nkezabera-sera-juge-devant-les-assises-mais-pas-pour-genocide6146.html","og_site_name":"JusticeInfo.net","article_publisher":"https:\/\/www.facebook.com\/JusticeInfo\/","article_published_time":"2008-05-21T22:00:00+00:00","og_image":[{"width":1200,"height":630,"url":"https:\/\/www.justiceinfo.net\/wp-content\/uploads\/JusticeInfoNet_logo_1200x630px.jpg","type":"image\/jpeg"}],"author":"solivri","twitter_card":"summary_large_image","twitter_creator":"@justiceinfonet","twitter_site":"@justiceinfonet","twitter_misc":{"\u00c9crit par":"solivri","Dur\u00e9e de lecture estim\u00e9e":"5 minutes"},"schema":{"@context":"https:\/\/schema.org","@graph":[{"@type":"NewsArticle","@id":"https:\/\/www.justiceinfo.net\/fr\/9340-220508-rwandabelgique-nkezabera-sera-juge-devant-les-assises-mais-pas-pour-genocide6146.html#article","isPartOf":{"@id":"https:\/\/www.justiceinfo.net\/fr\/9340-220508-rwandabelgique-nkezabera-sera-juge-devant-les-assises-mais-pas-pour-genocide6146.html"},"author":{"name":"solivri","@id":"https:\/\/www.justiceinfo.net\/fr#\/schema\/person\/6e53cba1629e2e66f3fc1821d3091865"},"headline":"22.05.08 - RWANDA\/BELGIQUE - NKEZABERA SERA JUGE DEVANT LES ASSISES MAIS PAS POUR GENOCIDE","datePublished":"2008-05-21T22:00:00+00:00","mainEntityOfPage":{"@id":"https:\/\/www.justiceinfo.net\/fr\/9340-220508-rwandabelgique-nkezabera-sera-juge-devant-les-assises-mais-pas-pour-genocide6146.html"},"wordCount":1100,"commentCount":0,"publisher":{"@id":"https:\/\/www.justiceinfo.net\/fr#organization"},"articleSection":["Hirondelle News"],"inLanguage":"fr-FR","potentialAction":[{"@type":"CommentAction","name":"Comment","target":["https:\/\/www.justiceinfo.net\/fr\/9340-220508-rwandabelgique-nkezabera-sera-juge-devant-les-assises-mais-pas-pour-genocide6146.html#respond"]}]},{"@type":"WebPage","@id":"https:\/\/www.justiceinfo.net\/fr\/9340-220508-rwandabelgique-nkezabera-sera-juge-devant-les-assises-mais-pas-pour-genocide6146.html","url":"https:\/\/www.justiceinfo.net\/fr\/9340-220508-rwandabelgique-nkezabera-sera-juge-devant-les-assises-mais-pas-pour-genocide6146.html","name":"22.05.08 - RWANDA\/BELGIQUE - NKEZABERA SERA JUGE DEVANT LES ASSISES MAIS PAS POUR GENOCIDE - JusticeInfo.net","isPartOf":{"@id":"https:\/\/www.justiceinfo.net\/fr#website"},"datePublished":"2008-05-21T22:00:00+00:00","breadcrumb":{"@id":"https:\/\/www.justiceinfo.net\/fr\/9340-220508-rwandabelgique-nkezabera-sera-juge-devant-les-assises-mais-pas-pour-genocide6146.html#breadcrumb"},"inLanguage":"fr-FR","potentialAction":[{"@type":"ReadAction","target":["https:\/\/www.justiceinfo.net\/fr\/9340-220508-rwandabelgique-nkezabera-sera-juge-devant-les-assises-mais-pas-pour-genocide6146.html"]}]},{"@type":"BreadcrumbList","@id":"https:\/\/www.justiceinfo.net\/fr\/9340-220508-rwandabelgique-nkezabera-sera-juge-devant-les-assises-mais-pas-pour-genocide6146.html#breadcrumb","itemListElement":[{"@type":"ListItem","position":1,"name":"Home","item":"https:\/\/www.justiceinfo.net\/fr"},{"@type":"ListItem","position":2,"name":"22.05.08 - RWANDA\/BELGIQUE - NKEZABERA SERA JUGE DEVANT LES ASSISES MAIS PAS POUR GENOCIDE"}]},{"@type":"WebSite","@id":"https:\/\/www.justiceinfo.net\/fr#website","url":"https:\/\/www.justiceinfo.net\/fr","name":"JusticeInfo.net","description":"La justice doit \u00eatre vue pour \u00eatre rendue","publisher":{"@id":"https:\/\/www.justiceinfo.net\/fr#organization"},"potentialAction":[{"@type":"SearchAction","target":{"@type":"EntryPoint","urlTemplate":"https:\/\/www.justiceinfo.net\/fr?s={search_term_string}"},"query-input":{"@type":"PropertyValueSpecification","valueRequired":true,"valueName":"search_term_string"}}],"inLanguage":"fr-FR"},{"@type":"Organization","@id":"https:\/\/www.justiceinfo.net\/fr#organization","name":"Justice Info","url":"https:\/\/www.justiceinfo.net\/fr","logo":{"@type":"ImageObject","inLanguage":"fr-FR","@id":"https:\/\/www.justiceinfo.net\/fr#\/schema\/logo\/image\/","url":"https:\/\/www.justiceinfo.net\/wp-content\/uploads\/justiceinfo_logo-trans_1200x1200px.png","contentUrl":"https:\/\/www.justiceinfo.net\/wp-content\/uploads\/justiceinfo_logo-trans_1200x1200px.png","width":1199,"height":1200,"caption":"Justice Info"},"image":{"@id":"https:\/\/www.justiceinfo.net\/fr#\/schema\/logo\/image\/"},"sameAs":["https:\/\/www.facebook.com\/JusticeInfo\/","https:\/\/x.com\/justiceinfonet","https:\/\/www.linkedin.com\/company\/justice-info","https:\/\/www.youtube.com\/channel\/UCyCEsARodyuWtkWyhn-e7pA"]},{"@type":"Person","name":"solivri","url":"\/fr\/?s=solivri"}]}},"_links":{"self":[{"href":"https:\/\/www.justiceinfo.net\/fr\/wp-json\/wp\/v2\/posts\/9340","targetHints":{"allow":["GET"]}}],"collection":[{"href":"https:\/\/www.justiceinfo.net\/fr\/wp-json\/wp\/v2\/posts"}],"about":[{"href":"https:\/\/www.justiceinfo.net\/fr\/wp-json\/wp\/v2\/types\/post"}],"author":[{"embeddable":true,"href":"https:\/\/www.justiceinfo.net\/fr\/wp-json\/wp\/v2\/users\/64"}],"replies":[{"embeddable":true,"href":"https:\/\/www.justiceinfo.net\/fr\/wp-json\/wp\/v2\/comments?post=9340"}],"version-history":[{"count":0,"href":"https:\/\/www.justiceinfo.net\/fr\/wp-json\/wp\/v2\/posts\/9340\/revisions"}],"wp:attachment":[{"href":"https:\/\/www.justiceinfo.net\/fr\/wp-json\/wp\/v2\/media?parent=9340"}],"wp:term":[{"taxonomy":"category","embeddable":true,"href":"https:\/\/www.justiceinfo.net\/fr\/wp-json\/wp\/v2\/categories?post=9340"},{"taxonomy":"post_tag","embeddable":true,"href":"https:\/\/www.justiceinfo.net\/fr\/wp-json\/wp\/v2\/tags?post=9340"},{"taxonomy":"ji_location","embeddable":true,"href":"https:\/\/www.justiceinfo.net\/fr\/wp-json\/wp\/v2\/ji_location?post=9340"}],"curies":[{"name":"wp","href":"https:\/\/api.w.org\/{rel}","templated":true}]}}