{"id":9421,"date":"2008-06-09T00:00:00","date_gmt":"2008-06-08T22:00:00","guid":{"rendered":"https:\/\/www.justiceinfo.net\/9421-090608-tpirtransferts-une-deuxieme-demande-de-transfert-dun-accuse-vers-le-rwanda-rejetee6227.html"},"modified":"2008-06-09T00:00:00","modified_gmt":"2008-06-08T22:00:00","slug":"090608-tpirtransferts-une-deuxieme-demande-de-transfert-dun-accuse-vers-le-rwanda-rejetee6227","status":"publish","type":"post","link":"https:\/\/www.justiceinfo.net\/fr\/9421-090608-tpirtransferts-une-deuxieme-demande-de-transfert-dun-accuse-vers-le-rwanda-rejetee6227.html","title":{"rendered":"09.06.08 - TPIR\/TRANSFERTS - UNE DEUXIEME DEMANDE DE TRANSFERT D'UN ACCUSE VERS LE RWANDA REJETEE"},"content":{"rendered":"<p>\nArusha, 9 juin 2008 (FH) - Le Tribunal p&eacute;nal international pour le Rwanda (TPIR) a rejet&eacute; vendredi dernier une deuxi&egrave;me requ&ecirc;te du procureur visant &agrave; renvoyer un accus&eacute; vers la justice rwandaise, a-t-on appris lundi. <\/p>\n<p><!--more--><\/p>\n<p>\nCette demande concernait Gaspard Kanyarukiga, un ancien homme d'affaires accus&eacute; de g&eacute;nocide et de crimes contre l'humanit&eacute;. <\/p>\n<p>Le 28 mai dernier, le TPIR avait refus&eacute; de transf&eacute;rer vers les tribunaux rwandais, un autre ancien commer&ccedil;ant, Yussuf Munyakazi, estimant que le Rwanda ne remplissait pas les crit&egrave;res d'un proc&egrave;s &eacute;quitable. <\/p>\n<p>&laquo; La chambre n'est pas convaincue que Kanyarukiga b&eacute;n&eacute;ficiera d'un proc&egrave;s &eacute;quitable s'il est transf&eacute;r&eacute; au Rwanda &raquo;, indique les trois autres juges dans leur d&eacute;cision. &laquo;Elle craint qu'il ne puisse pas citer des t&eacute;moins r&eacute;sidant &agrave; l'ext&eacute;rieur du Rwanda &raquo; et pense que &laquo; les t&eacute;moins r&eacute;sidant au Rwanda auront peur de t&eacute;moigner &raquo;. <\/p>\n<p>Par ailleurs, s'inqui&egrave;tent encore les juges, &laquo; Kanyarukiga risque, en cas de verdict de culpabilit&eacute;, d'&ecirc;tre condamn&eacute; la prison &agrave; vie avec isolement &raquo;. Dans la pr&eacute;cedente d&eacute;cision les juges avaient &eacute;galement mis en cause la peine de r&eacute;clusion &agrave; perp&eacute;tuit&eacute; d&eacute;ja d&eacute;nonc&eacute;e par des organisations de d&eacute;fense des droits de l'homme. <\/p>\n<p>La chambre note cependant que &laquo; la R&eacute;publique du Rwanda a r&eacute;alis&eacute; des progr&egrave;s notable dans l'am&eacute;lioration de son syst&egrave;me judiciaire &raquo;, notamment, en abolissant la peine capitale. <\/p>\n<p>Pr&eacute;sid&eacute;e par le juge norv&eacute;gien Erik Mose, cette chambre comprenait &eacute;galement le Russe Sergei Egorov et la Camerounaise Florence Rita Arrey. <\/p>\n<p>N&eacute; en 1945, Kanyarukiga a &eacute;t&eacute; arr&ecirc;t&eacute; en Afrique du Sud en juillet 2004. <\/p>\n<p>Les transferts de certains accus&eacute;s vers des juridictions nationales font partie de la strat&eacute;gie de fin de mandat du TPIR qui doit th&eacute;oriquement terminer les proc&egrave;s en premi&egrave;re instance d'ici &agrave; la fin de l'ann&eacute;e. <\/p>\n<p>La semaine derni&egrave;re, le pr&eacute;sident du tribunal, Dennis Byron et le procureur en chef, Hassan Bubacar Jallow, ont demand&eacute; au Conseil de s&eacute;curit&eacute; de proroger d'une ann&eacute;e le mandat du TPIR. <\/p>\n<p>Au si&egrave;ge du tribunal &agrave; Arusha, en Tanzanie, 28 accus&eacute;s sont en proc&egrave;s ou attente le verdict, tandis que 8 attendent de compara&icirc;tre. Treize inculp&eacute;s sont en fuite tandis qu'un autre, d&eacute;tenu en Allemagne, attend d'&ecirc;tre transf&eacute;r&eacute; au TPIR. Le tribunal a d&eacute;j&agrave; prononc&eacute; 30 condamnations et 5 acquittements. <\/p>\n<p>ER\/PB\/GF <\/p>\n<p>&copy; Agence Hirondelle<\/p>\n","protected":false},"excerpt":{"rendered":"<p>Arusha, 9 juin 2008 (FH) - Le Tribunal p&eacute;nal international pour le Rwanda (TPIR) a rejet&eacute; vendredi dernier une deuxi&egrave;me requ&ecirc;te du procureur visant &agrave; renvoyer un accus&eacute; vers la justice rwandaise, a-t-on appris lundi.<\/p>\n","protected":false},"author":64,"featured_media":0,"comment_status":"open","ping_status":"closed","sticky":false,"template":"","format":"standard","meta":{"_acf_changed":false,"footnotes":""},"categories":[554],"tags":[],"ji_location":[],"class_list":["post-9421","post","type-post","status-publish","format-standard","hentry","category-hirondellenews"],"acf":[],"yoast_head":"<!-- This site is optimized with the Yoast SEO Premium plugin v25.3.1 (Yoast SEO v25.3.1) - https:\/\/yoast.com\/wordpress\/plugins\/seo\/ -->\n<title>09.06.08 - TPIR\/TRANSFERTS - UNE DEUXIEME DEMANDE DE TRANSFERT D&#039;UN ACCUSE VERS LE RWANDA REJETEE - JusticeInfo.net<\/title>\n<meta name=\"robots\" content=\"index, follow, max-snippet:-1, max-image-preview:large, max-video-preview:-1\" \/>\n<link rel=\"canonical\" href=\"https:\/\/www.justiceinfo.net\/fr\/9421-090608-tpirtransferts-une-deuxieme-demande-de-transfert-dun-accuse-vers-le-rwanda-rejetee6227.html\" \/>\n<meta property=\"og:locale\" content=\"fr_FR\" \/>\n<meta property=\"og:type\" content=\"article\" \/>\n<meta property=\"og:title\" content=\"09.06.08 - TPIR\/TRANSFERTS - UNE DEUXIEME DEMANDE DE TRANSFERT D&#039;UN ACCUSE VERS LE RWANDA REJETEE\" \/>\n<meta property=\"og:description\" content=\"Arusha, 9 juin 2008 (FH) - Le Tribunal p&eacute;nal international pour le Rwanda (TPIR) a rejet&eacute; vendredi dernier une deuxi&egrave;me requ&ecirc;te du procureur visant &agrave; renvoyer un accus&eacute; vers la justice rwandaise, a-t-on appris lundi.\" \/>\n<meta property=\"og:url\" content=\"https:\/\/www.justiceinfo.net\/fr\/9421-090608-tpirtransferts-une-deuxieme-demande-de-transfert-dun-accuse-vers-le-rwanda-rejetee6227.html\" \/>\n<meta property=\"og:site_name\" content=\"JusticeInfo.net\" \/>\n<meta property=\"article:publisher\" content=\"https:\/\/www.facebook.com\/JusticeInfo\/\" \/>\n<meta property=\"article:published_time\" content=\"2008-06-08T22:00:00+00:00\" \/>\n<meta property=\"og:image\" content=\"https:\/\/www.justiceinfo.net\/wp-content\/uploads\/JusticeInfoNet_logo_1200x630px.jpg\" \/>\n\t<meta property=\"og:image:width\" content=\"1200\" \/>\n\t<meta property=\"og:image:height\" content=\"630\" \/>\n\t<meta property=\"og:image:type\" content=\"image\/jpeg\" \/>\n<meta name=\"author\" content=\"solivri\" \/>\n<meta name=\"twitter:card\" content=\"summary_large_image\" \/>\n<meta name=\"twitter:creator\" content=\"@justiceinfonet\" \/>\n<meta name=\"twitter:site\" content=\"@justiceinfonet\" \/>\n<meta name=\"twitter:label1\" content=\"\u00c9crit par\" \/>\n\t<meta name=\"twitter:data1\" content=\"solivri\" \/>\n\t<meta name=\"twitter:label2\" content=\"Dur\u00e9e de lecture estim\u00e9e\" \/>\n\t<meta name=\"twitter:data2\" content=\"3 minutes\" \/>\n<script type=\"application\/ld+json\" class=\"yoast-schema-graph\">{\"@context\":\"https:\/\/schema.org\",\"@graph\":[{\"@type\":\"NewsArticle\",\"@id\":\"https:\/\/www.justiceinfo.net\/fr\/9421-090608-tpirtransferts-une-deuxieme-demande-de-transfert-dun-accuse-vers-le-rwanda-rejetee6227.html#article\",\"isPartOf\":{\"@id\":\"https:\/\/www.justiceinfo.net\/fr\/9421-090608-tpirtransferts-une-deuxieme-demande-de-transfert-dun-accuse-vers-le-rwanda-rejetee6227.html\"},\"author\":{\"name\":\"solivri\",\"@id\":\"https:\/\/www.justiceinfo.net\/fr#\/schema\/person\/6e53cba1629e2e66f3fc1821d3091865\"},\"headline\":\"09.06.08 - TPIR\/TRANSFERTS - UNE DEUXIEME DEMANDE DE TRANSFERT D'UN ACCUSE VERS LE RWANDA REJETEE\",\"datePublished\":\"2008-06-08T22:00:00+00:00\",\"mainEntityOfPage\":{\"@id\":\"https:\/\/www.justiceinfo.net\/fr\/9421-090608-tpirtransferts-une-deuxieme-demande-de-transfert-dun-accuse-vers-le-rwanda-rejetee6227.html\"},\"wordCount\":535,\"commentCount\":0,\"publisher\":{\"@id\":\"https:\/\/www.justiceinfo.net\/fr#organization\"},\"articleSection\":[\"Hirondelle News\"],\"inLanguage\":\"fr-FR\",\"potentialAction\":[{\"@type\":\"CommentAction\",\"name\":\"Comment\",\"target\":[\"https:\/\/www.justiceinfo.net\/fr\/9421-090608-tpirtransferts-une-deuxieme-demande-de-transfert-dun-accuse-vers-le-rwanda-rejetee6227.html#respond\"]}]},{\"@type\":\"WebPage\",\"@id\":\"https:\/\/www.justiceinfo.net\/fr\/9421-090608-tpirtransferts-une-deuxieme-demande-de-transfert-dun-accuse-vers-le-rwanda-rejetee6227.html\",\"url\":\"https:\/\/www.justiceinfo.net\/fr\/9421-090608-tpirtransferts-une-deuxieme-demande-de-transfert-dun-accuse-vers-le-rwanda-rejetee6227.html\",\"name\":\"09.06.08 - TPIR\/TRANSFERTS - UNE DEUXIEME DEMANDE DE TRANSFERT D'UN ACCUSE VERS LE RWANDA REJETEE - JusticeInfo.net\",\"isPartOf\":{\"@id\":\"https:\/\/www.justiceinfo.net\/fr#website\"},\"datePublished\":\"2008-06-08T22:00:00+00:00\",\"breadcrumb\":{\"@id\":\"https:\/\/www.justiceinfo.net\/fr\/9421-090608-tpirtransferts-une-deuxieme-demande-de-transfert-dun-accuse-vers-le-rwanda-rejetee6227.html#breadcrumb\"},\"inLanguage\":\"fr-FR\",\"potentialAction\":[{\"@type\":\"ReadAction\",\"target\":[\"https:\/\/www.justiceinfo.net\/fr\/9421-090608-tpirtransferts-une-deuxieme-demande-de-transfert-dun-accuse-vers-le-rwanda-rejetee6227.html\"]}]},{\"@type\":\"BreadcrumbList\",\"@id\":\"https:\/\/www.justiceinfo.net\/fr\/9421-090608-tpirtransferts-une-deuxieme-demande-de-transfert-dun-accuse-vers-le-rwanda-rejetee6227.html#breadcrumb\",\"itemListElement\":[{\"@type\":\"ListItem\",\"position\":1,\"name\":\"Home\",\"item\":\"https:\/\/www.justiceinfo.net\/fr\"},{\"@type\":\"ListItem\",\"position\":2,\"name\":\"09.06.08 - TPIR\/TRANSFERTS - UNE DEUXIEME DEMANDE DE TRANSFERT D'UN ACCUSE VERS LE RWANDA REJETEE\"}]},{\"@type\":\"WebSite\",\"@id\":\"https:\/\/www.justiceinfo.net\/fr#website\",\"url\":\"https:\/\/www.justiceinfo.net\/fr\",\"name\":\"JusticeInfo.net\",\"description\":\"La justice doit \u00eatre vue pour \u00eatre rendue\",\"publisher\":{\"@id\":\"https:\/\/www.justiceinfo.net\/fr#organization\"},\"potentialAction\":[{\"@type\":\"SearchAction\",\"target\":{\"@type\":\"EntryPoint\",\"urlTemplate\":\"https:\/\/www.justiceinfo.net\/fr?s={search_term_string}\"},\"query-input\":{\"@type\":\"PropertyValueSpecification\",\"valueRequired\":true,\"valueName\":\"search_term_string\"}}],\"inLanguage\":\"fr-FR\"},{\"@type\":\"Organization\",\"@id\":\"https:\/\/www.justiceinfo.net\/fr#organization\",\"name\":\"Justice Info\",\"url\":\"https:\/\/www.justiceinfo.net\/fr\",\"logo\":{\"@type\":\"ImageObject\",\"inLanguage\":\"fr-FR\",\"@id\":\"https:\/\/www.justiceinfo.net\/fr#\/schema\/logo\/image\/\",\"url\":\"https:\/\/www.justiceinfo.net\/wp-content\/uploads\/justiceinfo_logo-trans_1200x1200px.png\",\"contentUrl\":\"https:\/\/www.justiceinfo.net\/wp-content\/uploads\/justiceinfo_logo-trans_1200x1200px.png\",\"width\":1199,\"height\":1200,\"caption\":\"Justice Info\"},\"image\":{\"@id\":\"https:\/\/www.justiceinfo.net\/fr#\/schema\/logo\/image\/\"},\"sameAs\":[\"https:\/\/www.facebook.com\/JusticeInfo\/\",\"https:\/\/x.com\/justiceinfonet\",\"https:\/\/www.linkedin.com\/company\/justice-info\",\"https:\/\/www.youtube.com\/channel\/UCyCEsARodyuWtkWyhn-e7pA\"]},{\"@type\":\"Person\",\"name\":\"solivri\",\"url\":\"\/fr\/?s=solivri\"}]}<\/script>\n<!-- \/ Yoast SEO Premium plugin. -->","yoast_head_json":{"title":"09.06.08 - TPIR\/TRANSFERTS - UNE DEUXIEME DEMANDE DE TRANSFERT D'UN ACCUSE VERS LE RWANDA REJETEE - JusticeInfo.net","robots":{"index":"index","follow":"follow","max-snippet":"max-snippet:-1","max-image-preview":"max-image-preview:large","max-video-preview":"max-video-preview:-1"},"canonical":"https:\/\/www.justiceinfo.net\/fr\/9421-090608-tpirtransferts-une-deuxieme-demande-de-transfert-dun-accuse-vers-le-rwanda-rejetee6227.html","og_locale":"fr_FR","og_type":"article","og_title":"09.06.08 - TPIR\/TRANSFERTS - UNE DEUXIEME DEMANDE DE TRANSFERT D'UN ACCUSE VERS LE RWANDA REJETEE","og_description":"Arusha, 9 juin 2008 (FH) - Le Tribunal p&eacute;nal international pour le Rwanda (TPIR) a rejet&eacute; vendredi dernier une deuxi&egrave;me requ&ecirc;te du procureur visant &agrave; renvoyer un accus&eacute; vers la justice rwandaise, a-t-on appris lundi.","og_url":"https:\/\/www.justiceinfo.net\/fr\/9421-090608-tpirtransferts-une-deuxieme-demande-de-transfert-dun-accuse-vers-le-rwanda-rejetee6227.html","og_site_name":"JusticeInfo.net","article_publisher":"https:\/\/www.facebook.com\/JusticeInfo\/","article_published_time":"2008-06-08T22:00:00+00:00","og_image":[{"width":1200,"height":630,"url":"https:\/\/www.justiceinfo.net\/wp-content\/uploads\/JusticeInfoNet_logo_1200x630px.jpg","type":"image\/jpeg"}],"author":"solivri","twitter_card":"summary_large_image","twitter_creator":"@justiceinfonet","twitter_site":"@justiceinfonet","twitter_misc":{"\u00c9crit par":"solivri","Dur\u00e9e de lecture estim\u00e9e":"3 minutes"},"schema":{"@context":"https:\/\/schema.org","@graph":[{"@type":"NewsArticle","@id":"https:\/\/www.justiceinfo.net\/fr\/9421-090608-tpirtransferts-une-deuxieme-demande-de-transfert-dun-accuse-vers-le-rwanda-rejetee6227.html#article","isPartOf":{"@id":"https:\/\/www.justiceinfo.net\/fr\/9421-090608-tpirtransferts-une-deuxieme-demande-de-transfert-dun-accuse-vers-le-rwanda-rejetee6227.html"},"author":{"name":"solivri","@id":"https:\/\/www.justiceinfo.net\/fr#\/schema\/person\/6e53cba1629e2e66f3fc1821d3091865"},"headline":"09.06.08 - TPIR\/TRANSFERTS - UNE DEUXIEME DEMANDE DE TRANSFERT D'UN ACCUSE VERS LE RWANDA REJETEE","datePublished":"2008-06-08T22:00:00+00:00","mainEntityOfPage":{"@id":"https:\/\/www.justiceinfo.net\/fr\/9421-090608-tpirtransferts-une-deuxieme-demande-de-transfert-dun-accuse-vers-le-rwanda-rejetee6227.html"},"wordCount":535,"commentCount":0,"publisher":{"@id":"https:\/\/www.justiceinfo.net\/fr#organization"},"articleSection":["Hirondelle News"],"inLanguage":"fr-FR","potentialAction":[{"@type":"CommentAction","name":"Comment","target":["https:\/\/www.justiceinfo.net\/fr\/9421-090608-tpirtransferts-une-deuxieme-demande-de-transfert-dun-accuse-vers-le-rwanda-rejetee6227.html#respond"]}]},{"@type":"WebPage","@id":"https:\/\/www.justiceinfo.net\/fr\/9421-090608-tpirtransferts-une-deuxieme-demande-de-transfert-dun-accuse-vers-le-rwanda-rejetee6227.html","url":"https:\/\/www.justiceinfo.net\/fr\/9421-090608-tpirtransferts-une-deuxieme-demande-de-transfert-dun-accuse-vers-le-rwanda-rejetee6227.html","name":"09.06.08 - TPIR\/TRANSFERTS - UNE DEUXIEME DEMANDE DE TRANSFERT D'UN ACCUSE VERS LE RWANDA REJETEE - JusticeInfo.net","isPartOf":{"@id":"https:\/\/www.justiceinfo.net\/fr#website"},"datePublished":"2008-06-08T22:00:00+00:00","breadcrumb":{"@id":"https:\/\/www.justiceinfo.net\/fr\/9421-090608-tpirtransferts-une-deuxieme-demande-de-transfert-dun-accuse-vers-le-rwanda-rejetee6227.html#breadcrumb"},"inLanguage":"fr-FR","potentialAction":[{"@type":"ReadAction","target":["https:\/\/www.justiceinfo.net\/fr\/9421-090608-tpirtransferts-une-deuxieme-demande-de-transfert-dun-accuse-vers-le-rwanda-rejetee6227.html"]}]},{"@type":"BreadcrumbList","@id":"https:\/\/www.justiceinfo.net\/fr\/9421-090608-tpirtransferts-une-deuxieme-demande-de-transfert-dun-accuse-vers-le-rwanda-rejetee6227.html#breadcrumb","itemListElement":[{"@type":"ListItem","position":1,"name":"Home","item":"https:\/\/www.justiceinfo.net\/fr"},{"@type":"ListItem","position":2,"name":"09.06.08 - TPIR\/TRANSFERTS - UNE DEUXIEME DEMANDE DE TRANSFERT D'UN ACCUSE VERS LE RWANDA REJETEE"}]},{"@type":"WebSite","@id":"https:\/\/www.justiceinfo.net\/fr#website","url":"https:\/\/www.justiceinfo.net\/fr","name":"JusticeInfo.net","description":"La justice doit \u00eatre vue pour \u00eatre rendue","publisher":{"@id":"https:\/\/www.justiceinfo.net\/fr#organization"},"potentialAction":[{"@type":"SearchAction","target":{"@type":"EntryPoint","urlTemplate":"https:\/\/www.justiceinfo.net\/fr?s={search_term_string}"},"query-input":{"@type":"PropertyValueSpecification","valueRequired":true,"valueName":"search_term_string"}}],"inLanguage":"fr-FR"},{"@type":"Organization","@id":"https:\/\/www.justiceinfo.net\/fr#organization","name":"Justice Info","url":"https:\/\/www.justiceinfo.net\/fr","logo":{"@type":"ImageObject","inLanguage":"fr-FR","@id":"https:\/\/www.justiceinfo.net\/fr#\/schema\/logo\/image\/","url":"https:\/\/www.justiceinfo.net\/wp-content\/uploads\/justiceinfo_logo-trans_1200x1200px.png","contentUrl":"https:\/\/www.justiceinfo.net\/wp-content\/uploads\/justiceinfo_logo-trans_1200x1200px.png","width":1199,"height":1200,"caption":"Justice Info"},"image":{"@id":"https:\/\/www.justiceinfo.net\/fr#\/schema\/logo\/image\/"},"sameAs":["https:\/\/www.facebook.com\/JusticeInfo\/","https:\/\/x.com\/justiceinfonet","https:\/\/www.linkedin.com\/company\/justice-info","https:\/\/www.youtube.com\/channel\/UCyCEsARodyuWtkWyhn-e7pA"]},{"@type":"Person","name":"solivri","url":"\/fr\/?s=solivri"}]}},"_links":{"self":[{"href":"https:\/\/www.justiceinfo.net\/fr\/wp-json\/wp\/v2\/posts\/9421","targetHints":{"allow":["GET"]}}],"collection":[{"href":"https:\/\/www.justiceinfo.net\/fr\/wp-json\/wp\/v2\/posts"}],"about":[{"href":"https:\/\/www.justiceinfo.net\/fr\/wp-json\/wp\/v2\/types\/post"}],"author":[{"embeddable":true,"href":"https:\/\/www.justiceinfo.net\/fr\/wp-json\/wp\/v2\/users\/64"}],"replies":[{"embeddable":true,"href":"https:\/\/www.justiceinfo.net\/fr\/wp-json\/wp\/v2\/comments?post=9421"}],"version-history":[{"count":0,"href":"https:\/\/www.justiceinfo.net\/fr\/wp-json\/wp\/v2\/posts\/9421\/revisions"}],"wp:attachment":[{"href":"https:\/\/www.justiceinfo.net\/fr\/wp-json\/wp\/v2\/media?parent=9421"}],"wp:term":[{"taxonomy":"category","embeddable":true,"href":"https:\/\/www.justiceinfo.net\/fr\/wp-json\/wp\/v2\/categories?post=9421"},{"taxonomy":"post_tag","embeddable":true,"href":"https:\/\/www.justiceinfo.net\/fr\/wp-json\/wp\/v2\/tags?post=9421"},{"taxonomy":"ji_location","embeddable":true,"href":"https:\/\/www.justiceinfo.net\/fr\/wp-json\/wp\/v2\/ji_location?post=9421"}],"curies":[{"name":"wp","href":"https:\/\/api.w.org\/{rel}","templated":true}]}}