{"id":9435,"date":"2008-06-11T00:00:00","date_gmt":"2008-06-10T22:00:00","guid":{"rendered":"https:\/\/www.justiceinfo.net\/9435-110608-tpirkaremera-citation-a-comparaitre-pour-un-rwandais-vivant-au-canada6241.html"},"modified":"2008-06-11T00:00:00","modified_gmt":"2008-06-10T22:00:00","slug":"110608-tpirkaremera-citation-a-comparaitre-pour-un-rwandais-vivant-au-canada6241","status":"publish","type":"post","link":"https:\/\/www.justiceinfo.net\/fr\/9435-110608-tpirkaremera-citation-a-comparaitre-pour-un-rwandais-vivant-au-canada6241.html","title":{"rendered":"11.06.08 - TPIR\/KAREMERA - CITATION A COMPARAITRE POUR UN RWANDAIS VIVANT AU CANADA"},"content":{"rendered":"<p>\nArusha, 11 juin 2008 (FH) - Le Tribunal p&eacute;nal international pour le Rwanda (TPIR) a &eacute;mis une citation &agrave; compara&icirc;tre pour un linguiste rwandais vivant au Canada, L&eacute;on Mugesera, accus&eacute; dans son pays d'avoir incit&eacute; au g&eacute;nocide avec un c&eacute;l&egrave;bre discours prononc&eacute; en 1992, a-t-on appris de source judiciaire mercredi.<\/p>\n<p><!--more--><\/p>\n<p>\nLa d&eacute;position de Mugesera a &eacute;t&eacute; demand&eacute;e par la d&eacute;fense de Joseph Nzirorera, ancien secr&eacute;taire g&eacute;n&eacute;ral du Mouvement r&eacute;publicain national pour la d&eacute;mocratie et le d&eacute;veloppement (MRND), l'ex-parti pr&eacute;sidentiel. <\/p>\n<p>&laquo; La chambre fait droit &agrave; la requ&ecirc;te de Nzirorera demandant que L&eacute;on Mugesera soit cit&eacute; &agrave; compara&icirc;tre, autorise que la d&eacute;position se fasse en vid&eacute;oconf&eacute;rence &raquo;, indique une d&eacute;cision judiciaire dont une copie a &eacute;t&eacute; transmise mercredi &agrave; l'agence Hirondelle. <\/p>\n<p>La d&eacute;fense entend par ce t&eacute;moignage r&eacute;futer les all&eacute;gations selon lesquelles les dirigeants du MRND ont ferm&eacute; les yeux sur ce discours incendiaire prononc&eacute; par Mugesera le 22 novembre 1992 &agrave; Kabaya (nord) et l'ont ensuite aid&eacute; &agrave; fuir le pays dans le but de le soustraire aux poursuites judiciaires entam&eacute;es contre lui en raison de ce discours. <\/p>\n<p>Dans ce discours en langue rwandaise, l'orateur rappelle devant une foule de militants du MRND les propos qu'il avait tenus quelques jours auparavant &agrave; un Tutsi. &laquo; Moi, je vous apprends que votre patrie c'est l'Ethiopie et que nous vous ferons passer par (la rivi&egrave;re) Nyabarongo pour vous y faire arriver vite &raquo;, avait-il dit, selon son discours, &agrave; ce Tutsi. <\/p>\n<p>Pendant le g&eacute;nocide de 1994, des corps ont &eacute;t&eacute; jet&eacute;s, vifs ou morts, dans cette rivi&egrave;re dont le nom a, depuis lors, fait le tour du monde. <\/p>\n<p>Une premi&egrave;re requ&ecirc;te demandant une citation &agrave; compara&icirc;tre pour Mugesera avait &eacute;t&eacute; rejet&eacute;e le 19 f&eacute;vrier, la chambre estimant que la d&eacute;fense de Nzirorera n'avait pas fait tout ce qui &eacute;tait en son pouvoir pour obtenir une comparution volontaire. Au bout de nouveaux efforts vains, les avocats de Nzirorera avaient d&eacute;pos&eacute; une deuxi&egrave;me requ&ecirc;te le 03 mars. <\/p>\n<p>Subs&eacute;quemment, les juges avaient demand&eacute; au greffe, l'organe charg&eacute; de l'administration et des relations ext&eacute;rieures du tribunal, de contacter le t&eacute;moin. Le rapport du greffe &agrave; ce sujet indique que Mugesera ne dit pas s'il d&eacute;posera ou non. <\/p>\n<p>Aussi, la chambre a d&eacute;cid&eacute; de rendre une d&eacute;cision le contraignant &agrave; compara&icirc;tre. Mais, comme son statut actuel ne lui permet pas de rentrer au Canada s'il venait &agrave; sortir de ce pays, les juges ont autoris&eacute; la d&eacute;fense &agrave; recourir &agrave; la vid&eacute;oconf&eacute;rence. <\/p>\n<p>En 2005, la Cour supr&ecirc;me du Canada s'&eacute;tait prononc&eacute;e en faveur de l'extradition de Mugesera vers la justice de son pays qui le recherche. Mais le gouvernement canadien avait alors d&eacute;clar&eacute; qu'il ne le livrerait pas, car la peine capitale &eacute;tait encore inscrite dans le code p&eacute;nal rwandais. Cependant, cette peine a &eacute;t&eacute; abolie l'ann&eacute;e derni&egrave;re, en partie pour encourager les Etats &agrave; extrader des accus&eacute;s de g&eacute;nocide r&eacute;sidant sur leur territoire. <\/p>\n<p>Nzirora est jug&eacute; avec l'ex-pr&eacute;sident du MRND, Mathieu Ngirumpatse et l'ancien vice-pr&eacute;sident du parti, Edouard Karemera. <\/p>\n<p>Poursuivis pour crimes de g&eacute;nocide et crimes contre l'humanit&eacute;, les trois dirigeants de l'ex-parti pr&eacute;sidentiel plaident non coupables. <\/p>\n<p>Leur proc&egrave;s a d&eacute;but&eacute; en septembre 2005 apr&eacute;s une premi&egrave;re annultion des d&eacute;bats. <\/p>\n<p>ER\/PB\/GF <\/p>\n<p>&copy; Agence Hirondelle<\/p>\n","protected":false},"excerpt":{"rendered":"<p>Arusha, 11 juin 2008 (FH) - Le Tribunal p&eacute;nal international pour le Rwanda (TPIR) a &eacute;mis une citation &agrave; compara&icirc;tre pour un linguiste rwandais vivant au Canada, L&eacute;on Mugesera, accus&eacute; dans son pays d'avoir incit&eacute; au g&eacute;nocide avec un c&eacute;l&egrave;bre discours prononc&eacute; en 1992, a-t-on appris de source judiciaire mercredi.<\/p>\n","protected":false},"author":64,"featured_media":0,"comment_status":"open","ping_status":"closed","sticky":false,"template":"","format":"standard","meta":{"_acf_changed":false,"footnotes":""},"categories":[554],"tags":[],"ji_location":[],"class_list":["post-9435","post","type-post","status-publish","format-standard","hentry","category-hirondellenews"],"acf":[],"yoast_head":"<!-- This site is optimized with the Yoast SEO Premium plugin v25.3.1 (Yoast SEO v25.3.1) - https:\/\/yoast.com\/wordpress\/plugins\/seo\/ -->\n<title>11.06.08 - TPIR\/KAREMERA - CITATION A COMPARAITRE POUR UN RWANDAIS VIVANT AU CANADA - JusticeInfo.net<\/title>\n<meta name=\"robots\" content=\"index, follow, max-snippet:-1, max-image-preview:large, max-video-preview:-1\" \/>\n<link rel=\"canonical\" href=\"https:\/\/www.justiceinfo.net\/fr\/9435-110608-tpirkaremera-citation-a-comparaitre-pour-un-rwandais-vivant-au-canada6241.html\" \/>\n<meta property=\"og:locale\" content=\"fr_FR\" \/>\n<meta property=\"og:type\" content=\"article\" \/>\n<meta property=\"og:title\" content=\"11.06.08 - TPIR\/KAREMERA - CITATION A COMPARAITRE POUR UN RWANDAIS VIVANT AU CANADA\" \/>\n<meta property=\"og:description\" content=\"Arusha, 11 juin 2008 (FH) - Le Tribunal p&eacute;nal international pour le Rwanda (TPIR) a &eacute;mis une citation &agrave; compara&icirc;tre pour un linguiste rwandais vivant au Canada, L&eacute;on Mugesera, accus&eacute; dans son pays d&#039;avoir incit&eacute; au g&eacute;nocide avec un c&eacute;l&egrave;bre discours prononc&eacute; en 1992, a-t-on appris de source judiciaire mercredi.\" \/>\n<meta property=\"og:url\" content=\"https:\/\/www.justiceinfo.net\/fr\/9435-110608-tpirkaremera-citation-a-comparaitre-pour-un-rwandais-vivant-au-canada6241.html\" \/>\n<meta property=\"og:site_name\" content=\"JusticeInfo.net\" \/>\n<meta property=\"article:publisher\" content=\"https:\/\/www.facebook.com\/JusticeInfo\/\" \/>\n<meta property=\"article:published_time\" content=\"2008-06-10T22:00:00+00:00\" \/>\n<meta property=\"og:image\" content=\"https:\/\/www.justiceinfo.net\/wp-content\/uploads\/JusticeInfoNet_logo_1200x630px.jpg\" \/>\n\t<meta property=\"og:image:width\" content=\"1200\" \/>\n\t<meta property=\"og:image:height\" content=\"630\" \/>\n\t<meta property=\"og:image:type\" content=\"image\/jpeg\" \/>\n<meta name=\"author\" content=\"solivri\" \/>\n<meta name=\"twitter:card\" content=\"summary_large_image\" \/>\n<meta name=\"twitter:creator\" content=\"@justiceinfonet\" \/>\n<meta name=\"twitter:site\" content=\"@justiceinfonet\" \/>\n<meta name=\"twitter:label1\" content=\"\u00c9crit par\" \/>\n\t<meta name=\"twitter:data1\" content=\"solivri\" \/>\n\t<meta name=\"twitter:label2\" content=\"Dur\u00e9e de lecture estim\u00e9e\" \/>\n\t<meta name=\"twitter:data2\" content=\"3 minutes\" \/>\n<script type=\"application\/ld+json\" class=\"yoast-schema-graph\">{\"@context\":\"https:\/\/schema.org\",\"@graph\":[{\"@type\":\"NewsArticle\",\"@id\":\"https:\/\/www.justiceinfo.net\/fr\/9435-110608-tpirkaremera-citation-a-comparaitre-pour-un-rwandais-vivant-au-canada6241.html#article\",\"isPartOf\":{\"@id\":\"https:\/\/www.justiceinfo.net\/fr\/9435-110608-tpirkaremera-citation-a-comparaitre-pour-un-rwandais-vivant-au-canada6241.html\"},\"author\":{\"name\":\"solivri\",\"@id\":\"https:\/\/www.justiceinfo.net\/fr#\/schema\/person\/6e53cba1629e2e66f3fc1821d3091865\"},\"headline\":\"11.06.08 - TPIR\/KAREMERA - CITATION A COMPARAITRE POUR UN RWANDAIS VIVANT AU CANADA\",\"datePublished\":\"2008-06-10T22:00:00+00:00\",\"mainEntityOfPage\":{\"@id\":\"https:\/\/www.justiceinfo.net\/fr\/9435-110608-tpirkaremera-citation-a-comparaitre-pour-un-rwandais-vivant-au-canada6241.html\"},\"wordCount\":722,\"commentCount\":0,\"publisher\":{\"@id\":\"https:\/\/www.justiceinfo.net\/fr#organization\"},\"articleSection\":[\"Hirondelle News\"],\"inLanguage\":\"fr-FR\",\"potentialAction\":[{\"@type\":\"CommentAction\",\"name\":\"Comment\",\"target\":[\"https:\/\/www.justiceinfo.net\/fr\/9435-110608-tpirkaremera-citation-a-comparaitre-pour-un-rwandais-vivant-au-canada6241.html#respond\"]}]},{\"@type\":\"WebPage\",\"@id\":\"https:\/\/www.justiceinfo.net\/fr\/9435-110608-tpirkaremera-citation-a-comparaitre-pour-un-rwandais-vivant-au-canada6241.html\",\"url\":\"https:\/\/www.justiceinfo.net\/fr\/9435-110608-tpirkaremera-citation-a-comparaitre-pour-un-rwandais-vivant-au-canada6241.html\",\"name\":\"11.06.08 - TPIR\/KAREMERA - CITATION A COMPARAITRE POUR UN RWANDAIS VIVANT AU CANADA - JusticeInfo.net\",\"isPartOf\":{\"@id\":\"https:\/\/www.justiceinfo.net\/fr#website\"},\"datePublished\":\"2008-06-10T22:00:00+00:00\",\"breadcrumb\":{\"@id\":\"https:\/\/www.justiceinfo.net\/fr\/9435-110608-tpirkaremera-citation-a-comparaitre-pour-un-rwandais-vivant-au-canada6241.html#breadcrumb\"},\"inLanguage\":\"fr-FR\",\"potentialAction\":[{\"@type\":\"ReadAction\",\"target\":[\"https:\/\/www.justiceinfo.net\/fr\/9435-110608-tpirkaremera-citation-a-comparaitre-pour-un-rwandais-vivant-au-canada6241.html\"]}]},{\"@type\":\"BreadcrumbList\",\"@id\":\"https:\/\/www.justiceinfo.net\/fr\/9435-110608-tpirkaremera-citation-a-comparaitre-pour-un-rwandais-vivant-au-canada6241.html#breadcrumb\",\"itemListElement\":[{\"@type\":\"ListItem\",\"position\":1,\"name\":\"Home\",\"item\":\"https:\/\/www.justiceinfo.net\/fr\"},{\"@type\":\"ListItem\",\"position\":2,\"name\":\"11.06.08 - TPIR\/KAREMERA - CITATION A COMPARAITRE POUR UN RWANDAIS VIVANT AU CANADA\"}]},{\"@type\":\"WebSite\",\"@id\":\"https:\/\/www.justiceinfo.net\/fr#website\",\"url\":\"https:\/\/www.justiceinfo.net\/fr\",\"name\":\"JusticeInfo.net\",\"description\":\"La justice doit \u00eatre vue pour \u00eatre rendue\",\"publisher\":{\"@id\":\"https:\/\/www.justiceinfo.net\/fr#organization\"},\"potentialAction\":[{\"@type\":\"SearchAction\",\"target\":{\"@type\":\"EntryPoint\",\"urlTemplate\":\"https:\/\/www.justiceinfo.net\/fr?s={search_term_string}\"},\"query-input\":{\"@type\":\"PropertyValueSpecification\",\"valueRequired\":true,\"valueName\":\"search_term_string\"}}],\"inLanguage\":\"fr-FR\"},{\"@type\":\"Organization\",\"@id\":\"https:\/\/www.justiceinfo.net\/fr#organization\",\"name\":\"Justice Info\",\"url\":\"https:\/\/www.justiceinfo.net\/fr\",\"logo\":{\"@type\":\"ImageObject\",\"inLanguage\":\"fr-FR\",\"@id\":\"https:\/\/www.justiceinfo.net\/fr#\/schema\/logo\/image\/\",\"url\":\"https:\/\/www.justiceinfo.net\/wp-content\/uploads\/justiceinfo_logo-trans_1200x1200px.png\",\"contentUrl\":\"https:\/\/www.justiceinfo.net\/wp-content\/uploads\/justiceinfo_logo-trans_1200x1200px.png\",\"width\":1199,\"height\":1200,\"caption\":\"Justice Info\"},\"image\":{\"@id\":\"https:\/\/www.justiceinfo.net\/fr#\/schema\/logo\/image\/\"},\"sameAs\":[\"https:\/\/www.facebook.com\/JusticeInfo\/\",\"https:\/\/x.com\/justiceinfonet\",\"https:\/\/www.linkedin.com\/company\/justice-info\",\"https:\/\/www.youtube.com\/channel\/UCyCEsARodyuWtkWyhn-e7pA\"]},{\"@type\":\"Person\",\"name\":\"solivri\",\"url\":\"\/fr\/?s=solivri\"}]}<\/script>\n<!-- \/ Yoast SEO Premium plugin. -->","yoast_head_json":{"title":"11.06.08 - TPIR\/KAREMERA - CITATION A COMPARAITRE POUR UN RWANDAIS VIVANT AU CANADA - JusticeInfo.net","robots":{"index":"index","follow":"follow","max-snippet":"max-snippet:-1","max-image-preview":"max-image-preview:large","max-video-preview":"max-video-preview:-1"},"canonical":"https:\/\/www.justiceinfo.net\/fr\/9435-110608-tpirkaremera-citation-a-comparaitre-pour-un-rwandais-vivant-au-canada6241.html","og_locale":"fr_FR","og_type":"article","og_title":"11.06.08 - TPIR\/KAREMERA - CITATION A COMPARAITRE POUR UN RWANDAIS VIVANT AU CANADA","og_description":"Arusha, 11 juin 2008 (FH) - Le Tribunal p&eacute;nal international pour le Rwanda (TPIR) a &eacute;mis une citation &agrave; compara&icirc;tre pour un linguiste rwandais vivant au Canada, L&eacute;on Mugesera, accus&eacute; dans son pays d'avoir incit&eacute; au g&eacute;nocide avec un c&eacute;l&egrave;bre discours prononc&eacute; en 1992, a-t-on appris de source judiciaire mercredi.","og_url":"https:\/\/www.justiceinfo.net\/fr\/9435-110608-tpirkaremera-citation-a-comparaitre-pour-un-rwandais-vivant-au-canada6241.html","og_site_name":"JusticeInfo.net","article_publisher":"https:\/\/www.facebook.com\/JusticeInfo\/","article_published_time":"2008-06-10T22:00:00+00:00","og_image":[{"width":1200,"height":630,"url":"https:\/\/www.justiceinfo.net\/wp-content\/uploads\/JusticeInfoNet_logo_1200x630px.jpg","type":"image\/jpeg"}],"author":"solivri","twitter_card":"summary_large_image","twitter_creator":"@justiceinfonet","twitter_site":"@justiceinfonet","twitter_misc":{"\u00c9crit par":"solivri","Dur\u00e9e de lecture estim\u00e9e":"3 minutes"},"schema":{"@context":"https:\/\/schema.org","@graph":[{"@type":"NewsArticle","@id":"https:\/\/www.justiceinfo.net\/fr\/9435-110608-tpirkaremera-citation-a-comparaitre-pour-un-rwandais-vivant-au-canada6241.html#article","isPartOf":{"@id":"https:\/\/www.justiceinfo.net\/fr\/9435-110608-tpirkaremera-citation-a-comparaitre-pour-un-rwandais-vivant-au-canada6241.html"},"author":{"name":"solivri","@id":"https:\/\/www.justiceinfo.net\/fr#\/schema\/person\/6e53cba1629e2e66f3fc1821d3091865"},"headline":"11.06.08 - TPIR\/KAREMERA - CITATION A COMPARAITRE POUR UN RWANDAIS VIVANT AU CANADA","datePublished":"2008-06-10T22:00:00+00:00","mainEntityOfPage":{"@id":"https:\/\/www.justiceinfo.net\/fr\/9435-110608-tpirkaremera-citation-a-comparaitre-pour-un-rwandais-vivant-au-canada6241.html"},"wordCount":722,"commentCount":0,"publisher":{"@id":"https:\/\/www.justiceinfo.net\/fr#organization"},"articleSection":["Hirondelle News"],"inLanguage":"fr-FR","potentialAction":[{"@type":"CommentAction","name":"Comment","target":["https:\/\/www.justiceinfo.net\/fr\/9435-110608-tpirkaremera-citation-a-comparaitre-pour-un-rwandais-vivant-au-canada6241.html#respond"]}]},{"@type":"WebPage","@id":"https:\/\/www.justiceinfo.net\/fr\/9435-110608-tpirkaremera-citation-a-comparaitre-pour-un-rwandais-vivant-au-canada6241.html","url":"https:\/\/www.justiceinfo.net\/fr\/9435-110608-tpirkaremera-citation-a-comparaitre-pour-un-rwandais-vivant-au-canada6241.html","name":"11.06.08 - TPIR\/KAREMERA - CITATION A COMPARAITRE POUR UN RWANDAIS VIVANT AU CANADA - JusticeInfo.net","isPartOf":{"@id":"https:\/\/www.justiceinfo.net\/fr#website"},"datePublished":"2008-06-10T22:00:00+00:00","breadcrumb":{"@id":"https:\/\/www.justiceinfo.net\/fr\/9435-110608-tpirkaremera-citation-a-comparaitre-pour-un-rwandais-vivant-au-canada6241.html#breadcrumb"},"inLanguage":"fr-FR","potentialAction":[{"@type":"ReadAction","target":["https:\/\/www.justiceinfo.net\/fr\/9435-110608-tpirkaremera-citation-a-comparaitre-pour-un-rwandais-vivant-au-canada6241.html"]}]},{"@type":"BreadcrumbList","@id":"https:\/\/www.justiceinfo.net\/fr\/9435-110608-tpirkaremera-citation-a-comparaitre-pour-un-rwandais-vivant-au-canada6241.html#breadcrumb","itemListElement":[{"@type":"ListItem","position":1,"name":"Home","item":"https:\/\/www.justiceinfo.net\/fr"},{"@type":"ListItem","position":2,"name":"11.06.08 - TPIR\/KAREMERA - CITATION A COMPARAITRE POUR UN RWANDAIS VIVANT AU CANADA"}]},{"@type":"WebSite","@id":"https:\/\/www.justiceinfo.net\/fr#website","url":"https:\/\/www.justiceinfo.net\/fr","name":"JusticeInfo.net","description":"La justice doit \u00eatre vue pour \u00eatre rendue","publisher":{"@id":"https:\/\/www.justiceinfo.net\/fr#organization"},"potentialAction":[{"@type":"SearchAction","target":{"@type":"EntryPoint","urlTemplate":"https:\/\/www.justiceinfo.net\/fr?s={search_term_string}"},"query-input":{"@type":"PropertyValueSpecification","valueRequired":true,"valueName":"search_term_string"}}],"inLanguage":"fr-FR"},{"@type":"Organization","@id":"https:\/\/www.justiceinfo.net\/fr#organization","name":"Justice Info","url":"https:\/\/www.justiceinfo.net\/fr","logo":{"@type":"ImageObject","inLanguage":"fr-FR","@id":"https:\/\/www.justiceinfo.net\/fr#\/schema\/logo\/image\/","url":"https:\/\/www.justiceinfo.net\/wp-content\/uploads\/justiceinfo_logo-trans_1200x1200px.png","contentUrl":"https:\/\/www.justiceinfo.net\/wp-content\/uploads\/justiceinfo_logo-trans_1200x1200px.png","width":1199,"height":1200,"caption":"Justice Info"},"image":{"@id":"https:\/\/www.justiceinfo.net\/fr#\/schema\/logo\/image\/"},"sameAs":["https:\/\/www.facebook.com\/JusticeInfo\/","https:\/\/x.com\/justiceinfonet","https:\/\/www.linkedin.com\/company\/justice-info","https:\/\/www.youtube.com\/channel\/UCyCEsARodyuWtkWyhn-e7pA"]},{"@type":"Person","name":"solivri","url":"\/fr\/?s=solivri"}]}},"_links":{"self":[{"href":"https:\/\/www.justiceinfo.net\/fr\/wp-json\/wp\/v2\/posts\/9435","targetHints":{"allow":["GET"]}}],"collection":[{"href":"https:\/\/www.justiceinfo.net\/fr\/wp-json\/wp\/v2\/posts"}],"about":[{"href":"https:\/\/www.justiceinfo.net\/fr\/wp-json\/wp\/v2\/types\/post"}],"author":[{"embeddable":true,"href":"https:\/\/www.justiceinfo.net\/fr\/wp-json\/wp\/v2\/users\/64"}],"replies":[{"embeddable":true,"href":"https:\/\/www.justiceinfo.net\/fr\/wp-json\/wp\/v2\/comments?post=9435"}],"version-history":[{"count":0,"href":"https:\/\/www.justiceinfo.net\/fr\/wp-json\/wp\/v2\/posts\/9435\/revisions"}],"wp:attachment":[{"href":"https:\/\/www.justiceinfo.net\/fr\/wp-json\/wp\/v2\/media?parent=9435"}],"wp:term":[{"taxonomy":"category","embeddable":true,"href":"https:\/\/www.justiceinfo.net\/fr\/wp-json\/wp\/v2\/categories?post=9435"},{"taxonomy":"post_tag","embeddable":true,"href":"https:\/\/www.justiceinfo.net\/fr\/wp-json\/wp\/v2\/tags?post=9435"},{"taxonomy":"ji_location","embeddable":true,"href":"https:\/\/www.justiceinfo.net\/fr\/wp-json\/wp\/v2\/ji_location?post=9435"}],"curies":[{"name":"wp","href":"https:\/\/api.w.org\/{rel}","templated":true}]}}