{"id":9486,"date":"2008-06-20T00:00:00","date_gmt":"2008-06-19T22:00:00","guid":{"rendered":"https:\/\/www.justiceinfo.net\/9486-200608-tpirrwanda-troisieme-rejet-dune-demande-de-transfert-vers-le-rwanda6292.html"},"modified":"2008-06-20T00:00:00","modified_gmt":"2008-06-19T22:00:00","slug":"200608-tpirrwanda-troisieme-rejet-dune-demande-de-transfert-vers-le-rwanda6292","status":"publish","type":"post","link":"https:\/\/www.justiceinfo.net\/fr\/9486-200608-tpirrwanda-troisieme-rejet-dune-demande-de-transfert-vers-le-rwanda6292.html","title":{"rendered":"20.06.08 - TPIR\/RWANDA - TROISIEME REJET D'UNE DEMANDE DE TRANSFERT VERS LE RWANDA"},"content":{"rendered":"<p>\nArusha, 20 juin 2008 (FH) - Une troisi&egrave;me requ&ecirc;te du procureur du Tribunal p&eacute;nal international (TPIR) visant &agrave; renvoyer un accus&eacute; vers la justice rwandaise a &eacute;t&eacute; rejet&eacute;e jeudi par une chambre de cette juridiction des Nations Unies, a-t-on appris vendredi.<\/p>\n<p><!--more--><\/p>\n<p>\nLa demande de renvoi du lieutenant Ildephonse Hategekimana avait &eacute;t&eacute; d&eacute;pos&eacute;e par le procureur en chef du TPIR Hassan Bubacar Jallow le 7 septembre 2007. <\/p>\n<p>Poursuivi pour g&eacute;nocide, complicit&eacute; de g&eacute;nocide, assassinats et viols, l'accus&eacute; commandait pendant le g&eacute;nocide, le petit camp militaire de Ngoma, &agrave; Butare (sud). <\/p>\n<p>La chambre, pr&eacute;sid&eacute;e par la juge pakistanaise Khalida Rashid Khan, affirme, dans sa conclusion, ne pas &ecirc;tre convaincue que la loi rwandaise r&eacute;prime la responsabilit&eacute; de sup&eacute;rieur hi&eacute;rarchique. En effet, le capitaine est accus&eacute;, non seulement de crimes qu'il aurait commis personnellement, mais aussi d'exactions perp&eacute;tr&eacute;es par ses hommes. <\/p>\n<p>Les juges doutent par ailleurs que Hategekimana puisse, s'il &eacute;tait transf&eacute;r&eacute; devant les tribunaux rwandais, citer ses t&eacute;moins dans les m&ecirc;mes conditions que la partie adverse. <\/p>\n<p>Enfin, la chambre craint qu'en cas de verdict de culpabilit&eacute;, l'accus&eacute; ne soit condamn&eacute; &agrave; l'emprisonnement &agrave; vie avec isolement, en violation de ses droits &agrave; ne pas &ecirc;tre soumis &agrave; une peine cruelle, inhumaine ou d&eacute;gradante. <\/p>\n<p>Les juges reconnaissent cependant &laquo; les progr&egrave;s significatifs &raquo; r&eacute;alis&eacute;s par le Rwanda &laquo; dans la reconstruction de son syst&egrave;me judiciaire &raquo; qui avait &eacute;t&eacute; mis &agrave; mal par le g&eacute;nocide de 1994. <\/p>\n<p>Le 6 juin, une autre chambre de premi&egrave;re instance avait refus&eacute; de renvoyer vers le Rwanda Gaspard Kanyarukiga, un ancien homme d'affaires accus&eacute; de g&eacute;nocide et de crimes contre l'humanit&eacute;. <\/p>\n<p>Une semaine auparavant, une autre formation de juges avait rejet&eacute; la demande visant &agrave; faire juger un ancien chef de milice pr&eacute;sum&eacute;, Yussuf Munyakazi, par la justice de son pays. <\/p>\n<p>Dans ces deux premi&egrave;res d&eacute;cisions, les juges avaient estim&eacute; qu'en d&eacute;pit de progr&egrave;s remarquables, le Rwanda ne remplissait pas encore les conditions d'un proc&egrave;s &eacute;quitable. <\/p>\n<p>M.Jallow a d&eacute;j&agrave; fait appel de la d&eacute;cision concernant Munyakazi et le recours au sujet de Kanyarukiga devrait bient&ocirc;t suivre. <\/p>\n<p>Deux autres requ&ecirc;tes de ce genre sont encore pendantes devant le TPIR. <\/p>\n<p>Le transfert de certains accus&eacute;s vers des juridictions nationales fait partie de la strat&eacute;gie de fin de mandat du TPIR auquel le Conseil de s&eacute;curit&eacute; avait demand&eacute; de terminer cette ann&eacute;e les proc&egrave;s en premi&egrave;re instance. <\/p>\n<p>Au d&eacute;but du mois, les plus hauts responsables du tribunal ont demand&eacute; au Conseil de s&eacute;curit&eacute; de proroger d'une ann&eacute;e le mandat du TPIR. <\/p>\n<p>Au si&egrave;ge du tribunal &agrave; Arusha, en Tanzanie, 28 accus&eacute;s sont en proc&egrave;s ou attendent le verdict, tandis que 8 attendent de compara&icirc;tre. <\/p>\n<p>Treize inculp&eacute;s sont en fuite tandis qu'un autre, d&eacute;tenu en Allemagne, attend d'&ecirc;tre transf&eacute;r&eacute; au TPIR. <\/p>\n<p>Le tribunal a d&eacute;j&agrave; prononc&eacute; 30 condamnations et 5 acquittements. <\/p>\n<p>ER\/PB\/GF <\/p>\n<p>&copy; Agence Hirondelle<\/p>\n","protected":false},"excerpt":{"rendered":"<p>Arusha, 20 juin 2008 (FH) - Une troisi&egrave;me requ&ecirc;te du procureur du Tribunal p&eacute;nal international (TPIR) visant &agrave; renvoyer un accus&eacute; vers la justice rwandaise a &eacute;t&eacute; rejet&eacute;e jeudi par une chambre de cette juridiction des Nations Unies, a-t-on appris vendredi.<\/p>\n","protected":false},"author":64,"featured_media":0,"comment_status":"open","ping_status":"closed","sticky":false,"template":"","format":"standard","meta":{"_acf_changed":false,"footnotes":""},"categories":[554],"tags":[],"ji_location":[],"class_list":["post-9486","post","type-post","status-publish","format-standard","hentry","category-hirondellenews"],"acf":[],"yoast_head":"<!-- This site is optimized with the Yoast SEO Premium plugin v25.3.1 (Yoast SEO v25.3.1) - https:\/\/yoast.com\/wordpress\/plugins\/seo\/ -->\n<title>20.06.08 - TPIR\/RWANDA - TROISIEME REJET D&#039;UNE DEMANDE DE TRANSFERT VERS LE RWANDA - JusticeInfo.net<\/title>\n<meta name=\"robots\" content=\"index, follow, max-snippet:-1, max-image-preview:large, max-video-preview:-1\" \/>\n<link rel=\"canonical\" href=\"https:\/\/www.justiceinfo.net\/fr\/9486-200608-tpirrwanda-troisieme-rejet-dune-demande-de-transfert-vers-le-rwanda6292.html\" \/>\n<meta property=\"og:locale\" content=\"fr_FR\" \/>\n<meta property=\"og:type\" content=\"article\" \/>\n<meta property=\"og:title\" content=\"20.06.08 - TPIR\/RWANDA - TROISIEME REJET D&#039;UNE DEMANDE DE TRANSFERT VERS LE RWANDA\" \/>\n<meta property=\"og:description\" content=\"Arusha, 20 juin 2008 (FH) - Une troisi&egrave;me requ&ecirc;te du procureur du Tribunal p&eacute;nal international (TPIR) visant &agrave; renvoyer un accus&eacute; vers la justice rwandaise a &eacute;t&eacute; rejet&eacute;e jeudi par une chambre de cette juridiction des Nations Unies, a-t-on appris vendredi.\" \/>\n<meta property=\"og:url\" content=\"https:\/\/www.justiceinfo.net\/fr\/9486-200608-tpirrwanda-troisieme-rejet-dune-demande-de-transfert-vers-le-rwanda6292.html\" \/>\n<meta property=\"og:site_name\" content=\"JusticeInfo.net\" \/>\n<meta property=\"article:publisher\" content=\"https:\/\/www.facebook.com\/JusticeInfo\/\" \/>\n<meta property=\"article:published_time\" content=\"2008-06-19T22:00:00+00:00\" \/>\n<meta property=\"og:image\" content=\"https:\/\/www.justiceinfo.net\/wp-content\/uploads\/JusticeInfoNet_logo_1200x630px.jpg\" \/>\n\t<meta property=\"og:image:width\" content=\"1200\" \/>\n\t<meta property=\"og:image:height\" content=\"630\" \/>\n\t<meta property=\"og:image:type\" content=\"image\/jpeg\" \/>\n<meta name=\"author\" content=\"solivri\" \/>\n<meta name=\"twitter:card\" content=\"summary_large_image\" \/>\n<meta name=\"twitter:creator\" content=\"@justiceinfonet\" \/>\n<meta name=\"twitter:site\" content=\"@justiceinfonet\" \/>\n<meta name=\"twitter:label1\" content=\"\u00c9crit par\" \/>\n\t<meta name=\"twitter:data1\" content=\"solivri\" \/>\n\t<meta name=\"twitter:label2\" content=\"Dur\u00e9e de lecture estim\u00e9e\" \/>\n\t<meta name=\"twitter:data2\" content=\"3 minutes\" \/>\n<script type=\"application\/ld+json\" class=\"yoast-schema-graph\">{\"@context\":\"https:\/\/schema.org\",\"@graph\":[{\"@type\":\"NewsArticle\",\"@id\":\"https:\/\/www.justiceinfo.net\/fr\/9486-200608-tpirrwanda-troisieme-rejet-dune-demande-de-transfert-vers-le-rwanda6292.html#article\",\"isPartOf\":{\"@id\":\"https:\/\/www.justiceinfo.net\/fr\/9486-200608-tpirrwanda-troisieme-rejet-dune-demande-de-transfert-vers-le-rwanda6292.html\"},\"author\":{\"name\":\"solivri\",\"@id\":\"https:\/\/www.justiceinfo.net\/fr#\/schema\/person\/6e53cba1629e2e66f3fc1821d3091865\"},\"headline\":\"20.06.08 - TPIR\/RWANDA - TROISIEME REJET D'UNE DEMANDE DE TRANSFERT VERS LE RWANDA\",\"datePublished\":\"2008-06-19T22:00:00+00:00\",\"mainEntityOfPage\":{\"@id\":\"https:\/\/www.justiceinfo.net\/fr\/9486-200608-tpirrwanda-troisieme-rejet-dune-demande-de-transfert-vers-le-rwanda6292.html\"},\"wordCount\":627,\"commentCount\":0,\"publisher\":{\"@id\":\"https:\/\/www.justiceinfo.net\/fr#organization\"},\"articleSection\":[\"Hirondelle News\"],\"inLanguage\":\"fr-FR\",\"potentialAction\":[{\"@type\":\"CommentAction\",\"name\":\"Comment\",\"target\":[\"https:\/\/www.justiceinfo.net\/fr\/9486-200608-tpirrwanda-troisieme-rejet-dune-demande-de-transfert-vers-le-rwanda6292.html#respond\"]}]},{\"@type\":\"WebPage\",\"@id\":\"https:\/\/www.justiceinfo.net\/fr\/9486-200608-tpirrwanda-troisieme-rejet-dune-demande-de-transfert-vers-le-rwanda6292.html\",\"url\":\"https:\/\/www.justiceinfo.net\/fr\/9486-200608-tpirrwanda-troisieme-rejet-dune-demande-de-transfert-vers-le-rwanda6292.html\",\"name\":\"20.06.08 - TPIR\/RWANDA - TROISIEME REJET D'UNE DEMANDE DE TRANSFERT VERS LE RWANDA - JusticeInfo.net\",\"isPartOf\":{\"@id\":\"https:\/\/www.justiceinfo.net\/fr#website\"},\"datePublished\":\"2008-06-19T22:00:00+00:00\",\"breadcrumb\":{\"@id\":\"https:\/\/www.justiceinfo.net\/fr\/9486-200608-tpirrwanda-troisieme-rejet-dune-demande-de-transfert-vers-le-rwanda6292.html#breadcrumb\"},\"inLanguage\":\"fr-FR\",\"potentialAction\":[{\"@type\":\"ReadAction\",\"target\":[\"https:\/\/www.justiceinfo.net\/fr\/9486-200608-tpirrwanda-troisieme-rejet-dune-demande-de-transfert-vers-le-rwanda6292.html\"]}]},{\"@type\":\"BreadcrumbList\",\"@id\":\"https:\/\/www.justiceinfo.net\/fr\/9486-200608-tpirrwanda-troisieme-rejet-dune-demande-de-transfert-vers-le-rwanda6292.html#breadcrumb\",\"itemListElement\":[{\"@type\":\"ListItem\",\"position\":1,\"name\":\"Home\",\"item\":\"https:\/\/www.justiceinfo.net\/fr\"},{\"@type\":\"ListItem\",\"position\":2,\"name\":\"20.06.08 - TPIR\/RWANDA - TROISIEME REJET D'UNE DEMANDE DE TRANSFERT VERS LE RWANDA\"}]},{\"@type\":\"WebSite\",\"@id\":\"https:\/\/www.justiceinfo.net\/fr#website\",\"url\":\"https:\/\/www.justiceinfo.net\/fr\",\"name\":\"JusticeInfo.net\",\"description\":\"La justice doit \u00eatre vue pour \u00eatre rendue\",\"publisher\":{\"@id\":\"https:\/\/www.justiceinfo.net\/fr#organization\"},\"potentialAction\":[{\"@type\":\"SearchAction\",\"target\":{\"@type\":\"EntryPoint\",\"urlTemplate\":\"https:\/\/www.justiceinfo.net\/fr?s={search_term_string}\"},\"query-input\":{\"@type\":\"PropertyValueSpecification\",\"valueRequired\":true,\"valueName\":\"search_term_string\"}}],\"inLanguage\":\"fr-FR\"},{\"@type\":\"Organization\",\"@id\":\"https:\/\/www.justiceinfo.net\/fr#organization\",\"name\":\"Justice Info\",\"url\":\"https:\/\/www.justiceinfo.net\/fr\",\"logo\":{\"@type\":\"ImageObject\",\"inLanguage\":\"fr-FR\",\"@id\":\"https:\/\/www.justiceinfo.net\/fr#\/schema\/logo\/image\/\",\"url\":\"https:\/\/www.justiceinfo.net\/wp-content\/uploads\/justiceinfo_logo-trans_1200x1200px.png\",\"contentUrl\":\"https:\/\/www.justiceinfo.net\/wp-content\/uploads\/justiceinfo_logo-trans_1200x1200px.png\",\"width\":1199,\"height\":1200,\"caption\":\"Justice Info\"},\"image\":{\"@id\":\"https:\/\/www.justiceinfo.net\/fr#\/schema\/logo\/image\/\"},\"sameAs\":[\"https:\/\/www.facebook.com\/JusticeInfo\/\",\"https:\/\/x.com\/justiceinfonet\",\"https:\/\/www.linkedin.com\/company\/justice-info\",\"https:\/\/www.youtube.com\/channel\/UCyCEsARodyuWtkWyhn-e7pA\"]},{\"@type\":\"Person\",\"name\":\"solivri\",\"url\":\"\/fr\/?s=solivri\"}]}<\/script>\n<!-- \/ Yoast SEO Premium plugin. -->","yoast_head_json":{"title":"20.06.08 - TPIR\/RWANDA - TROISIEME REJET D'UNE DEMANDE DE TRANSFERT VERS LE RWANDA - JusticeInfo.net","robots":{"index":"index","follow":"follow","max-snippet":"max-snippet:-1","max-image-preview":"max-image-preview:large","max-video-preview":"max-video-preview:-1"},"canonical":"https:\/\/www.justiceinfo.net\/fr\/9486-200608-tpirrwanda-troisieme-rejet-dune-demande-de-transfert-vers-le-rwanda6292.html","og_locale":"fr_FR","og_type":"article","og_title":"20.06.08 - TPIR\/RWANDA - TROISIEME REJET D'UNE DEMANDE DE TRANSFERT VERS LE RWANDA","og_description":"Arusha, 20 juin 2008 (FH) - Une troisi&egrave;me requ&ecirc;te du procureur du Tribunal p&eacute;nal international (TPIR) visant &agrave; renvoyer un accus&eacute; vers la justice rwandaise a &eacute;t&eacute; rejet&eacute;e jeudi par une chambre de cette juridiction des Nations Unies, a-t-on appris vendredi.","og_url":"https:\/\/www.justiceinfo.net\/fr\/9486-200608-tpirrwanda-troisieme-rejet-dune-demande-de-transfert-vers-le-rwanda6292.html","og_site_name":"JusticeInfo.net","article_publisher":"https:\/\/www.facebook.com\/JusticeInfo\/","article_published_time":"2008-06-19T22:00:00+00:00","og_image":[{"width":1200,"height":630,"url":"https:\/\/www.justiceinfo.net\/wp-content\/uploads\/JusticeInfoNet_logo_1200x630px.jpg","type":"image\/jpeg"}],"author":"solivri","twitter_card":"summary_large_image","twitter_creator":"@justiceinfonet","twitter_site":"@justiceinfonet","twitter_misc":{"\u00c9crit par":"solivri","Dur\u00e9e de lecture estim\u00e9e":"3 minutes"},"schema":{"@context":"https:\/\/schema.org","@graph":[{"@type":"NewsArticle","@id":"https:\/\/www.justiceinfo.net\/fr\/9486-200608-tpirrwanda-troisieme-rejet-dune-demande-de-transfert-vers-le-rwanda6292.html#article","isPartOf":{"@id":"https:\/\/www.justiceinfo.net\/fr\/9486-200608-tpirrwanda-troisieme-rejet-dune-demande-de-transfert-vers-le-rwanda6292.html"},"author":{"name":"solivri","@id":"https:\/\/www.justiceinfo.net\/fr#\/schema\/person\/6e53cba1629e2e66f3fc1821d3091865"},"headline":"20.06.08 - TPIR\/RWANDA - TROISIEME REJET D'UNE DEMANDE DE TRANSFERT VERS LE RWANDA","datePublished":"2008-06-19T22:00:00+00:00","mainEntityOfPage":{"@id":"https:\/\/www.justiceinfo.net\/fr\/9486-200608-tpirrwanda-troisieme-rejet-dune-demande-de-transfert-vers-le-rwanda6292.html"},"wordCount":627,"commentCount":0,"publisher":{"@id":"https:\/\/www.justiceinfo.net\/fr#organization"},"articleSection":["Hirondelle News"],"inLanguage":"fr-FR","potentialAction":[{"@type":"CommentAction","name":"Comment","target":["https:\/\/www.justiceinfo.net\/fr\/9486-200608-tpirrwanda-troisieme-rejet-dune-demande-de-transfert-vers-le-rwanda6292.html#respond"]}]},{"@type":"WebPage","@id":"https:\/\/www.justiceinfo.net\/fr\/9486-200608-tpirrwanda-troisieme-rejet-dune-demande-de-transfert-vers-le-rwanda6292.html","url":"https:\/\/www.justiceinfo.net\/fr\/9486-200608-tpirrwanda-troisieme-rejet-dune-demande-de-transfert-vers-le-rwanda6292.html","name":"20.06.08 - TPIR\/RWANDA - TROISIEME REJET D'UNE DEMANDE DE TRANSFERT VERS LE RWANDA - JusticeInfo.net","isPartOf":{"@id":"https:\/\/www.justiceinfo.net\/fr#website"},"datePublished":"2008-06-19T22:00:00+00:00","breadcrumb":{"@id":"https:\/\/www.justiceinfo.net\/fr\/9486-200608-tpirrwanda-troisieme-rejet-dune-demande-de-transfert-vers-le-rwanda6292.html#breadcrumb"},"inLanguage":"fr-FR","potentialAction":[{"@type":"ReadAction","target":["https:\/\/www.justiceinfo.net\/fr\/9486-200608-tpirrwanda-troisieme-rejet-dune-demande-de-transfert-vers-le-rwanda6292.html"]}]},{"@type":"BreadcrumbList","@id":"https:\/\/www.justiceinfo.net\/fr\/9486-200608-tpirrwanda-troisieme-rejet-dune-demande-de-transfert-vers-le-rwanda6292.html#breadcrumb","itemListElement":[{"@type":"ListItem","position":1,"name":"Home","item":"https:\/\/www.justiceinfo.net\/fr"},{"@type":"ListItem","position":2,"name":"20.06.08 - TPIR\/RWANDA - TROISIEME REJET D'UNE DEMANDE DE TRANSFERT VERS LE RWANDA"}]},{"@type":"WebSite","@id":"https:\/\/www.justiceinfo.net\/fr#website","url":"https:\/\/www.justiceinfo.net\/fr","name":"JusticeInfo.net","description":"La justice doit \u00eatre vue pour \u00eatre rendue","publisher":{"@id":"https:\/\/www.justiceinfo.net\/fr#organization"},"potentialAction":[{"@type":"SearchAction","target":{"@type":"EntryPoint","urlTemplate":"https:\/\/www.justiceinfo.net\/fr?s={search_term_string}"},"query-input":{"@type":"PropertyValueSpecification","valueRequired":true,"valueName":"search_term_string"}}],"inLanguage":"fr-FR"},{"@type":"Organization","@id":"https:\/\/www.justiceinfo.net\/fr#organization","name":"Justice Info","url":"https:\/\/www.justiceinfo.net\/fr","logo":{"@type":"ImageObject","inLanguage":"fr-FR","@id":"https:\/\/www.justiceinfo.net\/fr#\/schema\/logo\/image\/","url":"https:\/\/www.justiceinfo.net\/wp-content\/uploads\/justiceinfo_logo-trans_1200x1200px.png","contentUrl":"https:\/\/www.justiceinfo.net\/wp-content\/uploads\/justiceinfo_logo-trans_1200x1200px.png","width":1199,"height":1200,"caption":"Justice Info"},"image":{"@id":"https:\/\/www.justiceinfo.net\/fr#\/schema\/logo\/image\/"},"sameAs":["https:\/\/www.facebook.com\/JusticeInfo\/","https:\/\/x.com\/justiceinfonet","https:\/\/www.linkedin.com\/company\/justice-info","https:\/\/www.youtube.com\/channel\/UCyCEsARodyuWtkWyhn-e7pA"]},{"@type":"Person","name":"solivri","url":"\/fr\/?s=solivri"}]}},"_links":{"self":[{"href":"https:\/\/www.justiceinfo.net\/fr\/wp-json\/wp\/v2\/posts\/9486","targetHints":{"allow":["GET"]}}],"collection":[{"href":"https:\/\/www.justiceinfo.net\/fr\/wp-json\/wp\/v2\/posts"}],"about":[{"href":"https:\/\/www.justiceinfo.net\/fr\/wp-json\/wp\/v2\/types\/post"}],"author":[{"embeddable":true,"href":"https:\/\/www.justiceinfo.net\/fr\/wp-json\/wp\/v2\/users\/64"}],"replies":[{"embeddable":true,"href":"https:\/\/www.justiceinfo.net\/fr\/wp-json\/wp\/v2\/comments?post=9486"}],"version-history":[{"count":0,"href":"https:\/\/www.justiceinfo.net\/fr\/wp-json\/wp\/v2\/posts\/9486\/revisions"}],"wp:attachment":[{"href":"https:\/\/www.justiceinfo.net\/fr\/wp-json\/wp\/v2\/media?parent=9486"}],"wp:term":[{"taxonomy":"category","embeddable":true,"href":"https:\/\/www.justiceinfo.net\/fr\/wp-json\/wp\/v2\/categories?post=9486"},{"taxonomy":"post_tag","embeddable":true,"href":"https:\/\/www.justiceinfo.net\/fr\/wp-json\/wp\/v2\/tags?post=9486"},{"taxonomy":"ji_location","embeddable":true,"href":"https:\/\/www.justiceinfo.net\/fr\/wp-json\/wp\/v2\/ji_location?post=9486"}],"curies":[{"name":"wp","href":"https:\/\/api.w.org\/{rel}","templated":true}]}}