{"id":9499,"date":"2008-06-25T00:00:00","date_gmt":"2008-06-24T22:00:00","guid":{"rendered":"https:\/\/www.justiceinfo.net\/9499-250608-tpirkalimanzira-un-genocidaire-accable-kalimanzira6305.html"},"modified":"2008-06-25T00:00:00","modified_gmt":"2008-06-24T22:00:00","slug":"250608-tpirkalimanzira-un-genocidaire-accable-kalimanzira6305","status":"publish","type":"post","link":"https:\/\/www.justiceinfo.net\/fr\/9499-250608-tpirkalimanzira-un-genocidaire-accable-kalimanzira6305.html","title":{"rendered":"25.06.08 - TPIR\/KALIMANZIRA - UN GENOCIDAIRE ACCABLE KALIMANZIRA"},"content":{"rendered":"<p>\nArusha, 25 juin 2008 (FH) - Un g&eacute;nocidaire, qui ne s'en cache pas, a accus&eacute; mercredi l'ancien haut fonctionnaire, Callixte Kalimanzira, en proc&egrave;s devant le Tribunal p&eacute;nal international pour le Rwanda (TPIR), d'avoir incit&eacute; &agrave; plusieurs reprises, en 1994, &agrave; l'extermination des Tutsis dans la sous-pr&eacute;fecture de Gisagara (sud du Rwanda). <\/p>\n<p><!--more--><\/p>\n<p>\nD'avril &agrave; mai 1994, l'accus&eacute; a assur&eacute; la direction int&eacute;rimaire du minist&egrave;re de l'Int&eacute;rieur rwandais dont il &eacute;tait le directeur de cabinet. <\/p>\n<p>Selon le t&eacute;moin BCN, ainsi d&eacute;sign&eacute; pour pr&eacute;server son anonymat, Kalimanzira a pris la parole &agrave; plusieurs r&eacute;unions publiques, entre avril et juin 1994, pour encourager les Hutus &laquo; &agrave; tuer les Tutsis et &agrave; d&eacute;truire leurs maisons &raquo;. <\/p>\n<p>&laquo; Nous ex&eacute;cutions ses instructions &raquo;, a indiqu&eacute; BCN qui d&eacute;posait en langue rwandaise et dont les propos &eacute;taient traduits en fran&ccedil;ais et en anglais, les deux langues officielles du tribunal. <\/p>\n<p>Le t&eacute;moin a par ailleurs affirm&eacute; que chaque fois que l'accus&eacute; passait au &laquo; barrage routier Jaguar &raquo; qui avait &eacute;t&eacute; &eacute;rig&eacute; en face de l'&eacute;glise catholique de Gisagara, il ne manquait pas de galvaniser les tueurs qui s'y trouvaient. <\/p>\n<p>A l'un de ses passages, a-t-il racont&eacute;, Kalimanzira s'est &eacute;tonn&eacute; de ne pas voir de cadavres. &laquo; Nous lui avons dit de bien regarder &agrave; c&ocirc;t&eacute; &raquo;, a indiqu&eacute; BCN, soulignant qu'&agrave; deux pas du barrage, se trouvait une fosse remplie de corps de Tutsis. <\/p>\n<p>Accus&eacute; de g&eacute;nocide, complicit&eacute; dans le g&eacute;nocide, incitation directe et publique &agrave; commettre le g&eacute;nocide, Kalimanzira, un agronome de formation, plaide non coupable. Le proc&egrave;s a d&eacute;but&eacute; le 5 mai dernier et, selon une source au bureau du procureur, la phase de l'accusation devrait se terminer avec cette semaine. A ce jour, une vingtaine de t&eacute;moins &agrave; charge ont d&eacute;j&agrave; d&eacute;fil&eacute; &agrave; la barre, selon la m&ecirc;me source. <\/p>\n<p>ER\/GF <\/p>\n<p>&copy; Agence Hirondelle <\/p>\n<p>Ce projet est financ&eacute; par la Belgique, l'Union europ&eacute;enne et la Norv&egrave;ge<\/p>\n","protected":false},"excerpt":{"rendered":"<p>Arusha, 25 juin 2008 (FH) - Un g&eacute;nocidaire, qui ne s'en cache pas, a accus&eacute; mercredi l'ancien haut fonctionnaire, Callixte Kalimanzira, en proc&egrave;s devant le Tribunal p&eacute;nal international pour le Rwanda (TPIR), d'avoir incit&eacute; &agrave; plusieurs reprises, en 1994, &agrave; l'extermination des Tutsis dans la sous-pr&eacute;fecture de Gisagara (sud du Rwanda).<\/p>\n","protected":false},"author":64,"featured_media":0,"comment_status":"open","ping_status":"closed","sticky":false,"template":"","format":"standard","meta":{"_acf_changed":false,"footnotes":""},"categories":[554],"tags":[],"ji_location":[],"class_list":["post-9499","post","type-post","status-publish","format-standard","hentry","category-hirondellenews"],"acf":[],"yoast_head":"<!-- This site is optimized with the Yoast SEO Premium plugin v25.3.1 (Yoast SEO v25.3.1) - https:\/\/yoast.com\/wordpress\/plugins\/seo\/ -->\n<title>25.06.08 - TPIR\/KALIMANZIRA - UN GENOCIDAIRE ACCABLE KALIMANZIRA - JusticeInfo.net<\/title>\n<meta name=\"robots\" content=\"index, follow, max-snippet:-1, max-image-preview:large, max-video-preview:-1\" \/>\n<link rel=\"canonical\" href=\"https:\/\/www.justiceinfo.net\/fr\/9499-250608-tpirkalimanzira-un-genocidaire-accable-kalimanzira6305.html\" \/>\n<meta property=\"og:locale\" content=\"fr_FR\" \/>\n<meta property=\"og:type\" content=\"article\" \/>\n<meta property=\"og:title\" content=\"25.06.08 - TPIR\/KALIMANZIRA - UN GENOCIDAIRE ACCABLE KALIMANZIRA\" \/>\n<meta property=\"og:description\" content=\"Arusha, 25 juin 2008 (FH) - Un g&eacute;nocidaire, qui ne s&#039;en cache pas, a accus&eacute; mercredi l&#039;ancien haut fonctionnaire, Callixte Kalimanzira, en proc&egrave;s devant le Tribunal p&eacute;nal international pour le Rwanda (TPIR), d&#039;avoir incit&eacute; &agrave; plusieurs reprises, en 1994, &agrave; l&#039;extermination des Tutsis dans la sous-pr&eacute;fecture de Gisagara (sud du Rwanda).\" \/>\n<meta property=\"og:url\" content=\"https:\/\/www.justiceinfo.net\/fr\/9499-250608-tpirkalimanzira-un-genocidaire-accable-kalimanzira6305.html\" \/>\n<meta property=\"og:site_name\" content=\"JusticeInfo.net\" \/>\n<meta property=\"article:publisher\" content=\"https:\/\/www.facebook.com\/JusticeInfo\/\" \/>\n<meta property=\"article:published_time\" content=\"2008-06-24T22:00:00+00:00\" \/>\n<meta property=\"og:image\" content=\"https:\/\/www.justiceinfo.net\/wp-content\/uploads\/JusticeInfoNet_logo_1200x630px.jpg\" \/>\n\t<meta property=\"og:image:width\" content=\"1200\" \/>\n\t<meta property=\"og:image:height\" content=\"630\" \/>\n\t<meta property=\"og:image:type\" content=\"image\/jpeg\" \/>\n<meta name=\"author\" content=\"solivri\" \/>\n<meta name=\"twitter:card\" content=\"summary_large_image\" \/>\n<meta name=\"twitter:creator\" content=\"@justiceinfonet\" \/>\n<meta name=\"twitter:site\" content=\"@justiceinfonet\" \/>\n<meta name=\"twitter:label1\" content=\"\u00c9crit par\" \/>\n\t<meta name=\"twitter:data1\" content=\"solivri\" \/>\n\t<meta name=\"twitter:label2\" content=\"Dur\u00e9e de lecture estim\u00e9e\" \/>\n\t<meta name=\"twitter:data2\" content=\"2 minutes\" \/>\n<script type=\"application\/ld+json\" class=\"yoast-schema-graph\">{\"@context\":\"https:\/\/schema.org\",\"@graph\":[{\"@type\":\"NewsArticle\",\"@id\":\"https:\/\/www.justiceinfo.net\/fr\/9499-250608-tpirkalimanzira-un-genocidaire-accable-kalimanzira6305.html#article\",\"isPartOf\":{\"@id\":\"https:\/\/www.justiceinfo.net\/fr\/9499-250608-tpirkalimanzira-un-genocidaire-accable-kalimanzira6305.html\"},\"author\":{\"name\":\"solivri\",\"@id\":\"https:\/\/www.justiceinfo.net\/fr#\/schema\/person\/6e53cba1629e2e66f3fc1821d3091865\"},\"headline\":\"25.06.08 - TPIR\/KALIMANZIRA - UN GENOCIDAIRE ACCABLE KALIMANZIRA\",\"datePublished\":\"2008-06-24T22:00:00+00:00\",\"mainEntityOfPage\":{\"@id\":\"https:\/\/www.justiceinfo.net\/fr\/9499-250608-tpirkalimanzira-un-genocidaire-accable-kalimanzira6305.html\"},\"wordCount\":412,\"commentCount\":0,\"publisher\":{\"@id\":\"https:\/\/www.justiceinfo.net\/fr#organization\"},\"articleSection\":[\"Hirondelle News\"],\"inLanguage\":\"fr-FR\",\"potentialAction\":[{\"@type\":\"CommentAction\",\"name\":\"Comment\",\"target\":[\"https:\/\/www.justiceinfo.net\/fr\/9499-250608-tpirkalimanzira-un-genocidaire-accable-kalimanzira6305.html#respond\"]}]},{\"@type\":\"WebPage\",\"@id\":\"https:\/\/www.justiceinfo.net\/fr\/9499-250608-tpirkalimanzira-un-genocidaire-accable-kalimanzira6305.html\",\"url\":\"https:\/\/www.justiceinfo.net\/fr\/9499-250608-tpirkalimanzira-un-genocidaire-accable-kalimanzira6305.html\",\"name\":\"25.06.08 - TPIR\/KALIMANZIRA - UN GENOCIDAIRE ACCABLE KALIMANZIRA - JusticeInfo.net\",\"isPartOf\":{\"@id\":\"https:\/\/www.justiceinfo.net\/fr#website\"},\"datePublished\":\"2008-06-24T22:00:00+00:00\",\"breadcrumb\":{\"@id\":\"https:\/\/www.justiceinfo.net\/fr\/9499-250608-tpirkalimanzira-un-genocidaire-accable-kalimanzira6305.html#breadcrumb\"},\"inLanguage\":\"fr-FR\",\"potentialAction\":[{\"@type\":\"ReadAction\",\"target\":[\"https:\/\/www.justiceinfo.net\/fr\/9499-250608-tpirkalimanzira-un-genocidaire-accable-kalimanzira6305.html\"]}]},{\"@type\":\"BreadcrumbList\",\"@id\":\"https:\/\/www.justiceinfo.net\/fr\/9499-250608-tpirkalimanzira-un-genocidaire-accable-kalimanzira6305.html#breadcrumb\",\"itemListElement\":[{\"@type\":\"ListItem\",\"position\":1,\"name\":\"Home\",\"item\":\"https:\/\/www.justiceinfo.net\/fr\"},{\"@type\":\"ListItem\",\"position\":2,\"name\":\"25.06.08 - TPIR\/KALIMANZIRA - UN GENOCIDAIRE ACCABLE KALIMANZIRA\"}]},{\"@type\":\"WebSite\",\"@id\":\"https:\/\/www.justiceinfo.net\/fr#website\",\"url\":\"https:\/\/www.justiceinfo.net\/fr\",\"name\":\"JusticeInfo.net\",\"description\":\"La justice doit \u00eatre vue pour \u00eatre rendue\",\"publisher\":{\"@id\":\"https:\/\/www.justiceinfo.net\/fr#organization\"},\"potentialAction\":[{\"@type\":\"SearchAction\",\"target\":{\"@type\":\"EntryPoint\",\"urlTemplate\":\"https:\/\/www.justiceinfo.net\/fr?s={search_term_string}\"},\"query-input\":{\"@type\":\"PropertyValueSpecification\",\"valueRequired\":true,\"valueName\":\"search_term_string\"}}],\"inLanguage\":\"fr-FR\"},{\"@type\":\"Organization\",\"@id\":\"https:\/\/www.justiceinfo.net\/fr#organization\",\"name\":\"Justice Info\",\"url\":\"https:\/\/www.justiceinfo.net\/fr\",\"logo\":{\"@type\":\"ImageObject\",\"inLanguage\":\"fr-FR\",\"@id\":\"https:\/\/www.justiceinfo.net\/fr#\/schema\/logo\/image\/\",\"url\":\"https:\/\/www.justiceinfo.net\/wp-content\/uploads\/justiceinfo_logo-trans_1200x1200px.png\",\"contentUrl\":\"https:\/\/www.justiceinfo.net\/wp-content\/uploads\/justiceinfo_logo-trans_1200x1200px.png\",\"width\":1199,\"height\":1200,\"caption\":\"Justice Info\"},\"image\":{\"@id\":\"https:\/\/www.justiceinfo.net\/fr#\/schema\/logo\/image\/\"},\"sameAs\":[\"https:\/\/www.facebook.com\/JusticeInfo\/\",\"https:\/\/x.com\/justiceinfonet\",\"https:\/\/www.linkedin.com\/company\/justice-info\",\"https:\/\/www.youtube.com\/channel\/UCyCEsARodyuWtkWyhn-e7pA\"]},{\"@type\":\"Person\",\"name\":\"solivri\",\"url\":\"\/fr\/?s=solivri\"}]}<\/script>\n<!-- \/ Yoast SEO Premium plugin. -->","yoast_head_json":{"title":"25.06.08 - TPIR\/KALIMANZIRA - UN GENOCIDAIRE ACCABLE KALIMANZIRA - JusticeInfo.net","robots":{"index":"index","follow":"follow","max-snippet":"max-snippet:-1","max-image-preview":"max-image-preview:large","max-video-preview":"max-video-preview:-1"},"canonical":"https:\/\/www.justiceinfo.net\/fr\/9499-250608-tpirkalimanzira-un-genocidaire-accable-kalimanzira6305.html","og_locale":"fr_FR","og_type":"article","og_title":"25.06.08 - TPIR\/KALIMANZIRA - UN GENOCIDAIRE ACCABLE KALIMANZIRA","og_description":"Arusha, 25 juin 2008 (FH) - Un g&eacute;nocidaire, qui ne s'en cache pas, a accus&eacute; mercredi l'ancien haut fonctionnaire, Callixte Kalimanzira, en proc&egrave;s devant le Tribunal p&eacute;nal international pour le Rwanda (TPIR), d'avoir incit&eacute; &agrave; plusieurs reprises, en 1994, &agrave; l'extermination des Tutsis dans la sous-pr&eacute;fecture de Gisagara (sud du Rwanda).","og_url":"https:\/\/www.justiceinfo.net\/fr\/9499-250608-tpirkalimanzira-un-genocidaire-accable-kalimanzira6305.html","og_site_name":"JusticeInfo.net","article_publisher":"https:\/\/www.facebook.com\/JusticeInfo\/","article_published_time":"2008-06-24T22:00:00+00:00","og_image":[{"width":1200,"height":630,"url":"https:\/\/www.justiceinfo.net\/wp-content\/uploads\/JusticeInfoNet_logo_1200x630px.jpg","type":"image\/jpeg"}],"author":"solivri","twitter_card":"summary_large_image","twitter_creator":"@justiceinfonet","twitter_site":"@justiceinfonet","twitter_misc":{"\u00c9crit par":"solivri","Dur\u00e9e de lecture estim\u00e9e":"2 minutes"},"schema":{"@context":"https:\/\/schema.org","@graph":[{"@type":"NewsArticle","@id":"https:\/\/www.justiceinfo.net\/fr\/9499-250608-tpirkalimanzira-un-genocidaire-accable-kalimanzira6305.html#article","isPartOf":{"@id":"https:\/\/www.justiceinfo.net\/fr\/9499-250608-tpirkalimanzira-un-genocidaire-accable-kalimanzira6305.html"},"author":{"name":"solivri","@id":"https:\/\/www.justiceinfo.net\/fr#\/schema\/person\/6e53cba1629e2e66f3fc1821d3091865"},"headline":"25.06.08 - TPIR\/KALIMANZIRA - UN GENOCIDAIRE ACCABLE KALIMANZIRA","datePublished":"2008-06-24T22:00:00+00:00","mainEntityOfPage":{"@id":"https:\/\/www.justiceinfo.net\/fr\/9499-250608-tpirkalimanzira-un-genocidaire-accable-kalimanzira6305.html"},"wordCount":412,"commentCount":0,"publisher":{"@id":"https:\/\/www.justiceinfo.net\/fr#organization"},"articleSection":["Hirondelle News"],"inLanguage":"fr-FR","potentialAction":[{"@type":"CommentAction","name":"Comment","target":["https:\/\/www.justiceinfo.net\/fr\/9499-250608-tpirkalimanzira-un-genocidaire-accable-kalimanzira6305.html#respond"]}]},{"@type":"WebPage","@id":"https:\/\/www.justiceinfo.net\/fr\/9499-250608-tpirkalimanzira-un-genocidaire-accable-kalimanzira6305.html","url":"https:\/\/www.justiceinfo.net\/fr\/9499-250608-tpirkalimanzira-un-genocidaire-accable-kalimanzira6305.html","name":"25.06.08 - TPIR\/KALIMANZIRA - UN GENOCIDAIRE ACCABLE KALIMANZIRA - JusticeInfo.net","isPartOf":{"@id":"https:\/\/www.justiceinfo.net\/fr#website"},"datePublished":"2008-06-24T22:00:00+00:00","breadcrumb":{"@id":"https:\/\/www.justiceinfo.net\/fr\/9499-250608-tpirkalimanzira-un-genocidaire-accable-kalimanzira6305.html#breadcrumb"},"inLanguage":"fr-FR","potentialAction":[{"@type":"ReadAction","target":["https:\/\/www.justiceinfo.net\/fr\/9499-250608-tpirkalimanzira-un-genocidaire-accable-kalimanzira6305.html"]}]},{"@type":"BreadcrumbList","@id":"https:\/\/www.justiceinfo.net\/fr\/9499-250608-tpirkalimanzira-un-genocidaire-accable-kalimanzira6305.html#breadcrumb","itemListElement":[{"@type":"ListItem","position":1,"name":"Home","item":"https:\/\/www.justiceinfo.net\/fr"},{"@type":"ListItem","position":2,"name":"25.06.08 - TPIR\/KALIMANZIRA - UN GENOCIDAIRE ACCABLE KALIMANZIRA"}]},{"@type":"WebSite","@id":"https:\/\/www.justiceinfo.net\/fr#website","url":"https:\/\/www.justiceinfo.net\/fr","name":"JusticeInfo.net","description":"La justice doit \u00eatre vue pour \u00eatre rendue","publisher":{"@id":"https:\/\/www.justiceinfo.net\/fr#organization"},"potentialAction":[{"@type":"SearchAction","target":{"@type":"EntryPoint","urlTemplate":"https:\/\/www.justiceinfo.net\/fr?s={search_term_string}"},"query-input":{"@type":"PropertyValueSpecification","valueRequired":true,"valueName":"search_term_string"}}],"inLanguage":"fr-FR"},{"@type":"Organization","@id":"https:\/\/www.justiceinfo.net\/fr#organization","name":"Justice Info","url":"https:\/\/www.justiceinfo.net\/fr","logo":{"@type":"ImageObject","inLanguage":"fr-FR","@id":"https:\/\/www.justiceinfo.net\/fr#\/schema\/logo\/image\/","url":"https:\/\/www.justiceinfo.net\/wp-content\/uploads\/justiceinfo_logo-trans_1200x1200px.png","contentUrl":"https:\/\/www.justiceinfo.net\/wp-content\/uploads\/justiceinfo_logo-trans_1200x1200px.png","width":1199,"height":1200,"caption":"Justice Info"},"image":{"@id":"https:\/\/www.justiceinfo.net\/fr#\/schema\/logo\/image\/"},"sameAs":["https:\/\/www.facebook.com\/JusticeInfo\/","https:\/\/x.com\/justiceinfonet","https:\/\/www.linkedin.com\/company\/justice-info","https:\/\/www.youtube.com\/channel\/UCyCEsARodyuWtkWyhn-e7pA"]},{"@type":"Person","name":"solivri","url":"\/fr\/?s=solivri"}]}},"_links":{"self":[{"href":"https:\/\/www.justiceinfo.net\/fr\/wp-json\/wp\/v2\/posts\/9499","targetHints":{"allow":["GET"]}}],"collection":[{"href":"https:\/\/www.justiceinfo.net\/fr\/wp-json\/wp\/v2\/posts"}],"about":[{"href":"https:\/\/www.justiceinfo.net\/fr\/wp-json\/wp\/v2\/types\/post"}],"author":[{"embeddable":true,"href":"https:\/\/www.justiceinfo.net\/fr\/wp-json\/wp\/v2\/users\/64"}],"replies":[{"embeddable":true,"href":"https:\/\/www.justiceinfo.net\/fr\/wp-json\/wp\/v2\/comments?post=9499"}],"version-history":[{"count":0,"href":"https:\/\/www.justiceinfo.net\/fr\/wp-json\/wp\/v2\/posts\/9499\/revisions"}],"wp:attachment":[{"href":"https:\/\/www.justiceinfo.net\/fr\/wp-json\/wp\/v2\/media?parent=9499"}],"wp:term":[{"taxonomy":"category","embeddable":true,"href":"https:\/\/www.justiceinfo.net\/fr\/wp-json\/wp\/v2\/categories?post=9499"},{"taxonomy":"post_tag","embeddable":true,"href":"https:\/\/www.justiceinfo.net\/fr\/wp-json\/wp\/v2\/tags?post=9499"},{"taxonomy":"ji_location","embeddable":true,"href":"https:\/\/www.justiceinfo.net\/fr\/wp-json\/wp\/v2\/ji_location?post=9499"}],"curies":[{"name":"wp","href":"https:\/\/api.w.org\/{rel}","templated":true}]}}