{"id":9528,"date":"2008-06-23T00:00:00","date_gmt":"2008-06-22T22:00:00","guid":{"rendered":"https:\/\/www.justiceinfo.net\/9528-230608-tpirabasilikare-ii-jenerali-ndindiliyimana-yarangije-kwiregura6334.html"},"modified":"2008-06-23T00:00:00","modified_gmt":"2008-06-22T22:00:00","slug":"230608-tpirabasilikare-ii-jenerali-ndindiliyimana-yarangije-kwiregura6334","status":"publish","type":"post","link":"https:\/\/www.justiceinfo.net\/fr\/9528-230608-tpirabasilikare-ii-jenerali-ndindiliyimana-yarangije-kwiregura6334.html","title":{"rendered":"23.06.08 - TPIR\/ABASILIKARE II - JENERALI NDINDILIYIMANA YARANGIJE KWIREGURA"},"content":{"rendered":"<p>\nArusha, ku wa 23 Kamena 2008(FH) - Uwari umukuru wa Gendarmerie y'igihugu cy'u Rwanda, Jenerali Agusitini Ndindiliyimana, arahamagarira abanyafurika kwikemurira bo ubwabo ibibazo byabo. Ibyo yabivuze tariki ya 23 Kamena ubwo yarangizaga kwiregura ubwe mu rukiko mpuzamahanga rwashyiriweho u Rwanda rufite icyicaro Arusha, muri Tanzaniya.<\/p>\n<\/p>\n<p><!--more--><\/p>\n<p>\nNdindiliyimana uhakana ibyaha aregwa birimo jenoside, ibyaha byibasiye inyokomuntu n'ibyaha byo mu ntambara, yari yatangiye kwiregura tariki ya 16 Kamena. <\/p>\n<p>Ashingiye ku biherutse kubera muri Kenya n'imvururu ziri kubera muri Zimbabwe yagize ati &laquo; Twebwe Abanyafurika tugomba gukemura ibibazo byacu &raquo;.<\/p>\n<p>Yakomeje agira ati &laquo; umuryango w'abibumbye ntiwashoboye kugera ku nshingano zawo &raquo;, mu gihe cya jenoside yabaye mu Rwanda muri 1994. <\/p>\n<p>Mu gihe cya jenoside yahitanye abantu babarirwa mu bihumbi magana inani, abenshi muri bo ari Abatutsi, umuryango w'abibumbye wari ufite mu Rwanda ingabo zari ziyobowe n'Umunyakanada Jenerali Romeo Dallaire.<\/p>\n<p>Ndindiliyimana yavuze ko yiteguye gutanga umusanzu we mu gusana u Rwanda ati &laquo; Tugomba kubona umuti w'ibibazo biriho &raquo;.<\/p>\n<p>Yarangije ahamagarira urukiko gushakisha &laquo; ubutabera nyabwo &raquo; no kwihatira &laquo; gucukumbura ukuri&raquo;.<\/p>\n<p>Mu gihe cyose cy'ubuhamya bwe yavuze ko atigeze abogama mu kazi, kandi ko yagerageje gukora uko ashoboye kose, kugira ngo arengere ubuzima bw'abantu mu gihe cya jenoside.<\/p>\n<p>Yavuze ko nyuma y'itariki ya 6 Mata 1994, Gendarmerie yari ihugiye by'umwihariko mu kwirwanaho kubera ibitero by'ingabo za FPR, ko itashoboraga kwita uko bikwiye ku mutekano w'abaturage.<\/p>\n<p>Nyuma y'ubwo buhamya urugereko rwatangiye kumva abatangabuhamya bashinjura major Francois-Xavier Nzuwonemeye, wahoze ayoboye umutwe w'imbanzirizagutabara.<\/p>\n<p>Abandi bakurikiranywe muri urwo rubanza ni Jenerali Agustini Bizimungu, wahoze ari umugaba w'ingabo, na Kapiteni Inosentit Sagahutu wayoboraga rimwe mu mashami y'umutwe w'imbanzirizagutabara.<\/p>\n<p>Urubanza rwabo rwatangiye kuburanishwa muri Nzeli 2004. <\/p>\n<p>PU\/ER\n<\/p>\n<p>\n&copy; Agence Hirondelle<\/p>\n","protected":false},"excerpt":{"rendered":"<p>Arusha, ku wa 23 Kamena 2008(FH) - Uwari umukuru wa Gendarmerie y'igihugu cy'u Rwanda, Jenerali Agusitini Ndindiliyimana, arahamagarira abanyafurika kwikemurira bo ubwabo ibibazo byabo. Ibyo yabivuze tariki ya 23 Kamena ubwo yarangizaga kwiregura ubwe mu rukiko mpuzamahanga rwashyiriweho u Rwanda rufite icyicaro Arusha, muri Tanzaniya.<\/p>\n","protected":false},"author":64,"featured_media":0,"comment_status":"open","ping_status":"closed","sticky":false,"template":"","format":"standard","meta":{"_acf_changed":false,"footnotes":""},"categories":[554],"tags":[],"ji_location":[],"class_list":["post-9528","post","type-post","status-publish","format-standard","hentry","category-hirondellenews"],"acf":[],"yoast_head":"<!-- This site is optimized with the Yoast SEO Premium plugin v25.3.1 (Yoast SEO v25.3.1) - https:\/\/yoast.com\/wordpress\/plugins\/seo\/ -->\n<title>23.06.08 - TPIR\/ABASILIKARE II - JENERALI NDINDILIYIMANA YARANGIJE KWIREGURA - JusticeInfo.net<\/title>\n<meta name=\"robots\" content=\"index, follow, max-snippet:-1, max-image-preview:large, max-video-preview:-1\" \/>\n<link rel=\"canonical\" href=\"https:\/\/www.justiceinfo.net\/fr\/9528-230608-tpirabasilikare-ii-jenerali-ndindiliyimana-yarangije-kwiregura6334.html\" \/>\n<meta property=\"og:locale\" content=\"fr_FR\" \/>\n<meta property=\"og:type\" content=\"article\" \/>\n<meta property=\"og:title\" content=\"23.06.08 - TPIR\/ABASILIKARE II - JENERALI NDINDILIYIMANA YARANGIJE KWIREGURA\" \/>\n<meta property=\"og:description\" content=\"Arusha, ku wa 23 Kamena 2008(FH) - Uwari umukuru wa Gendarmerie y&#039;igihugu cy&#039;u Rwanda, Jenerali Agusitini Ndindiliyimana, arahamagarira abanyafurika kwikemurira bo ubwabo ibibazo byabo. Ibyo yabivuze tariki ya 23 Kamena ubwo yarangizaga kwiregura ubwe mu rukiko mpuzamahanga rwashyiriweho u Rwanda rufite icyicaro Arusha, muri Tanzaniya.\" \/>\n<meta property=\"og:url\" content=\"https:\/\/www.justiceinfo.net\/fr\/9528-230608-tpirabasilikare-ii-jenerali-ndindiliyimana-yarangije-kwiregura6334.html\" \/>\n<meta property=\"og:site_name\" content=\"JusticeInfo.net\" \/>\n<meta property=\"article:publisher\" content=\"https:\/\/www.facebook.com\/JusticeInfo\/\" \/>\n<meta property=\"article:published_time\" content=\"2008-06-22T22:00:00+00:00\" \/>\n<meta property=\"og:image\" content=\"https:\/\/www.justiceinfo.net\/wp-content\/uploads\/JusticeInfoNet_logo_1200x630px.jpg\" \/>\n\t<meta property=\"og:image:width\" content=\"1200\" \/>\n\t<meta property=\"og:image:height\" content=\"630\" \/>\n\t<meta property=\"og:image:type\" content=\"image\/jpeg\" \/>\n<meta name=\"author\" content=\"solivri\" \/>\n<meta name=\"twitter:card\" content=\"summary_large_image\" \/>\n<meta name=\"twitter:creator\" content=\"@justiceinfonet\" \/>\n<meta name=\"twitter:site\" content=\"@justiceinfonet\" \/>\n<meta name=\"twitter:label1\" content=\"\u00c9crit par\" \/>\n\t<meta name=\"twitter:data1\" content=\"solivri\" \/>\n\t<meta name=\"twitter:label2\" content=\"Dur\u00e9e de lecture estim\u00e9e\" \/>\n\t<meta name=\"twitter:data2\" content=\"1 minute\" \/>\n<script type=\"application\/ld+json\" class=\"yoast-schema-graph\">{\"@context\":\"https:\/\/schema.org\",\"@graph\":[{\"@type\":\"NewsArticle\",\"@id\":\"https:\/\/www.justiceinfo.net\/fr\/9528-230608-tpirabasilikare-ii-jenerali-ndindiliyimana-yarangije-kwiregura6334.html#article\",\"isPartOf\":{\"@id\":\"https:\/\/www.justiceinfo.net\/fr\/9528-230608-tpirabasilikare-ii-jenerali-ndindiliyimana-yarangije-kwiregura6334.html\"},\"author\":{\"name\":\"solivri\",\"@id\":\"https:\/\/www.justiceinfo.net\/fr#\/schema\/person\/6e53cba1629e2e66f3fc1821d3091865\"},\"headline\":\"23.06.08 - TPIR\/ABASILIKARE II - JENERALI NDINDILIYIMANA YARANGIJE KWIREGURA\",\"datePublished\":\"2008-06-22T22:00:00+00:00\",\"mainEntityOfPage\":{\"@id\":\"https:\/\/www.justiceinfo.net\/fr\/9528-230608-tpirabasilikare-ii-jenerali-ndindiliyimana-yarangije-kwiregura6334.html\"},\"wordCount\":294,\"commentCount\":0,\"publisher\":{\"@id\":\"https:\/\/www.justiceinfo.net\/fr#organization\"},\"articleSection\":[\"Hirondelle News\"],\"inLanguage\":\"fr-FR\",\"potentialAction\":[{\"@type\":\"CommentAction\",\"name\":\"Comment\",\"target\":[\"https:\/\/www.justiceinfo.net\/fr\/9528-230608-tpirabasilikare-ii-jenerali-ndindiliyimana-yarangije-kwiregura6334.html#respond\"]}]},{\"@type\":\"WebPage\",\"@id\":\"https:\/\/www.justiceinfo.net\/fr\/9528-230608-tpirabasilikare-ii-jenerali-ndindiliyimana-yarangije-kwiregura6334.html\",\"url\":\"https:\/\/www.justiceinfo.net\/fr\/9528-230608-tpirabasilikare-ii-jenerali-ndindiliyimana-yarangije-kwiregura6334.html\",\"name\":\"23.06.08 - TPIR\/ABASILIKARE II - JENERALI NDINDILIYIMANA YARANGIJE KWIREGURA - JusticeInfo.net\",\"isPartOf\":{\"@id\":\"https:\/\/www.justiceinfo.net\/fr#website\"},\"datePublished\":\"2008-06-22T22:00:00+00:00\",\"breadcrumb\":{\"@id\":\"https:\/\/www.justiceinfo.net\/fr\/9528-230608-tpirabasilikare-ii-jenerali-ndindiliyimana-yarangije-kwiregura6334.html#breadcrumb\"},\"inLanguage\":\"fr-FR\",\"potentialAction\":[{\"@type\":\"ReadAction\",\"target\":[\"https:\/\/www.justiceinfo.net\/fr\/9528-230608-tpirabasilikare-ii-jenerali-ndindiliyimana-yarangije-kwiregura6334.html\"]}]},{\"@type\":\"BreadcrumbList\",\"@id\":\"https:\/\/www.justiceinfo.net\/fr\/9528-230608-tpirabasilikare-ii-jenerali-ndindiliyimana-yarangije-kwiregura6334.html#breadcrumb\",\"itemListElement\":[{\"@type\":\"ListItem\",\"position\":1,\"name\":\"Home\",\"item\":\"https:\/\/www.justiceinfo.net\/fr\"},{\"@type\":\"ListItem\",\"position\":2,\"name\":\"23.06.08 - TPIR\/ABASILIKARE II - JENERALI NDINDILIYIMANA YARANGIJE KWIREGURA\"}]},{\"@type\":\"WebSite\",\"@id\":\"https:\/\/www.justiceinfo.net\/fr#website\",\"url\":\"https:\/\/www.justiceinfo.net\/fr\",\"name\":\"JusticeInfo.net\",\"description\":\"La justice doit \u00eatre vue pour \u00eatre rendue\",\"publisher\":{\"@id\":\"https:\/\/www.justiceinfo.net\/fr#organization\"},\"potentialAction\":[{\"@type\":\"SearchAction\",\"target\":{\"@type\":\"EntryPoint\",\"urlTemplate\":\"https:\/\/www.justiceinfo.net\/fr?s={search_term_string}\"},\"query-input\":{\"@type\":\"PropertyValueSpecification\",\"valueRequired\":true,\"valueName\":\"search_term_string\"}}],\"inLanguage\":\"fr-FR\"},{\"@type\":\"Organization\",\"@id\":\"https:\/\/www.justiceinfo.net\/fr#organization\",\"name\":\"Justice Info\",\"url\":\"https:\/\/www.justiceinfo.net\/fr\",\"logo\":{\"@type\":\"ImageObject\",\"inLanguage\":\"fr-FR\",\"@id\":\"https:\/\/www.justiceinfo.net\/fr#\/schema\/logo\/image\/\",\"url\":\"https:\/\/www.justiceinfo.net\/wp-content\/uploads\/justiceinfo_logo-trans_1200x1200px.png\",\"contentUrl\":\"https:\/\/www.justiceinfo.net\/wp-content\/uploads\/justiceinfo_logo-trans_1200x1200px.png\",\"width\":1199,\"height\":1200,\"caption\":\"Justice Info\"},\"image\":{\"@id\":\"https:\/\/www.justiceinfo.net\/fr#\/schema\/logo\/image\/\"},\"sameAs\":[\"https:\/\/www.facebook.com\/JusticeInfo\/\",\"https:\/\/x.com\/justiceinfonet\",\"https:\/\/www.linkedin.com\/company\/justice-info\",\"https:\/\/www.youtube.com\/channel\/UCyCEsARodyuWtkWyhn-e7pA\"]},{\"@type\":\"Person\",\"name\":\"solivri\",\"url\":\"\/fr\/?s=solivri\"}]}<\/script>\n<!-- \/ Yoast SEO Premium plugin. -->","yoast_head_json":{"title":"23.06.08 - TPIR\/ABASILIKARE II - JENERALI NDINDILIYIMANA YARANGIJE KWIREGURA - JusticeInfo.net","robots":{"index":"index","follow":"follow","max-snippet":"max-snippet:-1","max-image-preview":"max-image-preview:large","max-video-preview":"max-video-preview:-1"},"canonical":"https:\/\/www.justiceinfo.net\/fr\/9528-230608-tpirabasilikare-ii-jenerali-ndindiliyimana-yarangije-kwiregura6334.html","og_locale":"fr_FR","og_type":"article","og_title":"23.06.08 - TPIR\/ABASILIKARE II - JENERALI NDINDILIYIMANA YARANGIJE KWIREGURA","og_description":"Arusha, ku wa 23 Kamena 2008(FH) - Uwari umukuru wa Gendarmerie y'igihugu cy'u Rwanda, Jenerali Agusitini Ndindiliyimana, arahamagarira abanyafurika kwikemurira bo ubwabo ibibazo byabo. Ibyo yabivuze tariki ya 23 Kamena ubwo yarangizaga kwiregura ubwe mu rukiko mpuzamahanga rwashyiriweho u Rwanda rufite icyicaro Arusha, muri Tanzaniya.","og_url":"https:\/\/www.justiceinfo.net\/fr\/9528-230608-tpirabasilikare-ii-jenerali-ndindiliyimana-yarangije-kwiregura6334.html","og_site_name":"JusticeInfo.net","article_publisher":"https:\/\/www.facebook.com\/JusticeInfo\/","article_published_time":"2008-06-22T22:00:00+00:00","og_image":[{"width":1200,"height":630,"url":"https:\/\/www.justiceinfo.net\/wp-content\/uploads\/JusticeInfoNet_logo_1200x630px.jpg","type":"image\/jpeg"}],"author":"solivri","twitter_card":"summary_large_image","twitter_creator":"@justiceinfonet","twitter_site":"@justiceinfonet","twitter_misc":{"\u00c9crit par":"solivri","Dur\u00e9e de lecture estim\u00e9e":"1 minute"},"schema":{"@context":"https:\/\/schema.org","@graph":[{"@type":"NewsArticle","@id":"https:\/\/www.justiceinfo.net\/fr\/9528-230608-tpirabasilikare-ii-jenerali-ndindiliyimana-yarangije-kwiregura6334.html#article","isPartOf":{"@id":"https:\/\/www.justiceinfo.net\/fr\/9528-230608-tpirabasilikare-ii-jenerali-ndindiliyimana-yarangije-kwiregura6334.html"},"author":{"name":"solivri","@id":"https:\/\/www.justiceinfo.net\/fr#\/schema\/person\/6e53cba1629e2e66f3fc1821d3091865"},"headline":"23.06.08 - TPIR\/ABASILIKARE II - JENERALI NDINDILIYIMANA YARANGIJE KWIREGURA","datePublished":"2008-06-22T22:00:00+00:00","mainEntityOfPage":{"@id":"https:\/\/www.justiceinfo.net\/fr\/9528-230608-tpirabasilikare-ii-jenerali-ndindiliyimana-yarangije-kwiregura6334.html"},"wordCount":294,"commentCount":0,"publisher":{"@id":"https:\/\/www.justiceinfo.net\/fr#organization"},"articleSection":["Hirondelle News"],"inLanguage":"fr-FR","potentialAction":[{"@type":"CommentAction","name":"Comment","target":["https:\/\/www.justiceinfo.net\/fr\/9528-230608-tpirabasilikare-ii-jenerali-ndindiliyimana-yarangije-kwiregura6334.html#respond"]}]},{"@type":"WebPage","@id":"https:\/\/www.justiceinfo.net\/fr\/9528-230608-tpirabasilikare-ii-jenerali-ndindiliyimana-yarangije-kwiregura6334.html","url":"https:\/\/www.justiceinfo.net\/fr\/9528-230608-tpirabasilikare-ii-jenerali-ndindiliyimana-yarangije-kwiregura6334.html","name":"23.06.08 - TPIR\/ABASILIKARE II - JENERALI NDINDILIYIMANA YARANGIJE KWIREGURA - JusticeInfo.net","isPartOf":{"@id":"https:\/\/www.justiceinfo.net\/fr#website"},"datePublished":"2008-06-22T22:00:00+00:00","breadcrumb":{"@id":"https:\/\/www.justiceinfo.net\/fr\/9528-230608-tpirabasilikare-ii-jenerali-ndindiliyimana-yarangije-kwiregura6334.html#breadcrumb"},"inLanguage":"fr-FR","potentialAction":[{"@type":"ReadAction","target":["https:\/\/www.justiceinfo.net\/fr\/9528-230608-tpirabasilikare-ii-jenerali-ndindiliyimana-yarangije-kwiregura6334.html"]}]},{"@type":"BreadcrumbList","@id":"https:\/\/www.justiceinfo.net\/fr\/9528-230608-tpirabasilikare-ii-jenerali-ndindiliyimana-yarangije-kwiregura6334.html#breadcrumb","itemListElement":[{"@type":"ListItem","position":1,"name":"Home","item":"https:\/\/www.justiceinfo.net\/fr"},{"@type":"ListItem","position":2,"name":"23.06.08 - TPIR\/ABASILIKARE II - JENERALI NDINDILIYIMANA YARANGIJE KWIREGURA"}]},{"@type":"WebSite","@id":"https:\/\/www.justiceinfo.net\/fr#website","url":"https:\/\/www.justiceinfo.net\/fr","name":"JusticeInfo.net","description":"La justice doit \u00eatre vue pour \u00eatre rendue","publisher":{"@id":"https:\/\/www.justiceinfo.net\/fr#organization"},"potentialAction":[{"@type":"SearchAction","target":{"@type":"EntryPoint","urlTemplate":"https:\/\/www.justiceinfo.net\/fr?s={search_term_string}"},"query-input":{"@type":"PropertyValueSpecification","valueRequired":true,"valueName":"search_term_string"}}],"inLanguage":"fr-FR"},{"@type":"Organization","@id":"https:\/\/www.justiceinfo.net\/fr#organization","name":"Justice Info","url":"https:\/\/www.justiceinfo.net\/fr","logo":{"@type":"ImageObject","inLanguage":"fr-FR","@id":"https:\/\/www.justiceinfo.net\/fr#\/schema\/logo\/image\/","url":"https:\/\/www.justiceinfo.net\/wp-content\/uploads\/justiceinfo_logo-trans_1200x1200px.png","contentUrl":"https:\/\/www.justiceinfo.net\/wp-content\/uploads\/justiceinfo_logo-trans_1200x1200px.png","width":1199,"height":1200,"caption":"Justice Info"},"image":{"@id":"https:\/\/www.justiceinfo.net\/fr#\/schema\/logo\/image\/"},"sameAs":["https:\/\/www.facebook.com\/JusticeInfo\/","https:\/\/x.com\/justiceinfonet","https:\/\/www.linkedin.com\/company\/justice-info","https:\/\/www.youtube.com\/channel\/UCyCEsARodyuWtkWyhn-e7pA"]},{"@type":"Person","name":"solivri","url":"\/fr\/?s=solivri"}]}},"_links":{"self":[{"href":"https:\/\/www.justiceinfo.net\/fr\/wp-json\/wp\/v2\/posts\/9528","targetHints":{"allow":["GET"]}}],"collection":[{"href":"https:\/\/www.justiceinfo.net\/fr\/wp-json\/wp\/v2\/posts"}],"about":[{"href":"https:\/\/www.justiceinfo.net\/fr\/wp-json\/wp\/v2\/types\/post"}],"author":[{"embeddable":true,"href":"https:\/\/www.justiceinfo.net\/fr\/wp-json\/wp\/v2\/users\/64"}],"replies":[{"embeddable":true,"href":"https:\/\/www.justiceinfo.net\/fr\/wp-json\/wp\/v2\/comments?post=9528"}],"version-history":[{"count":0,"href":"https:\/\/www.justiceinfo.net\/fr\/wp-json\/wp\/v2\/posts\/9528\/revisions"}],"wp:attachment":[{"href":"https:\/\/www.justiceinfo.net\/fr\/wp-json\/wp\/v2\/media?parent=9528"}],"wp:term":[{"taxonomy":"category","embeddable":true,"href":"https:\/\/www.justiceinfo.net\/fr\/wp-json\/wp\/v2\/categories?post=9528"},{"taxonomy":"post_tag","embeddable":true,"href":"https:\/\/www.justiceinfo.net\/fr\/wp-json\/wp\/v2\/tags?post=9528"},{"taxonomy":"ji_location","embeddable":true,"href":"https:\/\/www.justiceinfo.net\/fr\/wp-json\/wp\/v2\/ji_location?post=9528"}],"curies":[{"name":"wp","href":"https:\/\/api.w.org\/{rel}","templated":true}]}}