{"id":9535,"date":"2008-07-01T00:00:00","date_gmt":"2008-06-30T22:00:00","guid":{"rendered":"https:\/\/www.justiceinfo.net\/9535-010708-francejustice-des-juges-francais-pour-les-crimes-contre-lhumanite-6341.html"},"modified":"2008-07-01T00:00:00","modified_gmt":"2008-06-30T22:00:00","slug":"010708-francejustice-des-juges-francais-pour-les-crimes-contre-lhumanite-6341","status":"publish","type":"post","link":"https:\/\/www.justiceinfo.net\/fr\/9535-010708-francejustice-des-juges-francais-pour-les-crimes-contre-lhumanite-6341.html","title":{"rendered":"01.07.08 - FRANCE\/JUSTICE - DES JUGES FRANCAIS POUR LES CRIMES CONTRE L'HUMANITE ?"},"content":{"rendered":"<p>\nParis, 1er juillet 2008 (FH) - Les autorit&eacute;s francaises envisagent la cr&eacute;ation &agrave; Paris d'un p&ocirc;le judiciaire sp&eacute;cialis&eacute; pour instruire les crimes contre l'humanit&eacute;.<\/p>\n<p><!--more--><\/p>\n<p>\nCette structure, estiment les auteurs d'un rapport remis lundi au ministre francais de la justice serait &quot;un signal fort de la volont&eacute; fran&ccedil;aise de lutter contre les crimes internationaux les plus graves&quot;.<\/p>\n<p>Cette proposition avait &eacute;t&eacute; faite en d&eacute;cembre, par des avocats et des Organisations non-gouvernementales (ONG), relay&eacute;s en avril par Bernard Kouchner, le ministre francais des affaires &eacute;trang&egrave;res. <\/p>\n<p>&quot;Le traitement de ce type d'affaires exige &agrave; l'&eacute;vidence, au-del&agrave; d'une excellente pratique de la proc&eacute;dure p&eacute;nale une connaissance tr&egrave;s approfondie, historique et g&eacute;opolitique du contexte dans lequel ces crimes ont &eacute;t&eacute; commis, que seule la constitution d'une unit&eacute; de juges d'instruction sp&eacute;cialis&eacute;e devrait permettre&quot;, avait &eacute;crit en avril le chef de la diplomatie &agrave; son homologue de la Justice, Rachida Dati. <\/p>\n<p>Les juridictions fran&ccedil;aises, en vertu de la loi d'adaptation du statut du Tribunal p&eacute;nal international pour le Rwanda (TPIR) int&eacute;gr&eacute;e dans le code p&eacute;nal en 1996, ont comp&eacute;tence universelle pour juger des Rwandais soup&ccedil;onn&eacute;s de g&eacute;nocide, d&egrave;s lors qu'ils se trouvent sur le territoire fran&ccedil;ais. <\/p>\n<p>Actuellement, dix proc&eacute;dures judiciaires visant des g&eacute;nocidaires pr&eacute;sum&eacute;es sont instruites par deux juges d'instruction parisiens. Celle contre le pr&ecirc;tre Wenceslas Munyeshyaka date de 1995. L'une des derni&egrave;re concerne Agathe Habyarimana, la veuve de l'ancien pr&eacute;sident rwandais dont l'assassinat en avril 1994 est consid&eacute;r&eacute; comme l'&eacute;l&eacute;ment d&eacute;clencheur du g&eacute;nocide. <\/p>\n<p>D'ici &agrave; 2010, le TPIR doit clore les proc&egrave;s. Avant cette date, des proc&eacute;dures pourraient &ecirc;tre transf&eacute;r&eacute;es vers des juridictions fran&ccedil;aises. Cependant, des difficult&eacute;s juridiques existent car celles du TPIR sont instruites sous la forme accusatoire, l'instruction &eacute;tant faite &agrave; l'audience. Elles seraient pourtant jug&eacute;es en France dans un syst&egrave;me inquisitoire, &quot;ce qui suppose un travail sp&eacute;cifique dans le cadre de l'instruction&quot;, note le rapport. <\/p>\n<p>&quot;Les juges d'instruction &agrave; Paris n'ont pas les moyens de poursuivre les investigations&quot;, estime Me William Bourdon, avocat sp&eacute;cialis&eacute; dans la d&eacute;fense des droits de l'homme qui demande depuis plusieurs ann&eacute;es la cr&eacute;ation d'une telle structure. &quot;Il faut leur donner les moyens pour enfin que puissent se tenir &agrave; Paris devant la cour d'assises, les proc&egrave;s de g&eacute;nocidaires pr&eacute;sum&eacute;s&quot;. <\/p>\n<p>Le rapport &eacute;voque &eacute;galement l'adaptation en droit fran&ccedil;ais des textes portant sur le statut de la Cour p&eacute;nale internationale (CPI). De nombreuses associations se sont insurg&eacute;es contre un amendement vot&eacute; le 10 juin par le S&eacute;nat restreignant la port&eacute;e de la comp&eacute;tence universelle des juridictions fran&ccedil;aises. Il pr&eacute;voit que celles-ci pourront juger des personnes &eacute;trang&egrave;res r&eacute;sidant habituellement en France, et non plus de passage, qui auraient commis des crimes relevant de la comp&eacute;tence de la CPI dans le cas o&ugrave; celle-ci aurait d&eacute;clin&eacute; sa comp&eacute;tence. <\/p>\n<p>&quot;Si cet amendement &eacute;tait ent&eacute;rin&eacute; par l'Assembl&eacute;e nationale, la France deviendrait l'un des rares pays &agrave; permettre aux criminels contre l'humanit&eacute;, criminels de guerre et responsables de g&eacute;nocide de circuler en toute libert&eacute; sur son territoire&quot;, s'&eacute;taient indign&eacute;s le 12 juin l'association Survie et le Collectif des parties civiles pour le Rwanda. Par ailleurs, le texte adopt&eacute; par le S&eacute;nat pr&eacute;voit que seul le parquet puisse engager des poursuites et non plus les victimes ou associations de victimes. <\/p>\n<p>&quot;L'outil de comp&eacute;tence universelle reste un outil indispensable pour juger les crimes internationaux&quot;, assure William Bourdon qui souligne que ce sont les associations ou ONG qui depuis 15 ans sont &agrave; l'initiative de poursuites &agrave; l'encontre de g&eacute;nocidaires pr&eacute;sum&eacute;s. &quot;Le p&ocirc;le sp&eacute;cialis&eacute;, c'est bien. Mais les engagements internationaux de la France risquent de rester lettre morte si on laisse au parquet le monopole des poursuites&quot;. <\/p>\n<p>La Su&egrave;de, les Pays-Bas ou la Norv&egrave;ge ont constitu&eacute; des unit&eacute;s sp&eacute;cifiques de procureurs et policiers pour enqu&ecirc;ter sur ces infractions. <\/p>\n<p>AP\/PB\/GF <\/p>\n<p>&copy; Agence Hirondelle<\/p>\n","protected":false},"excerpt":{"rendered":"<p>Paris, 1er juillet 2008 (FH) - Les autorit&eacute;s francaises envisagent la cr&eacute;ation &agrave; Paris d'un p&ocirc;le judiciaire sp&eacute;cialis&eacute; pour instruire les crimes contre l'humanit&eacute;.<\/p>\n","protected":false},"author":64,"featured_media":0,"comment_status":"open","ping_status":"closed","sticky":false,"template":"","format":"standard","meta":{"_acf_changed":false,"footnotes":""},"categories":[554],"tags":[],"ji_location":[],"class_list":["post-9535","post","type-post","status-publish","format-standard","hentry","category-hirondellenews"],"acf":[],"yoast_head":"<!-- This site is optimized with the Yoast SEO Premium plugin v25.3.1 (Yoast SEO v25.3.1) - https:\/\/yoast.com\/wordpress\/plugins\/seo\/ -->\n<title>01.07.08 - FRANCE\/JUSTICE - DES JUGES FRANCAIS POUR LES CRIMES CONTRE L&#039;HUMANITE ? - JusticeInfo.net<\/title>\n<meta name=\"robots\" content=\"index, follow, max-snippet:-1, max-image-preview:large, max-video-preview:-1\" \/>\n<link rel=\"canonical\" href=\"https:\/\/www.justiceinfo.net\/fr\/9535-010708-francejustice-des-juges-francais-pour-les-crimes-contre-lhumanite-6341.html\" \/>\n<meta property=\"og:locale\" content=\"fr_FR\" \/>\n<meta property=\"og:type\" content=\"article\" \/>\n<meta property=\"og:title\" content=\"01.07.08 - FRANCE\/JUSTICE - DES JUGES FRANCAIS POUR LES CRIMES CONTRE L&#039;HUMANITE ?\" \/>\n<meta property=\"og:description\" content=\"Paris, 1er juillet 2008 (FH) - Les autorit&eacute;s francaises envisagent la cr&eacute;ation &agrave; Paris d&#039;un p&ocirc;le judiciaire sp&eacute;cialis&eacute; pour instruire les crimes contre l&#039;humanit&eacute;.\" \/>\n<meta property=\"og:url\" content=\"https:\/\/www.justiceinfo.net\/fr\/9535-010708-francejustice-des-juges-francais-pour-les-crimes-contre-lhumanite-6341.html\" \/>\n<meta property=\"og:site_name\" content=\"JusticeInfo.net\" \/>\n<meta property=\"article:publisher\" content=\"https:\/\/www.facebook.com\/JusticeInfo\/\" \/>\n<meta property=\"article:published_time\" content=\"2008-06-30T22:00:00+00:00\" \/>\n<meta property=\"og:image\" content=\"https:\/\/www.justiceinfo.net\/wp-content\/uploads\/JusticeInfoNet_logo_1200x630px.jpg\" \/>\n\t<meta property=\"og:image:width\" content=\"1200\" \/>\n\t<meta property=\"og:image:height\" content=\"630\" \/>\n\t<meta property=\"og:image:type\" content=\"image\/jpeg\" \/>\n<meta name=\"author\" content=\"solivri\" \/>\n<meta name=\"twitter:card\" content=\"summary_large_image\" \/>\n<meta name=\"twitter:creator\" content=\"@justiceinfonet\" \/>\n<meta name=\"twitter:site\" content=\"@justiceinfonet\" \/>\n<meta name=\"twitter:label1\" content=\"\u00c9crit par\" \/>\n\t<meta name=\"twitter:data1\" content=\"solivri\" \/>\n\t<meta name=\"twitter:label2\" content=\"Dur\u00e9e de lecture estim\u00e9e\" \/>\n\t<meta name=\"twitter:data2\" content=\"4 minutes\" \/>\n<script type=\"application\/ld+json\" class=\"yoast-schema-graph\">{\"@context\":\"https:\/\/schema.org\",\"@graph\":[{\"@type\":\"NewsArticle\",\"@id\":\"https:\/\/www.justiceinfo.net\/fr\/9535-010708-francejustice-des-juges-francais-pour-les-crimes-contre-lhumanite-6341.html#article\",\"isPartOf\":{\"@id\":\"https:\/\/www.justiceinfo.net\/fr\/9535-010708-francejustice-des-juges-francais-pour-les-crimes-contre-lhumanite-6341.html\"},\"author\":{\"name\":\"solivri\",\"@id\":\"https:\/\/www.justiceinfo.net\/fr#\/schema\/person\/6e53cba1629e2e66f3fc1821d3091865\"},\"headline\":\"01.07.08 - FRANCE\/JUSTICE - DES JUGES FRANCAIS POUR LES CRIMES CONTRE L'HUMANITE ?\",\"datePublished\":\"2008-06-30T22:00:00+00:00\",\"mainEntityOfPage\":{\"@id\":\"https:\/\/www.justiceinfo.net\/fr\/9535-010708-francejustice-des-juges-francais-pour-les-crimes-contre-lhumanite-6341.html\"},\"wordCount\":869,\"commentCount\":0,\"publisher\":{\"@id\":\"https:\/\/www.justiceinfo.net\/fr#organization\"},\"articleSection\":[\"Hirondelle News\"],\"inLanguage\":\"fr-FR\",\"potentialAction\":[{\"@type\":\"CommentAction\",\"name\":\"Comment\",\"target\":[\"https:\/\/www.justiceinfo.net\/fr\/9535-010708-francejustice-des-juges-francais-pour-les-crimes-contre-lhumanite-6341.html#respond\"]}]},{\"@type\":\"WebPage\",\"@id\":\"https:\/\/www.justiceinfo.net\/fr\/9535-010708-francejustice-des-juges-francais-pour-les-crimes-contre-lhumanite-6341.html\",\"url\":\"https:\/\/www.justiceinfo.net\/fr\/9535-010708-francejustice-des-juges-francais-pour-les-crimes-contre-lhumanite-6341.html\",\"name\":\"01.07.08 - FRANCE\/JUSTICE - DES JUGES FRANCAIS POUR LES CRIMES CONTRE L'HUMANITE ? - JusticeInfo.net\",\"isPartOf\":{\"@id\":\"https:\/\/www.justiceinfo.net\/fr#website\"},\"datePublished\":\"2008-06-30T22:00:00+00:00\",\"breadcrumb\":{\"@id\":\"https:\/\/www.justiceinfo.net\/fr\/9535-010708-francejustice-des-juges-francais-pour-les-crimes-contre-lhumanite-6341.html#breadcrumb\"},\"inLanguage\":\"fr-FR\",\"potentialAction\":[{\"@type\":\"ReadAction\",\"target\":[\"https:\/\/www.justiceinfo.net\/fr\/9535-010708-francejustice-des-juges-francais-pour-les-crimes-contre-lhumanite-6341.html\"]}]},{\"@type\":\"BreadcrumbList\",\"@id\":\"https:\/\/www.justiceinfo.net\/fr\/9535-010708-francejustice-des-juges-francais-pour-les-crimes-contre-lhumanite-6341.html#breadcrumb\",\"itemListElement\":[{\"@type\":\"ListItem\",\"position\":1,\"name\":\"Home\",\"item\":\"https:\/\/www.justiceinfo.net\/fr\"},{\"@type\":\"ListItem\",\"position\":2,\"name\":\"01.07.08 - FRANCE\/JUSTICE - DES JUGES FRANCAIS POUR LES CRIMES CONTRE L'HUMANITE ?\"}]},{\"@type\":\"WebSite\",\"@id\":\"https:\/\/www.justiceinfo.net\/fr#website\",\"url\":\"https:\/\/www.justiceinfo.net\/fr\",\"name\":\"JusticeInfo.net\",\"description\":\"La justice doit \u00eatre vue pour \u00eatre rendue\",\"publisher\":{\"@id\":\"https:\/\/www.justiceinfo.net\/fr#organization\"},\"potentialAction\":[{\"@type\":\"SearchAction\",\"target\":{\"@type\":\"EntryPoint\",\"urlTemplate\":\"https:\/\/www.justiceinfo.net\/fr?s={search_term_string}\"},\"query-input\":{\"@type\":\"PropertyValueSpecification\",\"valueRequired\":true,\"valueName\":\"search_term_string\"}}],\"inLanguage\":\"fr-FR\"},{\"@type\":\"Organization\",\"@id\":\"https:\/\/www.justiceinfo.net\/fr#organization\",\"name\":\"Justice Info\",\"url\":\"https:\/\/www.justiceinfo.net\/fr\",\"logo\":{\"@type\":\"ImageObject\",\"inLanguage\":\"fr-FR\",\"@id\":\"https:\/\/www.justiceinfo.net\/fr#\/schema\/logo\/image\/\",\"url\":\"https:\/\/www.justiceinfo.net\/wp-content\/uploads\/justiceinfo_logo-trans_1200x1200px.png\",\"contentUrl\":\"https:\/\/www.justiceinfo.net\/wp-content\/uploads\/justiceinfo_logo-trans_1200x1200px.png\",\"width\":1199,\"height\":1200,\"caption\":\"Justice Info\"},\"image\":{\"@id\":\"https:\/\/www.justiceinfo.net\/fr#\/schema\/logo\/image\/\"},\"sameAs\":[\"https:\/\/www.facebook.com\/JusticeInfo\/\",\"https:\/\/x.com\/justiceinfonet\",\"https:\/\/www.linkedin.com\/company\/justice-info\",\"https:\/\/www.youtube.com\/channel\/UCyCEsARodyuWtkWyhn-e7pA\"]},{\"@type\":\"Person\",\"name\":\"solivri\",\"url\":\"\/fr\/?s=solivri\"}]}<\/script>\n<!-- \/ Yoast SEO Premium plugin. -->","yoast_head_json":{"title":"01.07.08 - FRANCE\/JUSTICE - DES JUGES FRANCAIS POUR LES CRIMES CONTRE L'HUMANITE ? - JusticeInfo.net","robots":{"index":"index","follow":"follow","max-snippet":"max-snippet:-1","max-image-preview":"max-image-preview:large","max-video-preview":"max-video-preview:-1"},"canonical":"https:\/\/www.justiceinfo.net\/fr\/9535-010708-francejustice-des-juges-francais-pour-les-crimes-contre-lhumanite-6341.html","og_locale":"fr_FR","og_type":"article","og_title":"01.07.08 - FRANCE\/JUSTICE - DES JUGES FRANCAIS POUR LES CRIMES CONTRE L'HUMANITE ?","og_description":"Paris, 1er juillet 2008 (FH) - Les autorit&eacute;s francaises envisagent la cr&eacute;ation &agrave; Paris d'un p&ocirc;le judiciaire sp&eacute;cialis&eacute; pour instruire les crimes contre l'humanit&eacute;.","og_url":"https:\/\/www.justiceinfo.net\/fr\/9535-010708-francejustice-des-juges-francais-pour-les-crimes-contre-lhumanite-6341.html","og_site_name":"JusticeInfo.net","article_publisher":"https:\/\/www.facebook.com\/JusticeInfo\/","article_published_time":"2008-06-30T22:00:00+00:00","og_image":[{"width":1200,"height":630,"url":"https:\/\/www.justiceinfo.net\/wp-content\/uploads\/JusticeInfoNet_logo_1200x630px.jpg","type":"image\/jpeg"}],"author":"solivri","twitter_card":"summary_large_image","twitter_creator":"@justiceinfonet","twitter_site":"@justiceinfonet","twitter_misc":{"\u00c9crit par":"solivri","Dur\u00e9e de lecture estim\u00e9e":"4 minutes"},"schema":{"@context":"https:\/\/schema.org","@graph":[{"@type":"NewsArticle","@id":"https:\/\/www.justiceinfo.net\/fr\/9535-010708-francejustice-des-juges-francais-pour-les-crimes-contre-lhumanite-6341.html#article","isPartOf":{"@id":"https:\/\/www.justiceinfo.net\/fr\/9535-010708-francejustice-des-juges-francais-pour-les-crimes-contre-lhumanite-6341.html"},"author":{"name":"solivri","@id":"https:\/\/www.justiceinfo.net\/fr#\/schema\/person\/6e53cba1629e2e66f3fc1821d3091865"},"headline":"01.07.08 - FRANCE\/JUSTICE - DES JUGES FRANCAIS POUR LES CRIMES CONTRE L'HUMANITE ?","datePublished":"2008-06-30T22:00:00+00:00","mainEntityOfPage":{"@id":"https:\/\/www.justiceinfo.net\/fr\/9535-010708-francejustice-des-juges-francais-pour-les-crimes-contre-lhumanite-6341.html"},"wordCount":869,"commentCount":0,"publisher":{"@id":"https:\/\/www.justiceinfo.net\/fr#organization"},"articleSection":["Hirondelle News"],"inLanguage":"fr-FR","potentialAction":[{"@type":"CommentAction","name":"Comment","target":["https:\/\/www.justiceinfo.net\/fr\/9535-010708-francejustice-des-juges-francais-pour-les-crimes-contre-lhumanite-6341.html#respond"]}]},{"@type":"WebPage","@id":"https:\/\/www.justiceinfo.net\/fr\/9535-010708-francejustice-des-juges-francais-pour-les-crimes-contre-lhumanite-6341.html","url":"https:\/\/www.justiceinfo.net\/fr\/9535-010708-francejustice-des-juges-francais-pour-les-crimes-contre-lhumanite-6341.html","name":"01.07.08 - FRANCE\/JUSTICE - DES JUGES FRANCAIS POUR LES CRIMES CONTRE L'HUMANITE ? - JusticeInfo.net","isPartOf":{"@id":"https:\/\/www.justiceinfo.net\/fr#website"},"datePublished":"2008-06-30T22:00:00+00:00","breadcrumb":{"@id":"https:\/\/www.justiceinfo.net\/fr\/9535-010708-francejustice-des-juges-francais-pour-les-crimes-contre-lhumanite-6341.html#breadcrumb"},"inLanguage":"fr-FR","potentialAction":[{"@type":"ReadAction","target":["https:\/\/www.justiceinfo.net\/fr\/9535-010708-francejustice-des-juges-francais-pour-les-crimes-contre-lhumanite-6341.html"]}]},{"@type":"BreadcrumbList","@id":"https:\/\/www.justiceinfo.net\/fr\/9535-010708-francejustice-des-juges-francais-pour-les-crimes-contre-lhumanite-6341.html#breadcrumb","itemListElement":[{"@type":"ListItem","position":1,"name":"Home","item":"https:\/\/www.justiceinfo.net\/fr"},{"@type":"ListItem","position":2,"name":"01.07.08 - FRANCE\/JUSTICE - DES JUGES FRANCAIS POUR LES CRIMES CONTRE L'HUMANITE ?"}]},{"@type":"WebSite","@id":"https:\/\/www.justiceinfo.net\/fr#website","url":"https:\/\/www.justiceinfo.net\/fr","name":"JusticeInfo.net","description":"La justice doit \u00eatre vue pour \u00eatre rendue","publisher":{"@id":"https:\/\/www.justiceinfo.net\/fr#organization"},"potentialAction":[{"@type":"SearchAction","target":{"@type":"EntryPoint","urlTemplate":"https:\/\/www.justiceinfo.net\/fr?s={search_term_string}"},"query-input":{"@type":"PropertyValueSpecification","valueRequired":true,"valueName":"search_term_string"}}],"inLanguage":"fr-FR"},{"@type":"Organization","@id":"https:\/\/www.justiceinfo.net\/fr#organization","name":"Justice Info","url":"https:\/\/www.justiceinfo.net\/fr","logo":{"@type":"ImageObject","inLanguage":"fr-FR","@id":"https:\/\/www.justiceinfo.net\/fr#\/schema\/logo\/image\/","url":"https:\/\/www.justiceinfo.net\/wp-content\/uploads\/justiceinfo_logo-trans_1200x1200px.png","contentUrl":"https:\/\/www.justiceinfo.net\/wp-content\/uploads\/justiceinfo_logo-trans_1200x1200px.png","width":1199,"height":1200,"caption":"Justice Info"},"image":{"@id":"https:\/\/www.justiceinfo.net\/fr#\/schema\/logo\/image\/"},"sameAs":["https:\/\/www.facebook.com\/JusticeInfo\/","https:\/\/x.com\/justiceinfonet","https:\/\/www.linkedin.com\/company\/justice-info","https:\/\/www.youtube.com\/channel\/UCyCEsARodyuWtkWyhn-e7pA"]},{"@type":"Person","name":"solivri","url":"\/fr\/?s=solivri"}]}},"_links":{"self":[{"href":"https:\/\/www.justiceinfo.net\/fr\/wp-json\/wp\/v2\/posts\/9535","targetHints":{"allow":["GET"]}}],"collection":[{"href":"https:\/\/www.justiceinfo.net\/fr\/wp-json\/wp\/v2\/posts"}],"about":[{"href":"https:\/\/www.justiceinfo.net\/fr\/wp-json\/wp\/v2\/types\/post"}],"author":[{"embeddable":true,"href":"https:\/\/www.justiceinfo.net\/fr\/wp-json\/wp\/v2\/users\/64"}],"replies":[{"embeddable":true,"href":"https:\/\/www.justiceinfo.net\/fr\/wp-json\/wp\/v2\/comments?post=9535"}],"version-history":[{"count":0,"href":"https:\/\/www.justiceinfo.net\/fr\/wp-json\/wp\/v2\/posts\/9535\/revisions"}],"wp:attachment":[{"href":"https:\/\/www.justiceinfo.net\/fr\/wp-json\/wp\/v2\/media?parent=9535"}],"wp:term":[{"taxonomy":"category","embeddable":true,"href":"https:\/\/www.justiceinfo.net\/fr\/wp-json\/wp\/v2\/categories?post=9535"},{"taxonomy":"post_tag","embeddable":true,"href":"https:\/\/www.justiceinfo.net\/fr\/wp-json\/wp\/v2\/tags?post=9535"},{"taxonomy":"ji_location","embeddable":true,"href":"https:\/\/www.justiceinfo.net\/fr\/wp-json\/wp\/v2\/ji_location?post=9535"}],"curies":[{"name":"wp","href":"https:\/\/api.w.org\/{rel}","templated":true}]}}