{"id":9627,"date":"2008-07-18T00:00:00","date_gmt":"2008-07-17T22:00:00","guid":{"rendered":"https:\/\/www.justiceinfo.net\/9627-180708-cpidetenus-interrogations-a-propos-des-visites-familiales-aux-detenus6433.html"},"modified":"2008-07-18T00:00:00","modified_gmt":"2008-07-17T22:00:00","slug":"180708-cpidetenus-interrogations-a-propos-des-visites-familiales-aux-detenus6433","status":"publish","type":"post","link":"https:\/\/www.justiceinfo.net\/fr\/9627-180708-cpidetenus-interrogations-a-propos-des-visites-familiales-aux-detenus6433.html","title":{"rendered":"18.07.08 - CPI\/DETENUS - INTERROGATIONS A PROPOS DES VISITES FAMILIALES AUX DETENUS"},"content":{"rendered":"<p>\nLa Haye, 18 juillet 2008 (FH) - La Cour p&eacute;nale internationale a organis&eacute; au d&eacute;but du mois, &agrave; La Haye, un colloque sur les visites aux d&eacute;tenus, avant de demander aux Etats parties de prendre une d&eacute;cision &agrave; ce sujet.<\/p>\n<p><!--more--><\/p>\n<p>\nCe droit aux visites de la famille de d&eacute;tenus est reconnu comme un droit fondamental, mais son application et surtout son financement posent probl&egrave;me. <\/p>\n<p>Aujourd'hui, seule la Cour sp&eacute;ciale pour la Sierra Leone prend en charge certaines visites des familles des d&eacute;tenus indigents se trouvant &agrave; Freetown. En effet, tant le Tribunal p&eacute;nal international pour l'ex-Yougoslavie (TPIY) que le Tribunal p&eacute;nal international pour le Rwanda (TPIR) refusent de financer m&ecirc;me partiellement les visites des familles des d&eacute;tenus consid&eacute;r&eacute;s comme indigents. <\/p>\n<p>Dans de nombreux pays aujourd'hui, ce droit est consid&eacute;r&eacute; comme fondamental. Il est d'ailleurs consacr&eacute; par la Convention europ&eacute;enne des droits de l'Homme (CEDH) ainsi que par la jurisprudence de la Cour europ&eacute;enne. <\/p>\n<p>La F&eacute;d&eacute;ration internationale des droits de l'Homme (FIDH), qui a &eacute;t&eacute; convi&eacute;e fin mai par le Greffier de la Cour p&eacute;nale internationale (CPI) &agrave; adresser ses remarques sur cette question, a fait observer que ce droit a comme corollaire &laquo; la reconnaissance de droits aux membres de sa famille, en particulier l'enfant &raquo;. Il vise ainsi &agrave; maintenir les liens familiaux et favorise une future r&eacute;insertion du condamn&eacute;. <\/p>\n<p>La question est &eacute;galement importante sous l'angle du principe fondamental de la pr&eacute;somption d'innocence. En effet, les d&eacute;tenus en d&eacute;tention pr&eacute;ventive qui sont soit suspects soit accus&eacute;s attendent toujours leur jugement et la Cour p&eacute;nale internationale a, du point de vue de la FIDH, &laquo; l'obligation de maintenir la personne dans une situation similaire &agrave; l'&eacute;tat de libert&eacute;, dans la mesure du possible, les visites des familles y contribuant &raquo;. <\/p>\n<p>Le principe n'&eacute;tant pas remis en question, c'est le financement obligatoire par la Cour des visites des familles d'indigents qui semble probl&eacute;matique. La Cour se dit particuli&egrave;rement pr&eacute;occup&eacute;e par cette question parce qu'en raison de sa vocation de justice universelle, elle sera amen&eacute;e &agrave; poursuivre des individus originaires de pays &eacute;loign&eacute;s. <\/p>\n<p>Tandis que certains Etats parties &agrave; la CPI, &agrave; l'occasion de la sixi&egrave;me session pl&eacute;ni&egrave;re, voulaient &laquo; favoriser la prise en charge de ces visites par la Cour lorsque le suspect ou l'accus&eacute; est indigent se basant sur des crit&egrave;res humanitaires &raquo;, d'autres ont &eacute;mis &laquo; des craintes relatives &agrave; la cr&eacute;ation d'un pr&eacute;c&eacute;dent et au manque de pr&eacute;cision sur l'&eacute;tendue et les crit&egrave;res de cette prise en charge &raquo;. <\/p>\n<p>La FIDH recommande au Greffe de prendre en compte de mani&egrave;re pr&eacute;cise et exhaustive les inqui&eacute;tudes des Etats pour : r&eacute;pondre &agrave; la crainte des Etats relative &agrave; la possible cr&eacute;ation d'un pr&eacute;c&eacute;dent (y compris du point de vue des droits de l'Homme) ; &eacute;valuer les autres options de financement propos&eacute;es par les Etats et aborder la notion d'&laquo; indigence &raquo; consid&eacute;rant si la notion applicable &agrave; l'aide judiciaire devrait &eacute;galement &ecirc;tre utilis&eacute;e dans le contexte des visites des familles. <\/p>\n<p>L'absence de pr&eacute;c&eacute;dents en la mati&egrave;re conforte les r&eacute;ticences. Les Tribunaux p&eacute;naux internationaux pour l'ex-Yougoslavie et le Rwanda pr&eacute;voient la prise en charge d'une partie des frais de communication des d&eacute;tenus indigents avec leur famille mais ne vise pas le droit de visite. <\/p>\n<p>Ce refus de financement a engendr&eacute; &laquo; une pratique troublante &raquo; au TPIR a racont&eacute; Mandiaye Niang, conseiller sp&eacute;cial du greffier : certains accus&eacute;s ont fait citer leur proche comme t&eacute;moin dans la proc&eacute;dure dans le seul but de les voir, le voyage &eacute;tant financ&eacute; dans ce cas par le Tribunal. Cette pratique &laquo; pose un probl&egrave;me d'une bonne administration de la justice et de conflit d'int&eacute;r&ecirc;ts certains &raquo; a fait remarquer la FIDH. <\/p>\n<p>Au TPIY, ce sont des gouvernements de l'ex-Yougoslavie et des associations solidaires de leurs &laquo; h&eacute;ros de guerre &raquo;, tels que parfois consid&eacute;r&eacute;s, qui payent au Tribunal les frais inh&eacute;rents aux visites des familles. <\/p>\n<p>Dans le cadre des visites des familles, le TPIR autorise depuis le mois de mai le droit aux visites conjugales. Le TPIY met en &oelig;uvre ce droit depuis d&eacute;j&agrave; de nombreuses ann&eacute;es. Il semble que ces visites soient &agrave; charges des familles. <\/p>\n<p>Au centre de d&eacute;tention des Nations Unies d'Arusha, chaque d&eacute;tenu a maintenant droit &agrave; trois heures de visites avec son conjoint ou conjointe tous les deux mois, sauf si le conjoint vient d'un pays hors de la Tanzanie et des pays voisins. Le conjoint peut alors reit&eacute;rer une fois sa visite dans un d&eacute;lai plus proche. <\/p>\n<p>Interrog&eacute; par la presse apr&eacute;s cette d&eacute;cision, le directeur du centre de d&eacute;tention du TPIR &agrave; Arusha, Monsieur Saydou Guindo a expliqu&eacute; fin juin que &laquo; rien n'interdit au niveau international les visites conjugales &raquo;. Il a rappell&eacute; que &laquo; pour les condamn&eacute;s, c'est le d&eacute;tenu qui est frapp&eacute; de sanction et non son &eacute;pouse. Pour les d&eacute;tenus dont le proc&egrave;s est en cours, il y a toujours la pr&eacute;somption d'innocence &raquo;. <\/p>\n<p>Dans ses &laquo; propositions pour prot&eacute;ger et am&eacute;liorer le maintien des liens familiaux, amicaux, sociaux &raquo; de janvier 2006, Georgia Bechlivanou-Moreau, juriste sp&eacute;cialis&eacute;e en droit p&eacute;nitentiaire et Droits de l'Homme, affirme que &laquo; l'intimit&eacute; est indiscutablement un facteur indispensable pour que les visites [en prison] soient de vrais moments de vie priv&eacute;e, familiale et amicale o&ugrave; l'on peut s'exprimer librement, se confier, se toucher. Mais elle est aussi n&eacute;cessaire pour assurer un autre aspect de la vie priv&eacute;e et familiale garantie par <a target=\"_new\" href=\"http:\/\/www.prison.eu.org\/article.php3?id_article=593\" rel=\"noopener\">l'article 8 de la Convention Europ&eacute;enne des Droits de l'Homme<\/a>, l'intimit&eacute; sexuelle &raquo; elle-m&ecirc;me indispensable au &laquo; droit de fonder une famille &raquo; selon l'article 12 du m&ecirc;me texte. <\/p>\n<p>D&eacute;j&agrave; en 1998, le Comit&eacute; des Ministres du Conseil de l'Europe a recommand&eacute; aux Etats membres d' &laquo; envisager de donner aux personnes incarc&eacute;r&eacute;es la possibilit&eacute; de rencontrer leur partenaire sexuel sans surveillance visuelle pendant la visite &raquo; (<a target=\"_new\" href=\"http:\/\/www.prison.eu.org\/article.php3?id_article=1149\" rel=\"noopener\">Recommandation R(98)7, relative aux aspects &eacute;thiques et organisationnels des soins de sant&eacute; en milieu p&eacute;nitentiaire, r&egrave;gle n&deg;68<\/a>). <\/p>\n<p>Le responsable de la justice rwandaise, M. Martin Ngoga, Procureur g&eacute;n&eacute;ral, a r&eacute;agi avec col&egrave;re &agrave; l'annonce du TPIR d'autoriser ces visites. Il trouve cette d&eacute;cision &laquo; ridicule &raquo;. Cette pratique n'existe pas au Rwanda. Ce pays craint que la d&eacute;cision du TPIR ne constitue une nouvelle raison de ne pas autoriser les transferts de d&eacute;tenus et de prisonniers vers son territoire. <\/p>\n<p>AV\/PB\/GF <\/p>\n<p>&copy; Agence Hirondelle<\/p>\n","protected":false},"excerpt":{"rendered":"<p>La Haye, 18 juillet 2008 (FH) - La Cour p&eacute;nale internationale a organis&eacute; au d&eacute;but du mois, &agrave; La Haye, un colloque sur les visites aux d&eacute;tenus, avant de demander aux Etats parties de prendre une d&eacute;cision &agrave; ce sujet.<\/p>\n","protected":false},"author":64,"featured_media":0,"comment_status":"open","ping_status":"closed","sticky":false,"template":"","format":"standard","meta":{"_acf_changed":false,"footnotes":""},"categories":[554],"tags":[],"ji_location":[],"class_list":["post-9627","post","type-post","status-publish","format-standard","hentry","category-hirondellenews"],"acf":[],"yoast_head":"<!-- This site is optimized with the Yoast SEO Premium plugin v25.3.1 (Yoast SEO v25.3.1) - https:\/\/yoast.com\/wordpress\/plugins\/seo\/ -->\n<title>18.07.08 - CPI\/DETENUS - INTERROGATIONS A PROPOS DES VISITES FAMILIALES AUX DETENUS - JusticeInfo.net<\/title>\n<meta name=\"robots\" content=\"index, follow, max-snippet:-1, max-image-preview:large, max-video-preview:-1\" \/>\n<link rel=\"canonical\" href=\"https:\/\/www.justiceinfo.net\/fr\/9627-180708-cpidetenus-interrogations-a-propos-des-visites-familiales-aux-detenus6433.html\" \/>\n<meta property=\"og:locale\" content=\"fr_FR\" \/>\n<meta property=\"og:type\" content=\"article\" \/>\n<meta property=\"og:title\" content=\"18.07.08 - CPI\/DETENUS - INTERROGATIONS A PROPOS DES VISITES FAMILIALES AUX DETENUS\" \/>\n<meta property=\"og:description\" content=\"La Haye, 18 juillet 2008 (FH) - La Cour p&eacute;nale internationale a organis&eacute; au d&eacute;but du mois, &agrave; La Haye, un colloque sur les visites aux d&eacute;tenus, avant de demander aux Etats parties de prendre une d&eacute;cision &agrave; ce sujet.\" \/>\n<meta property=\"og:url\" content=\"https:\/\/www.justiceinfo.net\/fr\/9627-180708-cpidetenus-interrogations-a-propos-des-visites-familiales-aux-detenus6433.html\" \/>\n<meta property=\"og:site_name\" content=\"JusticeInfo.net\" \/>\n<meta property=\"article:publisher\" content=\"https:\/\/www.facebook.com\/JusticeInfo\/\" \/>\n<meta property=\"article:published_time\" content=\"2008-07-17T22:00:00+00:00\" \/>\n<meta property=\"og:image\" content=\"https:\/\/www.justiceinfo.net\/wp-content\/uploads\/JusticeInfoNet_logo_1200x630px.jpg\" \/>\n\t<meta property=\"og:image:width\" content=\"1200\" \/>\n\t<meta property=\"og:image:height\" content=\"630\" \/>\n\t<meta property=\"og:image:type\" content=\"image\/jpeg\" \/>\n<meta name=\"author\" content=\"solivri\" \/>\n<meta name=\"twitter:card\" content=\"summary_large_image\" \/>\n<meta name=\"twitter:creator\" content=\"@justiceinfonet\" \/>\n<meta name=\"twitter:site\" content=\"@justiceinfonet\" \/>\n<meta name=\"twitter:label1\" content=\"\u00c9crit par\" \/>\n\t<meta name=\"twitter:data1\" content=\"solivri\" \/>\n\t<meta name=\"twitter:label2\" content=\"Dur\u00e9e de lecture estim\u00e9e\" \/>\n\t<meta name=\"twitter:data2\" content=\"6 minutes\" \/>\n<script type=\"application\/ld+json\" class=\"yoast-schema-graph\">{\"@context\":\"https:\/\/schema.org\",\"@graph\":[{\"@type\":\"NewsArticle\",\"@id\":\"https:\/\/www.justiceinfo.net\/fr\/9627-180708-cpidetenus-interrogations-a-propos-des-visites-familiales-aux-detenus6433.html#article\",\"isPartOf\":{\"@id\":\"https:\/\/www.justiceinfo.net\/fr\/9627-180708-cpidetenus-interrogations-a-propos-des-visites-familiales-aux-detenus6433.html\"},\"author\":{\"name\":\"solivri\",\"@id\":\"https:\/\/www.justiceinfo.net\/fr#\/schema\/person\/6e53cba1629e2e66f3fc1821d3091865\"},\"headline\":\"18.07.08 - CPI\/DETENUS - INTERROGATIONS A PROPOS DES VISITES FAMILIALES AUX DETENUS\",\"datePublished\":\"2008-07-17T22:00:00+00:00\",\"mainEntityOfPage\":{\"@id\":\"https:\/\/www.justiceinfo.net\/fr\/9627-180708-cpidetenus-interrogations-a-propos-des-visites-familiales-aux-detenus6433.html\"},\"wordCount\":1351,\"commentCount\":0,\"publisher\":{\"@id\":\"https:\/\/www.justiceinfo.net\/fr#organization\"},\"articleSection\":[\"Hirondelle News\"],\"inLanguage\":\"fr-FR\",\"potentialAction\":[{\"@type\":\"CommentAction\",\"name\":\"Comment\",\"target\":[\"https:\/\/www.justiceinfo.net\/fr\/9627-180708-cpidetenus-interrogations-a-propos-des-visites-familiales-aux-detenus6433.html#respond\"]}]},{\"@type\":\"WebPage\",\"@id\":\"https:\/\/www.justiceinfo.net\/fr\/9627-180708-cpidetenus-interrogations-a-propos-des-visites-familiales-aux-detenus6433.html\",\"url\":\"https:\/\/www.justiceinfo.net\/fr\/9627-180708-cpidetenus-interrogations-a-propos-des-visites-familiales-aux-detenus6433.html\",\"name\":\"18.07.08 - CPI\/DETENUS - INTERROGATIONS A PROPOS DES VISITES FAMILIALES AUX DETENUS - JusticeInfo.net\",\"isPartOf\":{\"@id\":\"https:\/\/www.justiceinfo.net\/fr#website\"},\"datePublished\":\"2008-07-17T22:00:00+00:00\",\"breadcrumb\":{\"@id\":\"https:\/\/www.justiceinfo.net\/fr\/9627-180708-cpidetenus-interrogations-a-propos-des-visites-familiales-aux-detenus6433.html#breadcrumb\"},\"inLanguage\":\"fr-FR\",\"potentialAction\":[{\"@type\":\"ReadAction\",\"target\":[\"https:\/\/www.justiceinfo.net\/fr\/9627-180708-cpidetenus-interrogations-a-propos-des-visites-familiales-aux-detenus6433.html\"]}]},{\"@type\":\"BreadcrumbList\",\"@id\":\"https:\/\/www.justiceinfo.net\/fr\/9627-180708-cpidetenus-interrogations-a-propos-des-visites-familiales-aux-detenus6433.html#breadcrumb\",\"itemListElement\":[{\"@type\":\"ListItem\",\"position\":1,\"name\":\"Home\",\"item\":\"https:\/\/www.justiceinfo.net\/fr\"},{\"@type\":\"ListItem\",\"position\":2,\"name\":\"18.07.08 - CPI\/DETENUS - INTERROGATIONS A PROPOS DES VISITES FAMILIALES AUX DETENUS\"}]},{\"@type\":\"WebSite\",\"@id\":\"https:\/\/www.justiceinfo.net\/fr#website\",\"url\":\"https:\/\/www.justiceinfo.net\/fr\",\"name\":\"JusticeInfo.net\",\"description\":\"La justice doit \u00eatre vue pour \u00eatre rendue\",\"publisher\":{\"@id\":\"https:\/\/www.justiceinfo.net\/fr#organization\"},\"potentialAction\":[{\"@type\":\"SearchAction\",\"target\":{\"@type\":\"EntryPoint\",\"urlTemplate\":\"https:\/\/www.justiceinfo.net\/fr?s={search_term_string}\"},\"query-input\":{\"@type\":\"PropertyValueSpecification\",\"valueRequired\":true,\"valueName\":\"search_term_string\"}}],\"inLanguage\":\"fr-FR\"},{\"@type\":\"Organization\",\"@id\":\"https:\/\/www.justiceinfo.net\/fr#organization\",\"name\":\"Justice Info\",\"url\":\"https:\/\/www.justiceinfo.net\/fr\",\"logo\":{\"@type\":\"ImageObject\",\"inLanguage\":\"fr-FR\",\"@id\":\"https:\/\/www.justiceinfo.net\/fr#\/schema\/logo\/image\/\",\"url\":\"https:\/\/www.justiceinfo.net\/wp-content\/uploads\/justiceinfo_logo-trans_1200x1200px.png\",\"contentUrl\":\"https:\/\/www.justiceinfo.net\/wp-content\/uploads\/justiceinfo_logo-trans_1200x1200px.png\",\"width\":1199,\"height\":1200,\"caption\":\"Justice Info\"},\"image\":{\"@id\":\"https:\/\/www.justiceinfo.net\/fr#\/schema\/logo\/image\/\"},\"sameAs\":[\"https:\/\/www.facebook.com\/JusticeInfo\/\",\"https:\/\/x.com\/justiceinfonet\",\"https:\/\/www.linkedin.com\/company\/justice-info\",\"https:\/\/www.youtube.com\/channel\/UCyCEsARodyuWtkWyhn-e7pA\"]},{\"@type\":\"Person\",\"name\":\"solivri\",\"url\":\"\/fr\/?s=solivri\"}]}<\/script>\n<!-- \/ Yoast SEO Premium plugin. -->","yoast_head_json":{"title":"18.07.08 - CPI\/DETENUS - INTERROGATIONS A PROPOS DES VISITES FAMILIALES AUX DETENUS - JusticeInfo.net","robots":{"index":"index","follow":"follow","max-snippet":"max-snippet:-1","max-image-preview":"max-image-preview:large","max-video-preview":"max-video-preview:-1"},"canonical":"https:\/\/www.justiceinfo.net\/fr\/9627-180708-cpidetenus-interrogations-a-propos-des-visites-familiales-aux-detenus6433.html","og_locale":"fr_FR","og_type":"article","og_title":"18.07.08 - CPI\/DETENUS - INTERROGATIONS A PROPOS DES VISITES FAMILIALES AUX DETENUS","og_description":"La Haye, 18 juillet 2008 (FH) - La Cour p&eacute;nale internationale a organis&eacute; au d&eacute;but du mois, &agrave; La Haye, un colloque sur les visites aux d&eacute;tenus, avant de demander aux Etats parties de prendre une d&eacute;cision &agrave; ce sujet.","og_url":"https:\/\/www.justiceinfo.net\/fr\/9627-180708-cpidetenus-interrogations-a-propos-des-visites-familiales-aux-detenus6433.html","og_site_name":"JusticeInfo.net","article_publisher":"https:\/\/www.facebook.com\/JusticeInfo\/","article_published_time":"2008-07-17T22:00:00+00:00","og_image":[{"width":1200,"height":630,"url":"https:\/\/www.justiceinfo.net\/wp-content\/uploads\/JusticeInfoNet_logo_1200x630px.jpg","type":"image\/jpeg"}],"author":"solivri","twitter_card":"summary_large_image","twitter_creator":"@justiceinfonet","twitter_site":"@justiceinfonet","twitter_misc":{"\u00c9crit par":"solivri","Dur\u00e9e de lecture estim\u00e9e":"6 minutes"},"schema":{"@context":"https:\/\/schema.org","@graph":[{"@type":"NewsArticle","@id":"https:\/\/www.justiceinfo.net\/fr\/9627-180708-cpidetenus-interrogations-a-propos-des-visites-familiales-aux-detenus6433.html#article","isPartOf":{"@id":"https:\/\/www.justiceinfo.net\/fr\/9627-180708-cpidetenus-interrogations-a-propos-des-visites-familiales-aux-detenus6433.html"},"author":{"name":"solivri","@id":"https:\/\/www.justiceinfo.net\/fr#\/schema\/person\/6e53cba1629e2e66f3fc1821d3091865"},"headline":"18.07.08 - CPI\/DETENUS - INTERROGATIONS A PROPOS DES VISITES FAMILIALES AUX DETENUS","datePublished":"2008-07-17T22:00:00+00:00","mainEntityOfPage":{"@id":"https:\/\/www.justiceinfo.net\/fr\/9627-180708-cpidetenus-interrogations-a-propos-des-visites-familiales-aux-detenus6433.html"},"wordCount":1351,"commentCount":0,"publisher":{"@id":"https:\/\/www.justiceinfo.net\/fr#organization"},"articleSection":["Hirondelle News"],"inLanguage":"fr-FR","potentialAction":[{"@type":"CommentAction","name":"Comment","target":["https:\/\/www.justiceinfo.net\/fr\/9627-180708-cpidetenus-interrogations-a-propos-des-visites-familiales-aux-detenus6433.html#respond"]}]},{"@type":"WebPage","@id":"https:\/\/www.justiceinfo.net\/fr\/9627-180708-cpidetenus-interrogations-a-propos-des-visites-familiales-aux-detenus6433.html","url":"https:\/\/www.justiceinfo.net\/fr\/9627-180708-cpidetenus-interrogations-a-propos-des-visites-familiales-aux-detenus6433.html","name":"18.07.08 - CPI\/DETENUS - INTERROGATIONS A PROPOS DES VISITES FAMILIALES AUX DETENUS - JusticeInfo.net","isPartOf":{"@id":"https:\/\/www.justiceinfo.net\/fr#website"},"datePublished":"2008-07-17T22:00:00+00:00","breadcrumb":{"@id":"https:\/\/www.justiceinfo.net\/fr\/9627-180708-cpidetenus-interrogations-a-propos-des-visites-familiales-aux-detenus6433.html#breadcrumb"},"inLanguage":"fr-FR","potentialAction":[{"@type":"ReadAction","target":["https:\/\/www.justiceinfo.net\/fr\/9627-180708-cpidetenus-interrogations-a-propos-des-visites-familiales-aux-detenus6433.html"]}]},{"@type":"BreadcrumbList","@id":"https:\/\/www.justiceinfo.net\/fr\/9627-180708-cpidetenus-interrogations-a-propos-des-visites-familiales-aux-detenus6433.html#breadcrumb","itemListElement":[{"@type":"ListItem","position":1,"name":"Home","item":"https:\/\/www.justiceinfo.net\/fr"},{"@type":"ListItem","position":2,"name":"18.07.08 - CPI\/DETENUS - INTERROGATIONS A PROPOS DES VISITES FAMILIALES AUX DETENUS"}]},{"@type":"WebSite","@id":"https:\/\/www.justiceinfo.net\/fr#website","url":"https:\/\/www.justiceinfo.net\/fr","name":"JusticeInfo.net","description":"La justice doit \u00eatre vue pour \u00eatre rendue","publisher":{"@id":"https:\/\/www.justiceinfo.net\/fr#organization"},"potentialAction":[{"@type":"SearchAction","target":{"@type":"EntryPoint","urlTemplate":"https:\/\/www.justiceinfo.net\/fr?s={search_term_string}"},"query-input":{"@type":"PropertyValueSpecification","valueRequired":true,"valueName":"search_term_string"}}],"inLanguage":"fr-FR"},{"@type":"Organization","@id":"https:\/\/www.justiceinfo.net\/fr#organization","name":"Justice Info","url":"https:\/\/www.justiceinfo.net\/fr","logo":{"@type":"ImageObject","inLanguage":"fr-FR","@id":"https:\/\/www.justiceinfo.net\/fr#\/schema\/logo\/image\/","url":"https:\/\/www.justiceinfo.net\/wp-content\/uploads\/justiceinfo_logo-trans_1200x1200px.png","contentUrl":"https:\/\/www.justiceinfo.net\/wp-content\/uploads\/justiceinfo_logo-trans_1200x1200px.png","width":1199,"height":1200,"caption":"Justice Info"},"image":{"@id":"https:\/\/www.justiceinfo.net\/fr#\/schema\/logo\/image\/"},"sameAs":["https:\/\/www.facebook.com\/JusticeInfo\/","https:\/\/x.com\/justiceinfonet","https:\/\/www.linkedin.com\/company\/justice-info","https:\/\/www.youtube.com\/channel\/UCyCEsARodyuWtkWyhn-e7pA"]},{"@type":"Person","name":"solivri","url":"\/fr\/?s=solivri"}]}},"_links":{"self":[{"href":"https:\/\/www.justiceinfo.net\/fr\/wp-json\/wp\/v2\/posts\/9627","targetHints":{"allow":["GET"]}}],"collection":[{"href":"https:\/\/www.justiceinfo.net\/fr\/wp-json\/wp\/v2\/posts"}],"about":[{"href":"https:\/\/www.justiceinfo.net\/fr\/wp-json\/wp\/v2\/types\/post"}],"author":[{"embeddable":true,"href":"https:\/\/www.justiceinfo.net\/fr\/wp-json\/wp\/v2\/users\/64"}],"replies":[{"embeddable":true,"href":"https:\/\/www.justiceinfo.net\/fr\/wp-json\/wp\/v2\/comments?post=9627"}],"version-history":[{"count":0,"href":"https:\/\/www.justiceinfo.net\/fr\/wp-json\/wp\/v2\/posts\/9627\/revisions"}],"wp:attachment":[{"href":"https:\/\/www.justiceinfo.net\/fr\/wp-json\/wp\/v2\/media?parent=9627"}],"wp:term":[{"taxonomy":"category","embeddable":true,"href":"https:\/\/www.justiceinfo.net\/fr\/wp-json\/wp\/v2\/categories?post=9627"},{"taxonomy":"post_tag","embeddable":true,"href":"https:\/\/www.justiceinfo.net\/fr\/wp-json\/wp\/v2\/tags?post=9627"},{"taxonomy":"ji_location","embeddable":true,"href":"https:\/\/www.justiceinfo.net\/fr\/wp-json\/wp\/v2\/ji_location?post=9627"}],"curies":[{"name":"wp","href":"https:\/\/api.w.org\/{rel}","templated":true}]}}