{"id":9630,"date":"2008-07-23T00:00:00","date_gmt":"2008-07-22T22:00:00","guid":{"rendered":"https:\/\/www.justiceinfo.net\/9630-230708-burundijustice-lonu-reclame-credibilite-et-transparence6436.html"},"modified":"2008-07-23T00:00:00","modified_gmt":"2008-07-22T22:00:00","slug":"230708-burundijustice-lonu-reclame-credibilite-et-transparence6436","status":"publish","type":"post","link":"https:\/\/www.justiceinfo.net\/fr\/9630-230708-burundijustice-lonu-reclame-credibilite-et-transparence6436.html","title":{"rendered":"23.07.08 - BURUNDI\/JUSTICE - L'ONU RECLAME CREDIBILITE ET TRANSPARENCE"},"content":{"rendered":"<p>\nBujumbura, 23 juillet 2008 (FH) - M. Ismail Diallo, qui repr&eacute;sentait au Burundi le Haut Commissaire des Nations Unies aux Droits de l'Homme, a dans une interview &agrave; l'agence Hirondelle mis en garde avant son d&eacute;part contre les consultations nationales d&eacute;guis&eacute;es.\n<\/p>\n<\/p>\n<p><!--more--><\/p>\n<p>\nQuestion : Vous laissez derri&egrave;re vous un grand chantier de la justice transitionnelle au Burundi, des consultations nationales vont bient&ocirc;t d&eacute;marrer, &ecirc;tes-vous optimiste ? <\/p>\n<p>ID : Elles vont d&eacute;marrer quand ? Je faisais partie du comit&eacute; de pilotage tripartite, mais ce n'est plus le cas, il est &agrave; reconstruire d'ailleurs. Les deux personnes d&eacute;sign&eacute;es par les Nations Unies sont en train de partir. Des nouveaux viendront, je souhaite que ce comit&eacute; soit reconstitu&eacute; le plus rapidement possible et que les consultations nationales se tiennent. Mais, il faudra que l'on s'assure que les consultations nationales qui ont &eacute;t&eacute; d&eacute;cid&eacute;es de commun accord par le Gouvernement et les Nations Unies se d&eacute;roulent dans la cr&eacute;dibilit&eacute; et dans la transparence. Il ne faudrait pas que ce soit un r&eacute;f&eacute;rendum d&eacute;guis&eacute; par lequel il sera demand&eacute; &agrave; la population ou &agrave; des repr&eacute;sentants de la population si celle-ci veut ou non la mise en &oelig;uvre des m&eacute;canismes de la justice transitionnelle, &agrave; savoir la CVR et le Tribunal Sp&eacute;cial, il ne s'agit pas de cela. Les m&eacute;canismes de la justice de transition ont &eacute;t&eacute; voulus par Arusha, par le Gouvernement et ont &eacute;t&eacute; d&eacute;cid&eacute;s par le Conseil de S&eacute;curit&eacute; des Nations Unies. Il s'agit donc d'expliquer &agrave; la population ce que serait la CVR et le Tribunal Sp&eacute;cial. Soyons m&eacute;thodique, respectons le peuple, respectons les individus, respectons l'histoire. Allons-y &agrave; la v&eacute;rit&eacute;, passons &agrave; la justice et aboutissons &agrave; la r&eacute;conciliation. <\/p>\n<p>Question : On dit en anglais &laquo; To delay the justice is to deny the justice &raquo; (retarder la justice, c'est nier la justice). Etes vous d'accord ? <\/p>\n<p>ID : C'est vrai, c'est nier la justice. D'autres vous diront que c'est faux en disant que, qui veut la paix pr&eacute;pare la guerre. Mais en ce qui me concerne, je partage l'avis que les personnes qui estiment que la v&eacute;rit&eacute; et la justice ne sont pas utiles, sont celles qui pensent qu'elles sont susceptibles de ne pas pouvoir supporter la v&eacute;rit&eacute; et de faire face &agrave; la justice. Ces personnes, il faut les comprendre qu'elles ne veuillent ni la v&eacute;rit&eacute; ni la justice. Si de telles personnes ont le pouvoir d'imposer leurs vues, l'histoire jugera, (...) l'impunit&eacute; ne peut perdurer nulle part et ne rend service &agrave; personne, m&ecirc;me pas &agrave; soi. Je trouve tellement vain et pr&eacute;tentieux de croire qu'on commande &agrave; tout, car le ma&icirc;tre de tout est le temps. On peut vouloir rallonger sa vie, mais on ne peut vivre &eacute;ternellement ; on peut &ecirc;tre puissant, il y a plus fort et plus puissant que soi. Alors, la sagesse voudrait que l'on accepte la v&eacute;rit&eacute; et la justice. Mais la v&eacute;rit&eacute; et la justice elle-m&ecirc;me n'ont de raisons d'&ecirc;tre que pour penser les plaies, que pour aller vers la r&eacute;conciliation. Ce n'est pas simplement pour punir mais pour r&eacute;parer. <\/p>\n<p>Question : Le Gouvernement et les Nations Unies vont ils s'entendre sur la relation entre la CVR et le Tribunal Sp&eacute;cial ? <\/p>\n<p>ID : Le Tribunal Sp&eacute;cial et le Procureur utiliseront le rapport de la CVR mais celui-ci ne sera pas leur unique instrument de travail. Le Procureur dispose de l'ind&eacute;pendance de rechercher les informations ou de faire les enqu&ecirc;tes ou bon lui semble, aupr&egrave;s de qui il voudra. Les discussions ont achopp&eacute; sur cette question ; la question est toujours en examen entre les Nations Unies et le Gouvernement. Mais c'est l&agrave; aussi o&ugrave; la soci&eacute;t&eacute; civile Burundaise, m&ecirc;me si elle est assez active, n'est pas n&eacute;cessairement pro-active. Il faut tenir le d&eacute;bat et dire au Gouvernement et aux Nations Unies, &eacute;coutez, cela, selon nous, doit &ecirc;tre ainsi. Le Procureur ne peut travailler uniquement sur base du rapport de la CVR, cela va de soi. Si c'est le cas, ce n'est pas la peine d'avoir un Tribunal Sp&eacute;cial.<\/p>\n<p>EM\/PB <\/p>\n<p>&copy; Agence Hirondelle<\/p>\n","protected":false},"excerpt":{"rendered":"<p>Bujumbura, 23 juillet 2008 (FH) - M. Ismail Diallo, qui repr&eacute;sentait au Burundi le Haut Commissaire des Nations Unies aux Droits de l'Homme, a dans une interview &agrave; l'agence Hirondelle mis en garde avant son d&eacute;part contre les consultations nationales d&eacute;guis&eacute;es.<\/p>\n","protected":false},"author":64,"featured_media":0,"comment_status":"open","ping_status":"closed","sticky":false,"template":"","format":"standard","meta":{"_acf_changed":false,"footnotes":""},"categories":[554],"tags":[],"ji_location":[],"class_list":["post-9630","post","type-post","status-publish","format-standard","hentry","category-hirondellenews"],"acf":[],"yoast_head":"<!-- This site is optimized with the Yoast SEO Premium plugin v25.3.1 (Yoast SEO v25.3.1) - https:\/\/yoast.com\/wordpress\/plugins\/seo\/ -->\n<title>23.07.08 - BURUNDI\/JUSTICE - L&#039;ONU RECLAME CREDIBILITE ET TRANSPARENCE - JusticeInfo.net<\/title>\n<meta name=\"robots\" content=\"index, follow, max-snippet:-1, max-image-preview:large, max-video-preview:-1\" \/>\n<link rel=\"canonical\" href=\"https:\/\/www.justiceinfo.net\/fr\/9630-230708-burundijustice-lonu-reclame-credibilite-et-transparence6436.html\" \/>\n<meta property=\"og:locale\" content=\"fr_FR\" \/>\n<meta property=\"og:type\" content=\"article\" \/>\n<meta property=\"og:title\" content=\"23.07.08 - BURUNDI\/JUSTICE - L&#039;ONU RECLAME CREDIBILITE ET TRANSPARENCE\" \/>\n<meta property=\"og:description\" content=\"Bujumbura, 23 juillet 2008 (FH) - M. Ismail Diallo, qui repr&eacute;sentait au Burundi le Haut Commissaire des Nations Unies aux Droits de l&#039;Homme, a dans une interview &agrave; l&#039;agence Hirondelle mis en garde avant son d&eacute;part contre les consultations nationales d&eacute;guis&eacute;es.\" \/>\n<meta property=\"og:url\" content=\"https:\/\/www.justiceinfo.net\/fr\/9630-230708-burundijustice-lonu-reclame-credibilite-et-transparence6436.html\" \/>\n<meta property=\"og:site_name\" content=\"JusticeInfo.net\" \/>\n<meta property=\"article:publisher\" content=\"https:\/\/www.facebook.com\/JusticeInfo\/\" \/>\n<meta property=\"article:published_time\" content=\"2008-07-22T22:00:00+00:00\" \/>\n<meta property=\"og:image\" content=\"https:\/\/www.justiceinfo.net\/wp-content\/uploads\/JusticeInfoNet_logo_1200x630px.jpg\" \/>\n\t<meta property=\"og:image:width\" content=\"1200\" \/>\n\t<meta property=\"og:image:height\" content=\"630\" \/>\n\t<meta property=\"og:image:type\" content=\"image\/jpeg\" \/>\n<meta name=\"author\" content=\"solivri\" \/>\n<meta name=\"twitter:card\" content=\"summary_large_image\" \/>\n<meta name=\"twitter:creator\" content=\"@justiceinfonet\" \/>\n<meta name=\"twitter:site\" content=\"@justiceinfonet\" \/>\n<meta name=\"twitter:label1\" content=\"\u00c9crit par\" \/>\n\t<meta name=\"twitter:data1\" content=\"solivri\" \/>\n\t<meta name=\"twitter:label2\" content=\"Dur\u00e9e de lecture estim\u00e9e\" \/>\n\t<meta name=\"twitter:data2\" content=\"4 minutes\" \/>\n<script type=\"application\/ld+json\" class=\"yoast-schema-graph\">{\"@context\":\"https:\/\/schema.org\",\"@graph\":[{\"@type\":\"NewsArticle\",\"@id\":\"https:\/\/www.justiceinfo.net\/fr\/9630-230708-burundijustice-lonu-reclame-credibilite-et-transparence6436.html#article\",\"isPartOf\":{\"@id\":\"https:\/\/www.justiceinfo.net\/fr\/9630-230708-burundijustice-lonu-reclame-credibilite-et-transparence6436.html\"},\"author\":{\"name\":\"solivri\",\"@id\":\"https:\/\/www.justiceinfo.net\/fr#\/schema\/person\/6e53cba1629e2e66f3fc1821d3091865\"},\"headline\":\"23.07.08 - BURUNDI\/JUSTICE - L'ONU RECLAME CREDIBILITE ET TRANSPARENCE\",\"datePublished\":\"2008-07-22T22:00:00+00:00\",\"mainEntityOfPage\":{\"@id\":\"https:\/\/www.justiceinfo.net\/fr\/9630-230708-burundijustice-lonu-reclame-credibilite-et-transparence6436.html\"},\"wordCount\":833,\"commentCount\":0,\"publisher\":{\"@id\":\"https:\/\/www.justiceinfo.net\/fr#organization\"},\"articleSection\":[\"Hirondelle News\"],\"inLanguage\":\"fr-FR\",\"potentialAction\":[{\"@type\":\"CommentAction\",\"name\":\"Comment\",\"target\":[\"https:\/\/www.justiceinfo.net\/fr\/9630-230708-burundijustice-lonu-reclame-credibilite-et-transparence6436.html#respond\"]}]},{\"@type\":\"WebPage\",\"@id\":\"https:\/\/www.justiceinfo.net\/fr\/9630-230708-burundijustice-lonu-reclame-credibilite-et-transparence6436.html\",\"url\":\"https:\/\/www.justiceinfo.net\/fr\/9630-230708-burundijustice-lonu-reclame-credibilite-et-transparence6436.html\",\"name\":\"23.07.08 - BURUNDI\/JUSTICE - L'ONU RECLAME CREDIBILITE ET TRANSPARENCE - JusticeInfo.net\",\"isPartOf\":{\"@id\":\"https:\/\/www.justiceinfo.net\/fr#website\"},\"datePublished\":\"2008-07-22T22:00:00+00:00\",\"breadcrumb\":{\"@id\":\"https:\/\/www.justiceinfo.net\/fr\/9630-230708-burundijustice-lonu-reclame-credibilite-et-transparence6436.html#breadcrumb\"},\"inLanguage\":\"fr-FR\",\"potentialAction\":[{\"@type\":\"ReadAction\",\"target\":[\"https:\/\/www.justiceinfo.net\/fr\/9630-230708-burundijustice-lonu-reclame-credibilite-et-transparence6436.html\"]}]},{\"@type\":\"BreadcrumbList\",\"@id\":\"https:\/\/www.justiceinfo.net\/fr\/9630-230708-burundijustice-lonu-reclame-credibilite-et-transparence6436.html#breadcrumb\",\"itemListElement\":[{\"@type\":\"ListItem\",\"position\":1,\"name\":\"Home\",\"item\":\"https:\/\/www.justiceinfo.net\/fr\"},{\"@type\":\"ListItem\",\"position\":2,\"name\":\"23.07.08 - BURUNDI\/JUSTICE - L'ONU RECLAME CREDIBILITE ET TRANSPARENCE\"}]},{\"@type\":\"WebSite\",\"@id\":\"https:\/\/www.justiceinfo.net\/fr#website\",\"url\":\"https:\/\/www.justiceinfo.net\/fr\",\"name\":\"JusticeInfo.net\",\"description\":\"La justice doit \u00eatre vue pour \u00eatre rendue\",\"publisher\":{\"@id\":\"https:\/\/www.justiceinfo.net\/fr#organization\"},\"potentialAction\":[{\"@type\":\"SearchAction\",\"target\":{\"@type\":\"EntryPoint\",\"urlTemplate\":\"https:\/\/www.justiceinfo.net\/fr?s={search_term_string}\"},\"query-input\":{\"@type\":\"PropertyValueSpecification\",\"valueRequired\":true,\"valueName\":\"search_term_string\"}}],\"inLanguage\":\"fr-FR\"},{\"@type\":\"Organization\",\"@id\":\"https:\/\/www.justiceinfo.net\/fr#organization\",\"name\":\"Justice Info\",\"url\":\"https:\/\/www.justiceinfo.net\/fr\",\"logo\":{\"@type\":\"ImageObject\",\"inLanguage\":\"fr-FR\",\"@id\":\"https:\/\/www.justiceinfo.net\/fr#\/schema\/logo\/image\/\",\"url\":\"https:\/\/www.justiceinfo.net\/wp-content\/uploads\/justiceinfo_logo-trans_1200x1200px.png\",\"contentUrl\":\"https:\/\/www.justiceinfo.net\/wp-content\/uploads\/justiceinfo_logo-trans_1200x1200px.png\",\"width\":1199,\"height\":1200,\"caption\":\"Justice Info\"},\"image\":{\"@id\":\"https:\/\/www.justiceinfo.net\/fr#\/schema\/logo\/image\/\"},\"sameAs\":[\"https:\/\/www.facebook.com\/JusticeInfo\/\",\"https:\/\/x.com\/justiceinfonet\",\"https:\/\/www.linkedin.com\/company\/justice-info\",\"https:\/\/www.youtube.com\/channel\/UCyCEsARodyuWtkWyhn-e7pA\"]},{\"@type\":\"Person\",\"name\":\"solivri\",\"url\":\"\/fr\/?s=solivri\"}]}<\/script>\n<!-- \/ Yoast SEO Premium plugin. -->","yoast_head_json":{"title":"23.07.08 - BURUNDI\/JUSTICE - L'ONU RECLAME CREDIBILITE ET TRANSPARENCE - JusticeInfo.net","robots":{"index":"index","follow":"follow","max-snippet":"max-snippet:-1","max-image-preview":"max-image-preview:large","max-video-preview":"max-video-preview:-1"},"canonical":"https:\/\/www.justiceinfo.net\/fr\/9630-230708-burundijustice-lonu-reclame-credibilite-et-transparence6436.html","og_locale":"fr_FR","og_type":"article","og_title":"23.07.08 - BURUNDI\/JUSTICE - L'ONU RECLAME CREDIBILITE ET TRANSPARENCE","og_description":"Bujumbura, 23 juillet 2008 (FH) - M. Ismail Diallo, qui repr&eacute;sentait au Burundi le Haut Commissaire des Nations Unies aux Droits de l'Homme, a dans une interview &agrave; l'agence Hirondelle mis en garde avant son d&eacute;part contre les consultations nationales d&eacute;guis&eacute;es.","og_url":"https:\/\/www.justiceinfo.net\/fr\/9630-230708-burundijustice-lonu-reclame-credibilite-et-transparence6436.html","og_site_name":"JusticeInfo.net","article_publisher":"https:\/\/www.facebook.com\/JusticeInfo\/","article_published_time":"2008-07-22T22:00:00+00:00","og_image":[{"width":1200,"height":630,"url":"https:\/\/www.justiceinfo.net\/wp-content\/uploads\/JusticeInfoNet_logo_1200x630px.jpg","type":"image\/jpeg"}],"author":"solivri","twitter_card":"summary_large_image","twitter_creator":"@justiceinfonet","twitter_site":"@justiceinfonet","twitter_misc":{"\u00c9crit par":"solivri","Dur\u00e9e de lecture estim\u00e9e":"4 minutes"},"schema":{"@context":"https:\/\/schema.org","@graph":[{"@type":"NewsArticle","@id":"https:\/\/www.justiceinfo.net\/fr\/9630-230708-burundijustice-lonu-reclame-credibilite-et-transparence6436.html#article","isPartOf":{"@id":"https:\/\/www.justiceinfo.net\/fr\/9630-230708-burundijustice-lonu-reclame-credibilite-et-transparence6436.html"},"author":{"name":"solivri","@id":"https:\/\/www.justiceinfo.net\/fr#\/schema\/person\/6e53cba1629e2e66f3fc1821d3091865"},"headline":"23.07.08 - BURUNDI\/JUSTICE - L'ONU RECLAME CREDIBILITE ET TRANSPARENCE","datePublished":"2008-07-22T22:00:00+00:00","mainEntityOfPage":{"@id":"https:\/\/www.justiceinfo.net\/fr\/9630-230708-burundijustice-lonu-reclame-credibilite-et-transparence6436.html"},"wordCount":833,"commentCount":0,"publisher":{"@id":"https:\/\/www.justiceinfo.net\/fr#organization"},"articleSection":["Hirondelle News"],"inLanguage":"fr-FR","potentialAction":[{"@type":"CommentAction","name":"Comment","target":["https:\/\/www.justiceinfo.net\/fr\/9630-230708-burundijustice-lonu-reclame-credibilite-et-transparence6436.html#respond"]}]},{"@type":"WebPage","@id":"https:\/\/www.justiceinfo.net\/fr\/9630-230708-burundijustice-lonu-reclame-credibilite-et-transparence6436.html","url":"https:\/\/www.justiceinfo.net\/fr\/9630-230708-burundijustice-lonu-reclame-credibilite-et-transparence6436.html","name":"23.07.08 - BURUNDI\/JUSTICE - L'ONU RECLAME CREDIBILITE ET TRANSPARENCE - JusticeInfo.net","isPartOf":{"@id":"https:\/\/www.justiceinfo.net\/fr#website"},"datePublished":"2008-07-22T22:00:00+00:00","breadcrumb":{"@id":"https:\/\/www.justiceinfo.net\/fr\/9630-230708-burundijustice-lonu-reclame-credibilite-et-transparence6436.html#breadcrumb"},"inLanguage":"fr-FR","potentialAction":[{"@type":"ReadAction","target":["https:\/\/www.justiceinfo.net\/fr\/9630-230708-burundijustice-lonu-reclame-credibilite-et-transparence6436.html"]}]},{"@type":"BreadcrumbList","@id":"https:\/\/www.justiceinfo.net\/fr\/9630-230708-burundijustice-lonu-reclame-credibilite-et-transparence6436.html#breadcrumb","itemListElement":[{"@type":"ListItem","position":1,"name":"Home","item":"https:\/\/www.justiceinfo.net\/fr"},{"@type":"ListItem","position":2,"name":"23.07.08 - BURUNDI\/JUSTICE - L'ONU RECLAME CREDIBILITE ET TRANSPARENCE"}]},{"@type":"WebSite","@id":"https:\/\/www.justiceinfo.net\/fr#website","url":"https:\/\/www.justiceinfo.net\/fr","name":"JusticeInfo.net","description":"La justice doit \u00eatre vue pour \u00eatre rendue","publisher":{"@id":"https:\/\/www.justiceinfo.net\/fr#organization"},"potentialAction":[{"@type":"SearchAction","target":{"@type":"EntryPoint","urlTemplate":"https:\/\/www.justiceinfo.net\/fr?s={search_term_string}"},"query-input":{"@type":"PropertyValueSpecification","valueRequired":true,"valueName":"search_term_string"}}],"inLanguage":"fr-FR"},{"@type":"Organization","@id":"https:\/\/www.justiceinfo.net\/fr#organization","name":"Justice Info","url":"https:\/\/www.justiceinfo.net\/fr","logo":{"@type":"ImageObject","inLanguage":"fr-FR","@id":"https:\/\/www.justiceinfo.net\/fr#\/schema\/logo\/image\/","url":"https:\/\/www.justiceinfo.net\/wp-content\/uploads\/justiceinfo_logo-trans_1200x1200px.png","contentUrl":"https:\/\/www.justiceinfo.net\/wp-content\/uploads\/justiceinfo_logo-trans_1200x1200px.png","width":1199,"height":1200,"caption":"Justice Info"},"image":{"@id":"https:\/\/www.justiceinfo.net\/fr#\/schema\/logo\/image\/"},"sameAs":["https:\/\/www.facebook.com\/JusticeInfo\/","https:\/\/x.com\/justiceinfonet","https:\/\/www.linkedin.com\/company\/justice-info","https:\/\/www.youtube.com\/channel\/UCyCEsARodyuWtkWyhn-e7pA"]},{"@type":"Person","name":"solivri","url":"\/fr\/?s=solivri"}]}},"_links":{"self":[{"href":"https:\/\/www.justiceinfo.net\/fr\/wp-json\/wp\/v2\/posts\/9630","targetHints":{"allow":["GET"]}}],"collection":[{"href":"https:\/\/www.justiceinfo.net\/fr\/wp-json\/wp\/v2\/posts"}],"about":[{"href":"https:\/\/www.justiceinfo.net\/fr\/wp-json\/wp\/v2\/types\/post"}],"author":[{"embeddable":true,"href":"https:\/\/www.justiceinfo.net\/fr\/wp-json\/wp\/v2\/users\/64"}],"replies":[{"embeddable":true,"href":"https:\/\/www.justiceinfo.net\/fr\/wp-json\/wp\/v2\/comments?post=9630"}],"version-history":[{"count":0,"href":"https:\/\/www.justiceinfo.net\/fr\/wp-json\/wp\/v2\/posts\/9630\/revisions"}],"wp:attachment":[{"href":"https:\/\/www.justiceinfo.net\/fr\/wp-json\/wp\/v2\/media?parent=9630"}],"wp:term":[{"taxonomy":"category","embeddable":true,"href":"https:\/\/www.justiceinfo.net\/fr\/wp-json\/wp\/v2\/categories?post=9630"},{"taxonomy":"post_tag","embeddable":true,"href":"https:\/\/www.justiceinfo.net\/fr\/wp-json\/wp\/v2\/tags?post=9630"},{"taxonomy":"ji_location","embeddable":true,"href":"https:\/\/www.justiceinfo.net\/fr\/wp-json\/wp\/v2\/ji_location?post=9630"}],"curies":[{"name":"wp","href":"https:\/\/api.w.org\/{rel}","templated":true}]}}