{"id":9640,"date":"2008-07-21T00:00:00","date_gmt":"2008-07-20T22:00:00","guid":{"rendered":"https:\/\/www.justiceinfo.net\/9640-210708-afriquejustice-lunion-africaine-fusionne-ses-deux-cours-de-justice6446.html"},"modified":"2008-07-21T00:00:00","modified_gmt":"2008-07-20T22:00:00","slug":"210708-afriquejustice-lunion-africaine-fusionne-ses-deux-cours-de-justice6446","status":"publish","type":"post","link":"https:\/\/www.justiceinfo.net\/fr\/9640-210708-afriquejustice-lunion-africaine-fusionne-ses-deux-cours-de-justice6446.html","title":{"rendered":"21.07.08 - AFRIQUE\/JUSTICE - L'UNION AFRICAINE FUSIONNE SES DEUX COURS DE JUSTICE"},"content":{"rendered":"<p>\nArusha, 21 juillet 2008 (FH) - Le sommet des chefs d'Etat et de gouvernements qui s'est tenu en Egypte &agrave; la fin du mois de Juin a accept&eacute; le projet de fusionner la Cour africaine des droits de l'homme avec la Cour africaine de justice, a annonc&eacute; lundi &agrave; Arusha le pr&eacute;sident de la Cour africaine des droits de l'homme, M. G&eacute;rard Niyungeko.<\/p>\n<p><!--more--><\/p>\n<p>\nCe projet va permettre &agrave; la Chambre de travailler comme un &laquo; organe judiciaire continental &raquo;, a expliqu&eacute; M. Niyungeko. Les 11 juges de la Cour africaine de justice se sont r&eacute;unis en juin afin de d&eacute;finir le r&egrave;glement de proc&eacute;dure et de preuves qui sera en vigueur devant ce tribunal. <\/p>\n<p>A ce jour seuls 24 des 53 &eacute;tats de l'Union africaine ont ratifi&eacute; le protocole &eacute;tablissant la Cour africaine de justice. <\/p>\n<p>La cour africaine des droits de l'homme avait en revanche &eacute;t&eacute; cr&eacute;&eacute;e en juin 1998 au Burkina Faso et est entr&eacute;e en vigueur en janvier 2004. Auparavant, elle avait si&eacute;g&eacute; &agrave; Addis Abeba avant de venir s'installer &agrave; Arusha en Aout 2007. <\/p>\n<p>SC\/PB\/GF <\/p>\n<p>&copy; Agence Hirondelle<\/p>\n","protected":false},"excerpt":{"rendered":"<p>Arusha, 21 juillet 2008 (FH) - Le sommet des chefs d'Etat et de gouvernements qui s'est tenu en Egypte &agrave; la fin du mois de Juin a accept&eacute; le projet de fusionner la Cour africaine des droits de l'homme avec la Cour africaine de justice, a annonc&eacute; lundi &agrave; Arusha le pr&eacute;sident de la Cour [&hellip;]<\/p>\n","protected":false},"author":64,"featured_media":0,"comment_status":"open","ping_status":"closed","sticky":false,"template":"","format":"standard","meta":{"_acf_changed":false,"footnotes":""},"categories":[554],"tags":[],"ji_location":[],"class_list":["post-9640","post","type-post","status-publish","format-standard","hentry","category-hirondellenews"],"acf":[],"yoast_head":"<!-- This site is optimized with the Yoast SEO Premium plugin v25.3.1 (Yoast SEO v25.3.1) - https:\/\/yoast.com\/wordpress\/plugins\/seo\/ -->\n<title>21.07.08 - AFRIQUE\/JUSTICE - L&#039;UNION AFRICAINE FUSIONNE SES DEUX COURS DE JUSTICE - JusticeInfo.net<\/title>\n<meta name=\"robots\" content=\"index, follow, max-snippet:-1, max-image-preview:large, max-video-preview:-1\" \/>\n<link rel=\"canonical\" href=\"https:\/\/www.justiceinfo.net\/fr\/9640-210708-afriquejustice-lunion-africaine-fusionne-ses-deux-cours-de-justice6446.html\" \/>\n<meta property=\"og:locale\" content=\"fr_FR\" \/>\n<meta property=\"og:type\" content=\"article\" \/>\n<meta property=\"og:title\" content=\"21.07.08 - AFRIQUE\/JUSTICE - L&#039;UNION AFRICAINE FUSIONNE SES DEUX COURS DE JUSTICE\" \/>\n<meta property=\"og:description\" content=\"Arusha, 21 juillet 2008 (FH) - Le sommet des chefs d&#039;Etat et de gouvernements qui s&#039;est tenu en Egypte &agrave; la fin du mois de Juin a accept&eacute; le projet de fusionner la Cour africaine des droits de l&#039;homme avec la Cour africaine de justice, a annonc&eacute; lundi &agrave; Arusha le pr&eacute;sident de la Cour [&hellip;]\" \/>\n<meta property=\"og:url\" content=\"https:\/\/www.justiceinfo.net\/fr\/9640-210708-afriquejustice-lunion-africaine-fusionne-ses-deux-cours-de-justice6446.html\" \/>\n<meta property=\"og:site_name\" content=\"JusticeInfo.net\" \/>\n<meta property=\"article:publisher\" content=\"https:\/\/www.facebook.com\/JusticeInfo\/\" \/>\n<meta property=\"article:published_time\" content=\"2008-07-20T22:00:00+00:00\" \/>\n<meta property=\"og:image\" content=\"https:\/\/www.justiceinfo.net\/wp-content\/uploads\/JusticeInfoNet_logo_1200x630px.jpg\" \/>\n\t<meta property=\"og:image:width\" content=\"1200\" \/>\n\t<meta property=\"og:image:height\" content=\"630\" \/>\n\t<meta property=\"og:image:type\" content=\"image\/jpeg\" \/>\n<meta name=\"author\" content=\"solivri\" \/>\n<meta name=\"twitter:card\" content=\"summary_large_image\" \/>\n<meta name=\"twitter:creator\" content=\"@justiceinfonet\" \/>\n<meta name=\"twitter:site\" content=\"@justiceinfonet\" \/>\n<meta name=\"twitter:label1\" content=\"\u00c9crit par\" \/>\n\t<meta name=\"twitter:data1\" content=\"solivri\" \/>\n\t<meta name=\"twitter:label2\" content=\"Dur\u00e9e de lecture estim\u00e9e\" \/>\n\t<meta name=\"twitter:data2\" content=\"1 minute\" \/>\n<script type=\"application\/ld+json\" class=\"yoast-schema-graph\">{\"@context\":\"https:\/\/schema.org\",\"@graph\":[{\"@type\":\"NewsArticle\",\"@id\":\"https:\/\/www.justiceinfo.net\/fr\/9640-210708-afriquejustice-lunion-africaine-fusionne-ses-deux-cours-de-justice6446.html#article\",\"isPartOf\":{\"@id\":\"https:\/\/www.justiceinfo.net\/fr\/9640-210708-afriquejustice-lunion-africaine-fusionne-ses-deux-cours-de-justice6446.html\"},\"author\":{\"name\":\"solivri\",\"@id\":\"https:\/\/www.justiceinfo.net\/fr#\/schema\/person\/6e53cba1629e2e66f3fc1821d3091865\"},\"headline\":\"21.07.08 - AFRIQUE\/JUSTICE - L'UNION AFRICAINE FUSIONNE SES DEUX COURS DE JUSTICE\",\"datePublished\":\"2008-07-20T22:00:00+00:00\",\"mainEntityOfPage\":{\"@id\":\"https:\/\/www.justiceinfo.net\/fr\/9640-210708-afriquejustice-lunion-africaine-fusionne-ses-deux-cours-de-justice6446.html\"},\"wordCount\":223,\"commentCount\":0,\"publisher\":{\"@id\":\"https:\/\/www.justiceinfo.net\/fr#organization\"},\"articleSection\":[\"Hirondelle News\"],\"inLanguage\":\"fr-FR\",\"potentialAction\":[{\"@type\":\"CommentAction\",\"name\":\"Comment\",\"target\":[\"https:\/\/www.justiceinfo.net\/fr\/9640-210708-afriquejustice-lunion-africaine-fusionne-ses-deux-cours-de-justice6446.html#respond\"]}]},{\"@type\":\"WebPage\",\"@id\":\"https:\/\/www.justiceinfo.net\/fr\/9640-210708-afriquejustice-lunion-africaine-fusionne-ses-deux-cours-de-justice6446.html\",\"url\":\"https:\/\/www.justiceinfo.net\/fr\/9640-210708-afriquejustice-lunion-africaine-fusionne-ses-deux-cours-de-justice6446.html\",\"name\":\"21.07.08 - AFRIQUE\/JUSTICE - L'UNION AFRICAINE FUSIONNE SES DEUX COURS DE JUSTICE - JusticeInfo.net\",\"isPartOf\":{\"@id\":\"https:\/\/www.justiceinfo.net\/fr#website\"},\"datePublished\":\"2008-07-20T22:00:00+00:00\",\"breadcrumb\":{\"@id\":\"https:\/\/www.justiceinfo.net\/fr\/9640-210708-afriquejustice-lunion-africaine-fusionne-ses-deux-cours-de-justice6446.html#breadcrumb\"},\"inLanguage\":\"fr-FR\",\"potentialAction\":[{\"@type\":\"ReadAction\",\"target\":[\"https:\/\/www.justiceinfo.net\/fr\/9640-210708-afriquejustice-lunion-africaine-fusionne-ses-deux-cours-de-justice6446.html\"]}]},{\"@type\":\"BreadcrumbList\",\"@id\":\"https:\/\/www.justiceinfo.net\/fr\/9640-210708-afriquejustice-lunion-africaine-fusionne-ses-deux-cours-de-justice6446.html#breadcrumb\",\"itemListElement\":[{\"@type\":\"ListItem\",\"position\":1,\"name\":\"Home\",\"item\":\"https:\/\/www.justiceinfo.net\/fr\"},{\"@type\":\"ListItem\",\"position\":2,\"name\":\"21.07.08 - AFRIQUE\/JUSTICE - L'UNION AFRICAINE FUSIONNE SES DEUX COURS DE JUSTICE\"}]},{\"@type\":\"WebSite\",\"@id\":\"https:\/\/www.justiceinfo.net\/fr#website\",\"url\":\"https:\/\/www.justiceinfo.net\/fr\",\"name\":\"JusticeInfo.net\",\"description\":\"La justice doit \u00eatre vue pour \u00eatre rendue\",\"publisher\":{\"@id\":\"https:\/\/www.justiceinfo.net\/fr#organization\"},\"potentialAction\":[{\"@type\":\"SearchAction\",\"target\":{\"@type\":\"EntryPoint\",\"urlTemplate\":\"https:\/\/www.justiceinfo.net\/fr?s={search_term_string}\"},\"query-input\":{\"@type\":\"PropertyValueSpecification\",\"valueRequired\":true,\"valueName\":\"search_term_string\"}}],\"inLanguage\":\"fr-FR\"},{\"@type\":\"Organization\",\"@id\":\"https:\/\/www.justiceinfo.net\/fr#organization\",\"name\":\"Justice Info\",\"url\":\"https:\/\/www.justiceinfo.net\/fr\",\"logo\":{\"@type\":\"ImageObject\",\"inLanguage\":\"fr-FR\",\"@id\":\"https:\/\/www.justiceinfo.net\/fr#\/schema\/logo\/image\/\",\"url\":\"https:\/\/www.justiceinfo.net\/wp-content\/uploads\/justiceinfo_logo-trans_1200x1200px.png\",\"contentUrl\":\"https:\/\/www.justiceinfo.net\/wp-content\/uploads\/justiceinfo_logo-trans_1200x1200px.png\",\"width\":1199,\"height\":1200,\"caption\":\"Justice Info\"},\"image\":{\"@id\":\"https:\/\/www.justiceinfo.net\/fr#\/schema\/logo\/image\/\"},\"sameAs\":[\"https:\/\/www.facebook.com\/JusticeInfo\/\",\"https:\/\/x.com\/justiceinfonet\",\"https:\/\/www.linkedin.com\/company\/justice-info\",\"https:\/\/www.youtube.com\/channel\/UCyCEsARodyuWtkWyhn-e7pA\"]},{\"@type\":\"Person\",\"name\":\"solivri\",\"url\":\"\/fr\/?s=solivri\"}]}<\/script>\n<!-- \/ Yoast SEO Premium plugin. -->","yoast_head_json":{"title":"21.07.08 - AFRIQUE\/JUSTICE - L'UNION AFRICAINE FUSIONNE SES DEUX COURS DE JUSTICE - JusticeInfo.net","robots":{"index":"index","follow":"follow","max-snippet":"max-snippet:-1","max-image-preview":"max-image-preview:large","max-video-preview":"max-video-preview:-1"},"canonical":"https:\/\/www.justiceinfo.net\/fr\/9640-210708-afriquejustice-lunion-africaine-fusionne-ses-deux-cours-de-justice6446.html","og_locale":"fr_FR","og_type":"article","og_title":"21.07.08 - AFRIQUE\/JUSTICE - L'UNION AFRICAINE FUSIONNE SES DEUX COURS DE JUSTICE","og_description":"Arusha, 21 juillet 2008 (FH) - Le sommet des chefs d'Etat et de gouvernements qui s'est tenu en Egypte &agrave; la fin du mois de Juin a accept&eacute; le projet de fusionner la Cour africaine des droits de l'homme avec la Cour africaine de justice, a annonc&eacute; lundi &agrave; Arusha le pr&eacute;sident de la Cour [&hellip;]","og_url":"https:\/\/www.justiceinfo.net\/fr\/9640-210708-afriquejustice-lunion-africaine-fusionne-ses-deux-cours-de-justice6446.html","og_site_name":"JusticeInfo.net","article_publisher":"https:\/\/www.facebook.com\/JusticeInfo\/","article_published_time":"2008-07-20T22:00:00+00:00","og_image":[{"width":1200,"height":630,"url":"https:\/\/www.justiceinfo.net\/wp-content\/uploads\/JusticeInfoNet_logo_1200x630px.jpg","type":"image\/jpeg"}],"author":"solivri","twitter_card":"summary_large_image","twitter_creator":"@justiceinfonet","twitter_site":"@justiceinfonet","twitter_misc":{"\u00c9crit par":"solivri","Dur\u00e9e de lecture estim\u00e9e":"1 minute"},"schema":{"@context":"https:\/\/schema.org","@graph":[{"@type":"NewsArticle","@id":"https:\/\/www.justiceinfo.net\/fr\/9640-210708-afriquejustice-lunion-africaine-fusionne-ses-deux-cours-de-justice6446.html#article","isPartOf":{"@id":"https:\/\/www.justiceinfo.net\/fr\/9640-210708-afriquejustice-lunion-africaine-fusionne-ses-deux-cours-de-justice6446.html"},"author":{"name":"solivri","@id":"https:\/\/www.justiceinfo.net\/fr#\/schema\/person\/6e53cba1629e2e66f3fc1821d3091865"},"headline":"21.07.08 - AFRIQUE\/JUSTICE - L'UNION AFRICAINE FUSIONNE SES DEUX COURS DE JUSTICE","datePublished":"2008-07-20T22:00:00+00:00","mainEntityOfPage":{"@id":"https:\/\/www.justiceinfo.net\/fr\/9640-210708-afriquejustice-lunion-africaine-fusionne-ses-deux-cours-de-justice6446.html"},"wordCount":223,"commentCount":0,"publisher":{"@id":"https:\/\/www.justiceinfo.net\/fr#organization"},"articleSection":["Hirondelle News"],"inLanguage":"fr-FR","potentialAction":[{"@type":"CommentAction","name":"Comment","target":["https:\/\/www.justiceinfo.net\/fr\/9640-210708-afriquejustice-lunion-africaine-fusionne-ses-deux-cours-de-justice6446.html#respond"]}]},{"@type":"WebPage","@id":"https:\/\/www.justiceinfo.net\/fr\/9640-210708-afriquejustice-lunion-africaine-fusionne-ses-deux-cours-de-justice6446.html","url":"https:\/\/www.justiceinfo.net\/fr\/9640-210708-afriquejustice-lunion-africaine-fusionne-ses-deux-cours-de-justice6446.html","name":"21.07.08 - AFRIQUE\/JUSTICE - L'UNION AFRICAINE FUSIONNE SES DEUX COURS DE JUSTICE - JusticeInfo.net","isPartOf":{"@id":"https:\/\/www.justiceinfo.net\/fr#website"},"datePublished":"2008-07-20T22:00:00+00:00","breadcrumb":{"@id":"https:\/\/www.justiceinfo.net\/fr\/9640-210708-afriquejustice-lunion-africaine-fusionne-ses-deux-cours-de-justice6446.html#breadcrumb"},"inLanguage":"fr-FR","potentialAction":[{"@type":"ReadAction","target":["https:\/\/www.justiceinfo.net\/fr\/9640-210708-afriquejustice-lunion-africaine-fusionne-ses-deux-cours-de-justice6446.html"]}]},{"@type":"BreadcrumbList","@id":"https:\/\/www.justiceinfo.net\/fr\/9640-210708-afriquejustice-lunion-africaine-fusionne-ses-deux-cours-de-justice6446.html#breadcrumb","itemListElement":[{"@type":"ListItem","position":1,"name":"Home","item":"https:\/\/www.justiceinfo.net\/fr"},{"@type":"ListItem","position":2,"name":"21.07.08 - AFRIQUE\/JUSTICE - L'UNION AFRICAINE FUSIONNE SES DEUX COURS DE JUSTICE"}]},{"@type":"WebSite","@id":"https:\/\/www.justiceinfo.net\/fr#website","url":"https:\/\/www.justiceinfo.net\/fr","name":"JusticeInfo.net","description":"La justice doit \u00eatre vue pour \u00eatre rendue","publisher":{"@id":"https:\/\/www.justiceinfo.net\/fr#organization"},"potentialAction":[{"@type":"SearchAction","target":{"@type":"EntryPoint","urlTemplate":"https:\/\/www.justiceinfo.net\/fr?s={search_term_string}"},"query-input":{"@type":"PropertyValueSpecification","valueRequired":true,"valueName":"search_term_string"}}],"inLanguage":"fr-FR"},{"@type":"Organization","@id":"https:\/\/www.justiceinfo.net\/fr#organization","name":"Justice Info","url":"https:\/\/www.justiceinfo.net\/fr","logo":{"@type":"ImageObject","inLanguage":"fr-FR","@id":"https:\/\/www.justiceinfo.net\/fr#\/schema\/logo\/image\/","url":"https:\/\/www.justiceinfo.net\/wp-content\/uploads\/justiceinfo_logo-trans_1200x1200px.png","contentUrl":"https:\/\/www.justiceinfo.net\/wp-content\/uploads\/justiceinfo_logo-trans_1200x1200px.png","width":1199,"height":1200,"caption":"Justice Info"},"image":{"@id":"https:\/\/www.justiceinfo.net\/fr#\/schema\/logo\/image\/"},"sameAs":["https:\/\/www.facebook.com\/JusticeInfo\/","https:\/\/x.com\/justiceinfonet","https:\/\/www.linkedin.com\/company\/justice-info","https:\/\/www.youtube.com\/channel\/UCyCEsARodyuWtkWyhn-e7pA"]},{"@type":"Person","name":"solivri","url":"\/fr\/?s=solivri"}]}},"_links":{"self":[{"href":"https:\/\/www.justiceinfo.net\/fr\/wp-json\/wp\/v2\/posts\/9640","targetHints":{"allow":["GET"]}}],"collection":[{"href":"https:\/\/www.justiceinfo.net\/fr\/wp-json\/wp\/v2\/posts"}],"about":[{"href":"https:\/\/www.justiceinfo.net\/fr\/wp-json\/wp\/v2\/types\/post"}],"author":[{"embeddable":true,"href":"https:\/\/www.justiceinfo.net\/fr\/wp-json\/wp\/v2\/users\/64"}],"replies":[{"embeddable":true,"href":"https:\/\/www.justiceinfo.net\/fr\/wp-json\/wp\/v2\/comments?post=9640"}],"version-history":[{"count":0,"href":"https:\/\/www.justiceinfo.net\/fr\/wp-json\/wp\/v2\/posts\/9640\/revisions"}],"wp:attachment":[{"href":"https:\/\/www.justiceinfo.net\/fr\/wp-json\/wp\/v2\/media?parent=9640"}],"wp:term":[{"taxonomy":"category","embeddable":true,"href":"https:\/\/www.justiceinfo.net\/fr\/wp-json\/wp\/v2\/categories?post=9640"},{"taxonomy":"post_tag","embeddable":true,"href":"https:\/\/www.justiceinfo.net\/fr\/wp-json\/wp\/v2\/tags?post=9640"},{"taxonomy":"ji_location","embeddable":true,"href":"https:\/\/www.justiceinfo.net\/fr\/wp-json\/wp\/v2\/ji_location?post=9640"}],"curies":[{"name":"wp","href":"https:\/\/api.w.org\/{rel}","templated":true}]}}