{"id":9646,"date":"2008-08-21T00:00:00","date_gmt":"2008-08-20T22:00:00","guid":{"rendered":"https:\/\/www.justiceinfo.net\/9646-210808-rwandaeglise-le-proces-des-officiers-du-fpr-suspendu-apres-deux-jours6452.html"},"modified":"2008-08-21T00:00:00","modified_gmt":"2008-08-20T22:00:00","slug":"210808-rwandaeglise-le-proces-des-officiers-du-fpr-suspendu-apres-deux-jours6452","status":"publish","type":"post","link":"https:\/\/www.justiceinfo.net\/fr\/9646-210808-rwandaeglise-le-proces-des-officiers-du-fpr-suspendu-apres-deux-jours6452.html","title":{"rendered":"21.08.08 - RWANDA\/EGLISE - LE PROCES DES OFFICIERS DU FPR SUSPENDU APRES DEUX JOURS"},"content":{"rendered":"<p>\nArusha, 21 ao&ucirc;t 2008 (AFP) - Le proc&egrave;s de quatre officiers rwandais, poursuivis pour le meurtre de 13 hommes d'&eacute;glise en 1994, dans le centre du Rwanda, ouvert mardi, a &eacute;t&eacute; report&eacute; au 2 septembre prochain devant un tribunal militaire de Kigali, a-t-on appris mercredi soir aupr&egrave;s des parties. <\/p>\n<p><!--more--><\/p>\n<p>\nLes quatre hommes accus&eacute;s dans cette affaire sont le g&eacute;n&eacute;ral Wilson Gumisiriza, le major Wilson Ukwishaka ainsi que les capitaines John Butera et Dieudonn&eacute; Rukeba, anciens membres de l'arm&eacute;e patriotique rwandaise (APR), la branche arm&eacute;e du Front patriotique rwandais (FPR), l'ex-mouvement rebelle au pouvoir &agrave; Kigali. <\/p>\n<p>&laquo; Le proc&egrave;s a &eacute;t&eacute; ajourn&eacute;. Il reprendra le 2 septembre avec probablement le d&eacute;but de l'audition des t&eacute;moins &agrave; charge &raquo;, a indiqu&eacute; &agrave; l'agence Hirondelle, Me Cl&eacute;ment Ntihemuka, le conseil du capitaine &agrave; la retraite, Rukeba. <\/p>\n<p>Dans la journ&eacute;e de mercredi, au deuxi&egrave;me jour du proc&egrave;s, le g&eacute;n&eacute;ral Gumisiriza et le major Ukwishaka ont rejet&eacute; les charges port&eacute;es contre eux, alors que la veille, les deux capitaines avaient renouvel&eacute; leur plaidoyer de culpabilit&eacute; du 17 juin dernier, date de leur premi&egrave;re comparution devant un juge. <\/p>\n<p>Le g&eacute;n&eacute;ral et le major ont fait valoir qu'ils ne savaient pas que leurs subalternes allaient fusiller ces hommes d'&eacute;glise. <\/p>\n<p>Gumisiriza a ajout&eacute; qu'apr&egrave;s avoir appris le meurtre commis le 5 juin 1994, il avait entam&eacute; une enqu&ecirc;te dont le parquet militaire s'est servi, plus tard, pour poursuivre et terminer son dossier. <\/p>\n<p>Les deux capitaines sont accus&eacute;s de &laquo; meurtre &raquo; constitutif de crime de guerre, tandis que les hauts grad&eacute;s sont poursuivis, en tant que sup&eacute;rieurs hi&eacute;rarchiques, pour &laquo; complicit&eacute; de meurtre &raquo;.<\/p>\n<p>Tous les quatre accus&eacute;s &eacute;taient alors membres de la branche arm&eacute;e du Front patriotique rwandais (FPR, ex-r&eacute;bellion actuellement au pouvoir &agrave; Kigali) qui a mis fin au g&eacute;nocide d'avril &agrave; juillet 1994. <\/p>\n<p>Parmi les eccl&eacute;siastiques tu&eacute;s, presque tous des Hutus, figuraient l'archev&ecirc;que de Kigali, Vincent Nsengiyumva, l'&eacute;v&ecirc;que de Byumba (nord) Joseph Ruzindana, et l'&eacute;v&ecirc;que de Kabgayi, Thadd&eacute;e Nsengiyumva, alors pr&eacute;sident de la Conf&eacute;rence des &eacute;v&ecirc;ques catholiques du Rwanda. <\/p>\n<p>Les 4 officiers ont &eacute;t&eacute; arr&ecirc;t&eacute;s le 11 juin dernier, &agrave; la suite, selon l'arm&eacute;e rwandaise, d'enqu&ecirc;tes conjointes du parquet g&eacute;n&eacute;ral rwandais et du procureur au Tribunal p&eacute;nal international pour le Rwanda (TPIR). <\/p>\n<p>ER\/PB\/GF <\/p>\n<p>&copy; Agence Hirondelle<\/p>\n","protected":false},"excerpt":{"rendered":"<p>Arusha, 21 ao&ucirc;t 2008 (AFP) - Le proc&egrave;s de quatre officiers rwandais, poursuivis pour le meurtre de 13 hommes d'&eacute;glise en 1994, dans le centre du Rwanda, ouvert mardi, a &eacute;t&eacute; report&eacute; au 2 septembre prochain devant un tribunal militaire de Kigali, a-t-on appris mercredi soir aupr&egrave;s des parties.<\/p>\n","protected":false},"author":64,"featured_media":0,"comment_status":"open","ping_status":"closed","sticky":false,"template":"","format":"standard","meta":{"_acf_changed":false,"footnotes":""},"categories":[554],"tags":[],"ji_location":[],"class_list":["post-9646","post","type-post","status-publish","format-standard","hentry","category-hirondellenews"],"acf":[],"yoast_head":"<!-- This site is optimized with the Yoast SEO Premium plugin v25.3.1 (Yoast SEO v25.3.1) - https:\/\/yoast.com\/wordpress\/plugins\/seo\/ -->\n<title>21.08.08 - RWANDA\/EGLISE - LE PROCES DES OFFICIERS DU FPR SUSPENDU APRES DEUX JOURS - JusticeInfo.net<\/title>\n<meta name=\"robots\" content=\"index, follow, max-snippet:-1, max-image-preview:large, max-video-preview:-1\" \/>\n<link rel=\"canonical\" href=\"https:\/\/www.justiceinfo.net\/fr\/9646-210808-rwandaeglise-le-proces-des-officiers-du-fpr-suspendu-apres-deux-jours6452.html\" \/>\n<meta property=\"og:locale\" content=\"fr_FR\" \/>\n<meta property=\"og:type\" content=\"article\" \/>\n<meta property=\"og:title\" content=\"21.08.08 - RWANDA\/EGLISE - LE PROCES DES OFFICIERS DU FPR SUSPENDU APRES DEUX JOURS\" \/>\n<meta property=\"og:description\" content=\"Arusha, 21 ao&ucirc;t 2008 (AFP) - Le proc&egrave;s de quatre officiers rwandais, poursuivis pour le meurtre de 13 hommes d&#039;&eacute;glise en 1994, dans le centre du Rwanda, ouvert mardi, a &eacute;t&eacute; report&eacute; au 2 septembre prochain devant un tribunal militaire de Kigali, a-t-on appris mercredi soir aupr&egrave;s des parties.\" \/>\n<meta property=\"og:url\" content=\"https:\/\/www.justiceinfo.net\/fr\/9646-210808-rwandaeglise-le-proces-des-officiers-du-fpr-suspendu-apres-deux-jours6452.html\" \/>\n<meta property=\"og:site_name\" content=\"JusticeInfo.net\" \/>\n<meta property=\"article:publisher\" content=\"https:\/\/www.facebook.com\/JusticeInfo\/\" \/>\n<meta property=\"article:published_time\" content=\"2008-08-20T22:00:00+00:00\" \/>\n<meta property=\"og:image\" content=\"https:\/\/www.justiceinfo.net\/wp-content\/uploads\/JusticeInfoNet_logo_1200x630px.jpg\" \/>\n\t<meta property=\"og:image:width\" content=\"1200\" \/>\n\t<meta property=\"og:image:height\" content=\"630\" \/>\n\t<meta property=\"og:image:type\" content=\"image\/jpeg\" \/>\n<meta name=\"author\" content=\"solivri\" \/>\n<meta name=\"twitter:card\" content=\"summary_large_image\" \/>\n<meta name=\"twitter:creator\" content=\"@justiceinfonet\" \/>\n<meta name=\"twitter:site\" content=\"@justiceinfonet\" \/>\n<meta name=\"twitter:label1\" content=\"\u00c9crit par\" \/>\n\t<meta name=\"twitter:data1\" content=\"solivri\" \/>\n\t<meta name=\"twitter:label2\" content=\"Dur\u00e9e de lecture estim\u00e9e\" \/>\n\t<meta name=\"twitter:data2\" content=\"2 minutes\" \/>\n<script type=\"application\/ld+json\" class=\"yoast-schema-graph\">{\"@context\":\"https:\/\/schema.org\",\"@graph\":[{\"@type\":\"NewsArticle\",\"@id\":\"https:\/\/www.justiceinfo.net\/fr\/9646-210808-rwandaeglise-le-proces-des-officiers-du-fpr-suspendu-apres-deux-jours6452.html#article\",\"isPartOf\":{\"@id\":\"https:\/\/www.justiceinfo.net\/fr\/9646-210808-rwandaeglise-le-proces-des-officiers-du-fpr-suspendu-apres-deux-jours6452.html\"},\"author\":{\"name\":\"solivri\",\"@id\":\"https:\/\/www.justiceinfo.net\/fr#\/schema\/person\/6e53cba1629e2e66f3fc1821d3091865\"},\"headline\":\"21.08.08 - RWANDA\/EGLISE - LE PROCES DES OFFICIERS DU FPR SUSPENDU APRES DEUX JOURS\",\"datePublished\":\"2008-08-20T22:00:00+00:00\",\"mainEntityOfPage\":{\"@id\":\"https:\/\/www.justiceinfo.net\/fr\/9646-210808-rwandaeglise-le-proces-des-officiers-du-fpr-suspendu-apres-deux-jours6452.html\"},\"wordCount\":506,\"commentCount\":0,\"publisher\":{\"@id\":\"https:\/\/www.justiceinfo.net\/fr#organization\"},\"articleSection\":[\"Hirondelle News\"],\"inLanguage\":\"fr-FR\",\"potentialAction\":[{\"@type\":\"CommentAction\",\"name\":\"Comment\",\"target\":[\"https:\/\/www.justiceinfo.net\/fr\/9646-210808-rwandaeglise-le-proces-des-officiers-du-fpr-suspendu-apres-deux-jours6452.html#respond\"]}]},{\"@type\":\"WebPage\",\"@id\":\"https:\/\/www.justiceinfo.net\/fr\/9646-210808-rwandaeglise-le-proces-des-officiers-du-fpr-suspendu-apres-deux-jours6452.html\",\"url\":\"https:\/\/www.justiceinfo.net\/fr\/9646-210808-rwandaeglise-le-proces-des-officiers-du-fpr-suspendu-apres-deux-jours6452.html\",\"name\":\"21.08.08 - RWANDA\/EGLISE - LE PROCES DES OFFICIERS DU FPR SUSPENDU APRES DEUX JOURS - JusticeInfo.net\",\"isPartOf\":{\"@id\":\"https:\/\/www.justiceinfo.net\/fr#website\"},\"datePublished\":\"2008-08-20T22:00:00+00:00\",\"breadcrumb\":{\"@id\":\"https:\/\/www.justiceinfo.net\/fr\/9646-210808-rwandaeglise-le-proces-des-officiers-du-fpr-suspendu-apres-deux-jours6452.html#breadcrumb\"},\"inLanguage\":\"fr-FR\",\"potentialAction\":[{\"@type\":\"ReadAction\",\"target\":[\"https:\/\/www.justiceinfo.net\/fr\/9646-210808-rwandaeglise-le-proces-des-officiers-du-fpr-suspendu-apres-deux-jours6452.html\"]}]},{\"@type\":\"BreadcrumbList\",\"@id\":\"https:\/\/www.justiceinfo.net\/fr\/9646-210808-rwandaeglise-le-proces-des-officiers-du-fpr-suspendu-apres-deux-jours6452.html#breadcrumb\",\"itemListElement\":[{\"@type\":\"ListItem\",\"position\":1,\"name\":\"Home\",\"item\":\"https:\/\/www.justiceinfo.net\/fr\"},{\"@type\":\"ListItem\",\"position\":2,\"name\":\"21.08.08 - RWANDA\/EGLISE - LE PROCES DES OFFICIERS DU FPR SUSPENDU APRES DEUX JOURS\"}]},{\"@type\":\"WebSite\",\"@id\":\"https:\/\/www.justiceinfo.net\/fr#website\",\"url\":\"https:\/\/www.justiceinfo.net\/fr\",\"name\":\"JusticeInfo.net\",\"description\":\"La justice doit \u00eatre vue pour \u00eatre rendue\",\"publisher\":{\"@id\":\"https:\/\/www.justiceinfo.net\/fr#organization\"},\"potentialAction\":[{\"@type\":\"SearchAction\",\"target\":{\"@type\":\"EntryPoint\",\"urlTemplate\":\"https:\/\/www.justiceinfo.net\/fr?s={search_term_string}\"},\"query-input\":{\"@type\":\"PropertyValueSpecification\",\"valueRequired\":true,\"valueName\":\"search_term_string\"}}],\"inLanguage\":\"fr-FR\"},{\"@type\":\"Organization\",\"@id\":\"https:\/\/www.justiceinfo.net\/fr#organization\",\"name\":\"Justice Info\",\"url\":\"https:\/\/www.justiceinfo.net\/fr\",\"logo\":{\"@type\":\"ImageObject\",\"inLanguage\":\"fr-FR\",\"@id\":\"https:\/\/www.justiceinfo.net\/fr#\/schema\/logo\/image\/\",\"url\":\"https:\/\/www.justiceinfo.net\/wp-content\/uploads\/justiceinfo_logo-trans_1200x1200px.png\",\"contentUrl\":\"https:\/\/www.justiceinfo.net\/wp-content\/uploads\/justiceinfo_logo-trans_1200x1200px.png\",\"width\":1199,\"height\":1200,\"caption\":\"Justice Info\"},\"image\":{\"@id\":\"https:\/\/www.justiceinfo.net\/fr#\/schema\/logo\/image\/\"},\"sameAs\":[\"https:\/\/www.facebook.com\/JusticeInfo\/\",\"https:\/\/x.com\/justiceinfonet\",\"https:\/\/www.linkedin.com\/company\/justice-info\",\"https:\/\/www.youtube.com\/channel\/UCyCEsARodyuWtkWyhn-e7pA\"]},{\"@type\":\"Person\",\"name\":\"solivri\",\"url\":\"\/fr\/?s=solivri\"}]}<\/script>\n<!-- \/ Yoast SEO Premium plugin. -->","yoast_head_json":{"title":"21.08.08 - RWANDA\/EGLISE - LE PROCES DES OFFICIERS DU FPR SUSPENDU APRES DEUX JOURS - JusticeInfo.net","robots":{"index":"index","follow":"follow","max-snippet":"max-snippet:-1","max-image-preview":"max-image-preview:large","max-video-preview":"max-video-preview:-1"},"canonical":"https:\/\/www.justiceinfo.net\/fr\/9646-210808-rwandaeglise-le-proces-des-officiers-du-fpr-suspendu-apres-deux-jours6452.html","og_locale":"fr_FR","og_type":"article","og_title":"21.08.08 - RWANDA\/EGLISE - LE PROCES DES OFFICIERS DU FPR SUSPENDU APRES DEUX JOURS","og_description":"Arusha, 21 ao&ucirc;t 2008 (AFP) - Le proc&egrave;s de quatre officiers rwandais, poursuivis pour le meurtre de 13 hommes d'&eacute;glise en 1994, dans le centre du Rwanda, ouvert mardi, a &eacute;t&eacute; report&eacute; au 2 septembre prochain devant un tribunal militaire de Kigali, a-t-on appris mercredi soir aupr&egrave;s des parties.","og_url":"https:\/\/www.justiceinfo.net\/fr\/9646-210808-rwandaeglise-le-proces-des-officiers-du-fpr-suspendu-apres-deux-jours6452.html","og_site_name":"JusticeInfo.net","article_publisher":"https:\/\/www.facebook.com\/JusticeInfo\/","article_published_time":"2008-08-20T22:00:00+00:00","og_image":[{"width":1200,"height":630,"url":"https:\/\/www.justiceinfo.net\/wp-content\/uploads\/JusticeInfoNet_logo_1200x630px.jpg","type":"image\/jpeg"}],"author":"solivri","twitter_card":"summary_large_image","twitter_creator":"@justiceinfonet","twitter_site":"@justiceinfonet","twitter_misc":{"\u00c9crit par":"solivri","Dur\u00e9e de lecture estim\u00e9e":"2 minutes"},"schema":{"@context":"https:\/\/schema.org","@graph":[{"@type":"NewsArticle","@id":"https:\/\/www.justiceinfo.net\/fr\/9646-210808-rwandaeglise-le-proces-des-officiers-du-fpr-suspendu-apres-deux-jours6452.html#article","isPartOf":{"@id":"https:\/\/www.justiceinfo.net\/fr\/9646-210808-rwandaeglise-le-proces-des-officiers-du-fpr-suspendu-apres-deux-jours6452.html"},"author":{"name":"solivri","@id":"https:\/\/www.justiceinfo.net\/fr#\/schema\/person\/6e53cba1629e2e66f3fc1821d3091865"},"headline":"21.08.08 - RWANDA\/EGLISE - LE PROCES DES OFFICIERS DU FPR SUSPENDU APRES DEUX JOURS","datePublished":"2008-08-20T22:00:00+00:00","mainEntityOfPage":{"@id":"https:\/\/www.justiceinfo.net\/fr\/9646-210808-rwandaeglise-le-proces-des-officiers-du-fpr-suspendu-apres-deux-jours6452.html"},"wordCount":506,"commentCount":0,"publisher":{"@id":"https:\/\/www.justiceinfo.net\/fr#organization"},"articleSection":["Hirondelle News"],"inLanguage":"fr-FR","potentialAction":[{"@type":"CommentAction","name":"Comment","target":["https:\/\/www.justiceinfo.net\/fr\/9646-210808-rwandaeglise-le-proces-des-officiers-du-fpr-suspendu-apres-deux-jours6452.html#respond"]}]},{"@type":"WebPage","@id":"https:\/\/www.justiceinfo.net\/fr\/9646-210808-rwandaeglise-le-proces-des-officiers-du-fpr-suspendu-apres-deux-jours6452.html","url":"https:\/\/www.justiceinfo.net\/fr\/9646-210808-rwandaeglise-le-proces-des-officiers-du-fpr-suspendu-apres-deux-jours6452.html","name":"21.08.08 - RWANDA\/EGLISE - LE PROCES DES OFFICIERS DU FPR SUSPENDU APRES DEUX JOURS - JusticeInfo.net","isPartOf":{"@id":"https:\/\/www.justiceinfo.net\/fr#website"},"datePublished":"2008-08-20T22:00:00+00:00","breadcrumb":{"@id":"https:\/\/www.justiceinfo.net\/fr\/9646-210808-rwandaeglise-le-proces-des-officiers-du-fpr-suspendu-apres-deux-jours6452.html#breadcrumb"},"inLanguage":"fr-FR","potentialAction":[{"@type":"ReadAction","target":["https:\/\/www.justiceinfo.net\/fr\/9646-210808-rwandaeglise-le-proces-des-officiers-du-fpr-suspendu-apres-deux-jours6452.html"]}]},{"@type":"BreadcrumbList","@id":"https:\/\/www.justiceinfo.net\/fr\/9646-210808-rwandaeglise-le-proces-des-officiers-du-fpr-suspendu-apres-deux-jours6452.html#breadcrumb","itemListElement":[{"@type":"ListItem","position":1,"name":"Home","item":"https:\/\/www.justiceinfo.net\/fr"},{"@type":"ListItem","position":2,"name":"21.08.08 - RWANDA\/EGLISE - LE PROCES DES OFFICIERS DU FPR SUSPENDU APRES DEUX JOURS"}]},{"@type":"WebSite","@id":"https:\/\/www.justiceinfo.net\/fr#website","url":"https:\/\/www.justiceinfo.net\/fr","name":"JusticeInfo.net","description":"La justice doit \u00eatre vue pour \u00eatre rendue","publisher":{"@id":"https:\/\/www.justiceinfo.net\/fr#organization"},"potentialAction":[{"@type":"SearchAction","target":{"@type":"EntryPoint","urlTemplate":"https:\/\/www.justiceinfo.net\/fr?s={search_term_string}"},"query-input":{"@type":"PropertyValueSpecification","valueRequired":true,"valueName":"search_term_string"}}],"inLanguage":"fr-FR"},{"@type":"Organization","@id":"https:\/\/www.justiceinfo.net\/fr#organization","name":"Justice Info","url":"https:\/\/www.justiceinfo.net\/fr","logo":{"@type":"ImageObject","inLanguage":"fr-FR","@id":"https:\/\/www.justiceinfo.net\/fr#\/schema\/logo\/image\/","url":"https:\/\/www.justiceinfo.net\/wp-content\/uploads\/justiceinfo_logo-trans_1200x1200px.png","contentUrl":"https:\/\/www.justiceinfo.net\/wp-content\/uploads\/justiceinfo_logo-trans_1200x1200px.png","width":1199,"height":1200,"caption":"Justice Info"},"image":{"@id":"https:\/\/www.justiceinfo.net\/fr#\/schema\/logo\/image\/"},"sameAs":["https:\/\/www.facebook.com\/JusticeInfo\/","https:\/\/x.com\/justiceinfonet","https:\/\/www.linkedin.com\/company\/justice-info","https:\/\/www.youtube.com\/channel\/UCyCEsARodyuWtkWyhn-e7pA"]},{"@type":"Person","name":"solivri","url":"\/fr\/?s=solivri"}]}},"_links":{"self":[{"href":"https:\/\/www.justiceinfo.net\/fr\/wp-json\/wp\/v2\/posts\/9646","targetHints":{"allow":["GET"]}}],"collection":[{"href":"https:\/\/www.justiceinfo.net\/fr\/wp-json\/wp\/v2\/posts"}],"about":[{"href":"https:\/\/www.justiceinfo.net\/fr\/wp-json\/wp\/v2\/types\/post"}],"author":[{"embeddable":true,"href":"https:\/\/www.justiceinfo.net\/fr\/wp-json\/wp\/v2\/users\/64"}],"replies":[{"embeddable":true,"href":"https:\/\/www.justiceinfo.net\/fr\/wp-json\/wp\/v2\/comments?post=9646"}],"version-history":[{"count":0,"href":"https:\/\/www.justiceinfo.net\/fr\/wp-json\/wp\/v2\/posts\/9646\/revisions"}],"wp:attachment":[{"href":"https:\/\/www.justiceinfo.net\/fr\/wp-json\/wp\/v2\/media?parent=9646"}],"wp:term":[{"taxonomy":"category","embeddable":true,"href":"https:\/\/www.justiceinfo.net\/fr\/wp-json\/wp\/v2\/categories?post=9646"},{"taxonomy":"post_tag","embeddable":true,"href":"https:\/\/www.justiceinfo.net\/fr\/wp-json\/wp\/v2\/tags?post=9646"},{"taxonomy":"ji_location","embeddable":true,"href":"https:\/\/www.justiceinfo.net\/fr\/wp-json\/wp\/v2\/ji_location?post=9646"}],"curies":[{"name":"wp","href":"https:\/\/api.w.org\/{rel}","templated":true}]}}